{"id":10272,"date":"2021-08-11T19:08:39","date_gmt":"2021-08-11T22:08:39","guid":{"rendered":"https:\/\/biologo.com.br\/bio\/?p=10272"},"modified":"2024-01-24T12:44:39","modified_gmt":"2024-01-24T15:44:39","slug":"jacutinga","status":"publish","type":"post","link":"https:\/\/biologo.com.br\/bio\/jacutinga\/","title":{"rendered":"Jacutinga"},"content":{"rendered":"<p><span style=\"font-size: 14pt; color: #000000;\"><span style=\"color: #3366ff;\"><strong>Jacutinga <\/strong><span style=\"color: #000000;\">\u00e9 uma ave arbor\u00edcola da fam\u00edlia dos crac\u00eddeos que certa vez ocupava vastos territ\u00f3rios da Mata Atl\u00e2ntica. Infelizmente a ca\u00e7a e o desmatamento deixaram a esp\u00e9cie em risco de extin\u00e7\u00e3o. Todavia, hoje h\u00e1 um programa para reintroduzir esp\u00e9cimes nascidos em cativeiro. <\/span><\/span><\/span><span style=\"font-size: 14pt; color: #000000;\"><span style=\"color: #3366ff;\"><span style=\"color: #000000;\"><img data-recalc-dims=\"1\" loading=\"lazy\" decoding=\"async\" data-attachment-id=\"9413\" data-permalink=\"https:\/\/biologo.com.br\/bio\/dia-mundial-das-abelhas\/original-biologo\/\" data-orig-file=\"https:\/\/i0.wp.com\/biologo.com.br\/bio\/wp-content\/uploads\/2021\/05\/ORIGINAL-biologo.jpg?fit=65%2C80&amp;ssl=1\" data-orig-size=\"65,80\" data-comments-opened=\"0\" data-image-meta=\"{&quot;aperture&quot;:&quot;0&quot;,&quot;credit&quot;:&quot;&quot;,&quot;camera&quot;:&quot;&quot;,&quot;caption&quot;:&quot;&quot;,&quot;created_timestamp&quot;:&quot;0&quot;,&quot;copyright&quot;:&quot;&quot;,&quot;focal_length&quot;:&quot;0&quot;,&quot;iso&quot;:&quot;0&quot;,&quot;shutter_speed&quot;:&quot;0&quot;,&quot;title&quot;:&quot;&quot;,&quot;orientation&quot;:&quot;0&quot;}\" data-image-title=\"ORIGINAL-biologo\" data-image-description=\"&lt;p&gt;artigo original www.biologo.com.br &amp;#8211; Todos os direitos reservados&lt;\/p&gt;\n\" data-image-caption=\"\" data-large-file=\"https:\/\/i0.wp.com\/biologo.com.br\/bio\/wp-content\/uploads\/2021\/05\/ORIGINAL-biologo.jpg?fit=65%2C80&amp;ssl=1\" class=\"alignright wp-image-9413 size-full\" title=\"artigo original www.biologo.com.br\" src=\"https:\/\/i0.wp.com\/biologo.com.br\/bio\/wp-content\/uploads\/2021\/05\/ORIGINAL-biologo.jpg?resize=65%2C80&#038;ssl=1\" alt=\"artigo original www.biologo.com.br\" width=\"65\" height=\"80\" \/><\/span><\/span><\/span><\/p>\n<h2><span style=\"font-family: 'courier new', courier, monospace; font-size: 24pt; color: #000000;\"><strong>Jacutinga,<span style=\"font-size: 14pt;\"> esperan\u00e7a para uma ave amea\u00e7ada<\/span><\/strong><\/span><\/h2>\n<p><span style=\"font-size: 8pt; color: #000000;\">11\/8\/2021 ::\u00a0 Por Josu\u00e9 Fontana<\/span><\/p>\n<p><span style=\"color: #000000;\"><span style=\"font-family: georgia, palatino, serif; font-size: 24pt;\"><strong>A<\/strong><\/span><\/span>\u00a0<span style=\"color: #000000;\">Jacutinga (<em>Pipile jacutinga<\/em>) \u00e9 uma ave end\u00eamica da Mata Atl\u00e2ntica que era abundante na floresta mas que teve sua popula\u00e7\u00e3o drasticamente reduzida, devido principalmente a degrada\u00e7\u00e3o do seu habitat.\u00a0<\/span><\/p>\n<figure id=\"attachment_10274\" aria-describedby=\"caption-attachment-10274\" style=\"width: 232px\" class=\"wp-caption alignright\"><a style=\"color: #000000;\" href=\"https:\/\/i0.wp.com\/biologo.com.br\/bio\/wp-content\/uploads\/2021\/08\/Pipile-jacutinga.jpg?ssl=1\"><img data-recalc-dims=\"1\" loading=\"lazy\" decoding=\"async\" data-attachment-id=\"10274\" data-permalink=\"https:\/\/biologo.com.br\/bio\/jacutinga\/pipile-jacutinga\/\" data-orig-file=\"https:\/\/i0.wp.com\/biologo.com.br\/bio\/wp-content\/uploads\/2021\/08\/Pipile-jacutinga.jpg?fit=232%2C147&amp;ssl=1\" data-orig-size=\"232,147\" data-comments-opened=\"0\" data-image-meta=\"{&quot;aperture&quot;:&quot;0&quot;,&quot;credit&quot;:&quot;&quot;,&quot;camera&quot;:&quot;&quot;,&quot;caption&quot;:&quot;&quot;,&quot;created_timestamp&quot;:&quot;0&quot;,&quot;copyright&quot;:&quot;&quot;,&quot;focal_length&quot;:&quot;0&quot;,&quot;iso&quot;:&quot;0&quot;,&quot;shutter_speed&quot;:&quot;0&quot;,&quot;title&quot;:&quot;&quot;,&quot;orientation&quot;:&quot;0&quot;}\" data-image-title=\"Pipile-jacutinga\" data-image-description=\"&lt;p&gt;A jacutinga \u00e9 uma ave da ordem dos Galliformes da fam\u00edlia Cracidae.&lt;\/p&gt;\n\" data-image-caption=\"&lt;p&gt;Jacutinga\u00a0(Aburria jacutinga)&lt;\/p&gt;\n\" data-large-file=\"https:\/\/i0.wp.com\/biologo.com.br\/bio\/wp-content\/uploads\/2021\/08\/Pipile-jacutinga.jpg?fit=232%2C147&amp;ssl=1\" class=\"size-full wp-image-10274\" src=\"https:\/\/i0.wp.com\/biologo.com.br\/bio\/wp-content\/uploads\/2021\/08\/Pipile-jacutinga.jpg?resize=232%2C147&#038;ssl=1\" alt=\"Jacutinga\u00a0(Aburria jacutinga)\" width=\"232\" height=\"147\" \/><\/a><figcaption id=\"caption-attachment-10274\" class=\"wp-caption-text\"><span style=\"font-size: 10pt; color: #000000;\">Jacutinga\u00a0(<em>Aburria jacutinga<\/em>) <span style=\"font-size: 8pt;\"><a href=\"https:\/\/biologo.com.br\/bio\/spix-o-biologo-aventureiro\/\">Spix<\/a>, 1825<\/span><\/span><\/figcaption><\/figure>\n<p><span style=\"color: #000000;\">Antes a esp\u00e9cie era encontrada do sul da Bahia at\u00e9 o Rio Grande do Sul, incluindo parte do norte da Argentina e Paraguai.\u00a0<\/span><\/p>\n<ul>\n<li><span style=\"font-size: 14pt; color: #0000ff;\"><a style=\"color: #0000ff;\" href=\"https:\/\/biologo.com.br\/bio\/mata-atlantica-floresta-de-bichos-pequenos\/\">Mata Atl\u00e2ntica, floresta de bichos pequenos<\/a><\/span><\/li>\n<li><span style=\"font-size: 14pt; color: #0000ff;\"><a style=\"color: #0000ff;\" href=\"https:\/\/biologo.com.br\/bio\/morcegos-buscam-florestas-preservadas\/\" target=\"_blank\" rel=\"noopener\">Morcegos buscam florestas preservadas<\/a><\/span><\/li>\n<\/ul>\n<p><span style=\"color: #000000;\">No entanto, hoje h\u00e1 programas de reprodu\u00e7\u00e3o em cativeiro com objetivo de reintroduzir na floresta, por isso, pouco a pouco, as jacutingas est\u00e3o voltando para o seu habitat.<\/span><\/p>\n<h3><span style=\"font-family: 'courier new', courier, monospace; font-size: 12pt; color: #000000;\"><strong><em>Pipile jacutinga<\/em>, uma esp\u00e9cie importante para a Mata Atl\u00e2ntica<\/strong><\/span><\/h3>\n<figure id=\"attachment_10275\" aria-describedby=\"caption-attachment-10275\" style=\"width: 631px\" class=\"wp-caption aligncenter\"><a href=\"https:\/\/i0.wp.com\/biologo.com.br\/bio\/wp-content\/uploads\/2021\/08\/Jacutinga.jpg?ssl=1\"><img data-recalc-dims=\"1\" loading=\"lazy\" decoding=\"async\" data-attachment-id=\"10275\" data-permalink=\"https:\/\/biologo.com.br\/bio\/jacutinga\/jacutinga\/\" data-orig-file=\"https:\/\/i0.wp.com\/biologo.com.br\/bio\/wp-content\/uploads\/2021\/08\/Jacutinga.jpg?fit=631%2C351&amp;ssl=1\" data-orig-size=\"631,351\" data-comments-opened=\"0\" data-image-meta=\"{&quot;aperture&quot;:&quot;0&quot;,&quot;credit&quot;:&quot;&quot;,&quot;camera&quot;:&quot;&quot;,&quot;caption&quot;:&quot;&quot;,&quot;created_timestamp&quot;:&quot;0&quot;,&quot;copyright&quot;:&quot;&quot;,&quot;focal_length&quot;:&quot;0&quot;,&quot;iso&quot;:&quot;0&quot;,&quot;shutter_speed&quot;:&quot;0&quot;,&quot;title&quot;:&quot;&quot;,&quot;orientation&quot;:&quot;0&quot;}\" data-image-title=\"Jacutinga\" data-image-description=\"&lt;p&gt;A\u00a0Jacutinga (Pipile jacutinga) \u00e9 uma ave end\u00eamica da Mata Atl\u00e2ntica que era abundante na floresta mas que teve sua popula\u00e7\u00e3o drasticamente reduzida, devido principalmente a degrada\u00e7\u00e3o do seu habitat.\u00a0&lt;\/p&gt;\n\" data-image-caption=\"\" data-large-file=\"https:\/\/i0.wp.com\/biologo.com.br\/bio\/wp-content\/uploads\/2021\/08\/Jacutinga.jpg?fit=631%2C351&amp;ssl=1\" class=\"wp-image-10275 size-full\" src=\"https:\/\/i0.wp.com\/biologo.com.br\/bio\/wp-content\/uploads\/2021\/08\/Jacutinga.jpg?resize=631%2C351&#038;ssl=1\" alt=\"Jacuntinga, esperan\u00e7a para uma ave amea\u00e7ada\" width=\"631\" height=\"351\" srcset=\"https:\/\/i0.wp.com\/biologo.com.br\/bio\/wp-content\/uploads\/2021\/08\/Jacutinga.jpg?w=631&amp;ssl=1 631w, https:\/\/i0.wp.com\/biologo.com.br\/bio\/wp-content\/uploads\/2021\/08\/Jacutinga.jpg?resize=300%2C167&amp;ssl=1 300w\" sizes=\"auto, (max-width: 631px) 100vw, 631px\" \/><\/a><figcaption id=\"caption-attachment-10275\" class=\"wp-caption-text\"><span style=\"font-size: 8pt; color: #000000;\"><span style=\"color: #000000;\">\u00a9<\/span>\u00a0<a style=\"color: #000000;\" href=\"https:\/\/www.flickr.com\/photos\/antpitta\/36010942445\/in\/photostream\/\" target=\"_blank\" rel=\"noopener\">Nick Athanas<\/a><\/span><\/figcaption><\/figure>\n<p><span style=\"color: #000000;\">E h\u00e1 bons motivos para o esfor\u00e7o de conserva\u00e7\u00e3o \u2014 a Jacutinga \u00e9 considerada uma excelente dispersora de sementes e ajuda na recupera\u00e7\u00e3o e na riqueza da floresta.<\/span><\/p>\n<p><span style=\"color: #000000;\"> A ave se alimenta dos frutos e suas fezes liberam as sementes j\u00e1 fertilizadas, que ajudam a dispersar as esp\u00e9cies vegetais. Entre essas esp\u00e9cies vegetais que podem pegar &#8220;carona&#8221; est\u00e1 o palmito, planta tamb\u00e9m amea\u00e7ada de extin\u00e7\u00e3o.<\/span><\/p>\n<p><span style=\"color: #000000;\">Hoje ela \u00e9 considerada Em Perigo (EN) de extin\u00e7\u00e3o pela lista da <a style=\"color: #000000;\" href=\"https:\/\/biologo.com.br\/bio\/iucn\/\">IUCN<\/a> e na lista do Minist\u00e9rio de Meio Ambiente. Est\u00e1 provavelmente extinta no estado do Rio de Janeiro, onde foi avistada em Itatiaia pela \u00faltima vez em 1978 e na Serra dos \u00d3rg\u00e3os em 1980.<\/span><\/p>\n<h3><strong><span style=\"font-family: 'courier new', courier, monospace; font-size: 12pt;\">Comportamento:<\/span><\/strong><\/h3>\n<p>Habita principalmente florestas prim\u00e1rias \u00famidas, preferencialmente matas abundantes em palmitos.\u00a0Prefere as \u00e1reas montanhosas de at\u00e9 900 metros de altitude.<\/p>\n<p><span style=\"color: #000000;\">Formam grupos de at\u00e9 15 indiv\u00edduos. Como atualmente s\u00e3o muito raras na natureza, s\u00e3o normalmente encontradas sozinhas ou aos pares. A reprodu\u00e7\u00e3o ocorre de agosto a janeiro, cujos ninhos s\u00e3o feitos nas forquilhas de galhos altos. Normalmente p\u00f5e de 2 a 4 ovos, que eclodem em at\u00e9 28 dias.\u00a0<\/span><\/p>\n<h6><span style=\"font-family: 'courier new', courier, monospace; font-size: 10pt;\"><strong>Fontes e refer\u00eancias:<\/strong><\/span><\/h6>\n<ul>\n<li><span style=\"color: #000000; font-size: 8pt;\"><span class=\"reference-text\"><cite id=\"CITEREFBirdLife_International2013\" class=\"citation journal cs1\">BirdLife International\u00a0(2013).\u00a0<a class=\"external text\" style=\"color: #000000;\" href=\"https:\/\/www.iucnredlist.org\/details\/22678429\/0\" rel=\"nofollow\">&#8220;<i>Pipile jacutinga<\/i>&#8220;<\/a>.\u00a0<i>IUCN Red List of Threatened Species<\/i>.\u00a0<\/cite><\/span><\/span><\/li>\n<li><span style=\"color: #000000; font-size: 8pt;\"><a style=\"color: #000000;\" href=\"https:\/\/g1.globo.com\/economia\/agronegocios\/globo-rural\/noticia\/2021\/02\/14\/area-recuperada-da-mata-atlantica-sera-repovoada-com-a-ave-jacutinga.ghtml\" target=\"_blank\" rel=\"noopener\">\u00c1rea recuperada da Mata Atl\u00e2ntica ser\u00e1 repovoada com a ave Jacutinga<\/a> &#8211; g1<\/span><\/li>\n<li><span style=\"color: #000000; font-size: 8pt;\"><a style=\"color: #000000;\" href=\"https:\/\/www.oeco.org.br\/analises\/jacutingas-de-volta-a-mata-atlantica\/\" target=\"_blank\" rel=\"noopener\">Jacutingas de volta \u00e0 Mata Atl\u00e2ntica<\/a> &#8211; oeco.org.br<\/span><\/li>\n<\/ul>\n","protected":false},"excerpt":{"rendered":"<p>Jacutinga \u00e9 uma ave arbor\u00edcola da fam\u00edlia dos crac\u00eddeos que certa vez ocupava vastos territ\u00f3rios da Mata Atl\u00e2ntica. Infelizmente a<\/p>\n","protected":false},"author":1,"featured_media":10275,"comment_status":"closed","ping_status":"closed","sticky":false,"template":"","format":"standard","meta":{"colormag_page_container_layout":"default_layout","colormag_page_sidebar_layout":"default_layout","jetpack_post_was_ever_published":false,"_jetpack_newsletter_access":"","_jetpack_dont_email_post_to_subs":false,"_jetpack_newsletter_tier_id":0,"_jetpack_memberships_contains_paywalled_content":false,"_jetpack_memberships_contains_paid_content":false,"footnotes":"","jetpack_publicize_message":"","jetpack_publicize_feature_enabled":true,"jetpack_social_post_already_shared":true,"jetpack_social_options":{"image_generator_settings":{"template":"highway","default_image_id":0,"font":"","enabled":false},"version":2}},"categories":[135,8,42,27],"tags":[],"class_list":["post-10272","post","type-post","status-publish","format-standard","has-post-thumbnail","hentry","category-conservacao","category-ecologia","category-ornitologia","category-zoologia"],"yoast_head":"<!-- This site is optimized with the Yoast SEO plugin v27.5 - https:\/\/yoast.com\/product\/yoast-seo-wordpress\/ -->\n<title>Jacutinga, esperan\u00e7a para uma ave amea\u00e7ada - Conserva\u00e7\u00e3o - Bi\u00f3logo<\/title>\n<meta name=\"description\" content=\"Jacutinga \u00e9 uma ave que certa vez ocupava vastos territ\u00f3rios da Mata Atl\u00e2ntica. Jacutinga, esperan\u00e7a para uma ave amea\u00e7ada. Bi\u00f3logo.\" \/>\n<meta name=\"robots\" content=\"index, follow, max-snippet:-1, max-image-preview:large, max-video-preview:-1\" \/>\n<link rel=\"canonical\" href=\"https:\/\/biologo.com.br\/bio\/jacutinga\/\" \/>\n<meta property=\"og:locale\" content=\"pt_BR\" \/>\n<meta property=\"og:type\" content=\"article\" \/>\n<meta property=\"og:title\" content=\"Jacutinga, esperan\u00e7a para uma ave amea\u00e7ada - Conserva\u00e7\u00e3o - Bi\u00f3logo\" \/>\n<meta property=\"og:description\" content=\"Jacutinga \u00e9 uma ave que certa vez ocupava vastos territ\u00f3rios da Mata Atl\u00e2ntica. Jacutinga, esperan\u00e7a para uma ave amea\u00e7ada. Bi\u00f3logo.\" \/>\n<meta property=\"og:url\" content=\"https:\/\/biologo.com.br\/bio\/jacutinga\/\" \/>\n<meta property=\"og:site_name\" content=\"Bi\u00f3logo\" \/>\n<meta property=\"article:publisher\" content=\"https:\/\/www.facebook.com\/biologocombr\/\" \/>\n<meta property=\"article:published_time\" content=\"2021-08-11T22:08:39+00:00\" \/>\n<meta property=\"article:modified_time\" content=\"2024-01-24T15:44:39+00:00\" \/>\n<meta property=\"og:image\" content=\"https:\/\/biologo.com.br\/bio\/wp-content\/uploads\/2021\/08\/Jacutinga.jpg\" \/>\n\t<meta property=\"og:image:width\" content=\"631\" \/>\n\t<meta property=\"og:image:height\" content=\"351\" \/>\n\t<meta property=\"og:image:type\" content=\"image\/jpeg\" \/>\n<meta name=\"author\" content=\"pozzana\" \/>\n<meta name=\"twitter:card\" content=\"summary_large_image\" \/>\n<meta name=\"twitter:creator\" content=\"@Biologocombr\" \/>\n<meta name=\"twitter:site\" content=\"@Biologocombr\" \/>\n<meta name=\"twitter:label1\" content=\"Escrito por\" \/>\n\t<meta name=\"twitter:data1\" content=\"pozzana\" \/>\n\t<meta name=\"twitter:label2\" content=\"Est. tempo de leitura\" \/>\n\t<meta name=\"twitter:data2\" content=\"3 minutos\" \/>\n<script type=\"application\/ld+json\" class=\"yoast-schema-graph\">{\"@context\":\"https:\\\/\\\/schema.org\",\"@graph\":[{\"@type\":\"Article\",\"@id\":\"https:\\\/\\\/biologo.com.br\\\/bio\\\/jacutinga\\\/#article\",\"isPartOf\":{\"@id\":\"https:\\\/\\\/biologo.com.br\\\/bio\\\/jacutinga\\\/\"},\"author\":{\"name\":\"pozzana\",\"@id\":\"https:\\\/\\\/biologo.com.br\\\/bio\\\/#\\\/schema\\\/person\\\/3a5d600bbc47f8bb0cd43594317a6cd4\"},\"headline\":\"Jacutinga\",\"datePublished\":\"2021-08-11T22:08:39+00:00\",\"dateModified\":\"2024-01-24T15:44:39+00:00\",\"mainEntityOfPage\":{\"@id\":\"https:\\\/\\\/biologo.com.br\\\/bio\\\/jacutinga\\\/\"},\"wordCount\":419,\"publisher\":{\"@id\":\"https:\\\/\\\/biologo.com.br\\\/bio\\\/#organization\"},\"image\":{\"@id\":\"https:\\\/\\\/biologo.com.br\\\/bio\\\/jacutinga\\\/#primaryimage\"},\"thumbnailUrl\":\"https:\\\/\\\/i0.wp.com\\\/biologo.com.br\\\/bio\\\/wp-content\\\/uploads\\\/2021\\\/08\\\/Jacutinga.jpg?fit=631%2C351&ssl=1\",\"articleSection\":[\"Conserva\u00e7\u00e3o\",\"Ecologia\",\"Ornitologia\",\"Zoologia\"],\"inLanguage\":\"pt-BR\"},{\"@type\":\"WebPage\",\"@id\":\"https:\\\/\\\/biologo.com.br\\\/bio\\\/jacutinga\\\/\",\"url\":\"https:\\\/\\\/biologo.com.br\\\/bio\\\/jacutinga\\\/\",\"name\":\"Jacutinga, esperan\u00e7a para uma ave amea\u00e7ada - Conserva\u00e7\u00e3o - Bi\u00f3logo\",\"isPartOf\":{\"@id\":\"https:\\\/\\\/biologo.com.br\\\/bio\\\/#website\"},\"primaryImageOfPage\":{\"@id\":\"https:\\\/\\\/biologo.com.br\\\/bio\\\/jacutinga\\\/#primaryimage\"},\"image\":{\"@id\":\"https:\\\/\\\/biologo.com.br\\\/bio\\\/jacutinga\\\/#primaryimage\"},\"thumbnailUrl\":\"https:\\\/\\\/i0.wp.com\\\/biologo.com.br\\\/bio\\\/wp-content\\\/uploads\\\/2021\\\/08\\\/Jacutinga.jpg?fit=631%2C351&ssl=1\",\"datePublished\":\"2021-08-11T22:08:39+00:00\",\"dateModified\":\"2024-01-24T15:44:39+00:00\",\"description\":\"Jacutinga \u00e9 uma ave que certa vez ocupava vastos territ\u00f3rios da Mata Atl\u00e2ntica. Jacutinga, esperan\u00e7a para uma ave amea\u00e7ada. Bi\u00f3logo.\",\"breadcrumb\":{\"@id\":\"https:\\\/\\\/biologo.com.br\\\/bio\\\/jacutinga\\\/#breadcrumb\"},\"inLanguage\":\"pt-BR\",\"potentialAction\":[{\"@type\":\"ReadAction\",\"target\":[\"https:\\\/\\\/biologo.com.br\\\/bio\\\/jacutinga\\\/\"]}]},{\"@type\":\"ImageObject\",\"inLanguage\":\"pt-BR\",\"@id\":\"https:\\\/\\\/biologo.com.br\\\/bio\\\/jacutinga\\\/#primaryimage\",\"url\":\"https:\\\/\\\/i0.wp.com\\\/biologo.com.br\\\/bio\\\/wp-content\\\/uploads\\\/2021\\\/08\\\/Jacutinga.jpg?fit=631%2C351&ssl=1\",\"contentUrl\":\"https:\\\/\\\/i0.wp.com\\\/biologo.com.br\\\/bio\\\/wp-content\\\/uploads\\\/2021\\\/08\\\/Jacutinga.jpg?fit=631%2C351&ssl=1\",\"width\":631,\"height\":351,\"caption\":\"Jacutinga (Pipile jacutinga)\"},{\"@type\":\"BreadcrumbList\",\"@id\":\"https:\\\/\\\/biologo.com.br\\\/bio\\\/jacutinga\\\/#breadcrumb\",\"itemListElement\":[{\"@type\":\"ListItem\",\"position\":1,\"name\":\"In\u00edcio\",\"item\":\"https:\\\/\\\/biologo.com.br\\\/bio\\\/\"},{\"@type\":\"ListItem\",\"position\":2,\"name\":\"Jacutinga\"}]},{\"@type\":\"WebSite\",\"@id\":\"https:\\\/\\\/biologo.com.br\\\/bio\\\/#website\",\"url\":\"https:\\\/\\\/biologo.com.br\\\/bio\\\/\",\"name\":\"Bi\u00f3logo\",\"description\":\"Biologia. Informa\u00e7\u00f5es para bi\u00f3logos ou leigos. Eventos, v\u00eddeos e muito mais. Ci\u00eancias biol\u00f3gicas.\",\"publisher\":{\"@id\":\"https:\\\/\\\/biologo.com.br\\\/bio\\\/#organization\"},\"potentialAction\":[{\"@type\":\"SearchAction\",\"target\":{\"@type\":\"EntryPoint\",\"urlTemplate\":\"https:\\\/\\\/biologo.com.br\\\/bio\\\/?s={search_term_string}\"},\"query-input\":{\"@type\":\"PropertyValueSpecification\",\"valueRequired\":true,\"valueName\":\"search_term_string\"}}],\"inLanguage\":\"pt-BR\"},{\"@type\":\"Organization\",\"@id\":\"https:\\\/\\\/biologo.com.br\\\/bio\\\/#organization\",\"name\":\"Bi\u00f3logo\",\"url\":\"https:\\\/\\\/biologo.com.br\\\/bio\\\/\",\"logo\":{\"@type\":\"ImageObject\",\"inLanguage\":\"pt-BR\",\"@id\":\"https:\\\/\\\/biologo.com.br\\\/bio\\\/#\\\/schema\\\/logo\\\/image\\\/\",\"url\":\"https:\\\/\\\/i0.wp.com\\\/biologo.com.br\\\/bio\\\/wp-content\\\/uploads\\\/2015\\\/12\\\/logo1.jpg?fit=179%2C57&ssl=1\",\"contentUrl\":\"https:\\\/\\\/i0.wp.com\\\/biologo.com.br\\\/bio\\\/wp-content\\\/uploads\\\/2015\\\/12\\\/logo1.jpg?fit=179%2C57&ssl=1\",\"width\":179,\"height\":57,\"caption\":\"Bi\u00f3logo\"},\"image\":{\"@id\":\"https:\\\/\\\/biologo.com.br\\\/bio\\\/#\\\/schema\\\/logo\\\/image\\\/\"},\"sameAs\":[\"https:\\\/\\\/www.facebook.com\\\/biologocombr\\\/\",\"https:\\\/\\\/x.com\\\/Biologocombr\",\"https:\\\/\\\/www.instagram.com\\\/biologo.com.br\\\/\"]},{\"@type\":\"Person\",\"@id\":\"https:\\\/\\\/biologo.com.br\\\/bio\\\/#\\\/schema\\\/person\\\/3a5d600bbc47f8bb0cd43594317a6cd4\",\"name\":\"pozzana\",\"image\":{\"@type\":\"ImageObject\",\"inLanguage\":\"pt-BR\",\"@id\":\"https:\\\/\\\/secure.gravatar.com\\\/avatar\\\/fa8f924c29488a329bd70373453572f7494e802125f373a7f2937173cc26b21f?s=96&d=mm&r=g\",\"url\":\"https:\\\/\\\/secure.gravatar.com\\\/avatar\\\/fa8f924c29488a329bd70373453572f7494e802125f373a7f2937173cc26b21f?s=96&d=mm&r=g\",\"contentUrl\":\"https:\\\/\\\/secure.gravatar.com\\\/avatar\\\/fa8f924c29488a329bd70373453572f7494e802125f373a7f2937173cc26b21f?s=96&d=mm&r=g\",\"caption\":\"pozzana\"},\"url\":\"https:\\\/\\\/biologo.com.br\\\/bio\\\/author\\\/pozzana\\\/\"}]}<\/script>\n<!-- \/ Yoast SEO plugin. -->","yoast_head_json":{"title":"Jacutinga, esperan\u00e7a para uma ave amea\u00e7ada - Conserva\u00e7\u00e3o - Bi\u00f3logo","description":"Jacutinga \u00e9 uma ave que certa vez ocupava vastos territ\u00f3rios da Mata Atl\u00e2ntica. Jacutinga, esperan\u00e7a para uma ave amea\u00e7ada. Bi\u00f3logo.","robots":{"index":"index","follow":"follow","max-snippet":"max-snippet:-1","max-image-preview":"max-image-preview:large","max-video-preview":"max-video-preview:-1"},"canonical":"https:\/\/biologo.com.br\/bio\/jacutinga\/","og_locale":"pt_BR","og_type":"article","og_title":"Jacutinga, esperan\u00e7a para uma ave amea\u00e7ada - Conserva\u00e7\u00e3o - Bi\u00f3logo","og_description":"Jacutinga \u00e9 uma ave que certa vez ocupava vastos territ\u00f3rios da Mata Atl\u00e2ntica. Jacutinga, esperan\u00e7a para uma ave amea\u00e7ada. Bi\u00f3logo.","og_url":"https:\/\/biologo.com.br\/bio\/jacutinga\/","og_site_name":"Bi\u00f3logo","article_publisher":"https:\/\/www.facebook.com\/biologocombr\/","article_published_time":"2021-08-11T22:08:39+00:00","article_modified_time":"2024-01-24T15:44:39+00:00","og_image":[{"width":631,"height":351,"url":"https:\/\/biologo.com.br\/bio\/wp-content\/uploads\/2021\/08\/Jacutinga.jpg","type":"image\/jpeg"}],"author":"pozzana","twitter_card":"summary_large_image","twitter_creator":"@Biologocombr","twitter_site":"@Biologocombr","twitter_misc":{"Escrito por":"pozzana","Est. tempo de leitura":"3 minutos"},"schema":{"@context":"https:\/\/schema.org","@graph":[{"@type":"Article","@id":"https:\/\/biologo.com.br\/bio\/jacutinga\/#article","isPartOf":{"@id":"https:\/\/biologo.com.br\/bio\/jacutinga\/"},"author":{"name":"pozzana","@id":"https:\/\/biologo.com.br\/bio\/#\/schema\/person\/3a5d600bbc47f8bb0cd43594317a6cd4"},"headline":"Jacutinga","datePublished":"2021-08-11T22:08:39+00:00","dateModified":"2024-01-24T15:44:39+00:00","mainEntityOfPage":{"@id":"https:\/\/biologo.com.br\/bio\/jacutinga\/"},"wordCount":419,"publisher":{"@id":"https:\/\/biologo.com.br\/bio\/#organization"},"image":{"@id":"https:\/\/biologo.com.br\/bio\/jacutinga\/#primaryimage"},"thumbnailUrl":"https:\/\/i0.wp.com\/biologo.com.br\/bio\/wp-content\/uploads\/2021\/08\/Jacutinga.jpg?fit=631%2C351&ssl=1","articleSection":["Conserva\u00e7\u00e3o","Ecologia","Ornitologia","Zoologia"],"inLanguage":"pt-BR"},{"@type":"WebPage","@id":"https:\/\/biologo.com.br\/bio\/jacutinga\/","url":"https:\/\/biologo.com.br\/bio\/jacutinga\/","name":"Jacutinga, esperan\u00e7a para uma ave amea\u00e7ada - Conserva\u00e7\u00e3o - Bi\u00f3logo","isPartOf":{"@id":"https:\/\/biologo.com.br\/bio\/#website"},"primaryImageOfPage":{"@id":"https:\/\/biologo.com.br\/bio\/jacutinga\/#primaryimage"},"image":{"@id":"https:\/\/biologo.com.br\/bio\/jacutinga\/#primaryimage"},"thumbnailUrl":"https:\/\/i0.wp.com\/biologo.com.br\/bio\/wp-content\/uploads\/2021\/08\/Jacutinga.jpg?fit=631%2C351&ssl=1","datePublished":"2021-08-11T22:08:39+00:00","dateModified":"2024-01-24T15:44:39+00:00","description":"Jacutinga \u00e9 uma ave que certa vez ocupava vastos territ\u00f3rios da Mata Atl\u00e2ntica. Jacutinga, esperan\u00e7a para uma ave amea\u00e7ada. Bi\u00f3logo.","breadcrumb":{"@id":"https:\/\/biologo.com.br\/bio\/jacutinga\/#breadcrumb"},"inLanguage":"pt-BR","potentialAction":[{"@type":"ReadAction","target":["https:\/\/biologo.com.br\/bio\/jacutinga\/"]}]},{"@type":"ImageObject","inLanguage":"pt-BR","@id":"https:\/\/biologo.com.br\/bio\/jacutinga\/#primaryimage","url":"https:\/\/i0.wp.com\/biologo.com.br\/bio\/wp-content\/uploads\/2021\/08\/Jacutinga.jpg?fit=631%2C351&ssl=1","contentUrl":"https:\/\/i0.wp.com\/biologo.com.br\/bio\/wp-content\/uploads\/2021\/08\/Jacutinga.jpg?fit=631%2C351&ssl=1","width":631,"height":351,"caption":"Jacutinga (Pipile jacutinga)"},{"@type":"BreadcrumbList","@id":"https:\/\/biologo.com.br\/bio\/jacutinga\/#breadcrumb","itemListElement":[{"@type":"ListItem","position":1,"name":"In\u00edcio","item":"https:\/\/biologo.com.br\/bio\/"},{"@type":"ListItem","position":2,"name":"Jacutinga"}]},{"@type":"WebSite","@id":"https:\/\/biologo.com.br\/bio\/#website","url":"https:\/\/biologo.com.br\/bio\/","name":"Bi\u00f3logo","description":"Biologia. Informa\u00e7\u00f5es para bi\u00f3logos ou leigos. Eventos, v\u00eddeos e muito mais. Ci\u00eancias biol\u00f3gicas.","publisher":{"@id":"https:\/\/biologo.com.br\/bio\/#organization"},"potentialAction":[{"@type":"SearchAction","target":{"@type":"EntryPoint","urlTemplate":"https:\/\/biologo.com.br\/bio\/?s={search_term_string}"},"query-input":{"@type":"PropertyValueSpecification","valueRequired":true,"valueName":"search_term_string"}}],"inLanguage":"pt-BR"},{"@type":"Organization","@id":"https:\/\/biologo.com.br\/bio\/#organization","name":"Bi\u00f3logo","url":"https:\/\/biologo.com.br\/bio\/","logo":{"@type":"ImageObject","inLanguage":"pt-BR","@id":"https:\/\/biologo.com.br\/bio\/#\/schema\/logo\/image\/","url":"https:\/\/i0.wp.com\/biologo.com.br\/bio\/wp-content\/uploads\/2015\/12\/logo1.jpg?fit=179%2C57&ssl=1","contentUrl":"https:\/\/i0.wp.com\/biologo.com.br\/bio\/wp-content\/uploads\/2015\/12\/logo1.jpg?fit=179%2C57&ssl=1","width":179,"height":57,"caption":"Bi\u00f3logo"},"image":{"@id":"https:\/\/biologo.com.br\/bio\/#\/schema\/logo\/image\/"},"sameAs":["https:\/\/www.facebook.com\/biologocombr\/","https:\/\/x.com\/Biologocombr","https:\/\/www.instagram.com\/biologo.com.br\/"]},{"@type":"Person","@id":"https:\/\/biologo.com.br\/bio\/#\/schema\/person\/3a5d600bbc47f8bb0cd43594317a6cd4","name":"pozzana","image":{"@type":"ImageObject","inLanguage":"pt-BR","@id":"https:\/\/secure.gravatar.com\/avatar\/fa8f924c29488a329bd70373453572f7494e802125f373a7f2937173cc26b21f?s=96&d=mm&r=g","url":"https:\/\/secure.gravatar.com\/avatar\/fa8f924c29488a329bd70373453572f7494e802125f373a7f2937173cc26b21f?s=96&d=mm&r=g","contentUrl":"https:\/\/secure.gravatar.com\/avatar\/fa8f924c29488a329bd70373453572f7494e802125f373a7f2937173cc26b21f?s=96&d=mm&r=g","caption":"pozzana"},"url":"https:\/\/biologo.com.br\/bio\/author\/pozzana\/"}]}},"jetpack_publicize_connections":[],"jetpack_featured_media_url":"https:\/\/i0.wp.com\/biologo.com.br\/bio\/wp-content\/uploads\/2021\/08\/Jacutinga.jpg?fit=631%2C351&ssl=1","jetpack-related-posts":[{"id":10944,"url":"https:\/\/biologo.com.br\/bio\/fauna-brasileira-documentario\/","url_meta":{"origin":10272,"position":0},"title":"Fauna brasileira: document\u00e1rio","author":"pozzana","date":"outubro 20, 2021","format":false,"excerpt":"Fauna brasileira: poucos bi\u00f3logos tem a oportunidade de conferir de perto as maravilhas da nossa biodiversidade. Nesse document\u00e1rio NetGeo, imagens de rara beleza captadas pelos melhores profissionais da fotografia mundial. Fauna brasileira: document\u00e1rio 20\/10\/2021 ::\u00a0 Josu\u00e9 Fontana A vida selvagem do Brasil \u00e9 mesmo fascinante e na Mata Atl\u00e2ntica encontramos\u2026","rel":"","context":"Em &quot;Biodiversidade&quot;","block_context":{"text":"Biodiversidade","link":"https:\/\/biologo.com.br\/bio\/category\/biodiversidade\/"},"img":{"alt_text":"muriqui, macaco","src":"https:\/\/i0.wp.com\/biologo.com.br\/bio\/wp-content\/uploads\/2021\/10\/muriqui.jpg?fit=631%2C351&ssl=1&resize=350%2C200","width":350,"height":200,"srcset":"https:\/\/i0.wp.com\/biologo.com.br\/bio\/wp-content\/uploads\/2021\/10\/muriqui.jpg?fit=631%2C351&ssl=1&resize=350%2C200 1x, https:\/\/i0.wp.com\/biologo.com.br\/bio\/wp-content\/uploads\/2021\/10\/muriqui.jpg?fit=631%2C351&ssl=1&resize=525%2C300 1.5x"},"classes":[]},{"id":11169,"url":"https:\/\/biologo.com.br\/bio\/adaptacoes-das-aves-as-mudancas-climaticas\/","url_meta":{"origin":10272,"position":1},"title":"Adapta\u00e7\u00f5es das aves \u00e0s mudan\u00e7as clim\u00e1ticas","author":"pozzana","date":"novembro 16, 2021","format":false,"excerpt":"Adapta\u00e7\u00f5es das aves: Sob secas mais intensas, 77 esp\u00e9cies do interior da Amaz\u00f4nia apresentaram 2% de redu\u00e7\u00e3o de peso por d\u00e9cada desde 1979. Adapta\u00e7\u00f5es das aves \u00e0s mudan\u00e7as clim\u00e1ticas 16\/11\/2021 ::\u00a0 Por Carlos Fioravanti\/Fapesp Naturalmente pequenos, rechonchudos e de peito com pelagem alaranjada (f\u00eameas) ou preta (machos), os\u00a0chupa-dente-de-cinta\u00a0(Conopophaga aurita) que\u2026","rel":"","context":"Em &quot;Ecologia&quot;","block_context":{"text":"Ecologia","link":"https:\/\/biologo.com.br\/bio\/category\/ecologia\/"},"img":{"alt_text":"Adapta\u00e7\u00f5es das aves \u00e0s mudan\u00e7as clim\u00e1ticas","src":"https:\/\/i0.wp.com\/biologo.com.br\/bio\/wp-content\/uploads\/2021\/11\/adaptacoes-das-aves-as-mudancas-climaticas.jpg?fit=631%2C351&ssl=1&resize=350%2C200","width":350,"height":200,"srcset":"https:\/\/i0.wp.com\/biologo.com.br\/bio\/wp-content\/uploads\/2021\/11\/adaptacoes-das-aves-as-mudancas-climaticas.jpg?fit=631%2C351&ssl=1&resize=350%2C200 1x, https:\/\/i0.wp.com\/biologo.com.br\/bio\/wp-content\/uploads\/2021\/11\/adaptacoes-das-aves-as-mudancas-climaticas.jpg?fit=631%2C351&ssl=1&resize=525%2C300 1.5x"},"classes":[]},{"id":19132,"url":"https:\/\/biologo.com.br\/bio\/o-papel-das-arvores-na-regulacao-climatica\/","url_meta":{"origin":10272,"position":2},"title":"O papel das \u00e1rvores na regula\u00e7\u00e3o clim\u00e1tica","author":"pozzana","date":"agosto 4, 2025","format":false,"excerpt":"O papel das \u00e1rvores na regula\u00e7\u00e3o clim\u00e1tica: muito mais do que beleza e sombra, elas s\u00e3o verdadeiras arquitetas do equil\u00edbrio ambiental. Por meio de processos sutis e cont\u00ednuos, regulam o clima, capturam carbono e sustentam a vida. O papel das \u00e1rvores na regula\u00e7\u00e3o clim\u00e1tica 4\/8\/2025\u00a0::\u00a0 por Marco Pozzana, bi\u00f3logo As\u2026","rel":"","context":"Em &quot;Biodiversidade&quot;","block_context":{"text":"Biodiversidade","link":"https:\/\/biologo.com.br\/bio\/category\/biodiversidade\/"},"img":{"alt_text":"floresta tropical com neblina matinal, captando a evapotranspira\u00e7\u00e3o, com o sol filtrado pelas copas","src":"https:\/\/i0.wp.com\/biologo.com.br\/bio\/wp-content\/uploads\/2025\/08\/Imagem-horizontal-e-realista-mostrando-uma-floresta-tropical-com-neblina-matinal-captando-a-evapotranspiracao-com-o-sol-filtrado-pelas-copas.jpg?fit=1200%2C675&ssl=1&resize=350%2C200","width":350,"height":200,"srcset":"https:\/\/i0.wp.com\/biologo.com.br\/bio\/wp-content\/uploads\/2025\/08\/Imagem-horizontal-e-realista-mostrando-uma-floresta-tropical-com-neblina-matinal-captando-a-evapotranspiracao-com-o-sol-filtrado-pelas-copas.jpg?fit=1200%2C675&ssl=1&resize=350%2C200 1x, https:\/\/i0.wp.com\/biologo.com.br\/bio\/wp-content\/uploads\/2025\/08\/Imagem-horizontal-e-realista-mostrando-uma-floresta-tropical-com-neblina-matinal-captando-a-evapotranspiracao-com-o-sol-filtrado-pelas-copas.jpg?fit=1200%2C675&ssl=1&resize=525%2C300 1.5x, https:\/\/i0.wp.com\/biologo.com.br\/bio\/wp-content\/uploads\/2025\/08\/Imagem-horizontal-e-realista-mostrando-uma-floresta-tropical-com-neblina-matinal-captando-a-evapotranspiracao-com-o-sol-filtrado-pelas-copas.jpg?fit=1200%2C675&ssl=1&resize=700%2C400 2x, https:\/\/i0.wp.com\/biologo.com.br\/bio\/wp-content\/uploads\/2025\/08\/Imagem-horizontal-e-realista-mostrando-uma-floresta-tropical-com-neblina-matinal-captando-a-evapotranspiracao-com-o-sol-filtrado-pelas-copas.jpg?fit=1200%2C675&ssl=1&resize=1050%2C600 3x"},"classes":[]},{"id":10647,"url":"https:\/\/biologo.com.br\/bio\/colhereiro-a-linda-ave-que-esta-de-volta\/","url_meta":{"origin":10272,"position":3},"title":"Colhereiro, a linda ave que est\u00e1 de volta","author":"pozzana","date":"setembro 21, 2021","format":false,"excerpt":"Colhereiro: A Lagoa Rodrigo de Freitas tem passado por um longo processo de melhoria de suas condi\u00e7\u00f5es ambientais, o que se reflete na qualidade de suas \u00e1guas e sua biodiversidade. E eis que a presen\u00e7a de mais uma bela ave vem atestar a melhora. Colhereiro, a linda ave que est\u00e1\u2026","rel":"","context":"Em &quot;Ornitologia&quot;","block_context":{"text":"Ornitologia","link":"https:\/\/biologo.com.br\/bio\/category\/ornitologia\/"},"img":{"alt_text":"Colhereiro Platalea ajaja","src":"https:\/\/i0.wp.com\/biologo.com.br\/bio\/wp-content\/uploads\/2021\/09\/Colhereiro.jpg?fit=631%2C351&ssl=1&resize=350%2C200","width":350,"height":200,"srcset":"https:\/\/i0.wp.com\/biologo.com.br\/bio\/wp-content\/uploads\/2021\/09\/Colhereiro.jpg?fit=631%2C351&ssl=1&resize=350%2C200 1x, https:\/\/i0.wp.com\/biologo.com.br\/bio\/wp-content\/uploads\/2021\/09\/Colhereiro.jpg?fit=631%2C351&ssl=1&resize=525%2C300 1.5x"},"classes":[]},{"id":17927,"url":"https:\/\/biologo.com.br\/bio\/vini-diadema-a-ave-perdida\/","url_meta":{"origin":10272,"position":4},"title":"Vini diadema: a ave perdida","author":"pozzana","date":"maio 8, 2025","format":false,"excerpt":"Vini diadema: uma lend\u00e1ria esp\u00e9cie de papagaio que n\u00e3o \u00e9 vista h\u00e1 muitas d\u00e9cadas. Contudo, permanece listada como \"em perigo cr\u00edtico de extin\u00e7\u00e3o\" pela IUCN, mas possivelmente j\u00e1 est\u00e1 extinta. Vini diadema: a ave perdida 08\/5\/2025\u00a0::\u00a0 por Marco Pozzana, bi\u00f3logo A Vini diadema \u00e9 uma ave cuja ci\u00eancia pouco conhece.\u2026","rel":"","context":"Em &quot;Conserva\u00e7\u00e3o&quot;","block_context":{"text":"Conserva\u00e7\u00e3o","link":"https:\/\/biologo.com.br\/bio\/category\/conservacao\/"},"img":{"alt_text":"Vini diadema: a ave perdida","src":"https:\/\/i0.wp.com\/biologo.com.br\/bio\/wp-content\/uploads\/2025\/05\/New-Caledonian-lorikeet-Vini-diadema.jpg?fit=1201%2C676&ssl=1&resize=350%2C200","width":350,"height":200,"srcset":"https:\/\/i0.wp.com\/biologo.com.br\/bio\/wp-content\/uploads\/2025\/05\/New-Caledonian-lorikeet-Vini-diadema.jpg?fit=1201%2C676&ssl=1&resize=350%2C200 1x, https:\/\/i0.wp.com\/biologo.com.br\/bio\/wp-content\/uploads\/2025\/05\/New-Caledonian-lorikeet-Vini-diadema.jpg?fit=1201%2C676&ssl=1&resize=525%2C300 1.5x, https:\/\/i0.wp.com\/biologo.com.br\/bio\/wp-content\/uploads\/2025\/05\/New-Caledonian-lorikeet-Vini-diadema.jpg?fit=1201%2C676&ssl=1&resize=700%2C400 2x, https:\/\/i0.wp.com\/biologo.com.br\/bio\/wp-content\/uploads\/2025\/05\/New-Caledonian-lorikeet-Vini-diadema.jpg?fit=1201%2C676&ssl=1&resize=1050%2C600 3x"},"classes":[]},{"id":10978,"url":"https:\/\/biologo.com.br\/bio\/loxops-ochraceus\/","url_meta":{"origin":10272,"position":5},"title":"Loxops ochraceus","author":"pozzana","date":"outubro 23, 2021","format":false,"excerpt":"Maui Akepa (Loxops ochraceus): com a divulga\u00e7\u00e3o do relat\u00f3rio do governo americano, oito esp\u00e9cies de aves e uma planta end\u00eamicas das ilhas havaianas foram reconhecidas como extintas. Entre esses animais perdidos estava o maui akepa, altamente impactado pela presen\u00e7a humana na ilha. Loxops ochraceus, mais uma ave havaiana perdida 22\/10\/2021\u2026","rel":"","context":"Em &quot;Conserva\u00e7\u00e3o&quot;","block_context":{"text":"Conserva\u00e7\u00e3o","link":"https:\/\/biologo.com.br\/bio\/category\/conservacao\/"},"img":{"alt_text":"Loxops ochraceus","src":"https:\/\/i0.wp.com\/biologo.com.br\/bio\/wp-content\/uploads\/2021\/10\/Loxops-ochraceus.jpg?fit=631%2C351&ssl=1&resize=350%2C200","width":350,"height":200,"srcset":"https:\/\/i0.wp.com\/biologo.com.br\/bio\/wp-content\/uploads\/2021\/10\/Loxops-ochraceus.jpg?fit=631%2C351&ssl=1&resize=350%2C200 1x, https:\/\/i0.wp.com\/biologo.com.br\/bio\/wp-content\/uploads\/2021\/10\/Loxops-ochraceus.jpg?fit=631%2C351&ssl=1&resize=525%2C300 1.5x"},"classes":[]}],"jetpack_sharing_enabled":true,"jetpack_likes_enabled":true,"jetpack_shortlink":"https:\/\/wp.me\/p6NB6B-2FG","amp_enabled":true,"_links":{"self":[{"href":"https:\/\/biologo.com.br\/bio\/wp-json\/wp\/v2\/posts\/10272","targetHints":{"allow":["GET"]}}],"collection":[{"href":"https:\/\/biologo.com.br\/bio\/wp-json\/wp\/v2\/posts"}],"about":[{"href":"https:\/\/biologo.com.br\/bio\/wp-json\/wp\/v2\/types\/post"}],"author":[{"embeddable":true,"href":"https:\/\/biologo.com.br\/bio\/wp-json\/wp\/v2\/users\/1"}],"replies":[{"embeddable":true,"href":"https:\/\/biologo.com.br\/bio\/wp-json\/wp\/v2\/comments?post=10272"}],"version-history":[{"count":1,"href":"https:\/\/biologo.com.br\/bio\/wp-json\/wp\/v2\/posts\/10272\/revisions"}],"predecessor-version":[{"id":15405,"href":"https:\/\/biologo.com.br\/bio\/wp-json\/wp\/v2\/posts\/10272\/revisions\/15405"}],"wp:featuredmedia":[{"embeddable":true,"href":"https:\/\/biologo.com.br\/bio\/wp-json\/wp\/v2\/media\/10275"}],"wp:attachment":[{"href":"https:\/\/biologo.com.br\/bio\/wp-json\/wp\/v2\/media?parent=10272"}],"wp:term":[{"taxonomy":"category","embeddable":true,"href":"https:\/\/biologo.com.br\/bio\/wp-json\/wp\/v2\/categories?post=10272"},{"taxonomy":"post_tag","embeddable":true,"href":"https:\/\/biologo.com.br\/bio\/wp-json\/wp\/v2\/tags?post=10272"}],"curies":[{"name":"wp","href":"https:\/\/api.w.org\/{rel}","templated":true}]}}