{"id":11549,"date":"2022-03-15T20:56:40","date_gmt":"2022-03-15T23:56:40","guid":{"rendered":"https:\/\/biologo.com.br\/bio\/?p=11549"},"modified":"2022-03-16T01:25:48","modified_gmt":"2022-03-16T04:25:48","slug":"corujinha-de-alagoas","status":"publish","type":"post","link":"https:\/\/biologo.com.br\/bio\/corujinha-de-alagoas\/","title":{"rendered":"Corujinha-de-Alagoas"},"content":{"rendered":"<p><span style=\"font-size: 14pt; color: #000000;\"><span style=\"color: #3366ff;\"><strong>Corujinha-de-Alagoas: <\/strong><span style=\"color: #000000;\">entre as esp\u00e9cies de animais rec\u00e9m-descritas em 2021, a fauna brasileira ganhou duas novas corujas, entre elas, a corujinha-de-alagoas (<em>Megascops alagoensis<\/em>), j\u00e1 tida como em perigo cr\u00edtico de extin\u00e7\u00e3o<\/span><\/span><\/span><span style=\"font-size: 14pt; color: #000000;\"><span style=\"color: #3366ff;\"><span style=\"color: #000000;\">.<br \/>\n<img data-recalc-dims=\"1\" loading=\"lazy\" decoding=\"async\" data-attachment-id=\"9413\" data-permalink=\"https:\/\/biologo.com.br\/bio\/dia-mundial-das-abelhas\/original-biologo\/\" data-orig-file=\"https:\/\/i0.wp.com\/biologo.com.br\/bio\/wp-content\/uploads\/2021\/05\/ORIGINAL-biologo.jpg?fit=65%2C80&amp;ssl=1\" data-orig-size=\"65,80\" data-comments-opened=\"0\" data-image-meta=\"{&quot;aperture&quot;:&quot;0&quot;,&quot;credit&quot;:&quot;&quot;,&quot;camera&quot;:&quot;&quot;,&quot;caption&quot;:&quot;&quot;,&quot;created_timestamp&quot;:&quot;0&quot;,&quot;copyright&quot;:&quot;&quot;,&quot;focal_length&quot;:&quot;0&quot;,&quot;iso&quot;:&quot;0&quot;,&quot;shutter_speed&quot;:&quot;0&quot;,&quot;title&quot;:&quot;&quot;,&quot;orientation&quot;:&quot;0&quot;}\" data-image-title=\"ORIGINAL-biologo\" data-image-description=\"&lt;p&gt;artigo original www.biologo.com.br &amp;#8211; Todos os direitos reservados&lt;\/p&gt;\n\" data-image-caption=\"\" data-large-file=\"https:\/\/i0.wp.com\/biologo.com.br\/bio\/wp-content\/uploads\/2021\/05\/ORIGINAL-biologo.jpg?fit=65%2C80&amp;ssl=1\" class=\"alignright wp-image-9413 size-full\" title=\"artigo original www.biologo.com.br\" src=\"https:\/\/i0.wp.com\/biologo.com.br\/bio\/wp-content\/uploads\/2021\/05\/ORIGINAL-biologo.jpg?resize=65%2C80&#038;ssl=1\" alt=\"artigo original www.biologo.com.br\" width=\"65\" height=\"80\" \/><br \/>\n<\/span><\/span><\/span><\/p>\n<h2><span style=\"font-family: 'courier new', courier, monospace; color: #000000;\"><strong><span style=\"font-size: 24pt;\">Corujinha-de-Alagoas<span style=\"font-size: 12pt;\">, nova e amea\u00e7ada esp\u00e9cie brasileira<\/span><\/span><\/strong><\/span><\/h2>\n<p><span style=\"font-size: 8pt; color: #000000;\">15\/3\/2022 ::\u00a0 Marco Pozzana, bi\u00f3logo<\/span><\/p>\n<p><span style=\"color: #000000;\"><span style=\"font-family: georgia, palatino, serif; font-size: 24pt;\"><strong>A <\/strong><\/span>fauna brasileira surpreende por sua resili\u00eancia. Em tempos em que a extin\u00e7\u00e3o avan\u00e7a sobre a nossa biodiversidade, a natureza contra-ataca revelando novas esp\u00e9cies na avifauna: a corujinha-do-xingu, na Amaz\u00f4nia, e a corujinha-do-alagoas, na Mata Atl\u00e2ntica.\u00a0<\/span><\/p>\n<figure id=\"attachment_11551\" aria-describedby=\"caption-attachment-11551\" style=\"width: 300px\" class=\"wp-caption alignright\"><a href=\"https:\/\/i0.wp.com\/biologo.com.br\/bio\/wp-content\/uploads\/2022\/03\/Corujinha-de-Alagoas.jpg?ssl=1\"><img data-recalc-dims=\"1\" loading=\"lazy\" decoding=\"async\" data-attachment-id=\"11551\" data-permalink=\"https:\/\/biologo.com.br\/bio\/corujinha-de-alagoas\/corujinha-de-alagoas-2\/\" data-orig-file=\"https:\/\/i0.wp.com\/biologo.com.br\/bio\/wp-content\/uploads\/2022\/03\/Corujinha-de-Alagoas.jpg?fit=631%2C351&amp;ssl=1\" data-orig-size=\"631,351\" data-comments-opened=\"0\" data-image-meta=\"{&quot;aperture&quot;:&quot;0&quot;,&quot;credit&quot;:&quot;&quot;,&quot;camera&quot;:&quot;&quot;,&quot;caption&quot;:&quot;&quot;,&quot;created_timestamp&quot;:&quot;0&quot;,&quot;copyright&quot;:&quot;&quot;,&quot;focal_length&quot;:&quot;0&quot;,&quot;iso&quot;:&quot;0&quot;,&quot;shutter_speed&quot;:&quot;0&quot;,&quot;title&quot;:&quot;&quot;,&quot;orientation&quot;:&quot;0&quot;}\" data-image-title=\"Corujinha-de-Alagoas\" data-image-description=\"&lt;p&gt;Corujinha-de-Alagoas Megascops alagoensis, end\u00eamica do Centro de Endemismo Pernambuco, a por\u00e7\u00e3o da Mata Atl\u00e2ntica ao norte do rio S\u00e3o Francisco.&lt;\/p&gt;\n\" data-image-caption=\"&lt;p&gt;Foto: Gustavo Malacco&lt;\/p&gt;\n\" data-large-file=\"https:\/\/i0.wp.com\/biologo.com.br\/bio\/wp-content\/uploads\/2022\/03\/Corujinha-de-Alagoas.jpg?fit=631%2C351&amp;ssl=1\" class=\"size-medium wp-image-11551\" src=\"https:\/\/i0.wp.com\/biologo.com.br\/bio\/wp-content\/uploads\/2022\/03\/Corujinha-de-Alagoas.jpg?resize=300%2C167&#038;ssl=1\" alt=\"Corujinha-de-Alagoas\" width=\"300\" height=\"167\" srcset=\"https:\/\/i0.wp.com\/biologo.com.br\/bio\/wp-content\/uploads\/2022\/03\/Corujinha-de-Alagoas.jpg?resize=300%2C167&amp;ssl=1 300w, https:\/\/i0.wp.com\/biologo.com.br\/bio\/wp-content\/uploads\/2022\/03\/Corujinha-de-Alagoas.jpg?w=631&amp;ssl=1 631w\" sizes=\"auto, (max-width: 300px) 100vw, 300px\" \/><\/a><figcaption id=\"caption-attachment-11551\" class=\"wp-caption-text\"><span style=\"color: #000000;\"><i><span style=\"font-size: 10pt;\">Megascops alagoensis<\/span> <\/i><span style=\"font-size: 8pt;\">Dantas, Weckstein, Bates, Oliveira, Catanach &amp; Aleixo, 2021. \u00a9 Gustavo Malacco<\/span><\/span><\/figcaption><\/figure>\n<p><span style=\"color: #000000;\">As esp\u00e9cies foram descritas a partir de um esfor\u00e7o internacional de pesquisa. Observando e examinando cuidadosamente a morfologia, vocaliza\u00e7\u00e3o e DNA das corujas, os bi\u00f3logos conclu\u00edram que havia distin\u00e7\u00f5es suficientes para classificar duas esp\u00e9cies como novas.<\/span><\/p>\n<ul>\n<li><span style=\"font-size: 14pt; color: #0000ff;\"><a style=\"color: #0000ff;\" href=\"https:\/\/biologo.com.br\/bio\/cabure-de-pernambuco\/\">Cabur\u00e9-de-pernambuco<\/a><\/span><\/li>\n<li><span style=\"font-size: 14pt; color: #0000ff;\"><a style=\"color: #0000ff;\" href=\"https:\/\/biologo.com.br\/bio\/empobrecimento-da-mata-atlantica\/\">Empobrecimento da Mata Atl\u00e2ntica<\/a><\/span><\/li>\n<\/ul>\n<p><span style=\"color: #000000;\">A corujinha-do-xingu <em>(Megascops alagoen<span style=\"color: #000000;\">sis)<\/span><\/em> \u00e9 encontrada somente no <span style=\"text-decoration: underline;\"><a style=\"color: #000000; text-decoration: underline;\" href=\"https:\/\/www.researchgate.net\/figure\/Figura-1-Localizacao-do-Centro-de-Endemismo-Pernambuco_fig1_331935292\" target=\"_blank\" rel=\"noopener\">Centro de Endemismo Pernambuco<\/a><\/span>, por\u00e7\u00e3o da Mata Atl\u00e2ntica ao norte do rio S\u00e3o Francisco que representa alt\u00edssimo valor para a conserva\u00e7\u00e3o da biodiversidade.<\/span><\/p>\n<p><span style=\"color: #000000;\">A <em>M. alagoensis<\/em> \u00e9 uma ave strigiforme da fam\u00edlia Strigidae. Pouco sabemos acerca do seu comportamento e ela deve ser considerada em perigo cr\u00edtico em breve devido \u00e0 fragmenta\u00e7\u00e3o florestal na pequena \u00e1rea onde ocorre.\u00a0<\/span><\/p>\n<h3><span style=\"color: #000000;\"><strong><span style=\"font-family: 'courier new', courier, monospace; font-size: 12pt;\">Centro Pernambuco de Endemismo (CPE)<\/span><\/strong><\/span><\/h3>\n<figure id=\"attachment_9843\" aria-describedby=\"caption-attachment-9843\" style=\"width: 150px\" class=\"wp-caption alignright\"><a style=\"color: #000000;\" href=\"https:\/\/biologo.com.br\/bio\/cabure-de-pernambuco\/\"><img data-recalc-dims=\"1\" loading=\"lazy\" decoding=\"async\" data-attachment-id=\"9843\" data-permalink=\"https:\/\/biologo.com.br\/bio\/cabure-de-pernambuco\/cabure-de-pernambuco-glaucidium-mooreorum\/\" data-orig-file=\"https:\/\/i0.wp.com\/biologo.com.br\/bio\/wp-content\/uploads\/2021\/06\/Cabure-de-pernambuco-Glaucidium-mooreorum.jpg?fit=162%2C202&amp;ssl=1\" data-orig-size=\"162,202\" data-comments-opened=\"0\" data-image-meta=\"{&quot;aperture&quot;:&quot;0&quot;,&quot;credit&quot;:&quot;&quot;,&quot;camera&quot;:&quot;&quot;,&quot;caption&quot;:&quot;&quot;,&quot;created_timestamp&quot;:&quot;0&quot;,&quot;copyright&quot;:&quot;&quot;,&quot;focal_length&quot;:&quot;0&quot;,&quot;iso&quot;:&quot;0&quot;,&quot;shutter_speed&quot;:&quot;0&quot;,&quot;title&quot;:&quot;&quot;,&quot;orientation&quot;:&quot;0&quot;}\" data-image-title=\"Cabur\u00e9-de-pernambuco-Glaucidium-mooreorum\" data-image-description=\"&lt;p&gt;Cabur\u00e9-de-pernambuco (nome cient\u00edfico: Glaucidium mooreorum) \u00e9 uma esp\u00e9cie de ave da fam\u00edlia Strigidae. End\u00eamica do Brasil, &lt;\/p&gt;\n\" data-image-caption=\"\" data-large-file=\"https:\/\/i0.wp.com\/biologo.com.br\/bio\/wp-content\/uploads\/2021\/06\/Cabure-de-pernambuco-Glaucidium-mooreorum.jpg?fit=162%2C202&amp;ssl=1\" class=\"wp-image-9843 size-thumbnail\" src=\"https:\/\/i0.wp.com\/biologo.com.br\/bio\/wp-content\/uploads\/2021\/06\/Cabure-de-pernambuco-Glaucidium-mooreorum.jpg?resize=150%2C150&#038;ssl=1\" alt=\"Glaucidium mooreorum) Cabur\u00e9-de-pernambuco\" width=\"150\" height=\"150\" \/><\/a><figcaption id=\"caption-attachment-9843\" class=\"wp-caption-text\"><span style=\"font-size: 10pt; color: #000000;\">Cabur\u00e9-de-pernambuco: provavelmente extinta<\/span><\/figcaption><\/figure>\n<p><span style=\"color: #000000;\">O Centro Pernambuco de Endemismo (CPE) \u00e9 uma estreita faixa de mata atl\u00e2ntica sujeita a forte desmatamento, \u00e1rea em que a coruja-das-alagoas foi encontrada em apenas cinco fragmentos florestais isolados.<\/span><\/p>\n<p><span style=\"color: #000000;\">Vale lembrar que a regi\u00e3o se encontra j\u00e1 bastante degradada, com diversas amea\u00e7as, como a expans\u00e3o urbana. H\u00e1 pouco tempo os bi\u00f3logos notaram o sumi\u00e7o de outra coruja na regi\u00e3o, o <a style=\"color: #000000;\" href=\"https:\/\/biologo.com.br\/bio\/cabure-de-pernambuco\/\">Cabur\u00e9-de-pernambuco (<em>Glaucidium mooreorum<\/em>)<\/a>, que acredita-se que j\u00e1 esteja extinta. Outra ave end\u00eamica da \u00e1rea que tamb\u00e9m acreditam estar extinta \u00e9 o <a style=\"color: #000000;\" href=\"https:\/\/biologo.com.br\/bio\/gritador-do-nordeste\/\">Gritador-do-nordeste (<em>Cichlocolaptes mazarbarnetti<\/em>)<\/a>.<\/span><\/p>\n<p><span style=\"color: #000000;\">Preservar a Mata Atl\u00e2ntica no CPE e entorno \u00e9 vital para a conserva\u00e7\u00e3o da rara e preciosa fauna do local, que possivelmente inclui animais que ainda n\u00e3o s\u00e3o conhecidos pela ci\u00eancia.<\/span><\/p>\n<h6><span style=\"font-family: 'courier new', courier, monospace; font-size: 10pt; color: #000000;\"><strong>Fontes e refer\u00eancias:<\/strong><\/span><\/h6>\n<ul>\n<li><span style=\"font-size: 8pt; color: #000000;\"><span style=\"text-decoration: underline;\"><a style=\"color: #000000; text-decoration: underline;\" href=\"https:\/\/news.mongabay.com\/2021\/04\/two-new-species-of-endangered-screech-owls-identified-from-brazil\/\" target=\"_blank\" rel=\"noopener\">Two new species of endangered screech owls identified from Brazil<\/a><\/span> &#8211; Mongabay (em ingl\u00eas).<\/span><\/li>\n<li class=\"level1\">\n<div class=\"li\"><span style=\"font-size: 8pt; color: #000000;\">Dantas, S. M., Weckstein, J. D., Bates, J., Oliveira, J. N., Catanach, T. A., &amp; Aleixo, A. (2021). Multi-character taxonomic review, systematics, and biogeography of the Black-capped\/Tawny-bellied Screech Owl (<em>Megascops atricapilla-M. watsonii<\/em>) complex (Aves: Strigidae). Zootaxa, 4949(3), 401-444. Dispon\u00edvel em:\u00a0<a class=\"urlextern\" style=\"color: #000000;\" title=\"https:\/\/doi.org\/10.11646\/zootaxa.4949.3.1\" href=\"https:\/\/doi.org\/10.11646\/zootaxa.4949.3.1\" rel=\"ugc nofollow\">https:\/\/doi.org\/10.11646\/zootaxa.4949.3.1<\/a>\u00a0(em ingl\u00eas).<\/span><\/div>\n<\/li>\n<\/ul>\n","protected":false},"excerpt":{"rendered":"<p>Corujinha-de-Alagoas: entre as esp\u00e9cies de animais rec\u00e9m-descritas em 2021, a fauna brasileira ganhou duas novas corujas, entre elas, a corujinha-de-alagoas<\/p>\n","protected":false},"author":1,"featured_media":11551,"comment_status":"closed","ping_status":"closed","sticky":false,"template":"","format":"standard","meta":{"colormag_page_container_layout":"default_layout","colormag_page_sidebar_layout":"default_layout","jetpack_post_was_ever_published":false,"_jetpack_newsletter_access":"","_jetpack_dont_email_post_to_subs":false,"_jetpack_newsletter_tier_id":0,"_jetpack_memberships_contains_paywalled_content":false,"_jetpack_memberships_contains_paid_content":false,"footnotes":"","jetpack_publicize_message":"Corujinha-de-Alagoas: entre as esp\u00e9cies de animais rec\u00e9m-descritas em 2021, a fauna brasileira ganhou duas novas corujas, entre elas, a corujinha-de-alagoas (Megascops alagoensis), j\u00e1 tida como em perigo cr\u00edtico de extin\u00e7\u00e3o.","jetpack_publicize_feature_enabled":true,"jetpack_social_post_already_shared":true,"jetpack_social_options":{"image_generator_settings":{"template":"highway","default_image_id":0,"font":"","enabled":false},"version":2}},"categories":[135,42,27],"tags":[],"class_list":["post-11549","post","type-post","status-publish","format-standard","has-post-thumbnail","hentry","category-conservacao","category-ornitologia","category-zoologia"],"yoast_head":"<!-- This site is optimized with the Yoast SEO plugin v27.5 - https:\/\/yoast.com\/product\/yoast-seo-wordpress\/ -->\n<title>Corujinha-de-Alagoas, nova e amea\u00e7ada esp\u00e9cie brasileira - Ornitologia<\/title>\n<meta name=\"description\" content=\"Corujinha-de-Alagoas: entre as esp\u00e9cies de animais rec\u00e9m-descritas em 2021, a fauna brasileira ganhou duas novas (Megascops alagoensis)\" \/>\n<meta name=\"robots\" content=\"index, follow, max-snippet:-1, max-image-preview:large, max-video-preview:-1\" \/>\n<link rel=\"canonical\" href=\"https:\/\/biologo.com.br\/bio\/corujinha-de-alagoas\/\" \/>\n<meta property=\"og:locale\" content=\"pt_BR\" \/>\n<meta property=\"og:type\" content=\"article\" \/>\n<meta property=\"og:title\" content=\"Corujinha-de-Alagoas, nova e amea\u00e7ada esp\u00e9cie brasileira - Ornitologia\" \/>\n<meta property=\"og:description\" content=\"Corujinha-de-Alagoas: entre as esp\u00e9cies de animais rec\u00e9m-descritas em 2021, a fauna brasileira ganhou duas novas (Megascops alagoensis)\" \/>\n<meta property=\"og:url\" content=\"https:\/\/biologo.com.br\/bio\/corujinha-de-alagoas\/\" \/>\n<meta property=\"og:site_name\" content=\"Bi\u00f3logo\" \/>\n<meta property=\"article:publisher\" content=\"https:\/\/www.facebook.com\/biologocombr\/\" \/>\n<meta property=\"article:published_time\" content=\"2022-03-15T23:56:40+00:00\" \/>\n<meta property=\"article:modified_time\" content=\"2022-03-16T04:25:48+00:00\" \/>\n<meta property=\"og:image\" content=\"https:\/\/biologo.com.br\/bio\/wp-content\/uploads\/2022\/03\/Corujinha-de-Alagoas.jpg\" \/>\n\t<meta property=\"og:image:width\" content=\"631\" \/>\n\t<meta property=\"og:image:height\" content=\"351\" \/>\n\t<meta property=\"og:image:type\" content=\"image\/jpeg\" \/>\n<meta name=\"author\" content=\"pozzana\" \/>\n<meta name=\"twitter:card\" content=\"summary_large_image\" \/>\n<meta name=\"twitter:creator\" content=\"@Biologocombr\" \/>\n<meta name=\"twitter:site\" content=\"@Biologocombr\" \/>\n<meta name=\"twitter:label1\" content=\"Escrito por\" \/>\n\t<meta name=\"twitter:data1\" content=\"pozzana\" \/>\n\t<meta name=\"twitter:label2\" content=\"Est. tempo de leitura\" \/>\n\t<meta name=\"twitter:data2\" content=\"3 minutos\" \/>\n<script type=\"application\/ld+json\" class=\"yoast-schema-graph\">{\"@context\":\"https:\\\/\\\/schema.org\",\"@graph\":[{\"@type\":\"Article\",\"@id\":\"https:\\\/\\\/biologo.com.br\\\/bio\\\/corujinha-de-alagoas\\\/#article\",\"isPartOf\":{\"@id\":\"https:\\\/\\\/biologo.com.br\\\/bio\\\/corujinha-de-alagoas\\\/\"},\"author\":{\"name\":\"pozzana\",\"@id\":\"https:\\\/\\\/biologo.com.br\\\/bio\\\/#\\\/schema\\\/person\\\/3a5d600bbc47f8bb0cd43594317a6cd4\"},\"headline\":\"Corujinha-de-Alagoas\",\"datePublished\":\"2022-03-15T23:56:40+00:00\",\"dateModified\":\"2022-03-16T04:25:48+00:00\",\"mainEntityOfPage\":{\"@id\":\"https:\\\/\\\/biologo.com.br\\\/bio\\\/corujinha-de-alagoas\\\/\"},\"wordCount\":437,\"publisher\":{\"@id\":\"https:\\\/\\\/biologo.com.br\\\/bio\\\/#organization\"},\"image\":{\"@id\":\"https:\\\/\\\/biologo.com.br\\\/bio\\\/corujinha-de-alagoas\\\/#primaryimage\"},\"thumbnailUrl\":\"https:\\\/\\\/i0.wp.com\\\/biologo.com.br\\\/bio\\\/wp-content\\\/uploads\\\/2022\\\/03\\\/Corujinha-de-Alagoas.jpg?fit=631%2C351&ssl=1\",\"articleSection\":[\"Conserva\u00e7\u00e3o\",\"Ornitologia\",\"Zoologia\"],\"inLanguage\":\"pt-BR\"},{\"@type\":\"WebPage\",\"@id\":\"https:\\\/\\\/biologo.com.br\\\/bio\\\/corujinha-de-alagoas\\\/\",\"url\":\"https:\\\/\\\/biologo.com.br\\\/bio\\\/corujinha-de-alagoas\\\/\",\"name\":\"Corujinha-de-Alagoas, nova e amea\u00e7ada esp\u00e9cie brasileira - Ornitologia\",\"isPartOf\":{\"@id\":\"https:\\\/\\\/biologo.com.br\\\/bio\\\/#website\"},\"primaryImageOfPage\":{\"@id\":\"https:\\\/\\\/biologo.com.br\\\/bio\\\/corujinha-de-alagoas\\\/#primaryimage\"},\"image\":{\"@id\":\"https:\\\/\\\/biologo.com.br\\\/bio\\\/corujinha-de-alagoas\\\/#primaryimage\"},\"thumbnailUrl\":\"https:\\\/\\\/i0.wp.com\\\/biologo.com.br\\\/bio\\\/wp-content\\\/uploads\\\/2022\\\/03\\\/Corujinha-de-Alagoas.jpg?fit=631%2C351&ssl=1\",\"datePublished\":\"2022-03-15T23:56:40+00:00\",\"dateModified\":\"2022-03-16T04:25:48+00:00\",\"description\":\"Corujinha-de-Alagoas: entre as esp\u00e9cies de animais rec\u00e9m-descritas em 2021, a fauna brasileira ganhou duas novas (Megascops alagoensis)\",\"breadcrumb\":{\"@id\":\"https:\\\/\\\/biologo.com.br\\\/bio\\\/corujinha-de-alagoas\\\/#breadcrumb\"},\"inLanguage\":\"pt-BR\",\"potentialAction\":[{\"@type\":\"ReadAction\",\"target\":[\"https:\\\/\\\/biologo.com.br\\\/bio\\\/corujinha-de-alagoas\\\/\"]}]},{\"@type\":\"ImageObject\",\"inLanguage\":\"pt-BR\",\"@id\":\"https:\\\/\\\/biologo.com.br\\\/bio\\\/corujinha-de-alagoas\\\/#primaryimage\",\"url\":\"https:\\\/\\\/i0.wp.com\\\/biologo.com.br\\\/bio\\\/wp-content\\\/uploads\\\/2022\\\/03\\\/Corujinha-de-Alagoas.jpg?fit=631%2C351&ssl=1\",\"contentUrl\":\"https:\\\/\\\/i0.wp.com\\\/biologo.com.br\\\/bio\\\/wp-content\\\/uploads\\\/2022\\\/03\\\/Corujinha-de-Alagoas.jpg?fit=631%2C351&ssl=1\",\"width\":631,\"height\":351,\"caption\":\"Foto: Gustavo Malacco\"},{\"@type\":\"BreadcrumbList\",\"@id\":\"https:\\\/\\\/biologo.com.br\\\/bio\\\/corujinha-de-alagoas\\\/#breadcrumb\",\"itemListElement\":[{\"@type\":\"ListItem\",\"position\":1,\"name\":\"In\u00edcio\",\"item\":\"https:\\\/\\\/biologo.com.br\\\/bio\\\/\"},{\"@type\":\"ListItem\",\"position\":2,\"name\":\"Corujinha-de-Alagoas\"}]},{\"@type\":\"WebSite\",\"@id\":\"https:\\\/\\\/biologo.com.br\\\/bio\\\/#website\",\"url\":\"https:\\\/\\\/biologo.com.br\\\/bio\\\/\",\"name\":\"Bi\u00f3logo\",\"description\":\"Biologia. Informa\u00e7\u00f5es para bi\u00f3logos ou leigos. Eventos, v\u00eddeos e muito mais. Ci\u00eancias biol\u00f3gicas.\",\"publisher\":{\"@id\":\"https:\\\/\\\/biologo.com.br\\\/bio\\\/#organization\"},\"potentialAction\":[{\"@type\":\"SearchAction\",\"target\":{\"@type\":\"EntryPoint\",\"urlTemplate\":\"https:\\\/\\\/biologo.com.br\\\/bio\\\/?s={search_term_string}\"},\"query-input\":{\"@type\":\"PropertyValueSpecification\",\"valueRequired\":true,\"valueName\":\"search_term_string\"}}],\"inLanguage\":\"pt-BR\"},{\"@type\":\"Organization\",\"@id\":\"https:\\\/\\\/biologo.com.br\\\/bio\\\/#organization\",\"name\":\"Bi\u00f3logo\",\"url\":\"https:\\\/\\\/biologo.com.br\\\/bio\\\/\",\"logo\":{\"@type\":\"ImageObject\",\"inLanguage\":\"pt-BR\",\"@id\":\"https:\\\/\\\/biologo.com.br\\\/bio\\\/#\\\/schema\\\/logo\\\/image\\\/\",\"url\":\"https:\\\/\\\/i0.wp.com\\\/biologo.com.br\\\/bio\\\/wp-content\\\/uploads\\\/2015\\\/12\\\/logo1.jpg?fit=179%2C57&ssl=1\",\"contentUrl\":\"https:\\\/\\\/i0.wp.com\\\/biologo.com.br\\\/bio\\\/wp-content\\\/uploads\\\/2015\\\/12\\\/logo1.jpg?fit=179%2C57&ssl=1\",\"width\":179,\"height\":57,\"caption\":\"Bi\u00f3logo\"},\"image\":{\"@id\":\"https:\\\/\\\/biologo.com.br\\\/bio\\\/#\\\/schema\\\/logo\\\/image\\\/\"},\"sameAs\":[\"https:\\\/\\\/www.facebook.com\\\/biologocombr\\\/\",\"https:\\\/\\\/x.com\\\/Biologocombr\",\"https:\\\/\\\/www.instagram.com\\\/biologo.com.br\\\/\"]},{\"@type\":\"Person\",\"@id\":\"https:\\\/\\\/biologo.com.br\\\/bio\\\/#\\\/schema\\\/person\\\/3a5d600bbc47f8bb0cd43594317a6cd4\",\"name\":\"pozzana\",\"image\":{\"@type\":\"ImageObject\",\"inLanguage\":\"pt-BR\",\"@id\":\"https:\\\/\\\/secure.gravatar.com\\\/avatar\\\/fa8f924c29488a329bd70373453572f7494e802125f373a7f2937173cc26b21f?s=96&d=mm&r=g\",\"url\":\"https:\\\/\\\/secure.gravatar.com\\\/avatar\\\/fa8f924c29488a329bd70373453572f7494e802125f373a7f2937173cc26b21f?s=96&d=mm&r=g\",\"contentUrl\":\"https:\\\/\\\/secure.gravatar.com\\\/avatar\\\/fa8f924c29488a329bd70373453572f7494e802125f373a7f2937173cc26b21f?s=96&d=mm&r=g\",\"caption\":\"pozzana\"},\"url\":\"https:\\\/\\\/biologo.com.br\\\/bio\\\/author\\\/pozzana\\\/\"}]}<\/script>\n<!-- \/ Yoast SEO plugin. -->","yoast_head_json":{"title":"Corujinha-de-Alagoas, nova e amea\u00e7ada esp\u00e9cie brasileira - Ornitologia","description":"Corujinha-de-Alagoas: entre as esp\u00e9cies de animais rec\u00e9m-descritas em 2021, a fauna brasileira ganhou duas novas (Megascops alagoensis)","robots":{"index":"index","follow":"follow","max-snippet":"max-snippet:-1","max-image-preview":"max-image-preview:large","max-video-preview":"max-video-preview:-1"},"canonical":"https:\/\/biologo.com.br\/bio\/corujinha-de-alagoas\/","og_locale":"pt_BR","og_type":"article","og_title":"Corujinha-de-Alagoas, nova e amea\u00e7ada esp\u00e9cie brasileira - Ornitologia","og_description":"Corujinha-de-Alagoas: entre as esp\u00e9cies de animais rec\u00e9m-descritas em 2021, a fauna brasileira ganhou duas novas (Megascops alagoensis)","og_url":"https:\/\/biologo.com.br\/bio\/corujinha-de-alagoas\/","og_site_name":"Bi\u00f3logo","article_publisher":"https:\/\/www.facebook.com\/biologocombr\/","article_published_time":"2022-03-15T23:56:40+00:00","article_modified_time":"2022-03-16T04:25:48+00:00","og_image":[{"width":631,"height":351,"url":"https:\/\/biologo.com.br\/bio\/wp-content\/uploads\/2022\/03\/Corujinha-de-Alagoas.jpg","type":"image\/jpeg"}],"author":"pozzana","twitter_card":"summary_large_image","twitter_creator":"@Biologocombr","twitter_site":"@Biologocombr","twitter_misc":{"Escrito por":"pozzana","Est. tempo de leitura":"3 minutos"},"schema":{"@context":"https:\/\/schema.org","@graph":[{"@type":"Article","@id":"https:\/\/biologo.com.br\/bio\/corujinha-de-alagoas\/#article","isPartOf":{"@id":"https:\/\/biologo.com.br\/bio\/corujinha-de-alagoas\/"},"author":{"name":"pozzana","@id":"https:\/\/biologo.com.br\/bio\/#\/schema\/person\/3a5d600bbc47f8bb0cd43594317a6cd4"},"headline":"Corujinha-de-Alagoas","datePublished":"2022-03-15T23:56:40+00:00","dateModified":"2022-03-16T04:25:48+00:00","mainEntityOfPage":{"@id":"https:\/\/biologo.com.br\/bio\/corujinha-de-alagoas\/"},"wordCount":437,"publisher":{"@id":"https:\/\/biologo.com.br\/bio\/#organization"},"image":{"@id":"https:\/\/biologo.com.br\/bio\/corujinha-de-alagoas\/#primaryimage"},"thumbnailUrl":"https:\/\/i0.wp.com\/biologo.com.br\/bio\/wp-content\/uploads\/2022\/03\/Corujinha-de-Alagoas.jpg?fit=631%2C351&ssl=1","articleSection":["Conserva\u00e7\u00e3o","Ornitologia","Zoologia"],"inLanguage":"pt-BR"},{"@type":"WebPage","@id":"https:\/\/biologo.com.br\/bio\/corujinha-de-alagoas\/","url":"https:\/\/biologo.com.br\/bio\/corujinha-de-alagoas\/","name":"Corujinha-de-Alagoas, nova e amea\u00e7ada esp\u00e9cie brasileira - Ornitologia","isPartOf":{"@id":"https:\/\/biologo.com.br\/bio\/#website"},"primaryImageOfPage":{"@id":"https:\/\/biologo.com.br\/bio\/corujinha-de-alagoas\/#primaryimage"},"image":{"@id":"https:\/\/biologo.com.br\/bio\/corujinha-de-alagoas\/#primaryimage"},"thumbnailUrl":"https:\/\/i0.wp.com\/biologo.com.br\/bio\/wp-content\/uploads\/2022\/03\/Corujinha-de-Alagoas.jpg?fit=631%2C351&ssl=1","datePublished":"2022-03-15T23:56:40+00:00","dateModified":"2022-03-16T04:25:48+00:00","description":"Corujinha-de-Alagoas: entre as esp\u00e9cies de animais rec\u00e9m-descritas em 2021, a fauna brasileira ganhou duas novas (Megascops alagoensis)","breadcrumb":{"@id":"https:\/\/biologo.com.br\/bio\/corujinha-de-alagoas\/#breadcrumb"},"inLanguage":"pt-BR","potentialAction":[{"@type":"ReadAction","target":["https:\/\/biologo.com.br\/bio\/corujinha-de-alagoas\/"]}]},{"@type":"ImageObject","inLanguage":"pt-BR","@id":"https:\/\/biologo.com.br\/bio\/corujinha-de-alagoas\/#primaryimage","url":"https:\/\/i0.wp.com\/biologo.com.br\/bio\/wp-content\/uploads\/2022\/03\/Corujinha-de-Alagoas.jpg?fit=631%2C351&ssl=1","contentUrl":"https:\/\/i0.wp.com\/biologo.com.br\/bio\/wp-content\/uploads\/2022\/03\/Corujinha-de-Alagoas.jpg?fit=631%2C351&ssl=1","width":631,"height":351,"caption":"Foto: Gustavo Malacco"},{"@type":"BreadcrumbList","@id":"https:\/\/biologo.com.br\/bio\/corujinha-de-alagoas\/#breadcrumb","itemListElement":[{"@type":"ListItem","position":1,"name":"In\u00edcio","item":"https:\/\/biologo.com.br\/bio\/"},{"@type":"ListItem","position":2,"name":"Corujinha-de-Alagoas"}]},{"@type":"WebSite","@id":"https:\/\/biologo.com.br\/bio\/#website","url":"https:\/\/biologo.com.br\/bio\/","name":"Bi\u00f3logo","description":"Biologia. Informa\u00e7\u00f5es para bi\u00f3logos ou leigos. Eventos, v\u00eddeos e muito mais. Ci\u00eancias biol\u00f3gicas.","publisher":{"@id":"https:\/\/biologo.com.br\/bio\/#organization"},"potentialAction":[{"@type":"SearchAction","target":{"@type":"EntryPoint","urlTemplate":"https:\/\/biologo.com.br\/bio\/?s={search_term_string}"},"query-input":{"@type":"PropertyValueSpecification","valueRequired":true,"valueName":"search_term_string"}}],"inLanguage":"pt-BR"},{"@type":"Organization","@id":"https:\/\/biologo.com.br\/bio\/#organization","name":"Bi\u00f3logo","url":"https:\/\/biologo.com.br\/bio\/","logo":{"@type":"ImageObject","inLanguage":"pt-BR","@id":"https:\/\/biologo.com.br\/bio\/#\/schema\/logo\/image\/","url":"https:\/\/i0.wp.com\/biologo.com.br\/bio\/wp-content\/uploads\/2015\/12\/logo1.jpg?fit=179%2C57&ssl=1","contentUrl":"https:\/\/i0.wp.com\/biologo.com.br\/bio\/wp-content\/uploads\/2015\/12\/logo1.jpg?fit=179%2C57&ssl=1","width":179,"height":57,"caption":"Bi\u00f3logo"},"image":{"@id":"https:\/\/biologo.com.br\/bio\/#\/schema\/logo\/image\/"},"sameAs":["https:\/\/www.facebook.com\/biologocombr\/","https:\/\/x.com\/Biologocombr","https:\/\/www.instagram.com\/biologo.com.br\/"]},{"@type":"Person","@id":"https:\/\/biologo.com.br\/bio\/#\/schema\/person\/3a5d600bbc47f8bb0cd43594317a6cd4","name":"pozzana","image":{"@type":"ImageObject","inLanguage":"pt-BR","@id":"https:\/\/secure.gravatar.com\/avatar\/fa8f924c29488a329bd70373453572f7494e802125f373a7f2937173cc26b21f?s=96&d=mm&r=g","url":"https:\/\/secure.gravatar.com\/avatar\/fa8f924c29488a329bd70373453572f7494e802125f373a7f2937173cc26b21f?s=96&d=mm&r=g","contentUrl":"https:\/\/secure.gravatar.com\/avatar\/fa8f924c29488a329bd70373453572f7494e802125f373a7f2937173cc26b21f?s=96&d=mm&r=g","caption":"pozzana"},"url":"https:\/\/biologo.com.br\/bio\/author\/pozzana\/"}]}},"jetpack_publicize_connections":[],"jetpack_featured_media_url":"https:\/\/i0.wp.com\/biologo.com.br\/bio\/wp-content\/uploads\/2022\/03\/Corujinha-de-Alagoas.jpg?fit=631%2C351&ssl=1","jetpack-related-posts":[{"id":12009,"url":"https:\/\/biologo.com.br\/bio\/maiores-descobertas-de-especies-em-2021\/","url_meta":{"origin":11549,"position":0},"title":"Maiores descobertas de esp\u00e9cies em 2021","author":"pozzana","date":"maio 26, 2022","format":false,"excerpt":"Maiores descobertas: 2021 foi marcado por incr\u00edveis descobertas de novas esp\u00e9cies de animais e vegetais. Abaixo, listamos algumas entre aquelas que deixaram cientistas e amantes do mundo natural boquiabertos. Maiores descobertas de esp\u00e9cies em 2021 26\/5\/2022 ::\u00a0 Marco Pozzana, bi\u00f3logo No ano passado tivemos esp\u00e9cies rec\u00e9m-descritas em todos os continentes.\u2026","rel":"","context":"Em &quot;Biodiversidade&quot;","block_context":{"text":"Biodiversidade","link":"https:\/\/biologo.com.br\/bio\/category\/biodiversidade\/"},"img":{"alt_text":"Oligodon churahensis,","src":"https:\/\/i0.wp.com\/biologo.com.br\/bio\/wp-content\/uploads\/2022\/05\/Oligodon-churahensis.jpg?fit=631%2C351&ssl=1&resize=350%2C200","width":350,"height":200,"srcset":"https:\/\/i0.wp.com\/biologo.com.br\/bio\/wp-content\/uploads\/2022\/05\/Oligodon-churahensis.jpg?fit=631%2C351&ssl=1&resize=350%2C200 1x, https:\/\/i0.wp.com\/biologo.com.br\/bio\/wp-content\/uploads\/2022\/05\/Oligodon-churahensis.jpg?fit=631%2C351&ssl=1&resize=525%2C300 1.5x"},"classes":[]},{"id":11928,"url":"https:\/\/biologo.com.br\/bio\/corredor-ecologico-uma-ponte-para-trocas-geneticas\/","url_meta":{"origin":11549,"position":1},"title":"Corredor ecol\u00f3gico, uma ponte para trocas gen\u00e9ticas","author":"pozzana","date":"maio 2, 2022","format":false,"excerpt":"Import\u00e2ncia do corredor ecol\u00f3gico: cada vez mais valorizadas pela ci\u00eancia, essas faixas de vegeta\u00e7\u00e3o visam conectar fragmentos florestais, possibilitando o deslocamento e trocas gen\u00e9ticas da fauna e flora entre as \u00e1reas isoladas. Corredor ecol\u00f3gico, uma ponte para trocas gen\u00e9ticas 2\/5\/2022 ::\u00a0 Marco Pozzana, bi\u00f3logo A Mata Atl\u00e2ntica \u00e9 mundialmente famosa\u2026","rel":"","context":"Em &quot;Bot\u00e2nica&quot;","block_context":{"text":"Bot\u00e2nica","link":"https:\/\/biologo.com.br\/bio\/category\/botanica\/"},"img":{"alt_text":"Corredor ecol\u00f3gico, uma ponte para trocas gen\u00e9ticas","src":"https:\/\/i0.wp.com\/biologo.com.br\/bio\/wp-content\/uploads\/2022\/05\/Corredor-ecologico-uma-ponte-para-trocas-geneticas.jpg?fit=631%2C351&ssl=1&resize=350%2C200","width":350,"height":200,"srcset":"https:\/\/i0.wp.com\/biologo.com.br\/bio\/wp-content\/uploads\/2022\/05\/Corredor-ecologico-uma-ponte-para-trocas-geneticas.jpg?fit=631%2C351&ssl=1&resize=350%2C200 1x, https:\/\/i0.wp.com\/biologo.com.br\/bio\/wp-content\/uploads\/2022\/05\/Corredor-ecologico-uma-ponte-para-trocas-geneticas.jpg?fit=631%2C351&ssl=1&resize=525%2C300 1.5x"},"classes":[]},{"id":13427,"url":"https:\/\/biologo.com.br\/bio\/nova-especie-de-coruja\/","url_meta":{"origin":11549,"position":2},"title":"Nova esp\u00e9cie de coruja","author":"pozzana","date":"novembro 11, 2022","format":false,"excerpt":"Nova esp\u00e9cie de coruja: ave\u00a0 rec\u00e9m descrita end\u00eamica da Ilha do Pr\u00edncipe, do arquip\u00e9lago de S\u00e3o Tom\u00e9 e Pr\u00edncipe (Golfo da Guin\u00e9, \u00c1frica) pode estar criticamente amea\u00e7ada de extin\u00e7\u00e3o. Nova esp\u00e9cie de coruja da Ilha do Pr\u00edncipe 11\/11\/2022 ::\u00a0 por Marco Pozzana, bi\u00f3logo\u00a0 Relatos dos habitantes da Ilha do Pr\u00edncipe,\u2026","rel":"","context":"Em &quot;Conserva\u00e7\u00e3o&quot;","block_context":{"text":"Conserva\u00e7\u00e3o","link":"https:\/\/biologo.com.br\/bio\/category\/conservacao\/"},"img":{"alt_text":"Nova esp\u00e9cie de coruja da Ilha do Pr\u00edncipe","src":"https:\/\/i0.wp.com\/biologo.com.br\/bio\/wp-content\/uploads\/2022\/11\/nova-especie-de-coruja.jpg?fit=631%2C351&ssl=1&resize=350%2C200","width":350,"height":200,"srcset":"https:\/\/i0.wp.com\/biologo.com.br\/bio\/wp-content\/uploads\/2022\/11\/nova-especie-de-coruja.jpg?fit=631%2C351&ssl=1&resize=350%2C200 1x, https:\/\/i0.wp.com\/biologo.com.br\/bio\/wp-content\/uploads\/2022\/11\/nova-especie-de-coruja.jpg?fit=631%2C351&ssl=1&resize=525%2C300 1.5x"},"classes":[]},{"id":9840,"url":"https:\/\/biologo.com.br\/bio\/cabure-de-pernambuco\/","url_meta":{"origin":11549,"position":3},"title":"Cabur\u00e9-de-pernambuco","author":"pozzana","date":"junho 24, 2021","format":false,"excerpt":"Cabur\u00e9-de-pernambuco era uma coruja end\u00eamica do litoral de Pernambuco. O forte desmatamento e a degrada\u00e7\u00e3o ambiental foram um golpe duro para as popula\u00e7\u00f5es remanescentes da esp\u00e9cie que, provavelmente, est\u00e1 extinta. Cabur\u00e9-de-pernambuco, um canto calado para sempre 23\/6\/2021 ::\u00a0 Por Josu\u00e9 Fontana H\u00e1 mais de 20 anos, ningu\u00e9m ouve o canto\u2026","rel":"","context":"Em &quot;Conserva\u00e7\u00e3o&quot;","block_context":{"text":"Conserva\u00e7\u00e3o","link":"https:\/\/biologo.com.br\/bio\/category\/conservacao\/"},"img":{"alt_text":"Cabur\u00e9-de-pernambuco","src":"https:\/\/i0.wp.com\/biologo.com.br\/bio\/wp-content\/uploads\/2021\/06\/Cabure-de-pernambuco.jpg?fit=631%2C351&ssl=1&resize=350%2C200","width":350,"height":200,"srcset":"https:\/\/i0.wp.com\/biologo.com.br\/bio\/wp-content\/uploads\/2021\/06\/Cabure-de-pernambuco.jpg?fit=631%2C351&ssl=1&resize=350%2C200 1x, https:\/\/i0.wp.com\/biologo.com.br\/bio\/wp-content\/uploads\/2021\/06\/Cabure-de-pernambuco.jpg?fit=631%2C351&ssl=1&resize=525%2C300 1.5x"},"classes":[]},{"id":6485,"url":"https:\/\/biologo.com.br\/bio\/a-volta-do-mutum-de-alagoas\/","url_meta":{"origin":11549,"position":4},"title":"A volta do mutum-de-alagoas","author":"pozzana","date":"fevereiro 6, 2020","format":false,"excerpt":"A volta do mutum-de-alagoas: Extinto na natureza h\u00e1 40 anos, o Pauxi mitu \u00e9 reintroduzido em seu h\u00e1bitat, a Mata Atl\u00e2ntica alagoana. A volta do mutum-de-alagoas Fev\/2020 :: por Marcos Pivetta \/ Pesquisa FAPESP. Licen\u00e7a\u00a0CC BY-ND 4.0 No dia 25 de setembro, tr\u00eas machos e tr\u00eas f\u00eameas do mutum-de-alagoas, ave\u2026","rel":"","context":"Em &quot;Biodiversidade&quot;","block_context":{"text":"Biodiversidade","link":"https:\/\/biologo.com.br\/bio\/category\/biodiversidade\/"},"img":{"alt_text":"A volta do mutum-de-alagoas","src":"https:\/\/i0.wp.com\/biologo.com.br\/bio\/wp-content\/uploads\/2020\/02\/A-volta-do-mutum-de-alagoas.jpg?fit=631%2C351&ssl=1&resize=350%2C200","width":350,"height":200,"srcset":"https:\/\/i0.wp.com\/biologo.com.br\/bio\/wp-content\/uploads\/2020\/02\/A-volta-do-mutum-de-alagoas.jpg?fit=631%2C351&ssl=1&resize=350%2C200 1x, https:\/\/i0.wp.com\/biologo.com.br\/bio\/wp-content\/uploads\/2020\/02\/A-volta-do-mutum-de-alagoas.jpg?fit=631%2C351&ssl=1&resize=525%2C300 1.5x"},"classes":[]},{"id":10828,"url":"https:\/\/biologo.com.br\/bio\/saira-pintor\/","url_meta":{"origin":11549,"position":5},"title":"Sa\u00edra-pintor","author":"pozzana","date":"outubro 11, 2021","format":false,"excerpt":"Sa\u00edra-pintor: certas aves se tornam raras porque sua beleza desperta o interesse dos apreciadores de p\u00e1ssaros em gaiolas. Essa \u00e9 a hist\u00f3ria da sa\u00edra-pintor (Tangara fastuosa), bela ave caracter\u00edstica do nordeste brasileiro, hoje amea\u00e7ada de extin\u00e7\u00e3o. Sa\u00edra-pintor, o pre\u00e7o da beleza 11\/10\/2021 :: Marco Pozzana, bi\u00f3logo Esp\u00e9cie end\u00eamica da regi\u00e3o\u2026","rel":"","context":"Em &quot;Conserva\u00e7\u00e3o&quot;","block_context":{"text":"Conserva\u00e7\u00e3o","link":"https:\/\/biologo.com.br\/bio\/category\/conservacao\/"},"img":{"alt_text":"","src":"https:\/\/i0.wp.com\/biologo.com.br\/bio\/wp-content\/uploads\/2021\/10\/saira-pintor.jpg?fit=631%2C351&ssl=1&resize=350%2C200","width":350,"height":200,"srcset":"https:\/\/i0.wp.com\/biologo.com.br\/bio\/wp-content\/uploads\/2021\/10\/saira-pintor.jpg?fit=631%2C351&ssl=1&resize=350%2C200 1x, https:\/\/i0.wp.com\/biologo.com.br\/bio\/wp-content\/uploads\/2021\/10\/saira-pintor.jpg?fit=631%2C351&ssl=1&resize=525%2C300 1.5x"},"classes":[]}],"jetpack_sharing_enabled":true,"jetpack_likes_enabled":true,"jetpack_shortlink":"https:\/\/wp.me\/p6NB6B-30h","amp_enabled":true,"_links":{"self":[{"href":"https:\/\/biologo.com.br\/bio\/wp-json\/wp\/v2\/posts\/11549","targetHints":{"allow":["GET"]}}],"collection":[{"href":"https:\/\/biologo.com.br\/bio\/wp-json\/wp\/v2\/posts"}],"about":[{"href":"https:\/\/biologo.com.br\/bio\/wp-json\/wp\/v2\/types\/post"}],"author":[{"embeddable":true,"href":"https:\/\/biologo.com.br\/bio\/wp-json\/wp\/v2\/users\/1"}],"replies":[{"embeddable":true,"href":"https:\/\/biologo.com.br\/bio\/wp-json\/wp\/v2\/comments?post=11549"}],"version-history":[{"count":2,"href":"https:\/\/biologo.com.br\/bio\/wp-json\/wp\/v2\/posts\/11549\/revisions"}],"predecessor-version":[{"id":11557,"href":"https:\/\/biologo.com.br\/bio\/wp-json\/wp\/v2\/posts\/11549\/revisions\/11557"}],"wp:featuredmedia":[{"embeddable":true,"href":"https:\/\/biologo.com.br\/bio\/wp-json\/wp\/v2\/media\/11551"}],"wp:attachment":[{"href":"https:\/\/biologo.com.br\/bio\/wp-json\/wp\/v2\/media?parent=11549"}],"wp:term":[{"taxonomy":"category","embeddable":true,"href":"https:\/\/biologo.com.br\/bio\/wp-json\/wp\/v2\/categories?post=11549"},{"taxonomy":"post_tag","embeddable":true,"href":"https:\/\/biologo.com.br\/bio\/wp-json\/wp\/v2\/tags?post=11549"}],"curies":[{"name":"wp","href":"https:\/\/api.w.org\/{rel}","templated":true}]}}