{"id":1364,"date":"2016-09-22T13:18:32","date_gmt":"2016-09-22T16:18:32","guid":{"rendered":"http:\/\/biologo.com.br\/bio\/?p=1364"},"modified":"2022-09-26T20:39:45","modified_gmt":"2022-09-26T23:39:45","slug":"documentario-mendel-e-a-ervilha","status":"publish","type":"post","link":"https:\/\/biologo.com.br\/bio\/documentario-mendel-e-a-ervilha\/","title":{"rendered":"Document\u00e1rio Mendel e a ervilha"},"content":{"rendered":"<p><span style=\"font-size: 14pt;\"><span style=\"color: #3366ff;\"><strong>Document\u00e1rio Mendel e a ervilha<\/strong><\/span>: <\/span><span style=\"color: #000000; font-size: 14pt;\">Neste v\u00eddeo voc\u00ea confere o\u00a0mais completo e fiel trabalho sobre a vida do pai da gen\u00e9tica &#8211; Gregor Johann Mendel (1822-1884).\u00a0<\/span><\/p>\n<p><span style=\"color: #000000; font-size: 14pt;\">O document\u00e1rio faz parte da s\u00e9rie &#8220;Os seis experimentos que mudaram o mundo&#8221;. Imperd\u00edvel!<\/span><\/p>\n<h2 style=\"text-align: center;\"><span style=\"color: #000000;\"><strong><span style=\"font-size: 24pt; font-family: 'courier new', courier, monospace;\">Document\u00e1rio Mendel e a ervilha<\/span><\/strong><\/span><\/h2>\n<figure id=\"attachment_7392\" aria-describedby=\"caption-attachment-7392\" style=\"width: 141px\" class=\"wp-caption alignright\"><a href=\"https:\/\/biologo.com.br\/bio\/o-legado-de-mendel\/\"><img data-recalc-dims=\"1\" loading=\"lazy\" decoding=\"async\" data-attachment-id=\"7392\" data-permalink=\"https:\/\/biologo.com.br\/bio\/o-legado-de-mendel\/o-legado-de-mendel\/\" data-orig-file=\"https:\/\/i0.wp.com\/biologo.com.br\/bio\/wp-content\/uploads\/2020\/07\/O-Legado-de-Mendel.jpg?fit=631%2C351&amp;ssl=1\" data-orig-size=\"631,351\" data-comments-opened=\"0\" data-image-meta=\"{&quot;aperture&quot;:&quot;0&quot;,&quot;credit&quot;:&quot;&quot;,&quot;camera&quot;:&quot;&quot;,&quot;caption&quot;:&quot;&quot;,&quot;created_timestamp&quot;:&quot;0&quot;,&quot;copyright&quot;:&quot;&quot;,&quot;focal_length&quot;:&quot;0&quot;,&quot;iso&quot;:&quot;0&quot;,&quot;shutter_speed&quot;:&quot;0&quot;,&quot;title&quot;:&quot;&quot;,&quot;orientation&quot;:&quot;0&quot;}\" data-image-title=\"O-Legado-de-Mendel\" data-image-description=\"&lt;p&gt;Gregor Johann Mendel, monge, ervilhas, gen\u00e9tica. O Legado de Mendel&lt;\/p&gt;\n\" data-image-caption=\"\" data-large-file=\"https:\/\/i0.wp.com\/biologo.com.br\/bio\/wp-content\/uploads\/2020\/07\/O-Legado-de-Mendel.jpg?fit=631%2C351&amp;ssl=1\" class=\"wp-image-7392 \" src=\"https:\/\/i0.wp.com\/biologo.com.br\/bio\/wp-content\/uploads\/2020\/07\/O-Legado-de-Mendel.jpg?resize=141%2C136&#038;ssl=1\" alt=\"O Legado de Mendel\" width=\"141\" height=\"136\" \/><\/a><figcaption id=\"caption-attachment-7392\" class=\"wp-caption-text\"><span style=\"font-size: 10pt;\"><a href=\"https:\/\/biologo.com.br\/bio\/o-legado-de-mendel\/\">O Legado de Mendel<\/a><\/span><\/figcaption><\/figure>\n<h4><span style=\"font-family: 'courier new', courier, monospace;\"><strong><span style=\"color: #000000; font-size: 12pt;\">Document\u00e1rio Mendel e a ervilha<span style=\"color: #808080;\"> [dublado]<\/span><\/span><\/strong><\/span><\/h4>\n<p><span style=\"color: #000000;\">O filme\u00a0est\u00e1 todo dublado em portugu\u00eas e mostra o in\u00edcio na vida dele onde nasceu e foi criado, na aldeia de Heinzendorf, em um distrito agr\u00edcola na Checoslov\u00e1quia, no imp\u00e9rio Austro-h\u00fangaro, na atual Rep\u00fablica Checa.<\/span><\/p>\n<p><span style=\"color: #000000;\">Gregor Johann Mendel (20 de julho de 1822 \u2014 Brno, 6 de janeiro 1884) foi um monge agostiniano, bot\u00e2nico e meteorologista austr\u00edaco.\u00a0Durante a sua vida, publicou dois grandes trabalhos: &#8220;Ensaios com plantas h\u00edbridas&#8221;, que n\u00e3o abrangia mais de trinta p\u00e1ginas impressas e &#8220;Hier\u00e1cias obtidas pela fecunda\u00e7\u00e3o artificial&#8221;.<\/span><\/p>\n<div class=\"jetpack-video-wrapper\"><iframe loading=\"lazy\" title=\"MENDEL E A ERVILHA (parte 1 de 3) - A Estranha Ervilha Na Vagem\" width=\"800\" height=\"600\" src=\"https:\/\/www.youtube.com\/embed\/tfjDJE4kWhM?feature=oembed\" frameborder=\"0\" allow=\"accelerometer; autoplay; clipboard-write; encrypted-media; gyroscope; picture-in-picture\" allowfullscreen><\/iframe><\/div>\n<div class=\"jetpack-video-wrapper\"><iframe loading=\"lazy\" title=\"MENDEL E A ERVILHA (parte 2 de 3) - A Simples Ervilha\" width=\"800\" height=\"600\" src=\"https:\/\/www.youtube.com\/embed\/VVIr37xPkk0?feature=oembed\" frameborder=\"0\" allow=\"accelerometer; autoplay; clipboard-write; encrypted-media; gyroscope; picture-in-picture\" allowfullscreen><\/iframe><\/div>\n<div class=\"jetpack-video-wrapper\"><iframe loading=\"lazy\" title=\"MENDEL E A ERVILHA (parte 3)  Minha hora chegar\u00e1\" width=\"800\" height=\"600\" src=\"https:\/\/www.youtube.com\/embed\/hEdc96wxyZ8?feature=oembed\" frameborder=\"0\" allow=\"accelerometer; autoplay; clipboard-write; encrypted-media; gyroscope; picture-in-picture\" allowfullscreen><\/iframe><\/div>\n<h3><span style=\"color: #000000; font-family: 'courier new', courier, monospace;\"><strong><span style=\"font-size: 12pt;\">Biografia\u00a0Gregor Mendel\u00a0<\/span><\/strong><\/span><\/h3>\n<p><a href=\"https:\/\/i0.wp.com\/biologo.com.br\/bio\/wp-content\/uploads\/2015\/10\/mendel.png\"><img data-recalc-dims=\"1\" loading=\"lazy\" decoding=\"async\" data-attachment-id=\"199\" data-permalink=\"https:\/\/biologo.com.br\/bio\/historia-da-genetica\/mendel\/\" data-orig-file=\"https:\/\/i0.wp.com\/biologo.com.br\/bio\/wp-content\/uploads\/2015\/10\/mendel.png?fit=306%2C387&amp;ssl=1\" data-orig-size=\"306,387\" data-comments-opened=\"1\" data-image-meta=\"{&quot;aperture&quot;:&quot;0&quot;,&quot;credit&quot;:&quot;&quot;,&quot;camera&quot;:&quot;&quot;,&quot;caption&quot;:&quot;&quot;,&quot;created_timestamp&quot;:&quot;0&quot;,&quot;copyright&quot;:&quot;&quot;,&quot;focal_length&quot;:&quot;0&quot;,&quot;iso&quot;:&quot;0&quot;,&quot;shutter_speed&quot;:&quot;0&quot;,&quot;title&quot;:&quot;&quot;,&quot;orientation&quot;:&quot;0&quot;}\" data-image-title=\"Mendel\" data-image-description=\"&lt;p&gt;Mendel, o pai da Gen\u00e9tica&lt;\/p&gt;\n\" data-image-caption=\"&lt;p&gt;Mendel, o pai da Gen\u00e9tica&lt;\/p&gt;\n\" data-large-file=\"https:\/\/i0.wp.com\/biologo.com.br\/bio\/wp-content\/uploads\/2015\/10\/mendel.png?fit=306%2C387&amp;ssl=1\" class=\"wp-image-199 alignright\" src=\"https:\/\/i0.wp.com\/biologo.com.br\/bio\/wp-content\/uploads\/2015\/10\/mendel-237x300.png?resize=147%2C186\" alt=\"Hist\u00f3ria da Gen\u00e9tica: Mendel, o pai da Gen\u00e9tica\" width=\"147\" height=\"186\" srcset=\"https:\/\/i0.wp.com\/biologo.com.br\/bio\/wp-content\/uploads\/2015\/10\/mendel.png?resize=237%2C300&amp;ssl=1 237w, https:\/\/i0.wp.com\/biologo.com.br\/bio\/wp-content\/uploads\/2015\/10\/mendel.png?w=306&amp;ssl=1 306w\" sizes=\"auto, (max-width: 147px) 100vw, 147px\" \/><\/a><\/p>\n<p><span style=\"color: #000000;\">Mendel nasceu em Heinzendorf bei Odrau (hoje chamada Vra\u017eni), no distrito de Nov\u00fd Ji\u010d\u00edn, regi\u00e3o de Troppau (atual Opava), na regi\u00e3o da Mor\u00e1via-Sil\u00e9sia, que ent\u00e3o pertencia ao Imp\u00e9rio Austr\u00edaco. Foi batizado a 22 de julho (data que muitas vezes se confunde com a sua data de nascimento) e pertencia a uma fam\u00edlia de humildes camponeses.<\/span><\/p>\n<ul>\n<li><span style=\"font-size: 14pt; color: #0000ff;\"><a style=\"color: #0000ff;\" href=\"https:\/\/biologo.com.br\/bio\/200-anos-de-mendel\/\">200 anos de Mendel<\/a><\/span><\/li>\n<li><span style=\"font-size: 14pt; color: #0000ff;\"><a style=\"color: #0000ff;\" href=\"https:\/\/biologo.com.br\/bio\/tudo-sobre-mendel\/\">Tudo sobre Mendel<\/a><\/span><\/li>\n<li><span style=\"font-size: 14pt; color: #0000ff;\"><a style=\"color: #0000ff;\" href=\"http:\/\/biologo.com.br\/bio\/documentario-a-biografia-de-charles-darwin\/\">Document\u00e1rio A biografia de Charles Darwin<\/a><\/span><\/li>\n<\/ul>\n<p><span style=\"color: #000000;\"> Na sua inf\u00e2ncia, Mendel revelou-se muito inteligente; em casa costumava observar e estudar as plantas. <\/span><\/p>\n<p><span style=\"color: #000000;\">Sendo um brilhante estudante, sua fam\u00edlia encorajou-o a seguir estudos superiores, e, aos 21 anos, a entrar num mosteiro da Ordem de Santo Agostinho em 1843 (atual mosteiro de Brno, hoje na Rep\u00fablica Checa) pois n\u00e3o tinham dinheiro para suportar o custo dos estudos. Obedecendo ao costume ao tornar-se monge, optou um outro nome: &#8220;Gregor&#8221;. Ent\u00e3o Mendel tinha a seu cargo a supervis\u00e3o dos jardins do mosteiro.<\/span><\/p>\n<figure id=\"attachment_9732\" aria-describedby=\"caption-attachment-9732\" style=\"width: 150px\" class=\"wp-caption alignleft\"><a href=\"https:\/\/biologo.com.br\/bio\/primeira-lei-de-mendel\/\"><img data-recalc-dims=\"1\" loading=\"lazy\" decoding=\"async\" data-attachment-id=\"9732\" data-permalink=\"https:\/\/biologo.com.br\/bio\/primeira-lei-de-mendel\/primeira-lei-de-mendel-2\/\" data-orig-file=\"https:\/\/i0.wp.com\/biologo.com.br\/bio\/wp-content\/uploads\/2021\/06\/Primeira-Lei-de-Mendel.jpg?fit=631%2C351&amp;ssl=1\" data-orig-size=\"631,351\" data-comments-opened=\"0\" data-image-meta=\"{&quot;aperture&quot;:&quot;0&quot;,&quot;credit&quot;:&quot;&quot;,&quot;camera&quot;:&quot;&quot;,&quot;caption&quot;:&quot;&quot;,&quot;created_timestamp&quot;:&quot;0&quot;,&quot;copyright&quot;:&quot;&quot;,&quot;focal_length&quot;:&quot;0&quot;,&quot;iso&quot;:&quot;0&quot;,&quot;shutter_speed&quot;:&quot;0&quot;,&quot;title&quot;:&quot;&quot;,&quot;orientation&quot;:&quot;0&quot;}\" data-image-title=\"Primeira-Lei-de-Mendel\" data-image-description=\"&lt;p&gt;A primeira lei de Mendel, tamb\u00e9m chamada de Princ\u00edpio da Segrega\u00e7\u00e3o dos Caracteres ou Lei da Segrega\u00e7\u00e3o, diz que cada caracter\u00edstica \u00e9 condicionada por um par de fatores que se separam na forma\u00e7\u00e3o dos gametas. &lt;\/p&gt;\n\" data-image-caption=\"\" data-large-file=\"https:\/\/i0.wp.com\/biologo.com.br\/bio\/wp-content\/uploads\/2021\/06\/Primeira-Lei-de-Mendel.jpg?fit=631%2C351&amp;ssl=1\" class=\"wp-image-9732 size-thumbnail\" src=\"https:\/\/i0.wp.com\/biologo.com.br\/bio\/wp-content\/uploads\/2021\/06\/Primeira-Lei-de-Mendel.jpg?resize=150%2C150&#038;ssl=1\" alt=\"primeira lei de Mendel\" width=\"150\" height=\"150\" srcset=\"https:\/\/i0.wp.com\/biologo.com.br\/bio\/wp-content\/uploads\/2021\/06\/Primeira-Lei-de-Mendel.jpg?resize=150%2C150&amp;ssl=1 150w, https:\/\/i0.wp.com\/biologo.com.br\/bio\/wp-content\/uploads\/2021\/06\/Primeira-Lei-de-Mendel.jpg?zoom=2&amp;resize=150%2C150&amp;ssl=1 300w, https:\/\/i0.wp.com\/biologo.com.br\/bio\/wp-content\/uploads\/2021\/06\/Primeira-Lei-de-Mendel.jpg?zoom=3&amp;resize=150%2C150&amp;ssl=1 450w\" sizes=\"auto, (max-width: 150px) 100vw, 150px\" \/><\/a><figcaption id=\"caption-attachment-9732\" class=\"wp-caption-text\"><a href=\"https:\/\/biologo.com.br\/bio\/primeira-lei-de-mendel\/\"><span style=\"font-size: 10pt;\">Primeira lei de Mendel<\/span><\/a><\/figcaption><\/figure>\n<p><span style=\"color: #000000;\">Estudou ainda, durante dois anos, no Instituto de Filosofia de Olm\u00fctz (hoje Olomouc, Rep\u00fablica Checa) e na Universidade de Viena (1851-1853).<\/span><\/p>\n<p><span style=\"color: #000000;\">Mas Mendel n\u00e3o s\u00f3 se interessou nas plantas, ele tamb\u00e9m era meteorologista e estudou as teorias da evolu\u00e7\u00e3o. Ao longo da sua vida foi membro, diretor e fundador de muitas sociedades locais: diretor do Banco da Mor\u00e1via, foi fundador da Associa\u00e7\u00e3o Meteorol\u00f3gica austr\u00edaca, membro da Real e Imperial Sociedade da Mor\u00e1via e Sil\u00e9sia para melhor agricultura, entre outras.<\/span><\/p>\n<p><span style=\"color: #000000;\">Morreu no dia 6 de Janeiro de 1884, em Brno, no antigo Imp\u00e9rio Austro-H\u00fangaro hoje Rep\u00fablica Checa de uma doen\u00e7a renal cr\u00f4nica; um homem \u00e0 frente do seu tempo, mas ignorado durante toda a sua vida.<\/span><\/p>\n<p><span style=\"color: #000000;\">Esperamos que tenha gostado do document\u00e1rio, deixe seu coment\u00e1rio.\u00a0<\/span><\/p>\n","protected":false},"excerpt":{"rendered":"<p>Document\u00e1rio Mendel e a ervilha: Neste v\u00eddeo voc\u00ea confere o\u00a0mais completo e fiel trabalho sobre a vida do pai da<\/p>\n","protected":false},"author":1,"featured_media":1368,"comment_status":"closed","ping_status":"closed","sticky":false,"template":"","format":"video","meta":{"colormag_page_container_layout":"default_layout","colormag_page_sidebar_layout":"default_layout","jetpack_post_was_ever_published":false,"_jetpack_newsletter_access":"","_jetpack_dont_email_post_to_subs":true,"_jetpack_newsletter_tier_id":0,"_jetpack_memberships_contains_paywalled_content":false,"_jetpack_memberships_contains_paid_content":false,"footnotes":"","jetpack_publicize_message":"","jetpack_publicize_feature_enabled":true,"jetpack_social_post_already_shared":true,"jetpack_social_options":{"image_generator_settings":{"template":"highway","default_image_id":0,"font":"","enabled":false},"version":2}},"categories":[2,139,126],"tags":[],"class_list":["post-1364","post","type-post","status-publish","format-video","has-post-thumbnail","hentry","category-genetica","category-historia","category-videos","post_format-post-format-video"],"yoast_head":"<!-- This site is optimized with the Yoast SEO plugin v27.5 - https:\/\/yoast.com\/product\/yoast-seo-wordpress\/ -->\n<title>Document\u00e1rio Mendel e a ervilha [dublado] - V\u00eddeos. Bi\u00f3logo<\/title>\n<meta name=\"description\" content=\"Neste v\u00eddeo voc\u00ea confere o mais completo e fiel trabalho sobre a vida do pai da gen\u00e9tica - Gregor Johann Mendel (1822-1884). Document\u00e1rio Mendel e a ervilha\" \/>\n<meta name=\"robots\" content=\"index, follow, max-snippet:-1, max-image-preview:large, max-video-preview:-1\" \/>\n<link rel=\"canonical\" href=\"https:\/\/biologo.com.br\/bio\/documentario-mendel-e-a-ervilha\/\" \/>\n<meta property=\"og:locale\" content=\"pt_BR\" \/>\n<meta property=\"og:type\" content=\"article\" \/>\n<meta property=\"og:title\" content=\"Document\u00e1rio Mendel e a ervilha [dublado] - V\u00eddeos. Bi\u00f3logo\" \/>\n<meta property=\"og:description\" content=\"Neste v\u00eddeo voc\u00ea confere o mais completo e fiel trabalho sobre a vida do pai da gen\u00e9tica - Gregor Johann Mendel (1822-1884). Document\u00e1rio Mendel e a ervilha\" \/>\n<meta property=\"og:url\" content=\"https:\/\/biologo.com.br\/bio\/documentario-mendel-e-a-ervilha\/\" \/>\n<meta property=\"og:site_name\" content=\"Bi\u00f3logo\" \/>\n<meta property=\"article:publisher\" content=\"https:\/\/www.facebook.com\/biologocombr\/\" \/>\n<meta property=\"article:published_time\" content=\"2016-09-22T16:18:32+00:00\" \/>\n<meta property=\"article:modified_time\" content=\"2022-09-26T23:39:45+00:00\" \/>\n<meta property=\"og:image\" content=\"https:\/\/biologo.com.br\/bio\/wp-content\/uploads\/2016\/09\/Document\u00e1rio-Mendel-e-a-ervilha.jpg\" \/>\n\t<meta property=\"og:image:width\" content=\"631\" \/>\n\t<meta property=\"og:image:height\" content=\"351\" \/>\n\t<meta property=\"og:image:type\" content=\"image\/jpeg\" \/>\n<meta name=\"author\" content=\"pozzana\" \/>\n<meta name=\"twitter:card\" content=\"summary_large_image\" \/>\n<meta name=\"twitter:creator\" content=\"@Biologocombr\" \/>\n<meta name=\"twitter:site\" content=\"@Biologocombr\" \/>\n<meta name=\"twitter:label1\" content=\"Escrito por\" \/>\n\t<meta name=\"twitter:data1\" content=\"pozzana\" \/>\n\t<meta name=\"twitter:label2\" content=\"Est. tempo de leitura\" \/>\n\t<meta name=\"twitter:data2\" content=\"3 minutos\" \/>\n<script type=\"application\/ld+json\" class=\"yoast-schema-graph\">{\"@context\":\"https:\\\/\\\/schema.org\",\"@graph\":[{\"@type\":\"Article\",\"@id\":\"https:\\\/\\\/biologo.com.br\\\/bio\\\/documentario-mendel-e-a-ervilha\\\/#article\",\"isPartOf\":{\"@id\":\"https:\\\/\\\/biologo.com.br\\\/bio\\\/documentario-mendel-e-a-ervilha\\\/\"},\"author\":{\"name\":\"pozzana\",\"@id\":\"https:\\\/\\\/biologo.com.br\\\/bio\\\/#\\\/schema\\\/person\\\/3a5d600bbc47f8bb0cd43594317a6cd4\"},\"headline\":\"Document\u00e1rio Mendel e a ervilha\",\"datePublished\":\"2016-09-22T16:18:32+00:00\",\"dateModified\":\"2022-09-26T23:39:45+00:00\",\"mainEntityOfPage\":{\"@id\":\"https:\\\/\\\/biologo.com.br\\\/bio\\\/documentario-mendel-e-a-ervilha\\\/\"},\"wordCount\":522,\"publisher\":{\"@id\":\"https:\\\/\\\/biologo.com.br\\\/bio\\\/#organization\"},\"image\":{\"@id\":\"https:\\\/\\\/biologo.com.br\\\/bio\\\/documentario-mendel-e-a-ervilha\\\/#primaryimage\"},\"thumbnailUrl\":\"https:\\\/\\\/i0.wp.com\\\/biologo.com.br\\\/bio\\\/wp-content\\\/uploads\\\/2016\\\/09\\\/Document%C3%A1rio-Mendel-e-a-ervilha.jpg?fit=631%2C351&ssl=1\",\"articleSection\":[\"Gen\u00e9tica\",\"Hist\u00f3ria\",\"V\u00eddeos\"],\"inLanguage\":\"pt-BR\"},{\"@type\":\"WebPage\",\"@id\":\"https:\\\/\\\/biologo.com.br\\\/bio\\\/documentario-mendel-e-a-ervilha\\\/\",\"url\":\"https:\\\/\\\/biologo.com.br\\\/bio\\\/documentario-mendel-e-a-ervilha\\\/\",\"name\":\"Document\u00e1rio Mendel e a ervilha [dublado] - V\u00eddeos. Bi\u00f3logo\",\"isPartOf\":{\"@id\":\"https:\\\/\\\/biologo.com.br\\\/bio\\\/#website\"},\"primaryImageOfPage\":{\"@id\":\"https:\\\/\\\/biologo.com.br\\\/bio\\\/documentario-mendel-e-a-ervilha\\\/#primaryimage\"},\"image\":{\"@id\":\"https:\\\/\\\/biologo.com.br\\\/bio\\\/documentario-mendel-e-a-ervilha\\\/#primaryimage\"},\"thumbnailUrl\":\"https:\\\/\\\/i0.wp.com\\\/biologo.com.br\\\/bio\\\/wp-content\\\/uploads\\\/2016\\\/09\\\/Document%C3%A1rio-Mendel-e-a-ervilha.jpg?fit=631%2C351&ssl=1\",\"datePublished\":\"2016-09-22T16:18:32+00:00\",\"dateModified\":\"2022-09-26T23:39:45+00:00\",\"description\":\"Neste v\u00eddeo voc\u00ea confere o mais completo e fiel trabalho sobre a vida do pai da gen\u00e9tica - Gregor Johann Mendel (1822-1884). Document\u00e1rio Mendel e a ervilha\",\"breadcrumb\":{\"@id\":\"https:\\\/\\\/biologo.com.br\\\/bio\\\/documentario-mendel-e-a-ervilha\\\/#breadcrumb\"},\"inLanguage\":\"pt-BR\",\"potentialAction\":[{\"@type\":\"ReadAction\",\"target\":[\"https:\\\/\\\/biologo.com.br\\\/bio\\\/documentario-mendel-e-a-ervilha\\\/\"]}]},{\"@type\":\"ImageObject\",\"inLanguage\":\"pt-BR\",\"@id\":\"https:\\\/\\\/biologo.com.br\\\/bio\\\/documentario-mendel-e-a-ervilha\\\/#primaryimage\",\"url\":\"https:\\\/\\\/i0.wp.com\\\/biologo.com.br\\\/bio\\\/wp-content\\\/uploads\\\/2016\\\/09\\\/Document%C3%A1rio-Mendel-e-a-ervilha.jpg?fit=631%2C351&ssl=1\",\"contentUrl\":\"https:\\\/\\\/i0.wp.com\\\/biologo.com.br\\\/bio\\\/wp-content\\\/uploads\\\/2016\\\/09\\\/Document%C3%A1rio-Mendel-e-a-ervilha.jpg?fit=631%2C351&ssl=1\",\"width\":631,\"height\":351,\"caption\":\"Document\u00e1rio Mendel e a ervilha\"},{\"@type\":\"BreadcrumbList\",\"@id\":\"https:\\\/\\\/biologo.com.br\\\/bio\\\/documentario-mendel-e-a-ervilha\\\/#breadcrumb\",\"itemListElement\":[{\"@type\":\"ListItem\",\"position\":1,\"name\":\"In\u00edcio\",\"item\":\"https:\\\/\\\/biologo.com.br\\\/bio\\\/\"},{\"@type\":\"ListItem\",\"position\":2,\"name\":\"Document\u00e1rio Mendel e a ervilha\"}]},{\"@type\":\"WebSite\",\"@id\":\"https:\\\/\\\/biologo.com.br\\\/bio\\\/#website\",\"url\":\"https:\\\/\\\/biologo.com.br\\\/bio\\\/\",\"name\":\"Bi\u00f3logo\",\"description\":\"Biologia. Informa\u00e7\u00f5es para bi\u00f3logos ou leigos. Eventos, v\u00eddeos e muito mais. Ci\u00eancias biol\u00f3gicas.\",\"publisher\":{\"@id\":\"https:\\\/\\\/biologo.com.br\\\/bio\\\/#organization\"},\"potentialAction\":[{\"@type\":\"SearchAction\",\"target\":{\"@type\":\"EntryPoint\",\"urlTemplate\":\"https:\\\/\\\/biologo.com.br\\\/bio\\\/?s={search_term_string}\"},\"query-input\":{\"@type\":\"PropertyValueSpecification\",\"valueRequired\":true,\"valueName\":\"search_term_string\"}}],\"inLanguage\":\"pt-BR\"},{\"@type\":\"Organization\",\"@id\":\"https:\\\/\\\/biologo.com.br\\\/bio\\\/#organization\",\"name\":\"Bi\u00f3logo\",\"url\":\"https:\\\/\\\/biologo.com.br\\\/bio\\\/\",\"logo\":{\"@type\":\"ImageObject\",\"inLanguage\":\"pt-BR\",\"@id\":\"https:\\\/\\\/biologo.com.br\\\/bio\\\/#\\\/schema\\\/logo\\\/image\\\/\",\"url\":\"https:\\\/\\\/i0.wp.com\\\/biologo.com.br\\\/bio\\\/wp-content\\\/uploads\\\/2015\\\/12\\\/logo1.jpg?fit=179%2C57&ssl=1\",\"contentUrl\":\"https:\\\/\\\/i0.wp.com\\\/biologo.com.br\\\/bio\\\/wp-content\\\/uploads\\\/2015\\\/12\\\/logo1.jpg?fit=179%2C57&ssl=1\",\"width\":179,\"height\":57,\"caption\":\"Bi\u00f3logo\"},\"image\":{\"@id\":\"https:\\\/\\\/biologo.com.br\\\/bio\\\/#\\\/schema\\\/logo\\\/image\\\/\"},\"sameAs\":[\"https:\\\/\\\/www.facebook.com\\\/biologocombr\\\/\",\"https:\\\/\\\/x.com\\\/Biologocombr\",\"https:\\\/\\\/www.instagram.com\\\/biologo.com.br\\\/\"]},{\"@type\":\"Person\",\"@id\":\"https:\\\/\\\/biologo.com.br\\\/bio\\\/#\\\/schema\\\/person\\\/3a5d600bbc47f8bb0cd43594317a6cd4\",\"name\":\"pozzana\",\"image\":{\"@type\":\"ImageObject\",\"inLanguage\":\"pt-BR\",\"@id\":\"https:\\\/\\\/secure.gravatar.com\\\/avatar\\\/fa8f924c29488a329bd70373453572f7494e802125f373a7f2937173cc26b21f?s=96&d=mm&r=g\",\"url\":\"https:\\\/\\\/secure.gravatar.com\\\/avatar\\\/fa8f924c29488a329bd70373453572f7494e802125f373a7f2937173cc26b21f?s=96&d=mm&r=g\",\"contentUrl\":\"https:\\\/\\\/secure.gravatar.com\\\/avatar\\\/fa8f924c29488a329bd70373453572f7494e802125f373a7f2937173cc26b21f?s=96&d=mm&r=g\",\"caption\":\"pozzana\"},\"url\":\"https:\\\/\\\/biologo.com.br\\\/bio\\\/author\\\/pozzana\\\/\"}]}<\/script>\n<!-- \/ Yoast SEO plugin. -->","yoast_head_json":{"title":"Document\u00e1rio Mendel e a ervilha [dublado] - V\u00eddeos. Bi\u00f3logo","description":"Neste v\u00eddeo voc\u00ea confere o mais completo e fiel trabalho sobre a vida do pai da gen\u00e9tica - Gregor Johann Mendel (1822-1884). Document\u00e1rio Mendel e a ervilha","robots":{"index":"index","follow":"follow","max-snippet":"max-snippet:-1","max-image-preview":"max-image-preview:large","max-video-preview":"max-video-preview:-1"},"canonical":"https:\/\/biologo.com.br\/bio\/documentario-mendel-e-a-ervilha\/","og_locale":"pt_BR","og_type":"article","og_title":"Document\u00e1rio Mendel e a ervilha [dublado] - V\u00eddeos. Bi\u00f3logo","og_description":"Neste v\u00eddeo voc\u00ea confere o mais completo e fiel trabalho sobre a vida do pai da gen\u00e9tica - Gregor Johann Mendel (1822-1884). Document\u00e1rio Mendel e a ervilha","og_url":"https:\/\/biologo.com.br\/bio\/documentario-mendel-e-a-ervilha\/","og_site_name":"Bi\u00f3logo","article_publisher":"https:\/\/www.facebook.com\/biologocombr\/","article_published_time":"2016-09-22T16:18:32+00:00","article_modified_time":"2022-09-26T23:39:45+00:00","og_image":[{"width":631,"height":351,"url":"https:\/\/biologo.com.br\/bio\/wp-content\/uploads\/2016\/09\/Document\u00e1rio-Mendel-e-a-ervilha.jpg","type":"image\/jpeg"}],"author":"pozzana","twitter_card":"summary_large_image","twitter_creator":"@Biologocombr","twitter_site":"@Biologocombr","twitter_misc":{"Escrito por":"pozzana","Est. tempo de leitura":"3 minutos"},"schema":{"@context":"https:\/\/schema.org","@graph":[{"@type":"Article","@id":"https:\/\/biologo.com.br\/bio\/documentario-mendel-e-a-ervilha\/#article","isPartOf":{"@id":"https:\/\/biologo.com.br\/bio\/documentario-mendel-e-a-ervilha\/"},"author":{"name":"pozzana","@id":"https:\/\/biologo.com.br\/bio\/#\/schema\/person\/3a5d600bbc47f8bb0cd43594317a6cd4"},"headline":"Document\u00e1rio Mendel e a ervilha","datePublished":"2016-09-22T16:18:32+00:00","dateModified":"2022-09-26T23:39:45+00:00","mainEntityOfPage":{"@id":"https:\/\/biologo.com.br\/bio\/documentario-mendel-e-a-ervilha\/"},"wordCount":522,"publisher":{"@id":"https:\/\/biologo.com.br\/bio\/#organization"},"image":{"@id":"https:\/\/biologo.com.br\/bio\/documentario-mendel-e-a-ervilha\/#primaryimage"},"thumbnailUrl":"https:\/\/i0.wp.com\/biologo.com.br\/bio\/wp-content\/uploads\/2016\/09\/Document%C3%A1rio-Mendel-e-a-ervilha.jpg?fit=631%2C351&ssl=1","articleSection":["Gen\u00e9tica","Hist\u00f3ria","V\u00eddeos"],"inLanguage":"pt-BR"},{"@type":"WebPage","@id":"https:\/\/biologo.com.br\/bio\/documentario-mendel-e-a-ervilha\/","url":"https:\/\/biologo.com.br\/bio\/documentario-mendel-e-a-ervilha\/","name":"Document\u00e1rio Mendel e a ervilha [dublado] - V\u00eddeos. Bi\u00f3logo","isPartOf":{"@id":"https:\/\/biologo.com.br\/bio\/#website"},"primaryImageOfPage":{"@id":"https:\/\/biologo.com.br\/bio\/documentario-mendel-e-a-ervilha\/#primaryimage"},"image":{"@id":"https:\/\/biologo.com.br\/bio\/documentario-mendel-e-a-ervilha\/#primaryimage"},"thumbnailUrl":"https:\/\/i0.wp.com\/biologo.com.br\/bio\/wp-content\/uploads\/2016\/09\/Document%C3%A1rio-Mendel-e-a-ervilha.jpg?fit=631%2C351&ssl=1","datePublished":"2016-09-22T16:18:32+00:00","dateModified":"2022-09-26T23:39:45+00:00","description":"Neste v\u00eddeo voc\u00ea confere o mais completo e fiel trabalho sobre a vida do pai da gen\u00e9tica - Gregor Johann Mendel (1822-1884). Document\u00e1rio Mendel e a ervilha","breadcrumb":{"@id":"https:\/\/biologo.com.br\/bio\/documentario-mendel-e-a-ervilha\/#breadcrumb"},"inLanguage":"pt-BR","potentialAction":[{"@type":"ReadAction","target":["https:\/\/biologo.com.br\/bio\/documentario-mendel-e-a-ervilha\/"]}]},{"@type":"ImageObject","inLanguage":"pt-BR","@id":"https:\/\/biologo.com.br\/bio\/documentario-mendel-e-a-ervilha\/#primaryimage","url":"https:\/\/i0.wp.com\/biologo.com.br\/bio\/wp-content\/uploads\/2016\/09\/Document%C3%A1rio-Mendel-e-a-ervilha.jpg?fit=631%2C351&ssl=1","contentUrl":"https:\/\/i0.wp.com\/biologo.com.br\/bio\/wp-content\/uploads\/2016\/09\/Document%C3%A1rio-Mendel-e-a-ervilha.jpg?fit=631%2C351&ssl=1","width":631,"height":351,"caption":"Document\u00e1rio Mendel e a ervilha"},{"@type":"BreadcrumbList","@id":"https:\/\/biologo.com.br\/bio\/documentario-mendel-e-a-ervilha\/#breadcrumb","itemListElement":[{"@type":"ListItem","position":1,"name":"In\u00edcio","item":"https:\/\/biologo.com.br\/bio\/"},{"@type":"ListItem","position":2,"name":"Document\u00e1rio Mendel e a ervilha"}]},{"@type":"WebSite","@id":"https:\/\/biologo.com.br\/bio\/#website","url":"https:\/\/biologo.com.br\/bio\/","name":"Bi\u00f3logo","description":"Biologia. Informa\u00e7\u00f5es para bi\u00f3logos ou leigos. Eventos, v\u00eddeos e muito mais. Ci\u00eancias biol\u00f3gicas.","publisher":{"@id":"https:\/\/biologo.com.br\/bio\/#organization"},"potentialAction":[{"@type":"SearchAction","target":{"@type":"EntryPoint","urlTemplate":"https:\/\/biologo.com.br\/bio\/?s={search_term_string}"},"query-input":{"@type":"PropertyValueSpecification","valueRequired":true,"valueName":"search_term_string"}}],"inLanguage":"pt-BR"},{"@type":"Organization","@id":"https:\/\/biologo.com.br\/bio\/#organization","name":"Bi\u00f3logo","url":"https:\/\/biologo.com.br\/bio\/","logo":{"@type":"ImageObject","inLanguage":"pt-BR","@id":"https:\/\/biologo.com.br\/bio\/#\/schema\/logo\/image\/","url":"https:\/\/i0.wp.com\/biologo.com.br\/bio\/wp-content\/uploads\/2015\/12\/logo1.jpg?fit=179%2C57&ssl=1","contentUrl":"https:\/\/i0.wp.com\/biologo.com.br\/bio\/wp-content\/uploads\/2015\/12\/logo1.jpg?fit=179%2C57&ssl=1","width":179,"height":57,"caption":"Bi\u00f3logo"},"image":{"@id":"https:\/\/biologo.com.br\/bio\/#\/schema\/logo\/image\/"},"sameAs":["https:\/\/www.facebook.com\/biologocombr\/","https:\/\/x.com\/Biologocombr","https:\/\/www.instagram.com\/biologo.com.br\/"]},{"@type":"Person","@id":"https:\/\/biologo.com.br\/bio\/#\/schema\/person\/3a5d600bbc47f8bb0cd43594317a6cd4","name":"pozzana","image":{"@type":"ImageObject","inLanguage":"pt-BR","@id":"https:\/\/secure.gravatar.com\/avatar\/fa8f924c29488a329bd70373453572f7494e802125f373a7f2937173cc26b21f?s=96&d=mm&r=g","url":"https:\/\/secure.gravatar.com\/avatar\/fa8f924c29488a329bd70373453572f7494e802125f373a7f2937173cc26b21f?s=96&d=mm&r=g","contentUrl":"https:\/\/secure.gravatar.com\/avatar\/fa8f924c29488a329bd70373453572f7494e802125f373a7f2937173cc26b21f?s=96&d=mm&r=g","caption":"pozzana"},"url":"https:\/\/biologo.com.br\/bio\/author\/pozzana\/"}]}},"jetpack_publicize_connections":[],"jetpack_featured_media_url":"https:\/\/i0.wp.com\/biologo.com.br\/bio\/wp-content\/uploads\/2016\/09\/Document%C3%A1rio-Mendel-e-a-ervilha.jpg?fit=631%2C351&ssl=1","jetpack-related-posts":[{"id":10107,"url":"https:\/\/biologo.com.br\/bio\/tudo-sobre-mendel\/","url_meta":{"origin":1364,"position":0},"title":"Tudo sobre Mendel","author":"pozzana","date":"julho 20, 2021","format":false,"excerpt":"Tudo sobre Mendel: Embora morto desde 1884, sua obra permanece mais viva do que em sua \u00e9poca, que n\u00e3o estava preparada para as descobertas revolucion\u00e1rias do genial monge agostiniano. Tudo sobre Mendel, um homem \u00e0 frente do seu tempo 20\/7\/2025 ::\u00a0 Por Josu\u00e9 Fontana Gregor Johann Mendel nasceu em 20\u2026","rel":"","context":"Em &quot;Bot\u00e2nica&quot;","block_context":{"text":"Bot\u00e2nica","link":"https:\/\/biologo.com.br\/bio\/category\/botanica\/"},"img":{"alt_text":"Gregor Johann Mendel -Tudo sobre Mendel","src":"https:\/\/i0.wp.com\/biologo.com.br\/bio\/wp-content\/uploads\/2021\/07\/gregory-mendel-tudo-sobre-mendel.jpg?fit=1200%2C675&ssl=1&resize=350%2C200","width":350,"height":200,"srcset":"https:\/\/i0.wp.com\/biologo.com.br\/bio\/wp-content\/uploads\/2021\/07\/gregory-mendel-tudo-sobre-mendel.jpg?fit=1200%2C675&ssl=1&resize=350%2C200 1x, https:\/\/i0.wp.com\/biologo.com.br\/bio\/wp-content\/uploads\/2021\/07\/gregory-mendel-tudo-sobre-mendel.jpg?fit=1200%2C675&ssl=1&resize=525%2C300 1.5x, https:\/\/i0.wp.com\/biologo.com.br\/bio\/wp-content\/uploads\/2021\/07\/gregory-mendel-tudo-sobre-mendel.jpg?fit=1200%2C675&ssl=1&resize=700%2C400 2x, https:\/\/i0.wp.com\/biologo.com.br\/bio\/wp-content\/uploads\/2021\/07\/gregory-mendel-tudo-sobre-mendel.jpg?fit=1200%2C675&ssl=1&resize=1050%2C600 3x"},"classes":[]},{"id":5737,"url":"https:\/\/biologo.com.br\/bio\/gregor-mendel\/","url_meta":{"origin":1364,"position":1},"title":"Gregor Mendel","author":"pozzana","date":"mar\u00e7o 12, 2019","format":false,"excerpt":"Gregor Johann Mendel (1822 - 1884) Suas descobertas, \u00e0 frente de seu tempo, transformariam para sempre o rumo da ci\u00eancia. A partir delas, surgiria um novo e promissor campo da biologia: a gen\u00e9tica. No entanto, embora geniais, seus experimentos n\u00e3o foram compreendidos por seus contempor\u00e2neos. Por isso, ca\u00edram no esquecimento\u2026","rel":"","context":"Em &quot;Bot\u00e2nica&quot;","block_context":{"text":"Bot\u00e2nica","link":"https:\/\/biologo.com.br\/bio\/category\/botanica\/"},"img":{"alt_text":"Gregor Mendel","src":"https:\/\/i0.wp.com\/biologo.com.br\/bio\/wp-content\/uploads\/2019\/03\/Mendel.jpg?fit=631%2C351&ssl=1&resize=350%2C200","width":350,"height":200,"srcset":"https:\/\/i0.wp.com\/biologo.com.br\/bio\/wp-content\/uploads\/2019\/03\/Mendel.jpg?fit=631%2C351&ssl=1&resize=350%2C200 1x, https:\/\/i0.wp.com\/biologo.com.br\/bio\/wp-content\/uploads\/2019\/03\/Mendel.jpg?fit=631%2C351&ssl=1&resize=525%2C300 1.5x"},"classes":[]},{"id":2576,"url":"https:\/\/biologo.com.br\/bio\/documentario-a-origem-da-genetica\/","url_meta":{"origin":1364,"position":2},"title":"Document\u00e1rio A origem da gen\u00e9tica","author":"pozzana","date":"julho 3, 2017","format":"video","excerpt":"Document\u00e1rio A origem da gen\u00e9tica: A gen\u00e9tica surgiu h\u00e1 pouco mais de cem anos. Entretanto, a quest\u00e3o da heran\u00e7a gen\u00e9tica vem intrigando a humanidade h\u00e1 mil\u00eanios. Nesse pequeno v\u00eddeo voc\u00ea confere um resumo das principais mentes que originaram a gen\u00e9tica. Document\u00e1rio A origem da gen\u00e9tica https:\/\/www.youtube.com\/watch?v=WvZQUZcJyGo A hist\u00f3ria da gen\u00e9tica\u2026","rel":"","context":"Em &quot;Biodiversidade&quot;","block_context":{"text":"Biodiversidade","link":"https:\/\/biologo.com.br\/bio\/category\/biodiversidade\/"},"img":{"alt_text":"Document\u00e1rio A origem da gen\u00e9tica","src":"https:\/\/i0.wp.com\/biologo.com.br\/bio\/wp-content\/uploads\/2017\/07\/A-origem-da-gen%C3%A9tica.jpg?fit=631%2C351&ssl=1&resize=350%2C200","width":350,"height":200,"srcset":"https:\/\/i0.wp.com\/biologo.com.br\/bio\/wp-content\/uploads\/2017\/07\/A-origem-da-gen%C3%A9tica.jpg?fit=631%2C351&ssl=1&resize=350%2C200 1x, https:\/\/i0.wp.com\/biologo.com.br\/bio\/wp-content\/uploads\/2017\/07\/A-origem-da-gen%C3%A9tica.jpg?fit=631%2C351&ssl=1&resize=525%2C300 1.5x"},"classes":[]},{"id":9719,"url":"https:\/\/biologo.com.br\/bio\/primeira-lei-de-mendel\/","url_meta":{"origin":1364,"position":3},"title":"Primeira Lei de Mendel","author":"pozzana","date":"junho 16, 2021","format":false,"excerpt":"Primeira Lei de Mendel: O genial monge agostiniano conseguiu com sua not\u00e1vel capacidade de observa\u00e7\u00e3o e an\u00e1lise estabelecer regras, ou \"leis\", que ainda regem bases da gen\u00e9tica e da transmiss\u00e3o heredit\u00e1ria. Vejamos a 1\u00aa delas. Primeira Lei de Mendel 16\/6\/2021 ::\u00a0 Por Josu\u00e9 Fontana Ao estudar as ervilhas, Gregor Mendel\u2026","rel":"","context":"Em &quot;Gen\u00e9tica&quot;","block_context":{"text":"Gen\u00e9tica","link":"https:\/\/biologo.com.br\/bio\/category\/genetica\/"},"img":{"alt_text":"primeira lei de Mendel","src":"https:\/\/i0.wp.com\/biologo.com.br\/bio\/wp-content\/uploads\/2021\/06\/Primeira-Lei-de-Mendel.jpg?fit=631%2C351&ssl=1&resize=350%2C200","width":350,"height":200,"srcset":"https:\/\/i0.wp.com\/biologo.com.br\/bio\/wp-content\/uploads\/2021\/06\/Primeira-Lei-de-Mendel.jpg?fit=631%2C351&ssl=1&resize=350%2C200 1x, https:\/\/i0.wp.com\/biologo.com.br\/bio\/wp-content\/uploads\/2021\/06\/Primeira-Lei-de-Mendel.jpg?fit=631%2C351&ssl=1&resize=525%2C300 1.5x"},"classes":[]},{"id":9511,"url":"https:\/\/biologo.com.br\/bio\/o-erro-de-mendel\/","url_meta":{"origin":1364,"position":4},"title":"O erro de Mendel","author":"pozzana","date":"maio 28, 2021","format":false,"excerpt":"O erro de Mendel: Reconhecemos hoje Mendel como o \"pai da gen\u00e9tica\", o g\u00eanio incompreendido de sua \u00e9poca que, sem saber, criou um campo novo das ci\u00eancias mas n\u00e3o teve seu trabalho reconhecido em seu tempo. Por qu\u00ea?. Onde teria errado? O erro de Mendel? Uma reflex\u00e3o 28\/5\/2021 ::\u00a0 Por\u2026","rel":"","context":"Em &quot;Gen\u00e9tica&quot;","block_context":{"text":"Gen\u00e9tica","link":"https:\/\/biologo.com.br\/bio\/category\/genetica\/"},"img":{"alt_text":"O erro de Mendel","src":"https:\/\/i0.wp.com\/biologo.com.br\/bio\/wp-content\/uploads\/2021\/05\/o-erro-de-mendel.jpg?fit=631%2C351&ssl=1&resize=350%2C200","width":350,"height":200,"srcset":"https:\/\/i0.wp.com\/biologo.com.br\/bio\/wp-content\/uploads\/2021\/05\/o-erro-de-mendel.jpg?fit=631%2C351&ssl=1&resize=350%2C200 1x, https:\/\/i0.wp.com\/biologo.com.br\/bio\/wp-content\/uploads\/2021\/05\/o-erro-de-mendel.jpg?fit=631%2C351&ssl=1&resize=525%2C300 1.5x"},"classes":[]},{"id":6060,"url":"https:\/\/biologo.com.br\/bio\/as-maiores-descobertas-da-ciencia\/","url_meta":{"origin":1364,"position":5},"title":"As maiores descobertas da ci\u00eancia","author":"pozzana","date":"junho 11, 2019","format":"video","excerpt":"As maiores descobertas da ci\u00eancia: Nesse document\u00e1rio, conhe\u00e7a algumas das principais descobertas da biologia e da ci\u00eancia.\u00a0 As maiores descobertas da ci\u00eancia https:\/\/www.youtube.com\/watch?v=X6tNZEMVFBU As maiores descobertas da hist\u00f3ria da biologia Document\u00e1rio Mendel e a ervilha Alguns dos principais cientistas: Robert Hooke (1635 \u2013 1703)\u00a0\u2013 Hooke era principalmente um especialista em\u2026","rel":"","context":"Em &quot;Hist\u00f3ria&quot;","block_context":{"text":"Hist\u00f3ria","link":"https:\/\/biologo.com.br\/bio\/category\/historia\/"},"img":{"alt_text":"As maiores descobertas da ci\u00eancia","src":"https:\/\/i0.wp.com\/biologo.com.br\/bio\/wp-content\/uploads\/2019\/06\/As-maiores-descobertas-da-c.jpg?fit=631%2C351&ssl=1&resize=350%2C200","width":350,"height":200,"srcset":"https:\/\/i0.wp.com\/biologo.com.br\/bio\/wp-content\/uploads\/2019\/06\/As-maiores-descobertas-da-c.jpg?fit=631%2C351&ssl=1&resize=350%2C200 1x, https:\/\/i0.wp.com\/biologo.com.br\/bio\/wp-content\/uploads\/2019\/06\/As-maiores-descobertas-da-c.jpg?fit=631%2C351&ssl=1&resize=525%2C300 1.5x"},"classes":[]}],"jetpack_sharing_enabled":true,"jetpack_likes_enabled":true,"jetpack_shortlink":"https:\/\/wp.me\/p6NB6B-m0","amp_enabled":true,"_links":{"self":[{"href":"https:\/\/biologo.com.br\/bio\/wp-json\/wp\/v2\/posts\/1364","targetHints":{"allow":["GET"]}}],"collection":[{"href":"https:\/\/biologo.com.br\/bio\/wp-json\/wp\/v2\/posts"}],"about":[{"href":"https:\/\/biologo.com.br\/bio\/wp-json\/wp\/v2\/types\/post"}],"author":[{"embeddable":true,"href":"https:\/\/biologo.com.br\/bio\/wp-json\/wp\/v2\/users\/1"}],"replies":[{"embeddable":true,"href":"https:\/\/biologo.com.br\/bio\/wp-json\/wp\/v2\/comments?post=1364"}],"version-history":[{"count":1,"href":"https:\/\/biologo.com.br\/bio\/wp-json\/wp\/v2\/posts\/1364\/revisions"}],"predecessor-version":[{"id":13088,"href":"https:\/\/biologo.com.br\/bio\/wp-json\/wp\/v2\/posts\/1364\/revisions\/13088"}],"wp:featuredmedia":[{"embeddable":true,"href":"https:\/\/biologo.com.br\/bio\/wp-json\/wp\/v2\/media\/1368"}],"wp:attachment":[{"href":"https:\/\/biologo.com.br\/bio\/wp-json\/wp\/v2\/media?parent=1364"}],"wp:term":[{"taxonomy":"category","embeddable":true,"href":"https:\/\/biologo.com.br\/bio\/wp-json\/wp\/v2\/categories?post=1364"},{"taxonomy":"post_tag","embeddable":true,"href":"https:\/\/biologo.com.br\/bio\/wp-json\/wp\/v2\/tags?post=1364"}],"curies":[{"name":"wp","href":"https:\/\/api.w.org\/{rel}","templated":true}]}}