{"id":13724,"date":"2023-02-03T20:05:10","date_gmt":"2023-02-03T23:05:10","guid":{"rendered":"https:\/\/biologo.com.br\/bio\/?p=13724"},"modified":"2026-01-20T18:56:09","modified_gmt":"2026-01-20T21:56:09","slug":"ultimos-cervos-do-pantanal-no-brasil","status":"publish","type":"post","link":"https:\/\/biologo.com.br\/bio\/ultimos-cervos-do-pantanal-no-brasil\/","title":{"rendered":"Esperan\u00e7a para o cervo-do-pantanal"},"content":{"rendered":"\n<figure class=\"wp-block-image alignright\"><a href=\"https:\/\/biologo.com.br\/bio\/apoie-o-biologo\/\"><img data-recalc-dims=\"1\" loading=\"lazy\" decoding=\"async\" width=\"65\" height=\"80\" data-attachment-id=\"9413\" data-permalink=\"https:\/\/biologo.com.br\/bio\/dia-mundial-das-abelhas\/original-biologo\/\" data-orig-file=\"https:\/\/i0.wp.com\/biologo.com.br\/bio\/wp-content\/uploads\/2021\/05\/ORIGINAL-biologo.jpg?fit=65%2C80&amp;ssl=1\" data-orig-size=\"65,80\" data-comments-opened=\"0\" data-image-meta=\"{&quot;aperture&quot;:&quot;0&quot;,&quot;credit&quot;:&quot;&quot;,&quot;camera&quot;:&quot;&quot;,&quot;caption&quot;:&quot;&quot;,&quot;created_timestamp&quot;:&quot;0&quot;,&quot;copyright&quot;:&quot;&quot;,&quot;focal_length&quot;:&quot;0&quot;,&quot;iso&quot;:&quot;0&quot;,&quot;shutter_speed&quot;:&quot;0&quot;,&quot;title&quot;:&quot;&quot;,&quot;orientation&quot;:&quot;0&quot;}\" data-image-title=\"ORIGINAL-biologo\" data-image-description=\"&lt;p&gt;artigo original www.biologo.com.br &amp;#8211; Todos os direitos reservados&lt;\/p&gt;\n\" data-image-caption=\"\" data-large-file=\"https:\/\/i0.wp.com\/biologo.com.br\/bio\/wp-content\/uploads\/2021\/05\/ORIGINAL-biologo.jpg?fit=65%2C80&amp;ssl=1\" src=\"https:\/\/i0.wp.com\/biologo.com.br\/bio\/wp-content\/uploads\/2021\/05\/ORIGINAL-biologo.jpg?resize=65%2C80&#038;ssl=1\" alt=\"artigo original www.biologo.com.br\" class=\"wp-image-9413\" title=\"artigo original www.biologo.com.br \u00a9 todos os direitos reservados\"\/><\/a><\/figure>\n\n\n\n<p><span style=\"font-size: 14pt; color: #000000;\"><span style=\"color: #3366ff;\"><span style=\"color: #000000;\"><span style=\"color: #3366ff;\"><strong>Cervos-do-pantanal no Brasil:<\/strong> <\/span>Mam\u00edfero majestoso, o cervo-do-pantanal (<em>Blastocerus dichotomus<\/em>) j\u00e1 foi extinto no Uruguai e continua declinando nos lugares onde persiste. No Brasil, a situa\u00e7\u00e3o \u00e9 dram\u00e1tica, mas est\u00e1 em curso um programa de conserva\u00e7\u00e3o. <br><\/span><\/span><\/span><\/p>\n\n\n\n<h2 class=\"wp-block-heading\"><span style=\"font-family: 'courier new', courier, monospace; color: #000000;\"><strong><span style=\"font-size: 24pt;\">Esperan\u00e7a<\/span><\/strong><\/span> <span style=\"font-family: 'courier new', courier, monospace; color: #000000;\"><strong><span style=\"font-size: 24pt;\"><span style=\"font-size: 12pt;\">para o cervo-do-pantanal<\/span><\/span><\/strong><\/span><\/h2>\n\n\n\n<p><span style=\"font-size: 8pt; color: #000000;\"><strong>3\/2\/2023<\/strong>&nbsp;::&nbsp; <strong>Marco Pozzana<\/strong>, bi\u00f3logo<\/span><\/p>\n\n\n\n<p class=\"has-drop-cap\">Animal da fam\u00edlia dos cerv\u00eddeos (Cervidae) e \u00fanico representante do g\u00eanero <em>Blastocerus<\/em>, o cervo-do-pantanal (<em>Blastocerus dichotomus<\/em>) outrora ocupava largos territ\u00f3rios da Am\u00e9rica do Sul, presente desde o sul do&nbsp;rio Amazonas&nbsp;at\u00e9 o norte da&nbsp;Argentina.<\/p>\n\n\n\n<p>Infelizmente a situa\u00e7\u00e3o hoje \u00e9 bem diferente e a esp\u00e9cie s\u00f3 \u00e9 comum no Pantanal, na bacia do rio Guapor\u00e9, na ilha do Bananal e em Esteros del Iber\u00e1, na Argentina, amea\u00e7ada de extin\u00e7\u00e3o, pressionada por diversas amea\u00e7as.<\/p>\n\n\n\n<figure class=\"wp-block-image alignright size-full\"><a href=\"https:\/\/i0.wp.com\/biologo.com.br\/bio\/wp-content\/uploads\/2023\/01\/cervo-do-pantanal-macho.jpg?ssl=1\"><img data-recalc-dims=\"1\" loading=\"lazy\" decoding=\"async\" width=\"145\" height=\"244\" data-attachment-id=\"13841\" data-permalink=\"https:\/\/biologo.com.br\/bio\/ultimos-cervos-do-pantanal-no-brasil\/cervo-do-pantanal-macho\/\" data-orig-file=\"https:\/\/i0.wp.com\/biologo.com.br\/bio\/wp-content\/uploads\/2023\/01\/cervo-do-pantanal-macho.jpg?fit=145%2C244&amp;ssl=1\" data-orig-size=\"145,244\" data-comments-opened=\"0\" data-image-meta=\"{&quot;aperture&quot;:&quot;0&quot;,&quot;credit&quot;:&quot;&quot;,&quot;camera&quot;:&quot;&quot;,&quot;caption&quot;:&quot;&quot;,&quot;created_timestamp&quot;:&quot;0&quot;,&quot;copyright&quot;:&quot;&quot;,&quot;focal_length&quot;:&quot;0&quot;,&quot;iso&quot;:&quot;0&quot;,&quot;shutter_speed&quot;:&quot;0&quot;,&quot;title&quot;:&quot;&quot;,&quot;orientation&quot;:&quot;0&quot;}\" data-image-title=\"cervo-do-pantanal-macho\" data-image-description=\"\" data-image-caption=\"\" data-large-file=\"https:\/\/i0.wp.com\/biologo.com.br\/bio\/wp-content\/uploads\/2023\/01\/cervo-do-pantanal-macho.jpg?fit=145%2C244&amp;ssl=1\" src=\"https:\/\/i0.wp.com\/biologo.com.br\/bio\/wp-content\/uploads\/2023\/01\/cervo-do-pantanal-macho.jpg?resize=145%2C244&#038;ssl=1\" alt=\"\" class=\"wp-image-13841\"\/><\/a><figcaption class=\"wp-element-caption\">O macho  possui&nbsp;chifres. <a href=\"https:\/\/www.flickr.com\/photos\/108111608@N06\/\" target=\"_blank\" rel=\"noreferrer noopener\"><sub>M\u00e9lanie and Kyle Elliott&nbsp;<\/sub><\/a><\/figcaption><\/figure>\n\n\n\n<p>\u00c9 nativo da Am\u00e9rica do Sul, incluindo a regi\u00e3o do Pantanal brasileiro. Al\u00e9m do territ\u00f3rio nacional, pode ser encontrado na Argentina, Bol\u00edvia, Peru e Paraguai.<\/p>\n\n\n\n<p>Destaca-se por sua habilidade de nadar e se adaptar a ambientes alagados, capaz de atravessar grandes dist\u00e2ncias a nado, tornando-o \u00fanico entre os cervos. \u00c9 o maior cerv\u00eddeo sul-americano, podendo pesar at\u00e9 140 quilos e ter at\u00e9 1,90 de comprimento e 127 cent\u00edmetros de altura. A pelagem \u00e9 marrom escura com manchas brancas na barriga e patas traseiras.<\/p>\n\n\n\n<ul class=\"wp-block-list\">\n<li><a href=\"https:\/\/biologo.com.br\/bio\/grandes-mamiferos-ajudam-a-restaurar-ecossistemas\/\">Grandes mam\u00edferos ajudam a restaurar ecossistemas<\/a><\/li>\n\n\n\n<li><a href=\"https:\/\/biologo.com.br\/bio\/cavalo-de-przewalski\/\">Cavalo-de-przewalski<\/a><\/li>\n<\/ul>\n\n\n\n<p>Somente os machos possuem&nbsp;chifres, que chegam at\u00e9 60 cent\u00edmetros de comprimento e tamb\u00e9m t\u00eam pesco\u00e7os mais robustos que das f\u00eameas. Os machos podem alcan\u00e7ar 140 quilos e 1,90 de comprimento. <\/p>\n\n\n\n<h3 class=\"wp-block-heading has-black-color has-text-color has-small-font-size\" style=\"font-style:normal;font-weight:400\"><mark style=\"background-color:#ffffff\" class=\"has-inline-color has-black-color\">Outros nomes: <strong>veado-de-rosto-branco, sua\u00e7uet\u00ea,&nbsp;sua\u00e7upu,&nbsp;sua\u00e7uapara,&nbsp;gua\u00e7upu\u00e7u<\/strong><\/mark><\/h3>\n\n\n\n<p>No Pantanal, onde a esp\u00e9cie \u00e9 menos ca\u00e7ada, ela tem h\u00e1bitos diurnos, mas possui h\u00e1bitos noturnos em outras regi\u00f5es muito alteradas pelo homem, como na bacia do rio Paran\u00e1. \u00c9 considerado um animal solit\u00e1rio, apesar de eventualmente ser observado em pequenos grupos familiares.<\/p>\n\n\n\n<p>Na Bol\u00edvia, a esp\u00e9cie tamb\u00e9m \u00e9 considerada &#8220;vulner\u00e1vel&#8221;, e na Argentina, como &#8220;em perigo&#8221;. No Brasil, as popula\u00e7\u00f5es resistem principalmente no Pantanal. No Rio Grande do Sul a \u00faltima popula\u00e7\u00e3o est\u00e1 isolada em reservas ambientais na regi\u00e3o metropolitana da capital Porto Alegre, pr\u00f3ximos de onde vivem 4,4 milh\u00f5es de pessoas.<\/p>\n\n\n\n<figure class=\"wp-block-image alignright\"><a href=\"https:\/\/i0.wp.com\/biologo.com.br\/bio\/wp-content\/uploads\/2023\/01\/Blastocerus-dichotomus.jpg?ssl=1\"><img data-recalc-dims=\"1\" loading=\"lazy\" decoding=\"async\" width=\"153\" height=\"300\" data-attachment-id=\"13725\" data-permalink=\"https:\/\/biologo.com.br\/bio\/ultimos-cervos-do-pantanal-no-brasil\/blastocerus-dichotomus\/\" data-orig-file=\"https:\/\/i0.wp.com\/biologo.com.br\/bio\/wp-content\/uploads\/2023\/01\/Blastocerus-dichotomus.jpg?fit=161%2C315&amp;ssl=1\" data-orig-size=\"161,315\" data-comments-opened=\"0\" data-image-meta=\"{&quot;aperture&quot;:&quot;0&quot;,&quot;credit&quot;:&quot;&quot;,&quot;camera&quot;:&quot;&quot;,&quot;caption&quot;:&quot;&quot;,&quot;created_timestamp&quot;:&quot;0&quot;,&quot;copyright&quot;:&quot;&quot;,&quot;focal_length&quot;:&quot;0&quot;,&quot;iso&quot;:&quot;0&quot;,&quot;shutter_speed&quot;:&quot;0&quot;,&quot;title&quot;:&quot;&quot;,&quot;orientation&quot;:&quot;0&quot;}\" data-image-title=\"Blastocerus-dichotomus\" data-image-description=\"&lt;p&gt;Cervo-do-pantanal (nome cient\u00edfico: Blastocerus dichotomus), tamb\u00e9m chamado sua\u00e7uet\u00ea, sua\u00e7upu, sua\u00e7uapara, gua\u00e7upu\u00e7u ou simplesmente cervo,[4][5] \u00e9 um mam\u00edfero ruminante da fam\u00edlia dos cerv\u00eddeos (Cervidae) e \u00fanico representante do g\u00eanero Blastocerus. Ocorria em grande parte das v\u00e1rzeas e margens de rios do centro da Am\u00e9rica do Sul, desde o sul do rio Amazonas at\u00e9 o norte da Argentina, mas atualmente, a esp\u00e9cie s\u00f3 \u00e9 comum no Pantanal, na bacia do rio Guapor\u00e9, na ilha do Bananal e em Esteros del Iber\u00e1.&lt;\/p&gt;\n&lt;p&gt;\u00c9 o maior cerv\u00eddeo sul-americano&lt;\/p&gt;\n\" data-image-caption=\"&lt;p&gt;Cervo-do-pantanal (Blastocerus dichotomus)&lt;br \/&gt;\n https:\/\/pt.wikipedia.org\/wiki\/Cervo-do-pantanal#\/media\/Ficheiro:Cervo_do_pantano.jpg&lt;\/p&gt;\n\" data-large-file=\"https:\/\/i0.wp.com\/biologo.com.br\/bio\/wp-content\/uploads\/2023\/01\/Blastocerus-dichotomus.jpg?fit=161%2C315&amp;ssl=1\" src=\"https:\/\/i0.wp.com\/biologo.com.br\/bio\/wp-content\/uploads\/2023\/01\/Blastocerus-dichotomus.jpg?resize=153%2C300&#038;ssl=1\" alt=\"Cervo-do-pantanal (Blastocerus dichotomus) \" class=\"wp-image-13725\" srcset=\"https:\/\/i0.wp.com\/biologo.com.br\/bio\/wp-content\/uploads\/2023\/01\/Blastocerus-dichotomus.jpg?resize=153%2C300&amp;ssl=1 153w, https:\/\/i0.wp.com\/biologo.com.br\/bio\/wp-content\/uploads\/2023\/01\/Blastocerus-dichotomus.jpg?w=161&amp;ssl=1 161w\" sizes=\"auto, (max-width: 153px) 100vw, 153px\" \/><\/a><figcaption class=\"wp-element-caption\">Cervo-do-pantanal (<em>Blastocerus dichotomus<\/em>). <sup>Jonathan Wilkins<\/sup><\/figcaption><\/figure>\n\n\n\n<p>Muitas amea\u00e7as deixam o futuro do cervo-do-pantanal incerto. A ca\u00e7a \u00e9 um problema grave, uma vez que sua carne \u00e9 visada pelos ca\u00e7adores. C\u00e3es dom\u00e9sticos s\u00e3o outro fator preocupante, pois atacam animais adultos e seus filhotes, al\u00e9m de transmitirem doen\u00e7as. Por isso, o trabalho de conserva\u00e7\u00e3o tamb\u00e9m inclui uma campanha de castra\u00e7\u00e3o dos animais dom\u00e9sticos das fazendas e de moradores ribeirinhos.<\/p>\n\n\n\n<h4 class=\"wp-block-heading\"><strong>A conserva\u00e7\u00e3o do maior cerv\u00eddeo sul-americano<\/strong><\/h4>\n\n\n\n<p>O agro-neg\u00f3cio \u00e9 uma amea\u00e7a grave pois o uso de agrot\u00f3xicos e a degrada\u00e7\u00e3o ambiental da produ\u00e7\u00e3o impactam profundamente as popula\u00e7\u00f5es, que na Am\u00e9rica do Sul est\u00e3o vulner\u00e1veis e em decl\u00ednio, como alerta a Uni\u00e3o Internacional para a Conserva\u00e7\u00e3o da Natureza (UICN). A esp\u00e9cie \u00e9 criticamente amea\u00e7ada de extin\u00e7\u00e3o em alguns estados brasileiros.<\/p>\n\n\n\n<p>A fragmenta\u00e7\u00e3o de seu territ\u00f3rio por barragens, rodovias e atividades humanas tamb\u00e9m tem um impacto negativo na esp\u00e9cie. No continente sul-americano, o cervo-do-pantanal e a on\u00e7a-pintada (<em>Panthera onca<\/em>) est\u00e3o entre as esp\u00e9cies que mais tiveram sua distribui\u00e7\u00e3o reduzida \u2014 com 76% e 40% de perda de seu territ\u00f3rio, respectivamente.<\/p>\n\n\n\n<p>A Companhia Energ\u00e9tica de S\u00e3o Paulo inundou uma das maiores \u00e1reas de distribui\u00e7\u00e3o do cervo no estado de S\u00e3o Paulo por conta da constru\u00e7\u00e3o da Usina Hidrel\u00e9trica de Tr\u00eas Irm\u00e3os. Como contraponto, criou o Centro de Conserva\u00e7\u00e3o do Cervo-do-Pantanal, uma \u00e1rea com cerca de 764 hectares que conta com 40 indiv\u00edduos resgatados.<\/p>\n\n\n\n<figure class=\"wp-block-image aligncenter size-full\"><a href=\"https:\/\/i0.wp.com\/biologo.com.br\/bio\/wp-content\/uploads\/2023\/01\/Cervo-do-pantanal.jpg?ssl=1\"><img data-recalc-dims=\"1\" loading=\"lazy\" decoding=\"async\" width=\"631\" height=\"351\" data-attachment-id=\"13726\" data-permalink=\"https:\/\/biologo.com.br\/bio\/ultimos-cervos-do-pantanal-no-brasil\/cervo-do-pantanal\/\" data-orig-file=\"https:\/\/i0.wp.com\/biologo.com.br\/bio\/wp-content\/uploads\/2023\/01\/Cervo-do-pantanal.jpg?fit=631%2C351&amp;ssl=1\" data-orig-size=\"631,351\" data-comments-opened=\"0\" data-image-meta=\"{&quot;aperture&quot;:&quot;0&quot;,&quot;credit&quot;:&quot;&quot;,&quot;camera&quot;:&quot;&quot;,&quot;caption&quot;:&quot;&quot;,&quot;created_timestamp&quot;:&quot;0&quot;,&quot;copyright&quot;:&quot;&quot;,&quot;focal_length&quot;:&quot;0&quot;,&quot;iso&quot;:&quot;0&quot;,&quot;shutter_speed&quot;:&quot;0&quot;,&quot;title&quot;:&quot;&quot;,&quot;orientation&quot;:&quot;0&quot;}\" data-image-title=\"Cervo-do-pantanal\" data-image-description=\"&lt;p&gt;Cervo-do-pantanal (nome cient\u00edfico: Blastocerus dichotomus), tamb\u00e9m chamado sua\u00e7uet\u00ea, sua\u00e7upu, sua\u00e7uapara, gua\u00e7upu\u00e7u ou simplesmente cervo,[4][5] \u00e9 um mam\u00edfero ruminante da fam\u00edlia dos cerv\u00eddeos (Cervidae) e \u00fanico representante do g\u00eanero Blastocerus. Ocorria em grande parte das v\u00e1rzeas e margens de rios do centro da Am\u00e9rica do Sul, desde o sul do rio Amazonas at\u00e9 o norte da Argentina, mas atualmente, a esp\u00e9cie s\u00f3 \u00e9 comum no Pantanal, na bacia do rio Guapor\u00e9, na ilha do Bananal e em Esteros del Iber\u00e1.&lt;\/p&gt;\n\" data-image-caption=\"\" data-large-file=\"https:\/\/i0.wp.com\/biologo.com.br\/bio\/wp-content\/uploads\/2023\/01\/Cervo-do-pantanal.jpg?fit=631%2C351&amp;ssl=1\" src=\"https:\/\/i0.wp.com\/biologo.com.br\/bio\/wp-content\/uploads\/2023\/01\/Cervo-do-pantanal.jpg?resize=631%2C351&#038;ssl=1\" alt=\"Cervo-do-pantanal (Blastocerus dichotomus)\" class=\"wp-image-13726\" srcset=\"https:\/\/i0.wp.com\/biologo.com.br\/bio\/wp-content\/uploads\/2023\/01\/Cervo-do-pantanal.jpg?w=631&amp;ssl=1 631w, https:\/\/i0.wp.com\/biologo.com.br\/bio\/wp-content\/uploads\/2023\/01\/Cervo-do-pantanal.jpg?resize=300%2C167&amp;ssl=1 300w\" sizes=\"auto, (max-width: 631px) 100vw, 631px\" \/><\/a><\/figure>\n\n\n\n<p>As popula\u00e7\u00f5es brasileiras podem se extinguir \u201cem curto espa\u00e7o de tempo\u201d, como alerta o Plano de A\u00e7\u00e3o Nacional para a Conserva\u00e7\u00e3o dos Cerv\u00eddeos Amea\u00e7ados de Extin\u00e7\u00e3o, do ICMBio. Felizmente, no Brasil, cientistas, ONGs e governo agem de forma conjunta para salvar esta importante esp\u00e9cie. Para tal, buscam sobretudo recuperar as matas e conectar elas com os fragmentos isolados.<\/p>\n\n\n\n<p>Na Argentina, \u00e9 protegida principalmente pela Reserva Natural de Iber\u00e1, no Parque Nacional Mburucuy\u00e1 e na Reserva Natural Otamendi. Na Bol\u00edvia, persiste na Reserva Natural de Beni e no Parque Nacional Isiboro Secur\u00e9.<\/p>\n\n\n\n<p>Com uma situa\u00e7\u00e3o t\u00e3o delicada, s\u00e3o indispens\u00e1veis as medidas tomadas para proteger o Cervo-do-pantanal e seu habitat. Isso inclui a cria\u00e7\u00e3o de \u00e1reas protegidas, a implementa\u00e7\u00e3o de leis mais r\u00edgidas para coibir a ca\u00e7a ilegal e a educa\u00e7\u00e3o da popula\u00e7\u00e3o local sobre a import\u00e2ncia da conserva\u00e7\u00e3o desta esp\u00e9cie \u00fanica.<\/p>\n\n\n\n<h6 class=\"wp-block-heading\"><span style=\"font-family: 'courier new', courier, monospace; font-size: 10pt; color: #000000;\"><strong>Fontes e refer\u00eancias:<\/strong><\/span><\/h6>\n\n\n\n<ul class=\"wp-block-list\">\n<li><span style=\"font-size: 8pt; color: #000000;\"><sup>Duarte, J.M.B, Varela, D., Piovezan, U., Beccaceci, M.D. &amp; Garcia, J.E.&nbsp;2016.&nbsp;<i>Blastocerus dichotomus<\/i>.&nbsp;<i>The IUCN Red List of Threatened Species<\/i>&nbsp;2016: e.T2828A22160916.&nbsp;<a href=\"https:\/\/dx.doi.org\/10.2305\/IUCN.UK.2016-1.RLTS.T2828A22160916.en\" target=\"_blank\" rel=\"noreferrer noopener\">https:\/\/dx.doi.org\/10.2305\/IUCN.UK.2016-1.RLTS.T2828A22160916.en<\/a>. Accessed on 10 January 2023 (em ingl\u00eas).<\/sup><\/span><\/li>\n\n\n\n<li><span style=\"font-size: 8pt; color: #000000;\"><sup>BARBO, F. E. <em>et al<\/em>.&nbsp;<a style=\"color: #000000;\" href=\"https:\/\/cdnsciencepub.com\/doi\/abs\/10.1139\/cjz-2021-0131\" target=\"_blank\" rel=\"noopener\">Isolated by dry lands: Integrative analyses unveil the existence of a new species and a previously unknown evolutionary lineage of Brazilian lanceheads (Serpentes: Viperidae:&nbsp;<em>Bothrops<\/em>) from a Caatinga moist-forest enclave<\/a>.&nbsp;Canadian Journal of Zoology.&nbsp; 19 jan. 2022.<\/sup><\/span><\/li>\n\n\n\n<li><sub><sup>Grubb, P. (2005).\u00a0\u00abBlastocerus dichotomus\u00bb. In: Wilson, D. E.; Reeder, D. M. (eds.).\u00a0<em>Mammal Species of the World<\/em>\u00a03.\u00aa ed. Baltimore, Maril\u00e2ndia: Imprensa da Universidade Johns Hopkins. p.\u00a0654.\u00a0ISBN\u00a0<a href=\"https:\/\/pt.wikipedia.org\/wiki\/Especial:Fontes_de_livros\/978-0-8018-8221-0\">978-0-8018-8221-0<\/a>.\u00a0OCLC\u00a062265494<\/sup><\/sub><\/li>\n<\/ul>\n\n\n\n<figure class=\"wp-block-image aligncenter\"><a href=\"https:\/\/biologo.com.br\/bio\/apoie-o-biologo\/\"><img data-recalc-dims=\"1\" loading=\"lazy\" decoding=\"async\" width=\"174\" height=\"147\" data-attachment-id=\"11979\" data-permalink=\"https:\/\/biologo.com.br\/bio\/caracal-um-mestre-da-sobrevivencia\/apoiepeq\/\" data-orig-file=\"https:\/\/i0.wp.com\/biologo.com.br\/bio\/wp-content\/uploads\/2022\/05\/apoiepeq.jpg?fit=174%2C147&amp;ssl=1\" data-orig-size=\"174,147\" data-comments-opened=\"0\" data-image-meta=\"{&quot;aperture&quot;:&quot;0&quot;,&quot;credit&quot;:&quot;&quot;,&quot;camera&quot;:&quot;&quot;,&quot;caption&quot;:&quot;&quot;,&quot;created_timestamp&quot;:&quot;0&quot;,&quot;copyright&quot;:&quot;&quot;,&quot;focal_length&quot;:&quot;0&quot;,&quot;iso&quot;:&quot;0&quot;,&quot;shutter_speed&quot;:&quot;0&quot;,&quot;title&quot;:&quot;&quot;,&quot;orientation&quot;:&quot;0&quot;}\" data-image-title=\"apoiepeq\" data-image-description=\"&lt;p&gt;Apoie o Bi\u00f3logo&lt;\/p&gt;\n\" data-image-caption=\"\" data-large-file=\"https:\/\/i0.wp.com\/biologo.com.br\/bio\/wp-content\/uploads\/2022\/05\/apoiepeq.jpg?fit=174%2C147&amp;ssl=1\" src=\"https:\/\/i0.wp.com\/biologo.com.br\/bio\/wp-content\/uploads\/2022\/05\/apoiepeq.jpg?resize=174%2C147&#038;ssl=1\" alt=\"Apoie o Bi\u00f3logo\" class=\"wp-image-11979\" title=\"Apoie o Bi\u00f3logo\"\/><\/a><\/figure>\n\n\n\n<p class=\"has-text-align-center\"><span style=\"color: #003300;\"><a style=\"color: #003300;\" href=\"https:\/\/biologo.com.br\/bio\/apoie-o-biologo\/\"><strong>apoie o Bi\u00f3logo<\/strong><\/a><\/span><\/p>\n","protected":false},"excerpt":{"rendered":"<p>Cervos-do-pantanal no Brasil: Mam\u00edfero majestoso, o cervo-do-pantanal (Blastocerus dichotomus) j\u00e1 foi extinto no Uruguai e continua declinando nos lugares onde<\/p>\n","protected":false},"author":1,"featured_media":13726,"comment_status":"closed","ping_status":"closed","sticky":false,"template":"","format":"standard","meta":{"colormag_page_container_layout":"default_layout","colormag_page_sidebar_layout":"default_layout","jetpack_post_was_ever_published":false,"_jetpack_newsletter_access":"","_jetpack_dont_email_post_to_subs":false,"_jetpack_newsletter_tier_id":0,"_jetpack_memberships_contains_paywalled_content":false,"_jetpack_memberships_contains_paid_content":false,"footnotes":"","jetpack_publicize_message":"","jetpack_publicize_feature_enabled":true,"jetpack_social_post_already_shared":true,"jetpack_social_options":{"image_generator_settings":{"template":"highway","default_image_id":0,"font":"","enabled":false},"version":2}},"categories":[135,25,9,27],"tags":[],"class_list":["post-13724","post","type-post","status-publish","format-standard","has-post-thumbnail","hentry","category-conservacao","category-mamiferos","category-mastozoologia","category-zoologia"],"yoast_head":"<!-- This site is optimized with the Yoast SEO plugin v27.5 - https:\/\/yoast.com\/product\/yoast-seo-wordpress\/ -->\n<title>Esperan\u00e7a para o cervo-do-pantanal - conserva\u00e7\u00e3o - Bi\u00f3logo<\/title>\n<meta name=\"description\" content=\"Cervos-do-pantanal no Brasil: Mam\u00edfero majestoso, o cervo-do-pantanal (Blastocerus dichotomus) est\u00e1 amea\u00e7ado e j\u00e1 foi extinto no Uruguai\" \/>\n<meta name=\"robots\" content=\"index, follow, max-snippet:-1, max-image-preview:large, max-video-preview:-1\" \/>\n<link rel=\"canonical\" href=\"https:\/\/biologo.com.br\/bio\/ultimos-cervos-do-pantanal-no-brasil\/\" \/>\n<meta property=\"og:locale\" content=\"pt_BR\" \/>\n<meta property=\"og:type\" content=\"article\" \/>\n<meta property=\"og:title\" content=\"Esperan\u00e7a para o cervo-do-pantanal\" \/>\n<meta property=\"og:description\" content=\"Cervos-do-pantanal no Brasil: Mam\u00edfero majestoso, o cervo-do-pantanal (Blastocerus dichotomus) est\u00e1 amea\u00e7ado e j\u00e1 foi extinto no Uruguai\" \/>\n<meta property=\"og:url\" content=\"https:\/\/biologo.com.br\/bio\/ultimos-cervos-do-pantanal-no-brasil\/\" \/>\n<meta property=\"og:site_name\" content=\"Bi\u00f3logo\" \/>\n<meta property=\"article:publisher\" content=\"https:\/\/www.facebook.com\/biologocombr\/\" \/>\n<meta property=\"article:published_time\" content=\"2023-02-03T23:05:10+00:00\" \/>\n<meta property=\"article:modified_time\" content=\"2026-01-20T21:56:09+00:00\" \/>\n<meta property=\"og:image\" content=\"https:\/\/biologo.com.br\/bio\/wp-content\/uploads\/2023\/01\/Cervo-do-pantanal.jpg\" \/>\n\t<meta property=\"og:image:width\" content=\"631\" \/>\n\t<meta property=\"og:image:height\" content=\"351\" \/>\n\t<meta property=\"og:image:type\" content=\"image\/jpeg\" \/>\n<meta name=\"author\" content=\"pozzana\" \/>\n<meta name=\"twitter:card\" content=\"summary_large_image\" \/>\n<meta name=\"twitter:title\" content=\"Esperan\u00e7a para o cervo-do-pantanal\" \/>\n<meta name=\"twitter:description\" content=\"No Brasil, cientistas, ONGs e governo agem de forma conjunta para salvar esta importante esp\u00e9cie\" \/>\n<meta name=\"twitter:image\" content=\"https:\/\/i0.wp.com\/biologo.com.br\/bio\/wp-content\/uploads\/2023\/01\/Cervo-do-pantanal.jpg?fit=631%2C351&ssl=1\" \/>\n<meta name=\"twitter:creator\" content=\"@Biologocombr\" \/>\n<meta name=\"twitter:site\" content=\"@Biologocombr\" \/>\n<meta name=\"twitter:label1\" content=\"Escrito por\" \/>\n\t<meta name=\"twitter:data1\" content=\"pozzana\" \/>\n\t<meta name=\"twitter:label2\" content=\"Est. tempo de leitura\" \/>\n\t<meta name=\"twitter:data2\" content=\"6 minutos\" \/>\n<script type=\"application\/ld+json\" class=\"yoast-schema-graph\">{\"@context\":\"https:\\\/\\\/schema.org\",\"@graph\":[{\"@type\":\"Article\",\"@id\":\"https:\\\/\\\/biologo.com.br\\\/bio\\\/ultimos-cervos-do-pantanal-no-brasil\\\/#article\",\"isPartOf\":{\"@id\":\"https:\\\/\\\/biologo.com.br\\\/bio\\\/ultimos-cervos-do-pantanal-no-brasil\\\/\"},\"author\":{\"name\":\"pozzana\",\"@id\":\"https:\\\/\\\/biologo.com.br\\\/bio\\\/#\\\/schema\\\/person\\\/3a5d600bbc47f8bb0cd43594317a6cd4\"},\"headline\":\"Esperan\u00e7a para o cervo-do-pantanal\",\"datePublished\":\"2023-02-03T23:05:10+00:00\",\"dateModified\":\"2026-01-20T21:56:09+00:00\",\"mainEntityOfPage\":{\"@id\":\"https:\\\/\\\/biologo.com.br\\\/bio\\\/ultimos-cervos-do-pantanal-no-brasil\\\/\"},\"wordCount\":957,\"publisher\":{\"@id\":\"https:\\\/\\\/biologo.com.br\\\/bio\\\/#organization\"},\"image\":{\"@id\":\"https:\\\/\\\/biologo.com.br\\\/bio\\\/ultimos-cervos-do-pantanal-no-brasil\\\/#primaryimage\"},\"thumbnailUrl\":\"https:\\\/\\\/i0.wp.com\\\/biologo.com.br\\\/bio\\\/wp-content\\\/uploads\\\/2023\\\/01\\\/Cervo-do-pantanal.jpg?fit=631%2C351&ssl=1\",\"articleSection\":[\"Conserva\u00e7\u00e3o\",\"Mam\u00edferos\",\"Mastozoologia\",\"Zoologia\"],\"inLanguage\":\"pt-BR\"},{\"@type\":\"WebPage\",\"@id\":\"https:\\\/\\\/biologo.com.br\\\/bio\\\/ultimos-cervos-do-pantanal-no-brasil\\\/\",\"url\":\"https:\\\/\\\/biologo.com.br\\\/bio\\\/ultimos-cervos-do-pantanal-no-brasil\\\/\",\"name\":\"Esperan\u00e7a para o cervo-do-pantanal - conserva\u00e7\u00e3o - Bi\u00f3logo\",\"isPartOf\":{\"@id\":\"https:\\\/\\\/biologo.com.br\\\/bio\\\/#website\"},\"primaryImageOfPage\":{\"@id\":\"https:\\\/\\\/biologo.com.br\\\/bio\\\/ultimos-cervos-do-pantanal-no-brasil\\\/#primaryimage\"},\"image\":{\"@id\":\"https:\\\/\\\/biologo.com.br\\\/bio\\\/ultimos-cervos-do-pantanal-no-brasil\\\/#primaryimage\"},\"thumbnailUrl\":\"https:\\\/\\\/i0.wp.com\\\/biologo.com.br\\\/bio\\\/wp-content\\\/uploads\\\/2023\\\/01\\\/Cervo-do-pantanal.jpg?fit=631%2C351&ssl=1\",\"datePublished\":\"2023-02-03T23:05:10+00:00\",\"dateModified\":\"2026-01-20T21:56:09+00:00\",\"description\":\"Cervos-do-pantanal no Brasil: Mam\u00edfero majestoso, o cervo-do-pantanal (Blastocerus dichotomus) est\u00e1 amea\u00e7ado e j\u00e1 foi extinto no Uruguai\",\"breadcrumb\":{\"@id\":\"https:\\\/\\\/biologo.com.br\\\/bio\\\/ultimos-cervos-do-pantanal-no-brasil\\\/#breadcrumb\"},\"inLanguage\":\"pt-BR\",\"potentialAction\":[{\"@type\":\"ReadAction\",\"target\":[\"https:\\\/\\\/biologo.com.br\\\/bio\\\/ultimos-cervos-do-pantanal-no-brasil\\\/\"]}]},{\"@type\":\"ImageObject\",\"inLanguage\":\"pt-BR\",\"@id\":\"https:\\\/\\\/biologo.com.br\\\/bio\\\/ultimos-cervos-do-pantanal-no-brasil\\\/#primaryimage\",\"url\":\"https:\\\/\\\/i0.wp.com\\\/biologo.com.br\\\/bio\\\/wp-content\\\/uploads\\\/2023\\\/01\\\/Cervo-do-pantanal.jpg?fit=631%2C351&ssl=1\",\"contentUrl\":\"https:\\\/\\\/i0.wp.com\\\/biologo.com.br\\\/bio\\\/wp-content\\\/uploads\\\/2023\\\/01\\\/Cervo-do-pantanal.jpg?fit=631%2C351&ssl=1\",\"width\":631,\"height\":351,\"caption\":\"Cervo-do-pantanal (Blastocerus dichotomus)\"},{\"@type\":\"BreadcrumbList\",\"@id\":\"https:\\\/\\\/biologo.com.br\\\/bio\\\/ultimos-cervos-do-pantanal-no-brasil\\\/#breadcrumb\",\"itemListElement\":[{\"@type\":\"ListItem\",\"position\":1,\"name\":\"In\u00edcio\",\"item\":\"https:\\\/\\\/biologo.com.br\\\/bio\\\/\"},{\"@type\":\"ListItem\",\"position\":2,\"name\":\"Esperan\u00e7a para o cervo-do-pantanal\"}]},{\"@type\":\"WebSite\",\"@id\":\"https:\\\/\\\/biologo.com.br\\\/bio\\\/#website\",\"url\":\"https:\\\/\\\/biologo.com.br\\\/bio\\\/\",\"name\":\"Bi\u00f3logo\",\"description\":\"Biologia. Informa\u00e7\u00f5es para bi\u00f3logos ou leigos. Eventos, v\u00eddeos e muito mais. Ci\u00eancias biol\u00f3gicas.\",\"publisher\":{\"@id\":\"https:\\\/\\\/biologo.com.br\\\/bio\\\/#organization\"},\"potentialAction\":[{\"@type\":\"SearchAction\",\"target\":{\"@type\":\"EntryPoint\",\"urlTemplate\":\"https:\\\/\\\/biologo.com.br\\\/bio\\\/?s={search_term_string}\"},\"query-input\":{\"@type\":\"PropertyValueSpecification\",\"valueRequired\":true,\"valueName\":\"search_term_string\"}}],\"inLanguage\":\"pt-BR\"},{\"@type\":\"Organization\",\"@id\":\"https:\\\/\\\/biologo.com.br\\\/bio\\\/#organization\",\"name\":\"Bi\u00f3logo\",\"url\":\"https:\\\/\\\/biologo.com.br\\\/bio\\\/\",\"logo\":{\"@type\":\"ImageObject\",\"inLanguage\":\"pt-BR\",\"@id\":\"https:\\\/\\\/biologo.com.br\\\/bio\\\/#\\\/schema\\\/logo\\\/image\\\/\",\"url\":\"https:\\\/\\\/i0.wp.com\\\/biologo.com.br\\\/bio\\\/wp-content\\\/uploads\\\/2015\\\/12\\\/logo1.jpg?fit=179%2C57&ssl=1\",\"contentUrl\":\"https:\\\/\\\/i0.wp.com\\\/biologo.com.br\\\/bio\\\/wp-content\\\/uploads\\\/2015\\\/12\\\/logo1.jpg?fit=179%2C57&ssl=1\",\"width\":179,\"height\":57,\"caption\":\"Bi\u00f3logo\"},\"image\":{\"@id\":\"https:\\\/\\\/biologo.com.br\\\/bio\\\/#\\\/schema\\\/logo\\\/image\\\/\"},\"sameAs\":[\"https:\\\/\\\/www.facebook.com\\\/biologocombr\\\/\",\"https:\\\/\\\/x.com\\\/Biologocombr\",\"https:\\\/\\\/www.instagram.com\\\/biologo.com.br\\\/\"]},{\"@type\":\"Person\",\"@id\":\"https:\\\/\\\/biologo.com.br\\\/bio\\\/#\\\/schema\\\/person\\\/3a5d600bbc47f8bb0cd43594317a6cd4\",\"name\":\"pozzana\",\"image\":{\"@type\":\"ImageObject\",\"inLanguage\":\"pt-BR\",\"@id\":\"https:\\\/\\\/secure.gravatar.com\\\/avatar\\\/fa8f924c29488a329bd70373453572f7494e802125f373a7f2937173cc26b21f?s=96&d=mm&r=g\",\"url\":\"https:\\\/\\\/secure.gravatar.com\\\/avatar\\\/fa8f924c29488a329bd70373453572f7494e802125f373a7f2937173cc26b21f?s=96&d=mm&r=g\",\"contentUrl\":\"https:\\\/\\\/secure.gravatar.com\\\/avatar\\\/fa8f924c29488a329bd70373453572f7494e802125f373a7f2937173cc26b21f?s=96&d=mm&r=g\",\"caption\":\"pozzana\"},\"url\":\"https:\\\/\\\/biologo.com.br\\\/bio\\\/author\\\/pozzana\\\/\"}]}<\/script>\n<!-- \/ Yoast SEO plugin. -->","yoast_head_json":{"title":"Esperan\u00e7a para o cervo-do-pantanal - conserva\u00e7\u00e3o - Bi\u00f3logo","description":"Cervos-do-pantanal no Brasil: Mam\u00edfero majestoso, o cervo-do-pantanal (Blastocerus dichotomus) est\u00e1 amea\u00e7ado e j\u00e1 foi extinto no Uruguai","robots":{"index":"index","follow":"follow","max-snippet":"max-snippet:-1","max-image-preview":"max-image-preview:large","max-video-preview":"max-video-preview:-1"},"canonical":"https:\/\/biologo.com.br\/bio\/ultimos-cervos-do-pantanal-no-brasil\/","og_locale":"pt_BR","og_type":"article","og_title":"Esperan\u00e7a para o cervo-do-pantanal","og_description":"Cervos-do-pantanal no Brasil: Mam\u00edfero majestoso, o cervo-do-pantanal (Blastocerus dichotomus) est\u00e1 amea\u00e7ado e j\u00e1 foi extinto no Uruguai","og_url":"https:\/\/biologo.com.br\/bio\/ultimos-cervos-do-pantanal-no-brasil\/","og_site_name":"Bi\u00f3logo","article_publisher":"https:\/\/www.facebook.com\/biologocombr\/","article_published_time":"2023-02-03T23:05:10+00:00","article_modified_time":"2026-01-20T21:56:09+00:00","og_image":[{"width":631,"height":351,"url":"https:\/\/biologo.com.br\/bio\/wp-content\/uploads\/2023\/01\/Cervo-do-pantanal.jpg","type":"image\/jpeg"}],"author":"pozzana","twitter_card":"summary_large_image","twitter_title":"Esperan\u00e7a para o cervo-do-pantanal","twitter_description":"No Brasil, cientistas, ONGs e governo agem de forma conjunta para salvar esta importante esp\u00e9cie","twitter_image":"https:\/\/i0.wp.com\/biologo.com.br\/bio\/wp-content\/uploads\/2023\/01\/Cervo-do-pantanal.jpg?fit=631%2C351&ssl=1","twitter_creator":"@Biologocombr","twitter_site":"@Biologocombr","twitter_misc":{"Escrito por":"pozzana","Est. tempo de leitura":"6 minutos"},"schema":{"@context":"https:\/\/schema.org","@graph":[{"@type":"Article","@id":"https:\/\/biologo.com.br\/bio\/ultimos-cervos-do-pantanal-no-brasil\/#article","isPartOf":{"@id":"https:\/\/biologo.com.br\/bio\/ultimos-cervos-do-pantanal-no-brasil\/"},"author":{"name":"pozzana","@id":"https:\/\/biologo.com.br\/bio\/#\/schema\/person\/3a5d600bbc47f8bb0cd43594317a6cd4"},"headline":"Esperan\u00e7a para o cervo-do-pantanal","datePublished":"2023-02-03T23:05:10+00:00","dateModified":"2026-01-20T21:56:09+00:00","mainEntityOfPage":{"@id":"https:\/\/biologo.com.br\/bio\/ultimos-cervos-do-pantanal-no-brasil\/"},"wordCount":957,"publisher":{"@id":"https:\/\/biologo.com.br\/bio\/#organization"},"image":{"@id":"https:\/\/biologo.com.br\/bio\/ultimos-cervos-do-pantanal-no-brasil\/#primaryimage"},"thumbnailUrl":"https:\/\/i0.wp.com\/biologo.com.br\/bio\/wp-content\/uploads\/2023\/01\/Cervo-do-pantanal.jpg?fit=631%2C351&ssl=1","articleSection":["Conserva\u00e7\u00e3o","Mam\u00edferos","Mastozoologia","Zoologia"],"inLanguage":"pt-BR"},{"@type":"WebPage","@id":"https:\/\/biologo.com.br\/bio\/ultimos-cervos-do-pantanal-no-brasil\/","url":"https:\/\/biologo.com.br\/bio\/ultimos-cervos-do-pantanal-no-brasil\/","name":"Esperan\u00e7a para o cervo-do-pantanal - conserva\u00e7\u00e3o - Bi\u00f3logo","isPartOf":{"@id":"https:\/\/biologo.com.br\/bio\/#website"},"primaryImageOfPage":{"@id":"https:\/\/biologo.com.br\/bio\/ultimos-cervos-do-pantanal-no-brasil\/#primaryimage"},"image":{"@id":"https:\/\/biologo.com.br\/bio\/ultimos-cervos-do-pantanal-no-brasil\/#primaryimage"},"thumbnailUrl":"https:\/\/i0.wp.com\/biologo.com.br\/bio\/wp-content\/uploads\/2023\/01\/Cervo-do-pantanal.jpg?fit=631%2C351&ssl=1","datePublished":"2023-02-03T23:05:10+00:00","dateModified":"2026-01-20T21:56:09+00:00","description":"Cervos-do-pantanal no Brasil: Mam\u00edfero majestoso, o cervo-do-pantanal (Blastocerus dichotomus) est\u00e1 amea\u00e7ado e j\u00e1 foi extinto no Uruguai","breadcrumb":{"@id":"https:\/\/biologo.com.br\/bio\/ultimos-cervos-do-pantanal-no-brasil\/#breadcrumb"},"inLanguage":"pt-BR","potentialAction":[{"@type":"ReadAction","target":["https:\/\/biologo.com.br\/bio\/ultimos-cervos-do-pantanal-no-brasil\/"]}]},{"@type":"ImageObject","inLanguage":"pt-BR","@id":"https:\/\/biologo.com.br\/bio\/ultimos-cervos-do-pantanal-no-brasil\/#primaryimage","url":"https:\/\/i0.wp.com\/biologo.com.br\/bio\/wp-content\/uploads\/2023\/01\/Cervo-do-pantanal.jpg?fit=631%2C351&ssl=1","contentUrl":"https:\/\/i0.wp.com\/biologo.com.br\/bio\/wp-content\/uploads\/2023\/01\/Cervo-do-pantanal.jpg?fit=631%2C351&ssl=1","width":631,"height":351,"caption":"Cervo-do-pantanal (Blastocerus dichotomus)"},{"@type":"BreadcrumbList","@id":"https:\/\/biologo.com.br\/bio\/ultimos-cervos-do-pantanal-no-brasil\/#breadcrumb","itemListElement":[{"@type":"ListItem","position":1,"name":"In\u00edcio","item":"https:\/\/biologo.com.br\/bio\/"},{"@type":"ListItem","position":2,"name":"Esperan\u00e7a para o cervo-do-pantanal"}]},{"@type":"WebSite","@id":"https:\/\/biologo.com.br\/bio\/#website","url":"https:\/\/biologo.com.br\/bio\/","name":"Bi\u00f3logo","description":"Biologia. Informa\u00e7\u00f5es para bi\u00f3logos ou leigos. Eventos, v\u00eddeos e muito mais. Ci\u00eancias biol\u00f3gicas.","publisher":{"@id":"https:\/\/biologo.com.br\/bio\/#organization"},"potentialAction":[{"@type":"SearchAction","target":{"@type":"EntryPoint","urlTemplate":"https:\/\/biologo.com.br\/bio\/?s={search_term_string}"},"query-input":{"@type":"PropertyValueSpecification","valueRequired":true,"valueName":"search_term_string"}}],"inLanguage":"pt-BR"},{"@type":"Organization","@id":"https:\/\/biologo.com.br\/bio\/#organization","name":"Bi\u00f3logo","url":"https:\/\/biologo.com.br\/bio\/","logo":{"@type":"ImageObject","inLanguage":"pt-BR","@id":"https:\/\/biologo.com.br\/bio\/#\/schema\/logo\/image\/","url":"https:\/\/i0.wp.com\/biologo.com.br\/bio\/wp-content\/uploads\/2015\/12\/logo1.jpg?fit=179%2C57&ssl=1","contentUrl":"https:\/\/i0.wp.com\/biologo.com.br\/bio\/wp-content\/uploads\/2015\/12\/logo1.jpg?fit=179%2C57&ssl=1","width":179,"height":57,"caption":"Bi\u00f3logo"},"image":{"@id":"https:\/\/biologo.com.br\/bio\/#\/schema\/logo\/image\/"},"sameAs":["https:\/\/www.facebook.com\/biologocombr\/","https:\/\/x.com\/Biologocombr","https:\/\/www.instagram.com\/biologo.com.br\/"]},{"@type":"Person","@id":"https:\/\/biologo.com.br\/bio\/#\/schema\/person\/3a5d600bbc47f8bb0cd43594317a6cd4","name":"pozzana","image":{"@type":"ImageObject","inLanguage":"pt-BR","@id":"https:\/\/secure.gravatar.com\/avatar\/fa8f924c29488a329bd70373453572f7494e802125f373a7f2937173cc26b21f?s=96&d=mm&r=g","url":"https:\/\/secure.gravatar.com\/avatar\/fa8f924c29488a329bd70373453572f7494e802125f373a7f2937173cc26b21f?s=96&d=mm&r=g","contentUrl":"https:\/\/secure.gravatar.com\/avatar\/fa8f924c29488a329bd70373453572f7494e802125f373a7f2937173cc26b21f?s=96&d=mm&r=g","caption":"pozzana"},"url":"https:\/\/biologo.com.br\/bio\/author\/pozzana\/"}]}},"jetpack_publicize_connections":[],"jetpack_featured_media_url":"https:\/\/i0.wp.com\/biologo.com.br\/bio\/wp-content\/uploads\/2023\/01\/Cervo-do-pantanal.jpg?fit=631%2C351&ssl=1","jetpack-related-posts":[{"id":1636,"url":"https:\/\/biologo.com.br\/bio\/documentario-pantanal\/","url_meta":{"origin":13724,"position":0},"title":"Document\u00e1rio Pantanal","author":"pozzana","date":"novembro 7, 2016","format":"video","excerpt":"Document\u00e1rio Pantanal:\u00a0Da s\u00e9rie Brasil Selvagem, esse document\u00e1rio mostra as maravilhas e os desafios da vida selvagem nas \u00e1guas do Pantanal. \u00a0 O filme \u00e9\u00a0Dublado e em HD. Aperte o play! Document\u00e1rio Pantanal https:\/\/www.youtube.com\/watch?v=PM81qVt7Sns&t=18s&ab_channel=CanalMochileirando \u00a0 O Pantanal \u00e9 uma das maiores extens\u00f5es alagadas cont\u00ednuas do planeta. Sua \u00e1rea \u00e9 de aproximadamente\u2026","rel":"","context":"Em &quot;Biodiversidade&quot;","block_context":{"text":"Biodiversidade","link":"https:\/\/biologo.com.br\/bio\/category\/biodiversidade\/"},"img":{"alt_text":"Document\u00e1rio Pantanal","src":"https:\/\/i0.wp.com\/biologo.com.br\/bio\/wp-content\/uploads\/2016\/11\/pantanal.jpg?fit=631%2C351&ssl=1&resize=350%2C200","width":350,"height":200,"srcset":"https:\/\/i0.wp.com\/biologo.com.br\/bio\/wp-content\/uploads\/2016\/11\/pantanal.jpg?fit=631%2C351&ssl=1&resize=350%2C200 1x, https:\/\/i0.wp.com\/biologo.com.br\/bio\/wp-content\/uploads\/2016\/11\/pantanal.jpg?fit=631%2C351&ssl=1&resize=525%2C300 1.5x"},"classes":[]},{"id":1709,"url":"https:\/\/biologo.com.br\/bio\/cerrado\/","url_meta":{"origin":13724,"position":1},"title":"Cerrado","author":"pozzana","date":"novembro 17, 2016","format":"video","excerpt":"Cerrado: O Cerrado \u00e9 o segundo maior bioma da Am\u00e9rica do Sul e \u00e9 considerado como um hotspot\u00a0mundial de biodiversidade. Apresenta grande n\u00famero\u00a0de esp\u00e9cies end\u00eamicas e sofre uma preocupante perda de habitat.\u00a0Grande parte do Cerrado j\u00e1 foi destru\u00eddo, em especial para a instala\u00e7\u00e3o de cidades e planta\u00e7\u00f5es, o que o\u2026","rel":"","context":"Em &quot;Biodiversidade&quot;","block_context":{"text":"Biodiversidade","link":"https:\/\/biologo.com.br\/bio\/category\/biodiversidade\/"},"img":{"alt_text":"Cerrado","src":"https:\/\/i0.wp.com\/biologo.com.br\/bio\/wp-content\/uploads\/2016\/11\/Cerrado.jpg?fit=631%2C351&ssl=1&resize=350%2C200","width":350,"height":200,"srcset":"https:\/\/i0.wp.com\/biologo.com.br\/bio\/wp-content\/uploads\/2016\/11\/Cerrado.jpg?fit=631%2C351&ssl=1&resize=350%2C200 1x, https:\/\/i0.wp.com\/biologo.com.br\/bio\/wp-content\/uploads\/2016\/11\/Cerrado.jpg?fit=631%2C351&ssl=1&resize=525%2C300 1.5x"},"classes":[]},{"id":16250,"url":"https:\/\/biologo.com.br\/bio\/veado-mateiro-pequeno\/","url_meta":{"origin":13724,"position":2},"title":"Veado-mateiro-pequeno","author":"pozzana","date":"agosto 23, 2024","format":false,"excerpt":"Veado-mateiro-pequeno: esp\u00e9cie que provavelmente ocorria desde o leste de\u00a0Santa Catarina\u00a0at\u00e9 o sul de\u00a0S\u00e3o Paulo, o veado-mateiro-pequeno tem desaparecido em seu ambiente, cada vez mais degradado. Veado-mateiro-pequeno: a maior esp\u00e9cie end\u00eamica do Brasil 23\/8\/2024\u00a0::\u00a0 por Marco Pozzana O veado-mateiro-pequeno, tamb\u00e9m conhecido como veado-vermelho, \u00e9 uma esp\u00e9cie (Mazama jucundade) de cerv\u00eddeo que\u2026","rel":"","context":"Em &quot;Biologia&quot;","block_context":{"text":"Biologia","link":"https:\/\/biologo.com.br\/bio\/category\/biologia2\/"},"img":{"alt_text":"Veado-mateiro-pequeno - Mazama jucunda","src":"https:\/\/i0.wp.com\/biologo.com.br\/bio\/wp-content\/uploads\/2024\/08\/Veado-mateiro-pequeno.jpg?fit=1201%2C676&ssl=1&resize=350%2C200","width":350,"height":200,"srcset":"https:\/\/i0.wp.com\/biologo.com.br\/bio\/wp-content\/uploads\/2024\/08\/Veado-mateiro-pequeno.jpg?fit=1201%2C676&ssl=1&resize=350%2C200 1x, https:\/\/i0.wp.com\/biologo.com.br\/bio\/wp-content\/uploads\/2024\/08\/Veado-mateiro-pequeno.jpg?fit=1201%2C676&ssl=1&resize=525%2C300 1.5x, https:\/\/i0.wp.com\/biologo.com.br\/bio\/wp-content\/uploads\/2024\/08\/Veado-mateiro-pequeno.jpg?fit=1201%2C676&ssl=1&resize=700%2C400 2x, https:\/\/i0.wp.com\/biologo.com.br\/bio\/wp-content\/uploads\/2024\/08\/Veado-mateiro-pequeno.jpg?fit=1201%2C676&ssl=1&resize=1050%2C600 3x"},"classes":[]},{"id":8273,"url":"https:\/\/biologo.com.br\/bio\/dia-nacional-da-onca-pintada\/","url_meta":{"origin":13724,"position":3},"title":"Dia Nacional da On\u00e7a Pintada","author":"pozzana","date":"novembro 29, 2020","format":false,"excerpt":"Dia Nacional da On\u00e7a Pintada - 29 de novembro: Preserva\u00e7\u00e3o da on\u00e7a-pintada, esp\u00e9cie-s\u00edmbolo do Brasil, exige medidas de prote\u00e7\u00e3o ao seu habitat e combate \u00e0 ca\u00e7a ilegal. Risco de extin\u00e7\u00e3o da esp\u00e9cie no Brasil \u00e9 grave; popula\u00e7\u00e3o da Mata Atl\u00e2ntica \u00e9 a que corre mais perigo de desaparecer nos pr\u00f3ximos\u2026","rel":"","context":"Em &quot;Conserva\u00e7\u00e3o&quot;","block_context":{"text":"Conserva\u00e7\u00e3o","link":"https:\/\/biologo.com.br\/bio\/category\/conservacao\/"},"img":{"alt_text":"Dia Nacional da On\u00e7a Pintada","src":"https:\/\/i0.wp.com\/biologo.com.br\/bio\/wp-content\/uploads\/2020\/11\/Dia-Nacional-da-Onca-Pintada.jpg?fit=631%2C351&ssl=1&resize=350%2C200","width":350,"height":200,"srcset":"https:\/\/i0.wp.com\/biologo.com.br\/bio\/wp-content\/uploads\/2020\/11\/Dia-Nacional-da-Onca-Pintada.jpg?fit=631%2C351&ssl=1&resize=350%2C200 1x, https:\/\/i0.wp.com\/biologo.com.br\/bio\/wp-content\/uploads\/2020\/11\/Dia-Nacional-da-Onca-Pintada.jpg?fit=631%2C351&ssl=1&resize=525%2C300 1.5x"},"classes":[]},{"id":5357,"url":"https:\/\/biologo.com.br\/bio\/dia-internacional-da-onca-pintada\/","url_meta":{"origin":13724,"position":4},"title":"Dia Internacional da On\u00e7a-Pintada","author":"pozzana","date":"novembro 29, 2018","format":false,"excerpt":"Dia Internacional da On\u00e7a-Pintada: Anunciado por ONGs e l\u00edderes mundiais durante COP 14, que aconteceu no Egito, data rec\u00e9m criada se torna um marco ambiental na luta contra a extin\u00e7\u00e3o da esp\u00e9cie. Dia Internacional da On\u00e7a-Pintada Dia 29 de novembro, comemoramos o Dia Internacional da On\u00e7a-Pintada. O an\u00fancio da nova\u2026","rel":"","context":"Em &quot;Biodiversidade&quot;","block_context":{"text":"Biodiversidade","link":"https:\/\/biologo.com.br\/bio\/category\/biodiversidade\/"},"img":{"alt_text":"Dia Internacional da On\u00e7a-Pintada - 29 de novembro","src":"https:\/\/i0.wp.com\/biologo.com.br\/bio\/wp-content\/uploads\/2018\/11\/Dia-Internacional-da-On%C3%A7a-Pintada.jpg?fit=631%2C351&ssl=1&resize=350%2C200","width":350,"height":200,"srcset":"https:\/\/i0.wp.com\/biologo.com.br\/bio\/wp-content\/uploads\/2018\/11\/Dia-Internacional-da-On%C3%A7a-Pintada.jpg?fit=631%2C351&ssl=1&resize=350%2C200 1x, https:\/\/i0.wp.com\/biologo.com.br\/bio\/wp-content\/uploads\/2018\/11\/Dia-Internacional-da-On%C3%A7a-Pintada.jpg?fit=631%2C351&ssl=1&resize=525%2C300 1.5x"},"classes":[]},{"id":14238,"url":"https:\/\/biologo.com.br\/bio\/filhotes-de-oncas\/","url_meta":{"origin":13724,"position":5},"title":"Filhotes de on\u00e7as","author":"pozzana","date":"abril 18, 2023","format":false,"excerpt":"Filhotes de on\u00e7as: Quantos filhotes tem uma on\u00e7a? Com a ajuda da tecnologia, pesquisadores conseguem medir taxa de natalidade de on\u00e7as-pintadas do Pantanal. Filhotes de on\u00e7as 18\/4\/2023 ::\u00a0 por Let\u00edcia Na\u00edsa\/Revista Pesquisa Fapesp No Natal de 2021, o bi\u00f3logo Carlos Eduardo Fragoso ganhou um presente inusitado da m\u00e3e: um \u00e1lbum\u2026","rel":"","context":"Em &quot;Biologia&quot;","block_context":{"text":"Biologia","link":"https:\/\/biologo.com.br\/bio\/category\/biologia2\/"},"img":{"alt_text":"Filhotes-de-on\u00e7a","src":"https:\/\/i0.wp.com\/biologo.com.br\/bio\/wp-content\/uploads\/2023\/04\/filhote-de-onca.jpg?fit=1201%2C676&ssl=1&resize=350%2C200","width":350,"height":200,"srcset":"https:\/\/i0.wp.com\/biologo.com.br\/bio\/wp-content\/uploads\/2023\/04\/filhote-de-onca.jpg?fit=1201%2C676&ssl=1&resize=350%2C200 1x, https:\/\/i0.wp.com\/biologo.com.br\/bio\/wp-content\/uploads\/2023\/04\/filhote-de-onca.jpg?fit=1201%2C676&ssl=1&resize=525%2C300 1.5x, https:\/\/i0.wp.com\/biologo.com.br\/bio\/wp-content\/uploads\/2023\/04\/filhote-de-onca.jpg?fit=1201%2C676&ssl=1&resize=700%2C400 2x, https:\/\/i0.wp.com\/biologo.com.br\/bio\/wp-content\/uploads\/2023\/04\/filhote-de-onca.jpg?fit=1201%2C676&ssl=1&resize=1050%2C600 3x"},"classes":[]}],"jetpack_sharing_enabled":true,"jetpack_likes_enabled":true,"jetpack_shortlink":"https:\/\/wp.me\/p6NB6B-3zm","amp_enabled":true,"_links":{"self":[{"href":"https:\/\/biologo.com.br\/bio\/wp-json\/wp\/v2\/posts\/13724","targetHints":{"allow":["GET"]}}],"collection":[{"href":"https:\/\/biologo.com.br\/bio\/wp-json\/wp\/v2\/posts"}],"about":[{"href":"https:\/\/biologo.com.br\/bio\/wp-json\/wp\/v2\/types\/post"}],"author":[{"embeddable":true,"href":"https:\/\/biologo.com.br\/bio\/wp-json\/wp\/v2\/users\/1"}],"replies":[{"embeddable":true,"href":"https:\/\/biologo.com.br\/bio\/wp-json\/wp\/v2\/comments?post=13724"}],"version-history":[{"count":2,"href":"https:\/\/biologo.com.br\/bio\/wp-json\/wp\/v2\/posts\/13724\/revisions"}],"predecessor-version":[{"id":20619,"href":"https:\/\/biologo.com.br\/bio\/wp-json\/wp\/v2\/posts\/13724\/revisions\/20619"}],"wp:featuredmedia":[{"embeddable":true,"href":"https:\/\/biologo.com.br\/bio\/wp-json\/wp\/v2\/media\/13726"}],"wp:attachment":[{"href":"https:\/\/biologo.com.br\/bio\/wp-json\/wp\/v2\/media?parent=13724"}],"wp:term":[{"taxonomy":"category","embeddable":true,"href":"https:\/\/biologo.com.br\/bio\/wp-json\/wp\/v2\/categories?post=13724"},{"taxonomy":"post_tag","embeddable":true,"href":"https:\/\/biologo.com.br\/bio\/wp-json\/wp\/v2\/tags?post=13724"}],"curies":[{"name":"wp","href":"https:\/\/api.w.org\/{rel}","templated":true}]}}