{"id":14783,"date":"2023-08-09T23:49:01","date_gmt":"2023-08-10T02:49:01","guid":{"rendered":"https:\/\/biologo.com.br\/bio\/?p=14783"},"modified":"2025-12-30T10:39:03","modified_gmt":"2025-12-30T13:39:03","slug":"primata-ancestral","status":"publish","type":"post","link":"https:\/\/biologo.com.br\/bio\/primata-ancestral\/","title":{"rendered":"Primata ancestral"},"content":{"rendered":"\n<p class=\"has-medium-font-size\"><strong style=\"color: rgb(51, 102, 255); font-size: 14pt;\">Um primata ancestral das Am\u00e9ricas<\/strong>: estudo revelou primata que habitava a Amaz\u00f4nia brasileira h\u00e1 mais de 35 milh\u00f5es de anos. A esp\u00e9cie rec\u00e9m-identificada fornece informa\u00e7\u00f5es valiosas sobre os primeiros macacos que colonizaram a Am\u00e9rica do Sul.<\/p>\n\n\n\n<figure class=\"wp-block-image alignright size-full\"><a href=\"https:\/\/i0.wp.com\/biologo.com.br\/bio\/wp-content\/uploads\/2021\/05\/ORIGINAL-biologo.jpg?ssl=1\"><img data-recalc-dims=\"1\" loading=\"lazy\" decoding=\"async\" width=\"65\" height=\"80\" data-attachment-id=\"9413\" data-permalink=\"https:\/\/biologo.com.br\/bio\/dia-mundial-das-abelhas\/original-biologo\/\" data-orig-file=\"https:\/\/i0.wp.com\/biologo.com.br\/bio\/wp-content\/uploads\/2021\/05\/ORIGINAL-biologo.jpg?fit=65%2C80&amp;ssl=1\" data-orig-size=\"65,80\" data-comments-opened=\"0\" data-image-meta=\"{&quot;aperture&quot;:&quot;0&quot;,&quot;credit&quot;:&quot;&quot;,&quot;camera&quot;:&quot;&quot;,&quot;caption&quot;:&quot;&quot;,&quot;created_timestamp&quot;:&quot;0&quot;,&quot;copyright&quot;:&quot;&quot;,&quot;focal_length&quot;:&quot;0&quot;,&quot;iso&quot;:&quot;0&quot;,&quot;shutter_speed&quot;:&quot;0&quot;,&quot;title&quot;:&quot;&quot;,&quot;orientation&quot;:&quot;0&quot;}\" data-image-title=\"ORIGINAL-biologo\" data-image-description=\"&lt;p&gt;artigo original www.biologo.com.br &amp;#8211; Todos os direitos reservados&lt;\/p&gt;\n\" data-image-caption=\"\" data-large-file=\"https:\/\/i0.wp.com\/biologo.com.br\/bio\/wp-content\/uploads\/2021\/05\/ORIGINAL-biologo.jpg?fit=65%2C80&amp;ssl=1\" src=\"https:\/\/i0.wp.com\/biologo.com.br\/bio\/wp-content\/uploads\/2021\/05\/ORIGINAL-biologo.jpg?resize=65%2C80&#038;ssl=1\" alt=\"artigo original www.biologo.com.br \u00a9 todos os direitos reservados\" class=\"wp-image-9413\"\/><\/a><\/figure>\n\n\n\n<p><span style=\"font-family: 'courier new', courier, monospace; color: #000000;\"><strong><span style=\"font-size: 24pt;\"><strong><em>Um primata <\/em><\/strong><span style=\"font-size: 12pt;\">ancestral das Am\u00e9ricas<\/span><\/span><\/strong><\/span><\/p>\n\n\n\n<p class=\"has-small-font-size\"><strong>10\/8\/2023<\/strong>&nbsp;::&nbsp; por <strong>Marco Pozzana<\/strong><\/p>\n\n\n\n<p class=\"has-drop-cap has-medium-font-size\">\u00c9 fascinante imaginar como se deu a chegada dos primeiros primatas nas Am\u00e9ricas h\u00e1 milh\u00f5es de anos. Embora este cen\u00e1rio permane\u00e7a muito nebuloso, os cientistas acabam de achar uma importante pe\u00e7a desse &#8220;quebra-cabe\u00e7a&#8221;.<\/p>\n\n\n\n<p class=\"has-drop-cap has-medium-font-size\"> Um pequeno primata que se alimentava de insetos e possivelmente frutas foi revelado gra\u00e7as \u00e0 descoberta de um f\u00f3ssil, um \u00fanico dente, nas margens do alto Rio Juru\u00e1i, interior do Acre. O artigo que revelou a nova esp\u00e9cie para a ci\u00eancia foi publicado na revista <em>Proceedings of the National Academy of Sciences USA (Biological sciences \u2013 Evolution) <\/em>.<\/p>\n\n\n\n<figure class=\"wp-block-image alignright size-full\"><a href=\"https:\/\/i0.wp.com\/biologo.com.br\/bio\/wp-content\/uploads\/2023\/08\/Ashaninkacebus-simpsoni.jpg?ssl=1\"><img data-recalc-dims=\"1\" loading=\"lazy\" decoding=\"async\" width=\"120\" height=\"217\" data-attachment-id=\"14785\" data-permalink=\"https:\/\/biologo.com.br\/bio\/primata-ancestral\/ashaninkacebus-simpsoni\/\" data-orig-file=\"https:\/\/i0.wp.com\/biologo.com.br\/bio\/wp-content\/uploads\/2023\/08\/Ashaninkacebus-simpsoni.jpg?fit=120%2C217&amp;ssl=1\" data-orig-size=\"120,217\" data-comments-opened=\"0\" data-image-meta=\"{&quot;aperture&quot;:&quot;0&quot;,&quot;credit&quot;:&quot;&quot;,&quot;camera&quot;:&quot;&quot;,&quot;caption&quot;:&quot;&quot;,&quot;created_timestamp&quot;:&quot;0&quot;,&quot;copyright&quot;:&quot;&quot;,&quot;focal_length&quot;:&quot;0&quot;,&quot;iso&quot;:&quot;0&quot;,&quot;shutter_speed&quot;:&quot;0&quot;,&quot;title&quot;:&quot;&quot;,&quot;orientation&quot;:&quot;0&quot;}\" data-image-title=\"Ashaninkacebus-simpsoni\" data-image-description=\"\" data-image-caption=\"\" data-large-file=\"https:\/\/i0.wp.com\/biologo.com.br\/bio\/wp-content\/uploads\/2023\/08\/Ashaninkacebus-simpsoni.jpg?fit=120%2C217&amp;ssl=1\" src=\"https:\/\/i0.wp.com\/biologo.com.br\/bio\/wp-content\/uploads\/2023\/08\/Ashaninkacebus-simpsoni.jpg?resize=120%2C217&#038;ssl=1\" alt=\"\" class=\"wp-image-14785\"\/><\/a><figcaption class=\"wp-element-caption\">Ilustra\u00e7\u00e3o: J. Gonzales e D. Barletta<\/figcaption><\/figure>\n\n\n\n<p class=\"has-medium-font-size\">Batizado como <em>Ashaninkacebus simpsoni<\/em>, o animal despertou o interesse de <span style=\"text-decoration: underline;\"><a href=\"https:\/\/biologo.com.br\/bio\/primatologia\/\">primatologistas<\/a> <\/span>de todo o mundo  pois representa um elo para o estudo da evolu\u00e7\u00e3o dos macacos do Novo Mundo. O m\u00e9rito veio gra\u00e7as ao esfor\u00e7o de uma equipe de paleont\u00f3logos e ge\u00f3logos do Brasil, Fran\u00e7a e Argentina durante expedi\u00e7\u00e3o no oeste da Amaz\u00f4nia brasileira. O estudo foi feito por pesquisadores e estudantes do Museu de Ci\u00eancias Naturais da Secretaria do Meio Ambiente e Infraestrutura do Rio Grande do Sul, da Universidade Federal de Santa Maria, da Universidade Federal do Acre (campus Floresta), da Universidade Federal do Rio Grande do Sul, da Universidade de Bras\u00edlia e da Universidade de S\u00e3o Paulo.<\/p>\n\n\n\n<ul class=\"wp-block-list\">\n<li><a href=\"https:\/\/biologo.com.br\/bio\/menor-macaco-das-americas\/\">Menor macaco das Am\u00e9ricas<\/a><\/li>\n\n\n\n<li><a href=\"https:\/\/biologo.com.br\/bio\/importancia-dos-primatas\/\">Import\u00e2ncia dos primatas<\/a><\/li>\n<\/ul>\n\n\n\n<h3 class=\"wp-block-heading\"><strong><em>Ashaninkacebus simpsoni&nbsp;<\/em>gen.&nbsp;<em>et&nbsp;<\/em>sp. nov.<\/strong><\/h3>\n\n\n\n<!--more-->\n\n\n\n<p class=\"has-medium-font-size\">A an\u00e1lise do f\u00f3ssil tamb\u00e9m revelou que o <em>Ashaninkacebus simpsoni<\/em> tinha o porte muito pequeno, semelhante aos saguis modernos. O formato do dente tamb\u00e9m permitiu aos cientistas imaginarem que a dieta consistia principalmente de insetos e frutas. Caracter\u00edsticas essas que teriam aumentado as chances de sobreviv\u00eancia em uma jangada natural na longa viagem transatl\u00e2ntica da \u00c1frica \u00e0 Am\u00e9rica do Sul.<\/p>\n\n\n\n<figure class=\"wp-block-image size-large is-style-rounded\"><a href=\"https:\/\/i0.wp.com\/biologo.com.br\/bio\/wp-content\/uploads\/2023\/08\/um-primata-ancestral-das-americas.jpg?ssl=1\"><img data-recalc-dims=\"1\" loading=\"lazy\" decoding=\"async\" width=\"800\" height=\"450\" data-attachment-id=\"14784\" data-permalink=\"https:\/\/biologo.com.br\/bio\/primata-ancestral\/um-primata-ancestral-das-americas\/\" data-orig-file=\"https:\/\/i0.wp.com\/biologo.com.br\/bio\/wp-content\/uploads\/2023\/08\/um-primata-ancestral-das-americas.jpg?fit=1201%2C676&amp;ssl=1\" data-orig-size=\"1201,676\" data-comments-opened=\"0\" data-image-meta=\"{&quot;aperture&quot;:&quot;0&quot;,&quot;credit&quot;:&quot;&quot;,&quot;camera&quot;:&quot;&quot;,&quot;caption&quot;:&quot;&quot;,&quot;created_timestamp&quot;:&quot;0&quot;,&quot;copyright&quot;:&quot;&quot;,&quot;focal_length&quot;:&quot;0&quot;,&quot;iso&quot;:&quot;0&quot;,&quot;shutter_speed&quot;:&quot;0&quot;,&quot;title&quot;:&quot;&quot;,&quot;orientation&quot;:&quot;0&quot;}\" data-image-title=\"um-primata-ancestral-das-americas\" data-image-description=\"&lt;p&gt;descoberta de um f\u00f3ssil de dente no interior do Acre revela uma nova esp\u00e9cie de primata e traz \u00e0 luz a hist\u00f3ria da chegada dos primeiros macacos \u00e0s Am\u00e9ricas. Batizado pelos pesquisadores como Ashaninkacebus simpsoni, o pequeno primata habitou a regi\u00e3o amaz\u00f4nica brasileira h\u00e1 mais de 35 milh\u00f5es de anos, e seu f\u00f3ssil foi encontrado nas margens do alto Rio Juru\u00e1.&lt;\/p&gt;\n\" data-image-caption=\"&lt;p&gt;Ilustra\u00e7\u00e3o de Ashaninkacebus simpsoni por Jorge Gonzales e Diego Barletta&lt;\/p&gt;\n\" data-large-file=\"https:\/\/i0.wp.com\/biologo.com.br\/bio\/wp-content\/uploads\/2023\/08\/um-primata-ancestral-das-americas.jpg?fit=800%2C450&amp;ssl=1\" src=\"https:\/\/i0.wp.com\/biologo.com.br\/bio\/wp-content\/uploads\/2023\/08\/um-primata-ancestral-das-americas.jpg?resize=800%2C450&#038;ssl=1\" alt=\"Um primata ancestral das Am\u00e9ricas\" class=\"wp-image-14784\" srcset=\"https:\/\/i0.wp.com\/biologo.com.br\/bio\/wp-content\/uploads\/2023\/08\/um-primata-ancestral-das-americas.jpg?resize=1024%2C576&amp;ssl=1 1024w, https:\/\/i0.wp.com\/biologo.com.br\/bio\/wp-content\/uploads\/2023\/08\/um-primata-ancestral-das-americas.jpg?resize=300%2C169&amp;ssl=1 300w, https:\/\/i0.wp.com\/biologo.com.br\/bio\/wp-content\/uploads\/2023\/08\/um-primata-ancestral-das-americas.jpg?resize=768%2C432&amp;ssl=1 768w, https:\/\/i0.wp.com\/biologo.com.br\/bio\/wp-content\/uploads\/2023\/08\/um-primata-ancestral-das-americas.jpg?w=1201&amp;ssl=1 1201w\" sizes=\"auto, (max-width: 800px) 100vw, 800px\" \/><\/a><figcaption class=\"wp-element-caption\">Ilustra\u00e7\u00e3o de como seria o <em>Ashaninkacebus simpsoni<\/em>. Jorge Gonzales e Diego Barletta<\/figcaption><\/figure>\n\n\n\n<p class=\"has-medium-font-size\">Vale ressaltar que a Amaz\u00f4nia Ocidental revelou recentemente que dois clados distintos de primatas antropoides de origem africana colonizaram a Am\u00e9rica do Sul perto da transi\u00e7\u00e3o Eoceno\/Oligoceno (ca. 34 Ma). No entanto, o f\u00f3ssil do&nbsp;<em>Ashaninkacebus&nbsp;<\/em>desafia essa concep\u00e7\u00e3o, sugerindo a presen\u00e7a de um terceiro grupo de primatas antropoides na coloniza\u00e7\u00e3o da Am\u00e9rica do Sul. <\/p>\n\n\n\n<blockquote class=\"wp-block-quote is-layout-flow wp-block-quote-is-layout-flow\" style=\"border-top-left-radius:100px;border-top-right-radius:100px;border-bottom-left-radius:100px;border-bottom-right-radius:100px\">\n<p class=\"has-medium-font-size\"><strong>J\u00e1 sab\u00edamos que dois grupos de primatas de origem africana haviam chegado a Am\u00e9rica do sul h\u00e1 pelo menos 34 milh\u00f5es de anos, e agora, <em>Ashaninkacebus <\/em>relevela que um terceiro grupo tamb\u00e9m chegou aqui&#8221;,<\/strong> disse o paleont\u00f3logo da Universidade Federal de Santa Maria Leonardo Kerber.<\/p>\n<\/blockquote>\n\n\n\n<p class=\"has-medium-font-size\">No futuro, novos achados podem revelar mais detalhes da anatomia dessa misteriosa esp\u00e9cie, que representa uma valioso registro sobre as origens dos macacos no continente americano.<\/p>\n\n\n\n<p class=\"has-medium-font-size\">Em s\u00edntese, a descoberta do <em>Ashaninkacebus simpsoni<\/em> n\u00e3o apenas amplia nosso entendimento sobre a coloniza\u00e7\u00e3o dos primatas nas Am\u00e9ricas, mas tamb\u00e9m desafia concep\u00e7\u00f5es anteriores ao indicar a presen\u00e7a de um terceiro grupo ancestral. <\/p>\n\n\n\n<p class=\"has-medium-font-size\">Assim, o estudo refor\u00e7a a import\u00e2ncia da Amaz\u00f4nia como palco de revela\u00e7\u00f5es cient\u00edficas \u00fanicas. Al\u00e9m disso, evidencia como um simples f\u00f3ssil pode transformar hip\u00f3teses evolutivas em novas perspectivas. Por fim, essa pesquisa abre caminho para futuras investiga\u00e7\u00f5es que certamente trar\u00e3o mais detalhes sobre a origem e a diversidade dos macacos no continente americano.<\/p>\n\n\n\n<h6 class=\"wp-block-heading has-small-font-size\"><strong>Fontes e refer\u00eancias<\/strong>:<\/h6>\n\n\n\n<p class=\"has-small-font-size\">Laurent Marivaux, Francisco R. Negri, Pierre-Olivier Antoine, Narla S Stutz, Fabien L. Condamine, Leonardo Kerber, Fran\u00e7ois Pujos, Roberto Ventura Santos, Andr\u00e9 M. V. Alvim, Annie S. Hsiou, Marcos C. Bissaro Jr., Karen Adami-Rodrigues and Ana Maria Ribeiro. 2023. An eosimiid Primate of South Asian Affinities in the Paleogene of Western Amazonia and the Origin of New World Monkeys.&nbsp;<strong><em>Proc Natl Acad Sci USA.&nbsp;<\/em><\/strong>120 (28) e2301338120. DOI:&nbsp;<em><a href=\"https:\/\/doi.org\/10.1073\/pnas.2301338120\">10.1073\/pnas.2301338120<\/a><\/em><\/p>\n\n\n\n<p class=\"has-small-font-size\"><a href=\"https:\/\/g1.globo.com\/ac\/acre\/noticia\/2023\/07\/07\/fossil-de-dente-achado-no-ac-revela-nova-especie-e-desvenda-chegada-dos-primeiros-primatas-as-americas.ghtml\">F\u00f3ssil de dente achado no AC revela nova esp\u00e9cie e desvenda chegada dos primeiros primatas \u00e0s Am\u00e9ricas<\/a> &#8211; G1 &#8211; 07\/07\/2023&nbsp;<\/p>\n\n\n\n<figure class=\"wp-block-image aligncenter is-resized\"><a href=\"https:\/\/biologo.com.br\/bio\/apoie-o-biologo\/\"><img data-recalc-dims=\"1\" loading=\"lazy\" decoding=\"async\" width=\"174\" height=\"147\" data-attachment-id=\"11979\" data-permalink=\"https:\/\/biologo.com.br\/bio\/caracal-um-mestre-da-sobrevivencia\/apoiepeq\/\" data-orig-file=\"https:\/\/i0.wp.com\/biologo.com.br\/bio\/wp-content\/uploads\/2022\/05\/apoiepeq.jpg?fit=174%2C147&amp;ssl=1\" data-orig-size=\"174,147\" data-comments-opened=\"0\" data-image-meta=\"{&quot;aperture&quot;:&quot;0&quot;,&quot;credit&quot;:&quot;&quot;,&quot;camera&quot;:&quot;&quot;,&quot;caption&quot;:&quot;&quot;,&quot;created_timestamp&quot;:&quot;0&quot;,&quot;copyright&quot;:&quot;&quot;,&quot;focal_length&quot;:&quot;0&quot;,&quot;iso&quot;:&quot;0&quot;,&quot;shutter_speed&quot;:&quot;0&quot;,&quot;title&quot;:&quot;&quot;,&quot;orientation&quot;:&quot;0&quot;}\" data-image-title=\"apoiepeq\" data-image-description=\"&lt;p&gt;Apoie o Bi\u00f3logo&lt;\/p&gt;\n\" data-image-caption=\"\" data-large-file=\"https:\/\/i0.wp.com\/biologo.com.br\/bio\/wp-content\/uploads\/2022\/05\/apoiepeq.jpg?fit=174%2C147&amp;ssl=1\" src=\"https:\/\/i0.wp.com\/biologo.com.br\/bio\/wp-content\/uploads\/2022\/05\/apoiepeq.jpg?resize=174%2C147&#038;ssl=1\" alt=\"Apoie o Bi\u00f3logo\" class=\"wp-image-11979\" style=\"width:168px;height:142px\" title=\"Apoie o Bi\u00f3logo\"\/><\/a><\/figure>\n\n\n\n<p class=\"has-text-align-center\"><a href=\"https:\/\/biologo.com.br\/bio\/apoie-o-biologo\/\"><strong>apoie o Bi\u00f3logo<\/strong><\/a><\/p>\n","protected":false},"excerpt":{"rendered":"<p>Um primata ancestral das Am\u00e9ricas: estudo revelou primata que habitava a Amaz\u00f4nia brasileira h\u00e1 mais de 35 milh\u00f5es de anos.<\/p>\n","protected":false},"author":1,"featured_media":14784,"comment_status":"closed","ping_status":"closed","sticky":false,"template":"","format":"standard","meta":{"colormag_page_container_layout":"default_layout","colormag_page_sidebar_layout":"default_layout","jetpack_post_was_ever_published":false,"_jetpack_newsletter_access":"","_jetpack_dont_email_post_to_subs":false,"_jetpack_newsletter_tier_id":0,"_jetpack_memberships_contains_paywalled_content":false,"_jetpack_memberships_contains_paid_content":false,"footnotes":"","jetpack_publicize_message":"","jetpack_publicize_feature_enabled":true,"jetpack_social_post_already_shared":true,"jetpack_social_options":{"image_generator_settings":{"template":"highway","default_image_id":0,"font":"","enabled":false},"version":2}},"categories":[121,9,41,27],"tags":[],"class_list":["post-14783","post","type-post","status-publish","format-standard","has-post-thumbnail","hentry","category-evolucao","category-mastozoologia","category-primatologia","category-zoologia"],"yoast_head":"<!-- This site is optimized with the Yoast SEO plugin v27.5 - https:\/\/yoast.com\/product\/yoast-seo-wordpress\/ -->\n<title>Um primata ancestral das Am\u00e9ricas - importante descoberta &quot;elo perdido&quot;<\/title>\n<meta name=\"description\" content=\"Estudo revelou um primata da Amaz\u00f4nia brasileira h\u00e1 mais de 35 milh\u00f5es de anos. A nova esp\u00e9cie. Um primata ancestral das Am\u00e9ricas.\" \/>\n<meta name=\"robots\" content=\"index, follow, max-snippet:-1, max-image-preview:large, max-video-preview:-1\" \/>\n<link rel=\"canonical\" href=\"https:\/\/biologo.com.br\/bio\/primata-ancestral\/\" \/>\n<meta property=\"og:locale\" content=\"pt_BR\" \/>\n<meta property=\"og:type\" content=\"article\" \/>\n<meta property=\"og:title\" content=\"Um primata ancestral das Am\u00e9ricas - importante descoberta &quot;elo perdido&quot;\" \/>\n<meta property=\"og:description\" content=\"Estudo revelou um primata da Amaz\u00f4nia brasileira h\u00e1 mais de 35 milh\u00f5es de anos. A nova esp\u00e9cie. Um primata ancestral das Am\u00e9ricas.\" \/>\n<meta property=\"og:url\" content=\"https:\/\/biologo.com.br\/bio\/primata-ancestral\/\" \/>\n<meta property=\"og:site_name\" content=\"Bi\u00f3logo\" \/>\n<meta property=\"article:publisher\" content=\"https:\/\/www.facebook.com\/biologocombr\/\" \/>\n<meta property=\"article:published_time\" content=\"2023-08-10T02:49:01+00:00\" \/>\n<meta property=\"article:modified_time\" content=\"2025-12-30T13:39:03+00:00\" \/>\n<meta property=\"og:image\" content=\"https:\/\/biologo.com.br\/bio\/wp-content\/uploads\/2023\/08\/um-primata-ancestral-das-americas.jpg\" \/>\n\t<meta property=\"og:image:width\" content=\"1201\" \/>\n\t<meta property=\"og:image:height\" content=\"676\" \/>\n\t<meta property=\"og:image:type\" content=\"image\/jpeg\" \/>\n<meta name=\"author\" content=\"pozzana\" \/>\n<meta name=\"twitter:card\" content=\"summary_large_image\" \/>\n<meta name=\"twitter:creator\" content=\"@Biologocombr\" \/>\n<meta name=\"twitter:site\" content=\"@Biologocombr\" \/>\n<meta name=\"twitter:label1\" content=\"Escrito por\" \/>\n\t<meta name=\"twitter:data1\" content=\"pozzana\" \/>\n\t<meta name=\"twitter:label2\" content=\"Est. tempo de leitura\" \/>\n\t<meta name=\"twitter:data2\" content=\"5 minutos\" \/>\n<script type=\"application\/ld+json\" class=\"yoast-schema-graph\">{\"@context\":\"https:\\\/\\\/schema.org\",\"@graph\":[{\"@type\":\"Article\",\"@id\":\"https:\\\/\\\/biologo.com.br\\\/bio\\\/primata-ancestral\\\/#article\",\"isPartOf\":{\"@id\":\"https:\\\/\\\/biologo.com.br\\\/bio\\\/primata-ancestral\\\/\"},\"author\":{\"name\":\"pozzana\",\"@id\":\"https:\\\/\\\/biologo.com.br\\\/bio\\\/#\\\/schema\\\/person\\\/3a5d600bbc47f8bb0cd43594317a6cd4\"},\"headline\":\"Primata ancestral\",\"datePublished\":\"2023-08-10T02:49:01+00:00\",\"dateModified\":\"2025-12-30T13:39:03+00:00\",\"mainEntityOfPage\":{\"@id\":\"https:\\\/\\\/biologo.com.br\\\/bio\\\/primata-ancestral\\\/\"},\"wordCount\":725,\"publisher\":{\"@id\":\"https:\\\/\\\/biologo.com.br\\\/bio\\\/#organization\"},\"image\":{\"@id\":\"https:\\\/\\\/biologo.com.br\\\/bio\\\/primata-ancestral\\\/#primaryimage\"},\"thumbnailUrl\":\"https:\\\/\\\/i0.wp.com\\\/biologo.com.br\\\/bio\\\/wp-content\\\/uploads\\\/2023\\\/08\\\/um-primata-ancestral-das-americas.jpg?fit=1201%2C676&ssl=1\",\"articleSection\":[\"Evolu\u00e7\u00e3o\",\"Mastozoologia\",\"Primatologia\",\"Zoologia\"],\"inLanguage\":\"pt-BR\"},{\"@type\":\"WebPage\",\"@id\":\"https:\\\/\\\/biologo.com.br\\\/bio\\\/primata-ancestral\\\/\",\"url\":\"https:\\\/\\\/biologo.com.br\\\/bio\\\/primata-ancestral\\\/\",\"name\":\"Um primata ancestral das Am\u00e9ricas - importante descoberta \\\"elo perdido\\\"\",\"isPartOf\":{\"@id\":\"https:\\\/\\\/biologo.com.br\\\/bio\\\/#website\"},\"primaryImageOfPage\":{\"@id\":\"https:\\\/\\\/biologo.com.br\\\/bio\\\/primata-ancestral\\\/#primaryimage\"},\"image\":{\"@id\":\"https:\\\/\\\/biologo.com.br\\\/bio\\\/primata-ancestral\\\/#primaryimage\"},\"thumbnailUrl\":\"https:\\\/\\\/i0.wp.com\\\/biologo.com.br\\\/bio\\\/wp-content\\\/uploads\\\/2023\\\/08\\\/um-primata-ancestral-das-americas.jpg?fit=1201%2C676&ssl=1\",\"datePublished\":\"2023-08-10T02:49:01+00:00\",\"dateModified\":\"2025-12-30T13:39:03+00:00\",\"description\":\"Estudo revelou um primata da Amaz\u00f4nia brasileira h\u00e1 mais de 35 milh\u00f5es de anos. A nova esp\u00e9cie. Um primata ancestral das Am\u00e9ricas.\",\"breadcrumb\":{\"@id\":\"https:\\\/\\\/biologo.com.br\\\/bio\\\/primata-ancestral\\\/#breadcrumb\"},\"inLanguage\":\"pt-BR\",\"potentialAction\":[{\"@type\":\"ReadAction\",\"target\":[\"https:\\\/\\\/biologo.com.br\\\/bio\\\/primata-ancestral\\\/\"]}]},{\"@type\":\"ImageObject\",\"inLanguage\":\"pt-BR\",\"@id\":\"https:\\\/\\\/biologo.com.br\\\/bio\\\/primata-ancestral\\\/#primaryimage\",\"url\":\"https:\\\/\\\/i0.wp.com\\\/biologo.com.br\\\/bio\\\/wp-content\\\/uploads\\\/2023\\\/08\\\/um-primata-ancestral-das-americas.jpg?fit=1201%2C676&ssl=1\",\"contentUrl\":\"https:\\\/\\\/i0.wp.com\\\/biologo.com.br\\\/bio\\\/wp-content\\\/uploads\\\/2023\\\/08\\\/um-primata-ancestral-das-americas.jpg?fit=1201%2C676&ssl=1\",\"width\":1201,\"height\":676,\"caption\":\"Ilustra\u00e7\u00e3o de Ashaninkacebus simpsoni por Jorge Gonzales e Diego Barletta\"},{\"@type\":\"BreadcrumbList\",\"@id\":\"https:\\\/\\\/biologo.com.br\\\/bio\\\/primata-ancestral\\\/#breadcrumb\",\"itemListElement\":[{\"@type\":\"ListItem\",\"position\":1,\"name\":\"In\u00edcio\",\"item\":\"https:\\\/\\\/biologo.com.br\\\/bio\\\/\"},{\"@type\":\"ListItem\",\"position\":2,\"name\":\"Primata ancestral\"}]},{\"@type\":\"WebSite\",\"@id\":\"https:\\\/\\\/biologo.com.br\\\/bio\\\/#website\",\"url\":\"https:\\\/\\\/biologo.com.br\\\/bio\\\/\",\"name\":\"Bi\u00f3logo\",\"description\":\"Biologia. Informa\u00e7\u00f5es para bi\u00f3logos ou leigos. Eventos, v\u00eddeos e muito mais. Ci\u00eancias biol\u00f3gicas.\",\"publisher\":{\"@id\":\"https:\\\/\\\/biologo.com.br\\\/bio\\\/#organization\"},\"potentialAction\":[{\"@type\":\"SearchAction\",\"target\":{\"@type\":\"EntryPoint\",\"urlTemplate\":\"https:\\\/\\\/biologo.com.br\\\/bio\\\/?s={search_term_string}\"},\"query-input\":{\"@type\":\"PropertyValueSpecification\",\"valueRequired\":true,\"valueName\":\"search_term_string\"}}],\"inLanguage\":\"pt-BR\"},{\"@type\":\"Organization\",\"@id\":\"https:\\\/\\\/biologo.com.br\\\/bio\\\/#organization\",\"name\":\"Bi\u00f3logo\",\"url\":\"https:\\\/\\\/biologo.com.br\\\/bio\\\/\",\"logo\":{\"@type\":\"ImageObject\",\"inLanguage\":\"pt-BR\",\"@id\":\"https:\\\/\\\/biologo.com.br\\\/bio\\\/#\\\/schema\\\/logo\\\/image\\\/\",\"url\":\"https:\\\/\\\/i0.wp.com\\\/biologo.com.br\\\/bio\\\/wp-content\\\/uploads\\\/2015\\\/12\\\/logo1.jpg?fit=179%2C57&ssl=1\",\"contentUrl\":\"https:\\\/\\\/i0.wp.com\\\/biologo.com.br\\\/bio\\\/wp-content\\\/uploads\\\/2015\\\/12\\\/logo1.jpg?fit=179%2C57&ssl=1\",\"width\":179,\"height\":57,\"caption\":\"Bi\u00f3logo\"},\"image\":{\"@id\":\"https:\\\/\\\/biologo.com.br\\\/bio\\\/#\\\/schema\\\/logo\\\/image\\\/\"},\"sameAs\":[\"https:\\\/\\\/www.facebook.com\\\/biologocombr\\\/\",\"https:\\\/\\\/x.com\\\/Biologocombr\",\"https:\\\/\\\/www.instagram.com\\\/biologo.com.br\\\/\"]},{\"@type\":\"Person\",\"@id\":\"https:\\\/\\\/biologo.com.br\\\/bio\\\/#\\\/schema\\\/person\\\/3a5d600bbc47f8bb0cd43594317a6cd4\",\"name\":\"pozzana\",\"image\":{\"@type\":\"ImageObject\",\"inLanguage\":\"pt-BR\",\"@id\":\"https:\\\/\\\/secure.gravatar.com\\\/avatar\\\/fa8f924c29488a329bd70373453572f7494e802125f373a7f2937173cc26b21f?s=96&d=mm&r=g\",\"url\":\"https:\\\/\\\/secure.gravatar.com\\\/avatar\\\/fa8f924c29488a329bd70373453572f7494e802125f373a7f2937173cc26b21f?s=96&d=mm&r=g\",\"contentUrl\":\"https:\\\/\\\/secure.gravatar.com\\\/avatar\\\/fa8f924c29488a329bd70373453572f7494e802125f373a7f2937173cc26b21f?s=96&d=mm&r=g\",\"caption\":\"pozzana\"},\"url\":\"https:\\\/\\\/biologo.com.br\\\/bio\\\/author\\\/pozzana\\\/\"}]}<\/script>\n<!-- \/ Yoast SEO plugin. -->","yoast_head_json":{"title":"Um primata ancestral das Am\u00e9ricas - importante descoberta \"elo perdido\"","description":"Estudo revelou um primata da Amaz\u00f4nia brasileira h\u00e1 mais de 35 milh\u00f5es de anos. A nova esp\u00e9cie. Um primata ancestral das Am\u00e9ricas.","robots":{"index":"index","follow":"follow","max-snippet":"max-snippet:-1","max-image-preview":"max-image-preview:large","max-video-preview":"max-video-preview:-1"},"canonical":"https:\/\/biologo.com.br\/bio\/primata-ancestral\/","og_locale":"pt_BR","og_type":"article","og_title":"Um primata ancestral das Am\u00e9ricas - importante descoberta \"elo perdido\"","og_description":"Estudo revelou um primata da Amaz\u00f4nia brasileira h\u00e1 mais de 35 milh\u00f5es de anos. A nova esp\u00e9cie. Um primata ancestral das Am\u00e9ricas.","og_url":"https:\/\/biologo.com.br\/bio\/primata-ancestral\/","og_site_name":"Bi\u00f3logo","article_publisher":"https:\/\/www.facebook.com\/biologocombr\/","article_published_time":"2023-08-10T02:49:01+00:00","article_modified_time":"2025-12-30T13:39:03+00:00","og_image":[{"width":1201,"height":676,"url":"https:\/\/biologo.com.br\/bio\/wp-content\/uploads\/2023\/08\/um-primata-ancestral-das-americas.jpg","type":"image\/jpeg"}],"author":"pozzana","twitter_card":"summary_large_image","twitter_creator":"@Biologocombr","twitter_site":"@Biologocombr","twitter_misc":{"Escrito por":"pozzana","Est. tempo de leitura":"5 minutos"},"schema":{"@context":"https:\/\/schema.org","@graph":[{"@type":"Article","@id":"https:\/\/biologo.com.br\/bio\/primata-ancestral\/#article","isPartOf":{"@id":"https:\/\/biologo.com.br\/bio\/primata-ancestral\/"},"author":{"name":"pozzana","@id":"https:\/\/biologo.com.br\/bio\/#\/schema\/person\/3a5d600bbc47f8bb0cd43594317a6cd4"},"headline":"Primata ancestral","datePublished":"2023-08-10T02:49:01+00:00","dateModified":"2025-12-30T13:39:03+00:00","mainEntityOfPage":{"@id":"https:\/\/biologo.com.br\/bio\/primata-ancestral\/"},"wordCount":725,"publisher":{"@id":"https:\/\/biologo.com.br\/bio\/#organization"},"image":{"@id":"https:\/\/biologo.com.br\/bio\/primata-ancestral\/#primaryimage"},"thumbnailUrl":"https:\/\/i0.wp.com\/biologo.com.br\/bio\/wp-content\/uploads\/2023\/08\/um-primata-ancestral-das-americas.jpg?fit=1201%2C676&ssl=1","articleSection":["Evolu\u00e7\u00e3o","Mastozoologia","Primatologia","Zoologia"],"inLanguage":"pt-BR"},{"@type":"WebPage","@id":"https:\/\/biologo.com.br\/bio\/primata-ancestral\/","url":"https:\/\/biologo.com.br\/bio\/primata-ancestral\/","name":"Um primata ancestral das Am\u00e9ricas - importante descoberta \"elo perdido\"","isPartOf":{"@id":"https:\/\/biologo.com.br\/bio\/#website"},"primaryImageOfPage":{"@id":"https:\/\/biologo.com.br\/bio\/primata-ancestral\/#primaryimage"},"image":{"@id":"https:\/\/biologo.com.br\/bio\/primata-ancestral\/#primaryimage"},"thumbnailUrl":"https:\/\/i0.wp.com\/biologo.com.br\/bio\/wp-content\/uploads\/2023\/08\/um-primata-ancestral-das-americas.jpg?fit=1201%2C676&ssl=1","datePublished":"2023-08-10T02:49:01+00:00","dateModified":"2025-12-30T13:39:03+00:00","description":"Estudo revelou um primata da Amaz\u00f4nia brasileira h\u00e1 mais de 35 milh\u00f5es de anos. A nova esp\u00e9cie. Um primata ancestral das Am\u00e9ricas.","breadcrumb":{"@id":"https:\/\/biologo.com.br\/bio\/primata-ancestral\/#breadcrumb"},"inLanguage":"pt-BR","potentialAction":[{"@type":"ReadAction","target":["https:\/\/biologo.com.br\/bio\/primata-ancestral\/"]}]},{"@type":"ImageObject","inLanguage":"pt-BR","@id":"https:\/\/biologo.com.br\/bio\/primata-ancestral\/#primaryimage","url":"https:\/\/i0.wp.com\/biologo.com.br\/bio\/wp-content\/uploads\/2023\/08\/um-primata-ancestral-das-americas.jpg?fit=1201%2C676&ssl=1","contentUrl":"https:\/\/i0.wp.com\/biologo.com.br\/bio\/wp-content\/uploads\/2023\/08\/um-primata-ancestral-das-americas.jpg?fit=1201%2C676&ssl=1","width":1201,"height":676,"caption":"Ilustra\u00e7\u00e3o de Ashaninkacebus simpsoni por Jorge Gonzales e Diego Barletta"},{"@type":"BreadcrumbList","@id":"https:\/\/biologo.com.br\/bio\/primata-ancestral\/#breadcrumb","itemListElement":[{"@type":"ListItem","position":1,"name":"In\u00edcio","item":"https:\/\/biologo.com.br\/bio\/"},{"@type":"ListItem","position":2,"name":"Primata ancestral"}]},{"@type":"WebSite","@id":"https:\/\/biologo.com.br\/bio\/#website","url":"https:\/\/biologo.com.br\/bio\/","name":"Bi\u00f3logo","description":"Biologia. Informa\u00e7\u00f5es para bi\u00f3logos ou leigos. Eventos, v\u00eddeos e muito mais. Ci\u00eancias biol\u00f3gicas.","publisher":{"@id":"https:\/\/biologo.com.br\/bio\/#organization"},"potentialAction":[{"@type":"SearchAction","target":{"@type":"EntryPoint","urlTemplate":"https:\/\/biologo.com.br\/bio\/?s={search_term_string}"},"query-input":{"@type":"PropertyValueSpecification","valueRequired":true,"valueName":"search_term_string"}}],"inLanguage":"pt-BR"},{"@type":"Organization","@id":"https:\/\/biologo.com.br\/bio\/#organization","name":"Bi\u00f3logo","url":"https:\/\/biologo.com.br\/bio\/","logo":{"@type":"ImageObject","inLanguage":"pt-BR","@id":"https:\/\/biologo.com.br\/bio\/#\/schema\/logo\/image\/","url":"https:\/\/i0.wp.com\/biologo.com.br\/bio\/wp-content\/uploads\/2015\/12\/logo1.jpg?fit=179%2C57&ssl=1","contentUrl":"https:\/\/i0.wp.com\/biologo.com.br\/bio\/wp-content\/uploads\/2015\/12\/logo1.jpg?fit=179%2C57&ssl=1","width":179,"height":57,"caption":"Bi\u00f3logo"},"image":{"@id":"https:\/\/biologo.com.br\/bio\/#\/schema\/logo\/image\/"},"sameAs":["https:\/\/www.facebook.com\/biologocombr\/","https:\/\/x.com\/Biologocombr","https:\/\/www.instagram.com\/biologo.com.br\/"]},{"@type":"Person","@id":"https:\/\/biologo.com.br\/bio\/#\/schema\/person\/3a5d600bbc47f8bb0cd43594317a6cd4","name":"pozzana","image":{"@type":"ImageObject","inLanguage":"pt-BR","@id":"https:\/\/secure.gravatar.com\/avatar\/fa8f924c29488a329bd70373453572f7494e802125f373a7f2937173cc26b21f?s=96&d=mm&r=g","url":"https:\/\/secure.gravatar.com\/avatar\/fa8f924c29488a329bd70373453572f7494e802125f373a7f2937173cc26b21f?s=96&d=mm&r=g","contentUrl":"https:\/\/secure.gravatar.com\/avatar\/fa8f924c29488a329bd70373453572f7494e802125f373a7f2937173cc26b21f?s=96&d=mm&r=g","caption":"pozzana"},"url":"https:\/\/biologo.com.br\/bio\/author\/pozzana\/"}]}},"jetpack_publicize_connections":[],"jetpack_featured_media_url":"https:\/\/i0.wp.com\/biologo.com.br\/bio\/wp-content\/uploads\/2023\/08\/um-primata-ancestral-das-americas.jpg?fit=1201%2C676&ssl=1","jetpack-related-posts":[{"id":7526,"url":"https:\/\/biologo.com.br\/bio\/darwin-na-taxonomia\/","url_meta":{"origin":14783,"position":0},"title":"Darwin na taxonomia","author":"pozzana","date":"agosto 12, 2020","format":false,"excerpt":"Darwin na taxonomia: Nova forma de classificar os seres vivos privilegia a hist\u00f3ria evolutiva e abandona as divis\u00f5es da classifica\u00e7\u00e3o de Lineu. Darwin na taxonomia 12\/8\/2020 ::\u00a0 Marcos Pivetta\/Pesquisa FAPESP. \u00a0CC BY-ND 4.0 Dois livros lan\u00e7ados em junho sistematizam uma proposta alternativa de classificar os seres vivos a partir de\u2026","rel":"","context":"Em &quot;Evolu\u00e7\u00e3o&quot;","block_context":{"text":"Evolu\u00e7\u00e3o","link":"https:\/\/biologo.com.br\/bio\/category\/evolucao\/"},"img":{"alt_text":"Darwin na taxonomia","src":"https:\/\/i0.wp.com\/biologo.com.br\/bio\/wp-content\/uploads\/2020\/08\/Darwin-na-taxonomia.jpg?fit=631%2C351&ssl=1&resize=350%2C200","width":350,"height":200,"srcset":"https:\/\/i0.wp.com\/biologo.com.br\/bio\/wp-content\/uploads\/2020\/08\/Darwin-na-taxonomia.jpg?fit=631%2C351&ssl=1&resize=350%2C200 1x, https:\/\/i0.wp.com\/biologo.com.br\/bio\/wp-content\/uploads\/2020\/08\/Darwin-na-taxonomia.jpg?fit=631%2C351&ssl=1&resize=525%2C300 1.5x"},"classes":[]},{"id":13268,"url":"https:\/\/biologo.com.br\/bio\/importancia-dos-primatas\/","url_meta":{"origin":14783,"position":1},"title":"Import\u00e2ncia dos primatas","author":"pozzana","date":"abril 3, 2023","format":false,"excerpt":"Import\u00e2ncia dos primatas: cerca de 60% das esp\u00e9cies de primatas est\u00e3o amea\u00e7adas de extin\u00e7\u00e3o em todo o planeta. Entenda aqui o relevante valor desses animais para o meio ambiente e sociedade e a import\u00e2ncia de sua diversidade. Import\u00e2ncia dos primatas 3\/4\/2023 ::\u00a0 por Marco Pozzana, bi\u00f3logo A ordem dos primatas\u2026","rel":"","context":"Em &quot;Mam\u00edferos&quot;","block_context":{"text":"Mam\u00edferos","link":"https:\/\/biologo.com.br\/bio\/category\/mamiferos\/"},"img":{"alt_text":"Import\u00e2ncia dos primatas","src":"https:\/\/i0.wp.com\/biologo.com.br\/bio\/wp-content\/uploads\/2023\/04\/importancia-dos-primatas.jpg?fit=1201%2C676&ssl=1&resize=350%2C200","width":350,"height":200,"srcset":"https:\/\/i0.wp.com\/biologo.com.br\/bio\/wp-content\/uploads\/2023\/04\/importancia-dos-primatas.jpg?fit=1201%2C676&ssl=1&resize=350%2C200 1x, https:\/\/i0.wp.com\/biologo.com.br\/bio\/wp-content\/uploads\/2023\/04\/importancia-dos-primatas.jpg?fit=1201%2C676&ssl=1&resize=525%2C300 1.5x, https:\/\/i0.wp.com\/biologo.com.br\/bio\/wp-content\/uploads\/2023\/04\/importancia-dos-primatas.jpg?fit=1201%2C676&ssl=1&resize=700%2C400 2x, https:\/\/i0.wp.com\/biologo.com.br\/bio\/wp-content\/uploads\/2023\/04\/importancia-dos-primatas.jpg?fit=1201%2C676&ssl=1&resize=1050%2C600 3x"},"classes":[]},{"id":2125,"url":"https:\/\/biologo.com.br\/bio\/evolucao-do-tamanho\/","url_meta":{"origin":14783,"position":2},"title":"Evolu\u00e7\u00e3o do Tamanho","author":"pozzana","date":"mar\u00e7o 20, 2017","format":false,"excerpt":"Evolu\u00e7\u00e3o do Tamanho:\u00a0Uma pesquisa divulgada pela revista PNAS\u00a0indicou que a sele\u00e7\u00e3o natural pode ter ocorrido mais em fun\u00e7\u00e3o do tamanho do corpo do que pela intelig\u00eancia.\u00a0O estudo foi feito com f\u00f3sseis de centenas de morcegos modernos e extintos, primatas e carn\u00edvoros. Evolu\u00e7\u00e3o do Tamanho O estudo, afirmam os pesquisadores, mostra\u2026","rel":"","context":"Em &quot;Biodiversidade&quot;","block_context":{"text":"Biodiversidade","link":"https:\/\/biologo.com.br\/bio\/category\/biodiversidade\/"},"img":{"alt_text":"Evolu\u00e7\u00e3o do tamanho","src":"https:\/\/i0.wp.com\/biologo.com.br\/bio\/wp-content\/uploads\/2017\/03\/evolucao-do-tamanho-elefante.jpg?fit=631%2C351&ssl=1&resize=350%2C200","width":350,"height":200,"srcset":"https:\/\/i0.wp.com\/biologo.com.br\/bio\/wp-content\/uploads\/2017\/03\/evolucao-do-tamanho-elefante.jpg?fit=631%2C351&ssl=1&resize=350%2C200 1x, https:\/\/i0.wp.com\/biologo.com.br\/bio\/wp-content\/uploads\/2017\/03\/evolucao-do-tamanho-elefante.jpg?fit=631%2C351&ssl=1&resize=525%2C300 1.5x"},"classes":[]},{"id":11713,"url":"https:\/\/biologo.com.br\/bio\/muriqui-o-maior-primata-das-americas-esta-criticamente-ameacado\/","url_meta":{"origin":14783,"position":3},"title":"Muriqui, o maior primata das Am\u00e9ricas est\u00e1 criticamente amea\u00e7ado","author":"pozzana","date":"abril 7, 2022","format":false,"excerpt":"Muriqui, o maior primata das Am\u00e9ricas: Ambientalistas se mobilizam para salvar os \u00faltimos Muriquis na Mata Atl\u00e2ntica. A situa\u00e7\u00e3o \u00e9 desafiadora, uma vez que a floresta se encontra muito fragmentada. \u00a0 Muriqui, o maior primata das Am\u00e9ricas est\u00e1 criticamente amea\u00e7ado 7\/4\/2022 ::\u00a0 Marco Pozzana, bi\u00f3logo Chamamos de Muriqui as duas\u2026","rel":"","context":"Em &quot;Conserva\u00e7\u00e3o&quot;","block_context":{"text":"Conserva\u00e7\u00e3o","link":"https:\/\/biologo.com.br\/bio\/category\/conservacao\/"},"img":{"alt_text":"Muriqui, o maior primata das Am\u00e9ricas est\u00e1 criticamente amea\u00e7ado","src":"https:\/\/i0.wp.com\/biologo.com.br\/bio\/wp-content\/uploads\/2022\/04\/muriqui-Brachyteles.jpg?fit=631%2C351&ssl=1&resize=350%2C200","width":350,"height":200,"srcset":"https:\/\/i0.wp.com\/biologo.com.br\/bio\/wp-content\/uploads\/2022\/04\/muriqui-Brachyteles.jpg?fit=631%2C351&ssl=1&resize=350%2C200 1x, https:\/\/i0.wp.com\/biologo.com.br\/bio\/wp-content\/uploads\/2022\/04\/muriqui-Brachyteles.jpg?fit=631%2C351&ssl=1&resize=525%2C300 1.5x"},"classes":[]},{"id":10438,"url":"https:\/\/biologo.com.br\/bio\/o-novo-primata-brasileiro\/","url_meta":{"origin":14783,"position":4},"title":"O novo primata brasileiro","author":"pozzana","date":"setembro 1, 2021","format":false,"excerpt":"O novo primata brasileiro: a fant\u00e1stica biodiversidade brasileira costuma brindar os bi\u00f3logos com o surgimento de novas esp\u00e9cies registradas. Eis ent\u00e3o o novo mam\u00edfero, o sagui-de-Schneider (M. schneideri). O novo primata brasileiro, esp\u00e9cie end\u00eamica do Mato Grosso 1\/9\/2021 ::\u00a0 Por Josu\u00e9 Fontana Pesquisadores da UFMT publicaram na Scientific Reports, peri\u00f3dico\u2026","rel":"","context":"Em &quot;Mam\u00edferos&quot;","block_context":{"text":"Mam\u00edferos","link":"https:\/\/biologo.com.br\/bio\/category\/mamiferos\/"},"img":{"alt_text":"O novo primata brasileiro","src":"https:\/\/i0.wp.com\/biologo.com.br\/bio\/wp-content\/uploads\/2021\/09\/sagui-de-Schneider-M.schneideri.jpg?fit=631%2C351&ssl=1&resize=350%2C200","width":350,"height":200,"srcset":"https:\/\/i0.wp.com\/biologo.com.br\/bio\/wp-content\/uploads\/2021\/09\/sagui-de-Schneider-M.schneideri.jpg?fit=631%2C351&ssl=1&resize=350%2C200 1x, https:\/\/i0.wp.com\/biologo.com.br\/bio\/wp-content\/uploads\/2021\/09\/sagui-de-Schneider-M.schneideri.jpg?fit=631%2C351&ssl=1&resize=525%2C300 1.5x"},"classes":[]},{"id":13240,"url":"https:\/\/biologo.com.br\/bio\/terras-indigenas-protegem-primatas\/","url_meta":{"origin":14783,"position":5},"title":"Terras ind\u00edgenas protegem primatas","author":"pozzana","date":"outubro 14, 2022","format":false,"excerpt":"Terras ind\u00edgenas protegem primatas: abrigam 71% das 521 esp\u00e9cies conhecidas. Popula\u00e7\u00f5es de s\u00edmios e l\u00eamures encontradas em \u00e1reas habitadas por povos tradicionais correm menos risco de extin\u00e7\u00e3o. Terras ind\u00edgenas protegem primatas 14\/10\/2022 ::\u00a0 por Eduardo Geraque\/Revista Pesquisa Fapesp A\u00a0destrui\u00e7\u00e3o das matas e das popula\u00e7\u00f5es tradicionais coloca em risco a sobreviv\u00eancia\u2026","rel":"","context":"Em &quot;Ecologia&quot;","block_context":{"text":"Ecologia","link":"https:\/\/biologo.com.br\/bio\/category\/ecologia\/"},"img":{"alt_text":"Bugio-ruivo (Alouatta guariba clamitans)","src":"https:\/\/i0.wp.com\/biologo.com.br\/bio\/wp-content\/uploads\/2022\/10\/Terras-indigenas-protegem-primatas-Bugio-ruivo.jpg?fit=631%2C351&ssl=1&resize=350%2C200","width":350,"height":200,"srcset":"https:\/\/i0.wp.com\/biologo.com.br\/bio\/wp-content\/uploads\/2022\/10\/Terras-indigenas-protegem-primatas-Bugio-ruivo.jpg?fit=631%2C351&ssl=1&resize=350%2C200 1x, https:\/\/i0.wp.com\/biologo.com.br\/bio\/wp-content\/uploads\/2022\/10\/Terras-indigenas-protegem-primatas-Bugio-ruivo.jpg?fit=631%2C351&ssl=1&resize=525%2C300 1.5x"},"classes":[]}],"jetpack_sharing_enabled":true,"jetpack_likes_enabled":true,"jetpack_shortlink":"https:\/\/wp.me\/p6NB6B-3Qr","amp_enabled":true,"_links":{"self":[{"href":"https:\/\/biologo.com.br\/bio\/wp-json\/wp\/v2\/posts\/14783","targetHints":{"allow":["GET"]}}],"collection":[{"href":"https:\/\/biologo.com.br\/bio\/wp-json\/wp\/v2\/posts"}],"about":[{"href":"https:\/\/biologo.com.br\/bio\/wp-json\/wp\/v2\/types\/post"}],"author":[{"embeddable":true,"href":"https:\/\/biologo.com.br\/bio\/wp-json\/wp\/v2\/users\/1"}],"replies":[{"embeddable":true,"href":"https:\/\/biologo.com.br\/bio\/wp-json\/wp\/v2\/comments?post=14783"}],"version-history":[{"count":1,"href":"https:\/\/biologo.com.br\/bio\/wp-json\/wp\/v2\/posts\/14783\/revisions"}],"predecessor-version":[{"id":20536,"href":"https:\/\/biologo.com.br\/bio\/wp-json\/wp\/v2\/posts\/14783\/revisions\/20536"}],"wp:featuredmedia":[{"embeddable":true,"href":"https:\/\/biologo.com.br\/bio\/wp-json\/wp\/v2\/media\/14784"}],"wp:attachment":[{"href":"https:\/\/biologo.com.br\/bio\/wp-json\/wp\/v2\/media?parent=14783"}],"wp:term":[{"taxonomy":"category","embeddable":true,"href":"https:\/\/biologo.com.br\/bio\/wp-json\/wp\/v2\/categories?post=14783"},{"taxonomy":"post_tag","embeddable":true,"href":"https:\/\/biologo.com.br\/bio\/wp-json\/wp\/v2\/tags?post=14783"}],"curies":[{"name":"wp","href":"https:\/\/api.w.org\/{rel}","templated":true}]}}