{"id":18273,"date":"2025-06-06T11:43:40","date_gmt":"2025-06-06T14:43:40","guid":{"rendered":"https:\/\/biologo.com.br\/bio\/?p=18273"},"modified":"2025-06-06T15:42:13","modified_gmt":"2025-06-06T18:42:13","slug":"niede-guidon-e-a-serra-da-capivara","status":"publish","type":"post","link":"https:\/\/biologo.com.br\/bio\/niede-guidon-e-a-serra-da-capivara\/","title":{"rendered":"Ni\u00e8de Guidon e a Serra da Capivara"},"content":{"rendered":"\n<p><span style=\"font-size: 14pt; color: #000000;\"><span style=\"color: #3366ff;\"><span style=\"color: #000000;\"><span style=\"font-size: 14pt; color: #000000;\"><span style=\"color: #3366ff;\"><span style=\"color: #000000;\"><span style=\"font-size: 14pt; color: #000000;\"><span style=\"color: #3366ff;\"><span style=\"color: #000000;\"><span style=\"font-size: 14pt; color: #000000;\"><span style=\"color: #3366ff;\"><span style=\"color: #000000;\"><span style=\"font-size: 14pt; color: #000000;\"><span style=\"color: #3366ff;\"><span style=\"color: #000000;\"><span style=\"font-size: 14pt; color: #000000;\"><span style=\"color: #3366ff;\"><span style=\"color: #000000;\"><span style=\"font-size: 14pt; color: #000000;\"><span style=\"color: #3366ff;\"><span style=\"color: #000000;\"><span style=\"font-size: 14pt; color: #000000;\"><span style=\"color: #3366ff;\"><span style=\"color: #000000;\"><span style=\"font-size: 14pt; color: #000000;\"><span style=\"color: #3366ff;\"><span style=\"color: #000000;\"><span style=\"font-size: 14pt; color: #000000;\"><span style=\"color: #3366ff;\"><span style=\"color: #000000;\"><span style=\"font-size: 14pt; color: #000000;\"><span style=\"color: #3366ff;\"><span style=\"color: #000000;\"><span style=\"font-size: 14pt; color: #000000;\"><span style=\"color: #3366ff;\"><span style=\"color: #000000;\"><span style=\"font-size: 14pt; color: #000000;\"><span style=\"color: #3366ff;\"><span style=\"color: #000000;\"><span style=\"font-size: 14pt; color: #000000;\"><span style=\"color: #3366ff;\"><strong>Ni\u00e8de Guidon e a Serra da Capivara:<\/strong><span style=\"color: #000000;\"><span style=\"font-size: 14pt; color: #000000;\"><span style=\"color: #3366ff;\"><span style=\"color: #000000;\"><span style=\"font-size: 14pt; color: #000000;\"><span style=\"color: #3366ff;\"><strong> <\/strong><\/span><\/span><\/span><\/span><\/span><\/span><\/span><\/span><\/span><\/span><\/span><\/span><\/span><\/span><\/span><\/span><\/span><\/span><\/span><\/span><\/span><\/span><\/span><\/span><\/span><\/span><\/span><\/span><\/span><\/span><\/span><\/span><\/span><\/span><\/span><\/span><\/span><\/span><\/span><\/span><\/span><\/span><\/span><\/span><\/span><\/span><span style=\"font-size: 14pt; color: #000000;\"><span style=\"font-size: 14pt; color: #000000;\"><span style=\"font-size: 14pt; color: #000000;\"><span style=\"font-size: 14pt; color: #000000;\"><span style=\"font-size: 14pt; color: #000000;\">A Serra da Capivara, no Piau\u00ed, abriga um dos mais ricos acervos de arte rupestre do mundo e revela vest\u00edgios de ocupa\u00e7\u00e3o humana com dezenas de milhares de anos. \u00c9 s\u00edmbolo de preserva\u00e7\u00e3o hist\u00f3rica, cultural e ambiental, gra\u00e7as ao trabalho incans\u00e1vel da arque\u00f3loga Ni\u00e8de Guidon.<\/span><\/span><\/span><\/span><\/span><\/span><\/p>\n\n\n\n<figure class=\"wp-block-image alignright size-full\"><img data-recalc-dims=\"1\" loading=\"lazy\" decoding=\"async\" width=\"74\" height=\"83\" data-attachment-id=\"18164\" data-permalink=\"https:\/\/biologo.com.br\/bio\/sylvia-earle-na-luta-pelos-oceanos\/original-biologo-2\/\" data-orig-file=\"https:\/\/i0.wp.com\/biologo.com.br\/bio\/wp-content\/uploads\/2025\/05\/original-biologo-2.jpg?fit=74%2C83&amp;ssl=1\" data-orig-size=\"74,83\" data-comments-opened=\"1\" data-image-meta=\"{&quot;aperture&quot;:&quot;0&quot;,&quot;credit&quot;:&quot;&quot;,&quot;camera&quot;:&quot;&quot;,&quot;caption&quot;:&quot;&quot;,&quot;created_timestamp&quot;:&quot;0&quot;,&quot;copyright&quot;:&quot;&quot;,&quot;focal_length&quot;:&quot;0&quot;,&quot;iso&quot;:&quot;0&quot;,&quot;shutter_speed&quot;:&quot;0&quot;,&quot;title&quot;:&quot;&quot;,&quot;orientation&quot;:&quot;0&quot;}\" data-image-title=\"original-biologo (2)\" data-image-description=\"&lt;p&gt;artigo original www.biologo.com.br \u00a9 todos os direitos reservados&lt;\/p&gt;\n\" data-image-caption=\"\" data-large-file=\"https:\/\/i0.wp.com\/biologo.com.br\/bio\/wp-content\/uploads\/2025\/05\/original-biologo-2.jpg?fit=74%2C83&amp;ssl=1\" src=\"https:\/\/i0.wp.com\/biologo.com.br\/bio\/wp-content\/uploads\/2025\/05\/original-biologo-2.jpg?resize=74%2C83&#038;ssl=1\" alt=\"Artigo original www.biologo.com.br \u00a9 todos os direitos reservados\" class=\"wp-image-18164\"\/><\/figure>\n\n\n\n<h2 class=\"wp-block-heading\"><span style=\"font-family: 'courier new', courier, monospace; color: #000000; font-size: 24pt;\"><strong><strong><strong>Ni\u00e8de Guidon e a Serra da Capivara<\/strong><\/strong><span style=\"font-family: 'courier new', courier, monospace; color: #000000;\"><strong><span style=\"font-size: 24pt;\"><span style=\"font-size: 12pt;\"><strong><strong>: ci\u00eancia, patrim\u00f4nio e transforma\u00e7\u00e3o no Brasil<\/strong><\/strong><\/span><\/span><\/strong><\/span><\/strong><\/span><\/h2>\n\n\n\n<p class=\"has-small-font-size\"><strong>6\/6\/2025<\/strong>&nbsp;::&nbsp; por<strong> Marco Pozzana<\/strong>, bi\u00f3logo<\/p>\n\n\n\n<p class=\"has-drop-cap has-black-color has-text-color has-link-color wp-elements-60f46bf9194fc601cd3758fb533dd317\">O<strong> Parque Nacional da Serra da Capivara<\/strong>, localizado no sudeste do Piau\u00ed, no cora\u00e7\u00e3o do semi\u00e1rido nordestino, \u00e9 uma joia do patrim\u00f4nio hist\u00f3rico, arqueol\u00f3gico e ambiental do Brasil. Criado oficialmente em 1979, o parque abriga um dos mais significativos conjuntos de s\u00edtios pr\u00e9-hist\u00f3ricos das Am\u00e9ricas, revelando tra\u00e7os de ocupa\u00e7\u00e3o humana que remontam a mais de 50 mil anos. Assim, sua import\u00e2ncia extrapola fronteiras nacionais, tornando-se refer\u00eancia mundial no estudo das origens do homem no continente americano.<\/p>\n\n\n\n<figure class=\"wp-block-image alignright size-full\"><img data-recalc-dims=\"1\" loading=\"lazy\" decoding=\"async\" width=\"104\" height=\"133\" data-attachment-id=\"18276\" data-permalink=\"https:\/\/biologo.com.br\/bio\/niede-guidon-e-a-serra-da-capivara\/niede-guidon\/\" data-orig-file=\"https:\/\/i0.wp.com\/biologo.com.br\/bio\/wp-content\/uploads\/2025\/06\/Niede-Guidon.jpg?fit=104%2C133&amp;ssl=1\" data-orig-size=\"104,133\" data-comments-opened=\"1\" data-image-meta=\"{&quot;aperture&quot;:&quot;0&quot;,&quot;credit&quot;:&quot;&quot;,&quot;camera&quot;:&quot;&quot;,&quot;caption&quot;:&quot;&quot;,&quot;created_timestamp&quot;:&quot;0&quot;,&quot;copyright&quot;:&quot;&quot;,&quot;focal_length&quot;:&quot;0&quot;,&quot;iso&quot;:&quot;0&quot;,&quot;shutter_speed&quot;:&quot;0&quot;,&quot;title&quot;:&quot;&quot;,&quot;orientation&quot;:&quot;0&quot;}\" data-image-title=\"Ni\u00e8de Guidon\" data-image-description=\"\" data-image-caption=\"\" data-large-file=\"https:\/\/i0.wp.com\/biologo.com.br\/bio\/wp-content\/uploads\/2025\/06\/Niede-Guidon.jpg?fit=104%2C133&amp;ssl=1\" src=\"https:\/\/i0.wp.com\/biologo.com.br\/bio\/wp-content\/uploads\/2025\/06\/Niede-Guidon.jpg?resize=104%2C133&#038;ssl=1\" alt=\"Ni\u00e8de Guidon\" class=\"wp-image-18276\"\/><figcaption class=\"wp-element-caption\">Ni\u00e8de Guidon<\/figcaption><\/figure>\n\n\n\n<ul class=\"wp-block-list\">\n<li class=\"has-medium-font-size\"><a href=\"https:\/\/biologo.com.br\/bio\/sylvia-earle-na-luta-pelos-oceanos\/\">Sylvia Earle na luta pelos oceanos<\/a><\/li>\n\n\n\n<li class=\"has-medium-font-size\"><a href=\"https:\/\/biologo.com.br\/bio\/emilio-goeldi-o-museu-da-amazonia\/\">Em\u00edlio Goeldi, o museu da Amaz\u00f4nia<\/a><\/li>\n\n\n\n<li class=\"has-medium-font-size\"><a href=\"https:\/\/biologo.com.br\/bio\/grandes-biologos-brasileiros-da-atualidade\/\">Grandes bi\u00f3logos brasileiros da atualidade<\/a><\/li>\n<\/ul>\n\n\n\n<p class=\"has-black-color has-text-color has-link-color wp-elements-6f194c83724124cf978062799687a9ff\">A relev\u00e2ncia do parque, no entanto, n\u00e3o se resume \u00e0 sua impressionante antiguidade. Suas paisagens \u00fanicas, formadas por c\u00e2nions, chapadas, grutas e forma\u00e7\u00f5es rochosas esculpidas pelo tempo, abrigam uma biodiversidade surpreendente, mesmo em meio \u00e0 caatinga. Al\u00e9m disso, a riqu\u00edssima arte rupestre, composta por milhares de pinturas e gravuras espalhadas por centenas de s\u00edtios arqueol\u00f3gicos, constitui um registro visual extraordin\u00e1rio das culturas que habitaram a regi\u00e3o ao longo dos mil\u00eanios.<\/p>\n\n\n\n<h3 class=\"wp-block-heading has-medium-font-size\"><strong>Ni\u00e8de Guidon<\/strong> na luta pela cultura e ci\u00eancia<\/h3>\n\n\n\n<p class=\"has-black-color has-text-color has-link-color wp-elements-4bd2e81683d78842cc783307222e74d1\">Essa grandiosidade, contudo, talvez n\u00e3o tivesse sido revelada ao mundo sem o olhar atento, o rigor cient\u00edfico e a paix\u00e3o incans\u00e1vel da arque\u00f3loga <strong>Ni\u00e8de Guidon<\/strong>. A antrop\u00f3loga iniciou suas pesquisas na Serra da Capivara na d\u00e9cada de 1970. Desde ent\u00e3o, dedicou toda a sua carreira \u00e0 prote\u00e7\u00e3o, valoriza\u00e7\u00e3o e estudo desse territ\u00f3rio singular. N\u00e3o por acaso, seu nome tornou-se indissoci\u00e1vel da hist\u00f3ria do parque.<\/p>\n\n\n\n<figure class=\"wp-block-pullquote has-white-color has-text-color has-background has-link-color has-medium-font-size wp-elements-bea595331fb50dcd0887c337cdc5af9c\" style=\"border-width:15px;border-radius:91px;background-color:#f6f1f121;font-style:normal;font-weight:800;background-image:url(&apos;https:\/\/biologo.com.br\/bio\/wp-content\/uploads\/2025\/06\/Parque-Nacional-da-Serra-da-Capivara.jpg&apos;);background-position:100% 100%;background-size:cover;\"><blockquote><p><strong>O homem primitivo sabia que dependia da natureza. O homem moderno acha que pode fazer o que quiser do mundo. As terras onde o homem est\u00e1 h\u00e1 mais tempo s\u00e3o as mais desertificadas.<\/strong><\/p><cite> <strong>Ni\u00e8de Guidon<\/strong><\/cite><\/blockquote><\/figure>\n\n\n\n<p class=\"has-black-color has-text-color has-link-color wp-elements-f5f05c75970b52f7d0d0acad9d252ee1\">Ni\u00e8de teve sua biografia marcada por sua incans\u00e1vel luta em prol da preserva\u00e7\u00e3o do patrim\u00f4nio cultural e ambiental. Ainda que enfrentasse resist\u00eancias dentro e fora do meio acad\u00eamico, ela manteve firme seu compromisso com a ci\u00eancia, o que lhe conferiu reconhecimento internacional. Enquanto promovia escava\u00e7\u00f5es que desafiavam teorias estabelecidas sobre a ocupa\u00e7\u00e3o das Am\u00e9ricas, tamb\u00e9m articulava a\u00e7\u00f5es pol\u00edticas e educacionais para proteger a regi\u00e3o. Por meio de parcerias com institui\u00e7\u00f5es estrangeiras e nacionais, garantiu recursos fundamentais para o avan\u00e7o das pesquisas. Dessa forma, sua trajet\u00f3ria reflete uma dedica\u00e7\u00e3o inabal\u00e1vel ao conhecimento e \u00e0 valoriza\u00e7\u00e3o da hist\u00f3ria humana. <\/p>\n\n\n\n<h3 class=\"wp-block-heading has-medium-font-size\">Investimento em pesquisa, conserva\u00e7\u00e3o e desenvolvimento social <\/h3>\n\n\n\n<p class=\"has-black-color has-text-color has-link-color wp-elements-890302f3719d4f63e48dd625af169cab\">Ao chegar ao Piau\u00ed, Ni\u00e8de encontrou uma regi\u00e3o esquecida, marcada por extrema pobreza e quase nenhuma infraestrutura. No entanto, ela tamb\u00e9m viu ali um potencial cient\u00edfico e cultural inestim\u00e1vel. Munida de determina\u00e7\u00e3o, aliou esfor\u00e7os com pesquisadores de diversos pa\u00edses, mobilizou institui\u00e7\u00f5es acad\u00eamicas e buscou apoio junto a organismos internacionais. Foi por meio dessas articula\u00e7\u00f5es que surgiu a Funda\u00e7\u00e3o Museu do Homem Americano (FUMDHAM), criada com o objetivo de apoiar a pesquisa, a conserva\u00e7\u00e3o e o desenvolvimento social da regi\u00e3o.<\/p>\n\n\n\n<figure class=\"wp-block-image size-large\"><a href=\"https:\/\/i0.wp.com\/biologo.com.br\/bio\/wp-content\/uploads\/2025\/06\/Parque-Nacional-da-Serra-da-Capivara.jpg?ssl=1\"><img data-recalc-dims=\"1\" loading=\"lazy\" decoding=\"async\" width=\"800\" height=\"450\" data-attachment-id=\"18278\" data-permalink=\"https:\/\/biologo.com.br\/bio\/niede-guidon-e-a-serra-da-capivara\/parque-nacional-da-serra-da-capivara\/\" data-orig-file=\"https:\/\/i0.wp.com\/biologo.com.br\/bio\/wp-content\/uploads\/2025\/06\/Parque-Nacional-da-Serra-da-Capivara.jpg?fit=1200%2C675&amp;ssl=1\" data-orig-size=\"1200,675\" data-comments-opened=\"1\" data-image-meta=\"{&quot;aperture&quot;:&quot;0&quot;,&quot;credit&quot;:&quot;&quot;,&quot;camera&quot;:&quot;&quot;,&quot;caption&quot;:&quot;&quot;,&quot;created_timestamp&quot;:&quot;0&quot;,&quot;copyright&quot;:&quot;&quot;,&quot;focal_length&quot;:&quot;0&quot;,&quot;iso&quot;:&quot;0&quot;,&quot;shutter_speed&quot;:&quot;0&quot;,&quot;title&quot;:&quot;&quot;,&quot;orientation&quot;:&quot;0&quot;}\" data-image-title=\"Parque Nacional da Serra da Capivara\" data-image-description=\"&lt;p&gt;Parque Nacional da Serra da Capivara&lt;\/p&gt;\n\" data-image-caption=\"\" data-large-file=\"https:\/\/i0.wp.com\/biologo.com.br\/bio\/wp-content\/uploads\/2025\/06\/Parque-Nacional-da-Serra-da-Capivara.jpg?fit=800%2C450&amp;ssl=1\" src=\"https:\/\/i0.wp.com\/biologo.com.br\/bio\/wp-content\/uploads\/2025\/06\/Parque-Nacional-da-Serra-da-Capivara.jpg?resize=800%2C450&#038;ssl=1\" alt=\"Parque Nacional da Serra da Capivara\" class=\"wp-image-18278\" srcset=\"https:\/\/i0.wp.com\/biologo.com.br\/bio\/wp-content\/uploads\/2025\/06\/Parque-Nacional-da-Serra-da-Capivara.jpg?resize=1024%2C576&amp;ssl=1 1024w, https:\/\/i0.wp.com\/biologo.com.br\/bio\/wp-content\/uploads\/2025\/06\/Parque-Nacional-da-Serra-da-Capivara.jpg?resize=300%2C169&amp;ssl=1 300w, https:\/\/i0.wp.com\/biologo.com.br\/bio\/wp-content\/uploads\/2025\/06\/Parque-Nacional-da-Serra-da-Capivara.jpg?resize=768%2C432&amp;ssl=1 768w, https:\/\/i0.wp.com\/biologo.com.br\/bio\/wp-content\/uploads\/2025\/06\/Parque-Nacional-da-Serra-da-Capivara.jpg?resize=150%2C84&amp;ssl=1 150w, https:\/\/i0.wp.com\/biologo.com.br\/bio\/wp-content\/uploads\/2025\/06\/Parque-Nacional-da-Serra-da-Capivara.jpg?w=1200&amp;ssl=1 1200w\" sizes=\"auto, (max-width: 800px) 100vw, 800px\" \/><\/a><figcaption class=\"wp-element-caption\">Vista parcial das forma\u00e7\u00f5es rochosas no Parque Nacional da Serra da Capivara. foto: Marcelo Gon\u00e7alves Moura Valle<\/figcaption><\/figure>\n\n\n\n<p class=\"has-black-color has-text-color has-link-color wp-elements-f18b3dce5e3ece976501a92eb74224d5\">Com o tempo, os frutos de seu trabalho tornaram-se vis\u00edveis. Gra\u00e7as \u00e0 atua\u00e7\u00e3o de sua equipe, muitos dos s\u00edtios arqueol\u00f3gicos foram mapeados, catalogados e protegidos. Paralelamente, a\u00e7\u00f5es de educa\u00e7\u00e3o patrimonial, gera\u00e7\u00e3o de emprego e capacita\u00e7\u00e3o local passaram a integrar o projeto de forma indissoci\u00e1vel. Assim, ci\u00eancia, preserva\u00e7\u00e3o e responsabilidade social caminharam juntas, promovendo um modelo inovador de desenvolvimento regional.<\/p>\n\n\n\n<figure class=\"wp-block-embed is-type-video is-provider-youtube wp-block-embed-youtube wp-embed-aspect-16-9 wp-has-aspect-ratio\"><div class=\"wp-block-embed__wrapper\">\n<iframe loading=\"lazy\" title=\"Serra da Capivara, Piau\u00ed: pinturas rupestres, turismo e segredos milenares (OrigensBR #1)\" width=\"800\" height=\"450\" src=\"https:\/\/www.youtube.com\/embed\/EkDozgiw-rw?feature=oembed\" frameborder=\"0\" allow=\"accelerometer; autoplay; clipboard-write; encrypted-media; gyroscope; picture-in-picture; web-share\" referrerpolicy=\"strict-origin-when-cross-origin\" allowfullscreen><\/iframe>\n<\/div><\/figure>\n\n\n\n<p class=\"has-black-color has-text-color has-link-color wp-elements-9c5ddf941c77fea55ee323163df789d7\">Entre as descobertas mais emblem\u00e1ticas, destacam-se os vest\u00edgios de fogueiras e ferramentas l\u00edticas datados de dezenas de milhares de anos, os quais desafiaram paradigmas estabelecidos sobre a chegada do ser humano \u00e0s Am\u00e9ricas. Por essa raz\u00e3o, as pesquisas da Serra da Capivara provocaram debates intensos na comunidade cient\u00edfica internacional. Embora alguns dados tenham sido recebidos com ceticismo inicial, a consist\u00eancia metodol\u00f3gica e a quantidade de evid\u00eancias acumuladas tornaram o parque uma refer\u00eancia obrigat\u00f3ria nos estudos da pr\u00e9-hist\u00f3ria.<\/p>\n\n\n\n<h4 class=\"wp-block-heading has-black-color has-text-color has-link-color has-medium-font-size wp-elements-7d91c5f6cca41fd4562144cc4c2a9115\">Parque Nacional da Serra da Capivara &#8211; Patrim\u00f4nio Cultural da Humanidade<\/h4>\n\n\n\n<p class=\"has-black-color has-text-color has-link-color wp-elements-794fa7b02a6e383c789c07182a226ae0\">Em 1991, o Parque Nacional da Serra da Capivara foi reconhecido pela UNESCO como Patrim\u00f4nio Cultural da Humanidade. Esse t\u00edtulo n\u00e3o apenas consolidou sua import\u00e2ncia global, como tamb\u00e9m representou um tributo ao trabalho pioneiro de Ni\u00e8de Guidon e sua equipe. Apesar disso, os desafios de conserva\u00e7\u00e3o continuam presentes, especialmente em fun\u00e7\u00e3o da escassez de recursos e da fragilidade das pol\u00edticas p\u00fablicas voltadas \u00e0 cultura e ao meio ambiente.<\/p>\n\n\n\n<p class=\"has-black-color has-text-color has-link-color wp-elements-43c4d6304bf5285dc14696a687a8582e\">Por outro lado, o parque tamb\u00e9m tem se destacado como polo de ecoturismo e turismo cultural. Visitantes de todas as partes do mundo s\u00e3o atra\u00eddos pela beleza natural da regi\u00e3o, bem como pelo fasc\u00ednio exercido pelas pinturas rupestres. A infraestrutura de visita\u00e7\u00e3o, embora ainda limitada, vem sendo aprimorada, sobretudo gra\u00e7as aos esfor\u00e7os cont\u00ednuos da FUMDHAM e de parceiros locais.<\/p>\n\n\n\n<p class=\"has-black-color has-text-color has-link-color wp-elements-5a51ad35e97a8805c22d73f43bf0772c\">A fauna da Serra da Capivara \u00e9 rica e diversificada, com diversas esp\u00e9cies de mam\u00edferos, aves, r\u00e9pteis e anf\u00edbios, caracter\u00edsticas do bioma <a href=\"https:\/\/biologo.com.br\/bio\/importancia-da-caatinga\/\"><span style=\"text-decoration: underline;\">Caatinga<\/span><\/a>. Destacam-se as capivaras (do que deriva o nome do parque), on\u00e7as (pintada e parda), tatus, tamandu\u00e1s, cotias, moc\u00f3s, jaguaratiricas e uma grande variedade de aves, como gavi\u00f5es e seriemas.<\/p>\n\n\n\n<p class=\"has-black-color has-text-color has-link-color wp-elements-47843cb5b27b7210377d6531e7e95167\">Al\u00e9m disso, o parque desempenha um papel essencial na valoriza\u00e7\u00e3o da identidade regional. Por meio da inser\u00e7\u00e3o das comunidades locais nos processos de pesquisa, educa\u00e7\u00e3o e atendimento ao turismo, promove-se o sentimento de pertencimento e a consci\u00eancia sobre a import\u00e2ncia do patrim\u00f4nio. Dessa forma, a Serra da Capivara torna-se n\u00e3o apenas um museu a c\u00e9u aberto, mas tamb\u00e9m um s\u00edmbolo de resist\u00eancia, esperan\u00e7a e transforma\u00e7\u00e3o social.<\/p>\n\n\n\n<h5 class=\"wp-block-heading has-medium-font-size\">A ci\u00eancia como instrumento de inclus\u00e3o<\/h5>\n\n\n\n<p class=\"has-black-color has-text-color has-link-color wp-elements-53a0c470342a13453b3f99d394242e90\">Ni\u00e8de Guidon, que dedicou mais de quatro d\u00e9cadas de sua vida ao parque, sempre defendeu que a preserva\u00e7\u00e3o do patrim\u00f4nio arqueol\u00f3gico deveria caminhar lado a lado com o desenvolvimento humano. Com essa vis\u00e3o, ela mostrou que a ci\u00eancia pode ser instrumento de inclus\u00e3o, que o passado pode iluminar o presente e que o conhecimento pode, de fato, transformar realidades. Sua trajet\u00f3ria \u00e9 exemplo de integridade, coragem e compromisso com causas maiores.<\/p>\n\n\n\n<figure class=\"wp-block-image size-large\"><a href=\"https:\/\/i0.wp.com\/biologo.com.br\/bio\/wp-content\/uploads\/2025\/06\/Niede-Guidon-e-a-Serra-da-Capivara.jpg?ssl=1\"><img data-recalc-dims=\"1\" loading=\"lazy\" decoding=\"async\" width=\"800\" height=\"450\" data-attachment-id=\"18275\" data-permalink=\"https:\/\/biologo.com.br\/bio\/niede-guidon-e-a-serra-da-capivara\/niede-guidon-e-a-serra-da-capivara\/\" data-orig-file=\"https:\/\/i0.wp.com\/biologo.com.br\/bio\/wp-content\/uploads\/2025\/06\/Niede-Guidon-e-a-Serra-da-Capivara.jpg?fit=1200%2C675&amp;ssl=1\" data-orig-size=\"1200,675\" data-comments-opened=\"1\" data-image-meta=\"{&quot;aperture&quot;:&quot;0&quot;,&quot;credit&quot;:&quot;&quot;,&quot;camera&quot;:&quot;&quot;,&quot;caption&quot;:&quot;&quot;,&quot;created_timestamp&quot;:&quot;0&quot;,&quot;copyright&quot;:&quot;&quot;,&quot;focal_length&quot;:&quot;0&quot;,&quot;iso&quot;:&quot;0&quot;,&quot;shutter_speed&quot;:&quot;0&quot;,&quot;title&quot;:&quot;&quot;,&quot;orientation&quot;:&quot;0&quot;}\" data-image-title=\"Ni\u00e8de Guidon e a Serra da Capivara\" data-image-description=\"&lt;p&gt;Ni\u00e8de Guidon e a Serra da Capivara. O s\u00edtio da Serra da Capivara foi escavado e descoberto pela doutora Ni\u00e8de Guidon em 1973. A regi\u00e3o abriga a maior e mais antiga concentra\u00e7\u00e3o de s\u00edtios arqueol\u00f3gicos pr\u00e9-hist\u00f3ricos das Am\u00e9ricas. Ni\u00e8de encontrou desenhos datados de at\u00e9 quase 30 mil anos.&lt;\/p&gt;\n\" data-image-caption=\"&lt;p&gt;O s\u00edtio da Serra da Capivara foi escavado e descoberto pela doutora Ni\u00e8de Guidon em 1973. A regi\u00e3o abriga a maior e mais antiga concentra\u00e7\u00e3o de s\u00edtios arqueol\u00f3gicos pr\u00e9-hist\u00f3ricos das Am\u00e9ricas. Ni\u00e8de encontrou desenhos datados de at\u00e9 quase 30 mil anos.&lt;\/p&gt;\n\" data-large-file=\"https:\/\/i0.wp.com\/biologo.com.br\/bio\/wp-content\/uploads\/2025\/06\/Niede-Guidon-e-a-Serra-da-Capivara.jpg?fit=800%2C450&amp;ssl=1\" src=\"https:\/\/i0.wp.com\/biologo.com.br\/bio\/wp-content\/uploads\/2025\/06\/Niede-Guidon-e-a-Serra-da-Capivara.jpg?resize=800%2C450&#038;ssl=1\" alt=\"Ni\u00e8de Guidon e a Serra da Capivara\" class=\"wp-image-18275\" srcset=\"https:\/\/i0.wp.com\/biologo.com.br\/bio\/wp-content\/uploads\/2025\/06\/Niede-Guidon-e-a-Serra-da-Capivara.jpg?resize=1024%2C576&amp;ssl=1 1024w, https:\/\/i0.wp.com\/biologo.com.br\/bio\/wp-content\/uploads\/2025\/06\/Niede-Guidon-e-a-Serra-da-Capivara.jpg?resize=300%2C169&amp;ssl=1 300w, https:\/\/i0.wp.com\/biologo.com.br\/bio\/wp-content\/uploads\/2025\/06\/Niede-Guidon-e-a-Serra-da-Capivara.jpg?resize=768%2C432&amp;ssl=1 768w, https:\/\/i0.wp.com\/biologo.com.br\/bio\/wp-content\/uploads\/2025\/06\/Niede-Guidon-e-a-Serra-da-Capivara.jpg?resize=150%2C84&amp;ssl=1 150w, https:\/\/i0.wp.com\/biologo.com.br\/bio\/wp-content\/uploads\/2025\/06\/Niede-Guidon-e-a-Serra-da-Capivara.jpg?w=1200&amp;ssl=1 1200w\" sizes=\"auto, (max-width: 800px) 100vw, 800px\" \/><\/a><figcaption class=\"wp-element-caption\">O s\u00edtio da Serra da Capivara foi descoberto pela doutora Ni\u00e8de Guidon em 1973. A regi\u00e3o abriga a maior e mais antiga concentra\u00e7\u00e3o de s\u00edtios arqueol\u00f3gicos pr\u00e9-hist\u00f3ricos das Am\u00e9ricas. Foto: Carlos Reis<\/figcaption><\/figure>\n\n\n\n<p class=\"has-black-color has-text-color has-link-color wp-elements-dd8030b60daa8a9fd6a4e342e6b091d8\">Portanto, o Parque Nacional da Serra da Capivara representa muito mais do que um conjunto de s\u00edtios antigos. Ele \u00e9 a materializa\u00e7\u00e3o de um sonho coletivo, liderado por uma mulher vision\u00e1ria, que soube unir ci\u00eancia, cultura e desenvolvimento social em um s\u00f3 projeto. <strong>Ni\u00e8de Guidon tornou-se s\u00edmbolo de perseveran\u00e7a cient\u00edfica e amor pelo Brasil profundo<\/strong>. Assim, ao considerar sua contribui\u00e7\u00e3o para o conhecimento sobre a ocupa\u00e7\u00e3o humana nas Am\u00e9ricas, bem como sua atua\u00e7\u00e3o em defesa da natureza e da cultura, torna-se evidente que seu legado ultrapassa os limites da arqueologia, alcan\u00e7ando as esferas da cidadania, da identidade nacional e da valoriza\u00e7\u00e3o do interior brasileiro.<\/p>\n\n\n\n<p class=\"has-black-color has-text-color has-link-color wp-elements-47e1073e7b035698580932c0a5169e63\">Preservar esse patrim\u00f4nio, portanto, \u00e9 dever de todos. N\u00e3o apenas por sua import\u00e2ncia hist\u00f3rica e cient\u00edfica, mas porque ele nos convida a refletir sobre nossas origens, nossos valores e o legado que desejamos deixar para as gera\u00e7\u00f5es futuras. Ao proteger a Serra da Capivara, protegemos tamb\u00e9m uma parte fundamental da alma brasileira.<\/p>\n\n\n\n<h6 class=\"wp-block-heading has-small-font-size\"><strong>Fontes e refer\u00eancias:<\/strong><\/h6>\n\n\n\n<ul class=\"wp-block-list\">\n<li class=\"has-black-color has-text-color has-link-color has-small-font-size wp-elements-0a1fc55a1f2b0f9617acef940b81e5f2\"><strong>Guidon, N., &amp; Delibrias, G. (1986).<\/strong> <em>C<a href=\"https:\/\/www.nature.com\/articles\/321769a0\" target=\"_blank\" rel=\"noreferrer noopener\">arbon-14 dates point to man in the Americas 32,000 years ago<\/a><\/em><strong>.<\/strong> <em>Nature<\/em>, 321, 769\u2013771.<\/li>\n\n\n\n<li class=\"has-black-color has-text-color has-link-color has-small-font-size wp-elements-d456ee9337706ae1be9e351f1045ac66\"><strong>Guidon, N., &amp; Pessis, A.-M. (1996).<\/strong> <a href=\"https:\/\/www.cambridge.org\/core\/journals\/antiquity\/article\/abs\/falsehood-or-untruth\/124E4D7A139E21B7A7F3F494111F5F78\" target=\"_blank\" rel=\"noreferrer noopener\">Falsehood or untruth?<\/a> <em>Antiquity<\/em>, 70(268), 408\u2013415.<\/li>\n\n\n\n<li class=\"has-black-color has-text-color has-link-color has-small-font-size wp-elements-e78b0be864bd0570c136577f12af692b\"><strong>Guidon, N., &amp; Pessis, A.-M. (2009).<\/strong> <a href=\"https:\/\/www.cambridge.org\/core\/journals\/antiquity\/article\/abs\/falsehood-or-untruth\/124E4D7A139E21B7A7F3F494111F5F78\" target=\"_blank\" rel=\"noreferrer noopener\">Pesquisas arqueol\u00f3gicas na regi\u00e3o do Parque Nacional Serra da Capivara e seu entorno<\/a> (Piau\u00ed-1998\/2008). <em>Clio \u2013 S\u00e9rie Arqueol\u00f3gica<\/em>, 24, 9\u201324.<\/li>\n\n\n\n<li class=\"has-black-color has-text-color has-link-color has-small-font-size wp-elements-5b8550e57a478c75189919aee6bca2a9\"><a href=\"https:\/\/www.infomoney.com.br\/brasil\/morre-niede-guidon-arqueologa-mudou-historia-da-ocupacao-humana-nas-americas\/\"><strong>Morre Ni\u00e8de Guidon; arque\u00f3loga mudou hist\u00f3ria da ocupa\u00e7\u00e3o humana nas Am\u00e9ricas<\/strong><\/a> &#8211; infomoney.com.br &#8211; 04\/06\/2025<\/li>\n\n\n\n<li class=\"has-black-color has-text-color has-link-color has-small-font-size wp-elements-925a82c2c2b4ee98529f6ffe2238bd8a\"><a href=\"https:\/\/revistarevestres.com.br\/entrevista\/2962\/\"><strong>O primitivo tempo em que vivemos<\/strong><\/a> &#8211; revistarevestres.com.br\/<\/li>\n<\/ul>\n\n\n\n<figure class=\"wp-block-image aligncenter\"><a href=\"https:\/\/biologo.com.br\/bio\/apoie-o-biologo\/\"><img data-recalc-dims=\"1\" loading=\"lazy\" decoding=\"async\" width=\"174\" height=\"147\" data-attachment-id=\"11979\" data-permalink=\"https:\/\/biologo.com.br\/bio\/caracal-um-mestre-da-sobrevivencia\/apoiepeq\/\" data-orig-file=\"https:\/\/i0.wp.com\/biologo.com.br\/bio\/wp-content\/uploads\/2022\/05\/apoiepeq.jpg?fit=174%2C147&amp;ssl=1\" data-orig-size=\"174,147\" data-comments-opened=\"0\" data-image-meta=\"{&quot;aperture&quot;:&quot;0&quot;,&quot;credit&quot;:&quot;&quot;,&quot;camera&quot;:&quot;&quot;,&quot;caption&quot;:&quot;&quot;,&quot;created_timestamp&quot;:&quot;0&quot;,&quot;copyright&quot;:&quot;&quot;,&quot;focal_length&quot;:&quot;0&quot;,&quot;iso&quot;:&quot;0&quot;,&quot;shutter_speed&quot;:&quot;0&quot;,&quot;title&quot;:&quot;&quot;,&quot;orientation&quot;:&quot;0&quot;}\" data-image-title=\"apoiepeq\" data-image-description=\"&lt;p&gt;Apoie o Bi\u00f3logo&lt;\/p&gt;\n\" data-image-caption=\"\" data-large-file=\"https:\/\/i0.wp.com\/biologo.com.br\/bio\/wp-content\/uploads\/2022\/05\/apoiepeq.jpg?fit=174%2C147&amp;ssl=1\" src=\"https:\/\/i0.wp.com\/biologo.com.br\/bio\/wp-content\/uploads\/2022\/05\/apoiepeq.jpg?resize=174%2C147&#038;ssl=1\" alt=\"Apoie o Bi\u00f3logo\" class=\"wp-image-11979\" title=\"Apoie o Bi\u00f3logo\"\/><\/a><\/figure>\n\n\n\n<p class=\"has-text-align-center\"><a href=\"https:\/\/biologo.com.br\/bio\/apoie-o-biologo\/\">Apoie o Bi\u00f3logo<\/a>&nbsp;&nbsp;&nbsp;&nbsp;&nbsp;<\/p>\n","protected":false},"excerpt":{"rendered":"<p>Ni\u00e8de Guidon e a Serra da Capivara: A Serra da Capivara, no Piau\u00ed, abriga um dos mais ricos acervos de<\/p>\n","protected":false},"author":1,"featured_media":18275,"comment_status":"open","ping_status":"closed","sticky":false,"template":"","format":"standard","meta":{"colormag_page_container_layout":"default_layout","colormag_page_sidebar_layout":"default_layout","jetpack_post_was_ever_published":false,"_jetpack_newsletter_access":"","_jetpack_dont_email_post_to_subs":false,"_jetpack_newsletter_tier_id":0,"_jetpack_memberships_contains_paywalled_content":false,"_jetpack_memberships_contains_paid_content":false,"footnotes":"","jetpack_publicize_message":"A Serra da Capivara, no Piau\u00ed, abriga um dos mais ricos acervos de arte rupestre do mundo e revela vest\u00edgios de ocupa\u00e7\u00e3o humana com dezenas de milhares de anos. \u00c9 s\u00edmbolo de preserva\u00e7\u00e3o hist\u00f3rica, cultural e ambiental, gra\u00e7as ao trabalho incans\u00e1vel da arque\u00f3loga Ni\u00e8de Guidon.","jetpack_publicize_feature_enabled":true,"jetpack_social_post_already_shared":false,"jetpack_social_options":{"image_generator_settings":{"template":"highway","default_image_id":0,"enabled":false},"version":2}},"categories":[3,135,13,22],"tags":[100,95,181,60],"class_list":["post-18273","post","type-post","status-publish","format-standard","has-post-thumbnail","hentry","category-bioetica","category-conservacao","category-educacaoambiental","category-meioambiente","tag-conservacao","tag-ecologia","tag-meioambiente","tag-paleontologia"],"yoast_head":"<!-- This site is optimized with the Yoast SEO plugin v27.5 - https:\/\/yoast.com\/product\/yoast-seo-wordpress\/ -->\n<title>Ni\u00e8de Guidon e a Serra da Capivara: ci\u00eancia, patrim\u00f4nio e transforma\u00e7\u00e3o no Brasil<\/title>\n<meta name=\"description\" content=\"Parque Nacional da Serra da Capivara, joia do patrim\u00f4nio. Ni\u00e8de Guidon e a Serra da Capivara: ci\u00eancia, patrim\u00f4nio e transforma\u00e7\u00e3o no Brasil\" \/>\n<meta name=\"robots\" content=\"index, follow, max-snippet:-1, max-image-preview:large, max-video-preview:-1\" \/>\n<link rel=\"canonical\" href=\"https:\/\/biologo.com.br\/bio\/niede-guidon-e-a-serra-da-capivara\/\" \/>\n<meta property=\"og:locale\" content=\"pt_BR\" \/>\n<meta property=\"og:type\" content=\"article\" \/>\n<meta property=\"og:title\" content=\"Ni\u00e8de Guidon e a Serra da Capivara: ci\u00eancia, patrim\u00f4nio e transforma\u00e7\u00e3o no Brasil\" \/>\n<meta property=\"og:description\" content=\"Parque Nacional da Serra da Capivara, joia do patrim\u00f4nio. Ni\u00e8de Guidon e a Serra da Capivara: ci\u00eancia, patrim\u00f4nio e transforma\u00e7\u00e3o no Brasil\" \/>\n<meta property=\"og:url\" content=\"https:\/\/biologo.com.br\/bio\/niede-guidon-e-a-serra-da-capivara\/\" \/>\n<meta property=\"og:site_name\" content=\"Bi\u00f3logo\" \/>\n<meta property=\"article:publisher\" content=\"https:\/\/www.facebook.com\/biologocombr\/\" \/>\n<meta property=\"article:published_time\" content=\"2025-06-06T14:43:40+00:00\" \/>\n<meta property=\"article:modified_time\" content=\"2025-06-06T18:42:13+00:00\" \/>\n<meta property=\"og:image\" content=\"https:\/\/biologo.com.br\/bio\/wp-content\/uploads\/2025\/06\/Niede-Guidon-e-a-Serra-da-Capivara.jpg\" \/>\n\t<meta property=\"og:image:width\" content=\"1200\" \/>\n\t<meta property=\"og:image:height\" content=\"675\" \/>\n\t<meta property=\"og:image:type\" content=\"image\/jpeg\" \/>\n<meta name=\"author\" content=\"pozzana\" \/>\n<meta name=\"twitter:card\" content=\"summary_large_image\" \/>\n<meta name=\"twitter:creator\" content=\"@Biologocombr\" \/>\n<meta name=\"twitter:site\" content=\"@Biologocombr\" \/>\n<meta name=\"twitter:label1\" content=\"Escrito por\" \/>\n\t<meta name=\"twitter:data1\" content=\"pozzana\" \/>\n\t<meta name=\"twitter:label2\" content=\"Est. tempo de leitura\" \/>\n\t<meta name=\"twitter:data2\" content=\"9 minutos\" \/>\n<script type=\"application\/ld+json\" class=\"yoast-schema-graph\">{\"@context\":\"https:\\\/\\\/schema.org\",\"@graph\":[{\"@type\":\"Article\",\"@id\":\"https:\\\/\\\/biologo.com.br\\\/bio\\\/niede-guidon-e-a-serra-da-capivara\\\/#article\",\"isPartOf\":{\"@id\":\"https:\\\/\\\/biologo.com.br\\\/bio\\\/niede-guidon-e-a-serra-da-capivara\\\/\"},\"author\":{\"name\":\"pozzana\",\"@id\":\"https:\\\/\\\/biologo.com.br\\\/bio\\\/#\\\/schema\\\/person\\\/3a5d600bbc47f8bb0cd43594317a6cd4\"},\"headline\":\"Ni\u00e8de Guidon e a Serra da Capivara\",\"datePublished\":\"2025-06-06T14:43:40+00:00\",\"dateModified\":\"2025-06-06T18:42:13+00:00\",\"mainEntityOfPage\":{\"@id\":\"https:\\\/\\\/biologo.com.br\\\/bio\\\/niede-guidon-e-a-serra-da-capivara\\\/\"},\"wordCount\":1505,\"commentCount\":0,\"publisher\":{\"@id\":\"https:\\\/\\\/biologo.com.br\\\/bio\\\/#organization\"},\"image\":{\"@id\":\"https:\\\/\\\/biologo.com.br\\\/bio\\\/niede-guidon-e-a-serra-da-capivara\\\/#primaryimage\"},\"thumbnailUrl\":\"https:\\\/\\\/i0.wp.com\\\/biologo.com.br\\\/bio\\\/wp-content\\\/uploads\\\/2025\\\/06\\\/Niede-Guidon-e-a-Serra-da-Capivara.jpg?fit=1200%2C675&ssl=1\",\"keywords\":[\"Conserva\u00e7\u00e3o\",\"ecologia\",\"meioambiente\",\"Paleontologia\"],\"articleSection\":[\"Bio\u00e9tica\",\"Conserva\u00e7\u00e3o\",\"Educa\u00e7\u00e3o Ambiental\",\"Meio Ambiente\"],\"inLanguage\":\"pt-BR\",\"potentialAction\":[{\"@type\":\"CommentAction\",\"name\":\"Comment\",\"target\":[\"https:\\\/\\\/biologo.com.br\\\/bio\\\/niede-guidon-e-a-serra-da-capivara\\\/#respond\"]}]},{\"@type\":\"WebPage\",\"@id\":\"https:\\\/\\\/biologo.com.br\\\/bio\\\/niede-guidon-e-a-serra-da-capivara\\\/\",\"url\":\"https:\\\/\\\/biologo.com.br\\\/bio\\\/niede-guidon-e-a-serra-da-capivara\\\/\",\"name\":\"Ni\u00e8de Guidon e a Serra da Capivara: ci\u00eancia, patrim\u00f4nio e transforma\u00e7\u00e3o no Brasil\",\"isPartOf\":{\"@id\":\"https:\\\/\\\/biologo.com.br\\\/bio\\\/#website\"},\"primaryImageOfPage\":{\"@id\":\"https:\\\/\\\/biologo.com.br\\\/bio\\\/niede-guidon-e-a-serra-da-capivara\\\/#primaryimage\"},\"image\":{\"@id\":\"https:\\\/\\\/biologo.com.br\\\/bio\\\/niede-guidon-e-a-serra-da-capivara\\\/#primaryimage\"},\"thumbnailUrl\":\"https:\\\/\\\/i0.wp.com\\\/biologo.com.br\\\/bio\\\/wp-content\\\/uploads\\\/2025\\\/06\\\/Niede-Guidon-e-a-Serra-da-Capivara.jpg?fit=1200%2C675&ssl=1\",\"datePublished\":\"2025-06-06T14:43:40+00:00\",\"dateModified\":\"2025-06-06T18:42:13+00:00\",\"description\":\"Parque Nacional da Serra da Capivara, joia do patrim\u00f4nio. Ni\u00e8de Guidon e a Serra da Capivara: ci\u00eancia, patrim\u00f4nio e transforma\u00e7\u00e3o no Brasil\",\"breadcrumb\":{\"@id\":\"https:\\\/\\\/biologo.com.br\\\/bio\\\/niede-guidon-e-a-serra-da-capivara\\\/#breadcrumb\"},\"inLanguage\":\"pt-BR\",\"potentialAction\":[{\"@type\":\"ReadAction\",\"target\":[\"https:\\\/\\\/biologo.com.br\\\/bio\\\/niede-guidon-e-a-serra-da-capivara\\\/\"]}]},{\"@type\":\"ImageObject\",\"inLanguage\":\"pt-BR\",\"@id\":\"https:\\\/\\\/biologo.com.br\\\/bio\\\/niede-guidon-e-a-serra-da-capivara\\\/#primaryimage\",\"url\":\"https:\\\/\\\/i0.wp.com\\\/biologo.com.br\\\/bio\\\/wp-content\\\/uploads\\\/2025\\\/06\\\/Niede-Guidon-e-a-Serra-da-Capivara.jpg?fit=1200%2C675&ssl=1\",\"contentUrl\":\"https:\\\/\\\/i0.wp.com\\\/biologo.com.br\\\/bio\\\/wp-content\\\/uploads\\\/2025\\\/06\\\/Niede-Guidon-e-a-Serra-da-Capivara.jpg?fit=1200%2C675&ssl=1\",\"width\":1200,\"height\":675,\"caption\":\"O s\u00edtio da Serra da Capivara foi escavado e descoberto pela doutora Ni\u00e8de Guidon em 1973. A regi\u00e3o abriga a maior e mais antiga concentra\u00e7\u00e3o de s\u00edtios arqueol\u00f3gicos pr\u00e9-hist\u00f3ricos das Am\u00e9ricas. Ni\u00e8de encontrou desenhos datados de at\u00e9 quase 30 mil anos.\"},{\"@type\":\"BreadcrumbList\",\"@id\":\"https:\\\/\\\/biologo.com.br\\\/bio\\\/niede-guidon-e-a-serra-da-capivara\\\/#breadcrumb\",\"itemListElement\":[{\"@type\":\"ListItem\",\"position\":1,\"name\":\"In\u00edcio\",\"item\":\"https:\\\/\\\/biologo.com.br\\\/bio\\\/\"},{\"@type\":\"ListItem\",\"position\":2,\"name\":\"Ni\u00e8de Guidon e a Serra da Capivara\"}]},{\"@type\":\"WebSite\",\"@id\":\"https:\\\/\\\/biologo.com.br\\\/bio\\\/#website\",\"url\":\"https:\\\/\\\/biologo.com.br\\\/bio\\\/\",\"name\":\"Bi\u00f3logo\",\"description\":\"Biologia. Informa\u00e7\u00f5es para bi\u00f3logos ou leigos. Eventos, v\u00eddeos e muito mais. Ci\u00eancias biol\u00f3gicas.\",\"publisher\":{\"@id\":\"https:\\\/\\\/biologo.com.br\\\/bio\\\/#organization\"},\"potentialAction\":[{\"@type\":\"SearchAction\",\"target\":{\"@type\":\"EntryPoint\",\"urlTemplate\":\"https:\\\/\\\/biologo.com.br\\\/bio\\\/?s={search_term_string}\"},\"query-input\":{\"@type\":\"PropertyValueSpecification\",\"valueRequired\":true,\"valueName\":\"search_term_string\"}}],\"inLanguage\":\"pt-BR\"},{\"@type\":\"Organization\",\"@id\":\"https:\\\/\\\/biologo.com.br\\\/bio\\\/#organization\",\"name\":\"Bi\u00f3logo\",\"url\":\"https:\\\/\\\/biologo.com.br\\\/bio\\\/\",\"logo\":{\"@type\":\"ImageObject\",\"inLanguage\":\"pt-BR\",\"@id\":\"https:\\\/\\\/biologo.com.br\\\/bio\\\/#\\\/schema\\\/logo\\\/image\\\/\",\"url\":\"https:\\\/\\\/i0.wp.com\\\/biologo.com.br\\\/bio\\\/wp-content\\\/uploads\\\/2015\\\/12\\\/logo1.jpg?fit=179%2C57&ssl=1\",\"contentUrl\":\"https:\\\/\\\/i0.wp.com\\\/biologo.com.br\\\/bio\\\/wp-content\\\/uploads\\\/2015\\\/12\\\/logo1.jpg?fit=179%2C57&ssl=1\",\"width\":179,\"height\":57,\"caption\":\"Bi\u00f3logo\"},\"image\":{\"@id\":\"https:\\\/\\\/biologo.com.br\\\/bio\\\/#\\\/schema\\\/logo\\\/image\\\/\"},\"sameAs\":[\"https:\\\/\\\/www.facebook.com\\\/biologocombr\\\/\",\"https:\\\/\\\/x.com\\\/Biologocombr\",\"https:\\\/\\\/www.instagram.com\\\/biologo.com.br\\\/\"]},{\"@type\":\"Person\",\"@id\":\"https:\\\/\\\/biologo.com.br\\\/bio\\\/#\\\/schema\\\/person\\\/3a5d600bbc47f8bb0cd43594317a6cd4\",\"name\":\"pozzana\",\"image\":{\"@type\":\"ImageObject\",\"inLanguage\":\"pt-BR\",\"@id\":\"https:\\\/\\\/secure.gravatar.com\\\/avatar\\\/fa8f924c29488a329bd70373453572f7494e802125f373a7f2937173cc26b21f?s=96&d=mm&r=g\",\"url\":\"https:\\\/\\\/secure.gravatar.com\\\/avatar\\\/fa8f924c29488a329bd70373453572f7494e802125f373a7f2937173cc26b21f?s=96&d=mm&r=g\",\"contentUrl\":\"https:\\\/\\\/secure.gravatar.com\\\/avatar\\\/fa8f924c29488a329bd70373453572f7494e802125f373a7f2937173cc26b21f?s=96&d=mm&r=g\",\"caption\":\"pozzana\"},\"url\":\"https:\\\/\\\/biologo.com.br\\\/bio\\\/author\\\/pozzana\\\/\"}]}<\/script>\n<!-- \/ Yoast SEO plugin. -->","yoast_head_json":{"title":"Ni\u00e8de Guidon e a Serra da Capivara: ci\u00eancia, patrim\u00f4nio e transforma\u00e7\u00e3o no Brasil","description":"Parque Nacional da Serra da Capivara, joia do patrim\u00f4nio. Ni\u00e8de Guidon e a Serra da Capivara: ci\u00eancia, patrim\u00f4nio e transforma\u00e7\u00e3o no Brasil","robots":{"index":"index","follow":"follow","max-snippet":"max-snippet:-1","max-image-preview":"max-image-preview:large","max-video-preview":"max-video-preview:-1"},"canonical":"https:\/\/biologo.com.br\/bio\/niede-guidon-e-a-serra-da-capivara\/","og_locale":"pt_BR","og_type":"article","og_title":"Ni\u00e8de Guidon e a Serra da Capivara: ci\u00eancia, patrim\u00f4nio e transforma\u00e7\u00e3o no Brasil","og_description":"Parque Nacional da Serra da Capivara, joia do patrim\u00f4nio. Ni\u00e8de Guidon e a Serra da Capivara: ci\u00eancia, patrim\u00f4nio e transforma\u00e7\u00e3o no Brasil","og_url":"https:\/\/biologo.com.br\/bio\/niede-guidon-e-a-serra-da-capivara\/","og_site_name":"Bi\u00f3logo","article_publisher":"https:\/\/www.facebook.com\/biologocombr\/","article_published_time":"2025-06-06T14:43:40+00:00","article_modified_time":"2025-06-06T18:42:13+00:00","og_image":[{"width":1200,"height":675,"url":"https:\/\/biologo.com.br\/bio\/wp-content\/uploads\/2025\/06\/Niede-Guidon-e-a-Serra-da-Capivara.jpg","type":"image\/jpeg"}],"author":"pozzana","twitter_card":"summary_large_image","twitter_creator":"@Biologocombr","twitter_site":"@Biologocombr","twitter_misc":{"Escrito por":"pozzana","Est. tempo de leitura":"9 minutos"},"schema":{"@context":"https:\/\/schema.org","@graph":[{"@type":"Article","@id":"https:\/\/biologo.com.br\/bio\/niede-guidon-e-a-serra-da-capivara\/#article","isPartOf":{"@id":"https:\/\/biologo.com.br\/bio\/niede-guidon-e-a-serra-da-capivara\/"},"author":{"name":"pozzana","@id":"https:\/\/biologo.com.br\/bio\/#\/schema\/person\/3a5d600bbc47f8bb0cd43594317a6cd4"},"headline":"Ni\u00e8de Guidon e a Serra da Capivara","datePublished":"2025-06-06T14:43:40+00:00","dateModified":"2025-06-06T18:42:13+00:00","mainEntityOfPage":{"@id":"https:\/\/biologo.com.br\/bio\/niede-guidon-e-a-serra-da-capivara\/"},"wordCount":1505,"commentCount":0,"publisher":{"@id":"https:\/\/biologo.com.br\/bio\/#organization"},"image":{"@id":"https:\/\/biologo.com.br\/bio\/niede-guidon-e-a-serra-da-capivara\/#primaryimage"},"thumbnailUrl":"https:\/\/i0.wp.com\/biologo.com.br\/bio\/wp-content\/uploads\/2025\/06\/Niede-Guidon-e-a-Serra-da-Capivara.jpg?fit=1200%2C675&ssl=1","keywords":["Conserva\u00e7\u00e3o","ecologia","meioambiente","Paleontologia"],"articleSection":["Bio\u00e9tica","Conserva\u00e7\u00e3o","Educa\u00e7\u00e3o Ambiental","Meio Ambiente"],"inLanguage":"pt-BR","potentialAction":[{"@type":"CommentAction","name":"Comment","target":["https:\/\/biologo.com.br\/bio\/niede-guidon-e-a-serra-da-capivara\/#respond"]}]},{"@type":"WebPage","@id":"https:\/\/biologo.com.br\/bio\/niede-guidon-e-a-serra-da-capivara\/","url":"https:\/\/biologo.com.br\/bio\/niede-guidon-e-a-serra-da-capivara\/","name":"Ni\u00e8de Guidon e a Serra da Capivara: ci\u00eancia, patrim\u00f4nio e transforma\u00e7\u00e3o no Brasil","isPartOf":{"@id":"https:\/\/biologo.com.br\/bio\/#website"},"primaryImageOfPage":{"@id":"https:\/\/biologo.com.br\/bio\/niede-guidon-e-a-serra-da-capivara\/#primaryimage"},"image":{"@id":"https:\/\/biologo.com.br\/bio\/niede-guidon-e-a-serra-da-capivara\/#primaryimage"},"thumbnailUrl":"https:\/\/i0.wp.com\/biologo.com.br\/bio\/wp-content\/uploads\/2025\/06\/Niede-Guidon-e-a-Serra-da-Capivara.jpg?fit=1200%2C675&ssl=1","datePublished":"2025-06-06T14:43:40+00:00","dateModified":"2025-06-06T18:42:13+00:00","description":"Parque Nacional da Serra da Capivara, joia do patrim\u00f4nio. Ni\u00e8de Guidon e a Serra da Capivara: ci\u00eancia, patrim\u00f4nio e transforma\u00e7\u00e3o no Brasil","breadcrumb":{"@id":"https:\/\/biologo.com.br\/bio\/niede-guidon-e-a-serra-da-capivara\/#breadcrumb"},"inLanguage":"pt-BR","potentialAction":[{"@type":"ReadAction","target":["https:\/\/biologo.com.br\/bio\/niede-guidon-e-a-serra-da-capivara\/"]}]},{"@type":"ImageObject","inLanguage":"pt-BR","@id":"https:\/\/biologo.com.br\/bio\/niede-guidon-e-a-serra-da-capivara\/#primaryimage","url":"https:\/\/i0.wp.com\/biologo.com.br\/bio\/wp-content\/uploads\/2025\/06\/Niede-Guidon-e-a-Serra-da-Capivara.jpg?fit=1200%2C675&ssl=1","contentUrl":"https:\/\/i0.wp.com\/biologo.com.br\/bio\/wp-content\/uploads\/2025\/06\/Niede-Guidon-e-a-Serra-da-Capivara.jpg?fit=1200%2C675&ssl=1","width":1200,"height":675,"caption":"O s\u00edtio da Serra da Capivara foi escavado e descoberto pela doutora Ni\u00e8de Guidon em 1973. A regi\u00e3o abriga a maior e mais antiga concentra\u00e7\u00e3o de s\u00edtios arqueol\u00f3gicos pr\u00e9-hist\u00f3ricos das Am\u00e9ricas. Ni\u00e8de encontrou desenhos datados de at\u00e9 quase 30 mil anos."},{"@type":"BreadcrumbList","@id":"https:\/\/biologo.com.br\/bio\/niede-guidon-e-a-serra-da-capivara\/#breadcrumb","itemListElement":[{"@type":"ListItem","position":1,"name":"In\u00edcio","item":"https:\/\/biologo.com.br\/bio\/"},{"@type":"ListItem","position":2,"name":"Ni\u00e8de Guidon e a Serra da Capivara"}]},{"@type":"WebSite","@id":"https:\/\/biologo.com.br\/bio\/#website","url":"https:\/\/biologo.com.br\/bio\/","name":"Bi\u00f3logo","description":"Biologia. Informa\u00e7\u00f5es para bi\u00f3logos ou leigos. Eventos, v\u00eddeos e muito mais. Ci\u00eancias biol\u00f3gicas.","publisher":{"@id":"https:\/\/biologo.com.br\/bio\/#organization"},"potentialAction":[{"@type":"SearchAction","target":{"@type":"EntryPoint","urlTemplate":"https:\/\/biologo.com.br\/bio\/?s={search_term_string}"},"query-input":{"@type":"PropertyValueSpecification","valueRequired":true,"valueName":"search_term_string"}}],"inLanguage":"pt-BR"},{"@type":"Organization","@id":"https:\/\/biologo.com.br\/bio\/#organization","name":"Bi\u00f3logo","url":"https:\/\/biologo.com.br\/bio\/","logo":{"@type":"ImageObject","inLanguage":"pt-BR","@id":"https:\/\/biologo.com.br\/bio\/#\/schema\/logo\/image\/","url":"https:\/\/i0.wp.com\/biologo.com.br\/bio\/wp-content\/uploads\/2015\/12\/logo1.jpg?fit=179%2C57&ssl=1","contentUrl":"https:\/\/i0.wp.com\/biologo.com.br\/bio\/wp-content\/uploads\/2015\/12\/logo1.jpg?fit=179%2C57&ssl=1","width":179,"height":57,"caption":"Bi\u00f3logo"},"image":{"@id":"https:\/\/biologo.com.br\/bio\/#\/schema\/logo\/image\/"},"sameAs":["https:\/\/www.facebook.com\/biologocombr\/","https:\/\/x.com\/Biologocombr","https:\/\/www.instagram.com\/biologo.com.br\/"]},{"@type":"Person","@id":"https:\/\/biologo.com.br\/bio\/#\/schema\/person\/3a5d600bbc47f8bb0cd43594317a6cd4","name":"pozzana","image":{"@type":"ImageObject","inLanguage":"pt-BR","@id":"https:\/\/secure.gravatar.com\/avatar\/fa8f924c29488a329bd70373453572f7494e802125f373a7f2937173cc26b21f?s=96&d=mm&r=g","url":"https:\/\/secure.gravatar.com\/avatar\/fa8f924c29488a329bd70373453572f7494e802125f373a7f2937173cc26b21f?s=96&d=mm&r=g","contentUrl":"https:\/\/secure.gravatar.com\/avatar\/fa8f924c29488a329bd70373453572f7494e802125f373a7f2937173cc26b21f?s=96&d=mm&r=g","caption":"pozzana"},"url":"https:\/\/biologo.com.br\/bio\/author\/pozzana\/"}]}},"jetpack_publicize_connections":[],"jetpack_featured_media_url":"https:\/\/i0.wp.com\/biologo.com.br\/bio\/wp-content\/uploads\/2025\/06\/Niede-Guidon-e-a-Serra-da-Capivara.jpg?fit=1200%2C675&ssl=1","jetpack-related-posts":[{"id":20222,"url":"https:\/\/biologo.com.br\/bio\/biologia-da-esperanca\/","url_meta":{"origin":18273,"position":0},"title":"Biologia da Esperan\u00e7a","author":"pozzana","date":"novembro 24, 2025","format":false,"excerpt":"Biologia da Esperan\u00e7a: a esperan\u00e7a cresce quando a ci\u00eancia se aproxima da \u00e9tica. Assim, a biologia se fortalece, beneficiando a qualidade de vida e a sustentabilidade. Biologia da Esperan\u00e7a: ci\u00eancia, \u00e9tica e o renascimento dos ecossistemas 24\/11\/2025 ::\u00a0 Marco Pozzana, bi\u00f3logo A biologia, desde suas bases cl\u00e1ssicas, busca compreender a\u2026","rel":"","context":"Em &quot;Bio\u00e9tica&quot;","block_context":{"text":"Bio\u00e9tica","link":"https:\/\/biologo.com.br\/bio\/category\/bioetica\/"},"img":{"alt_text":"Biologia da Esperan\u00e7a: ci\u00eancia, \u00e9tica e o renascimento dos ecossistemas","src":"https:\/\/i0.wp.com\/biologo.com.br\/bio\/wp-content\/uploads\/2025\/11\/Biologia-da-Esperanca-ciencia-etica-e-o-renascimento-dos-ecossistemas.jpg?fit=1200%2C675&ssl=1&resize=350%2C200","width":350,"height":200,"srcset":"https:\/\/i0.wp.com\/biologo.com.br\/bio\/wp-content\/uploads\/2025\/11\/Biologia-da-Esperanca-ciencia-etica-e-o-renascimento-dos-ecossistemas.jpg?fit=1200%2C675&ssl=1&resize=350%2C200 1x, https:\/\/i0.wp.com\/biologo.com.br\/bio\/wp-content\/uploads\/2025\/11\/Biologia-da-Esperanca-ciencia-etica-e-o-renascimento-dos-ecossistemas.jpg?fit=1200%2C675&ssl=1&resize=525%2C300 1.5x, https:\/\/i0.wp.com\/biologo.com.br\/bio\/wp-content\/uploads\/2025\/11\/Biologia-da-Esperanca-ciencia-etica-e-o-renascimento-dos-ecossistemas.jpg?fit=1200%2C675&ssl=1&resize=700%2C400 2x, https:\/\/i0.wp.com\/biologo.com.br\/bio\/wp-content\/uploads\/2025\/11\/Biologia-da-Esperanca-ciencia-etica-e-o-renascimento-dos-ecossistemas.jpg?fit=1200%2C675&ssl=1&resize=1050%2C600 3x"},"classes":[]},{"id":18987,"url":"https:\/\/biologo.com.br\/bio\/educacao-ambiental-e-etica-biocentrica\/","url_meta":{"origin":18273,"position":1},"title":"Educa\u00e7\u00e3o Ambiental e \u00c9tica Bioc\u00eantrica","author":"pozzana","date":"julho 24, 2025","format":false,"excerpt":"Educa\u00e7\u00e3o Ambiental e \u00c9tica Bioc\u00eantrica: diante da crescente crise ambiental, repensar a rela\u00e7\u00e3o entre humanidade e natureza tornou-se indispens\u00e1vel. Assim, a educa\u00e7\u00e3o ambiental, aliada \u00e0 \u00e9tica bioc\u00eantrica, prop\u00f5e uma mudan\u00e7a profunda de valores. Ao reconhecer o valor intr\u00ednseco de todas as formas de vida, essa abordagem inspira uma conviv\u00eancia mais\u2026","rel":"","context":"Em &quot;Bio\u00e9tica&quot;","block_context":{"text":"Bio\u00e9tica","link":"https:\/\/biologo.com.br\/bio\/category\/bioetica\/"},"img":{"alt_text":"Educa\u00e7\u00e3o Ambiental e \u00c9tica Bioc\u00eantrica um novo olhar para a vida na Terra","src":"https:\/\/i0.wp.com\/biologo.com.br\/bio\/wp-content\/uploads\/2025\/07\/Educacao-Ambiental-e-Etica-Biocentrica-um-novo-olhar-para-a-vida-na-Terra.jpg?fit=1200%2C675&ssl=1&resize=350%2C200","width":350,"height":200,"srcset":"https:\/\/i0.wp.com\/biologo.com.br\/bio\/wp-content\/uploads\/2025\/07\/Educacao-Ambiental-e-Etica-Biocentrica-um-novo-olhar-para-a-vida-na-Terra.jpg?fit=1200%2C675&ssl=1&resize=350%2C200 1x, https:\/\/i0.wp.com\/biologo.com.br\/bio\/wp-content\/uploads\/2025\/07\/Educacao-Ambiental-e-Etica-Biocentrica-um-novo-olhar-para-a-vida-na-Terra.jpg?fit=1200%2C675&ssl=1&resize=525%2C300 1.5x, https:\/\/i0.wp.com\/biologo.com.br\/bio\/wp-content\/uploads\/2025\/07\/Educacao-Ambiental-e-Etica-Biocentrica-um-novo-olhar-para-a-vida-na-Terra.jpg?fit=1200%2C675&ssl=1&resize=700%2C400 2x, https:\/\/i0.wp.com\/biologo.com.br\/bio\/wp-content\/uploads\/2025\/07\/Educacao-Ambiental-e-Etica-Biocentrica-um-novo-olhar-para-a-vida-na-Terra.jpg?fit=1200%2C675&ssl=1&resize=1050%2C600 3x"},"classes":[]},{"id":19658,"url":"https:\/\/biologo.com.br\/bio\/o-retorno-dos-predadores-reintroducoes-que-mudam-ecossistemas\/","url_meta":{"origin":18273,"position":2},"title":"O retorno dos predadores: reintrodu\u00e7\u00f5es que mudam ecossistemas","author":"pozzana","date":"setembro 18, 2025","format":false,"excerpt":"O retorno dos predadores: quando os predadores de topo desaparecem, a floresta silencia em um colapso ecol\u00f3gico. Nesse sentido, cada reintrodu\u00e7\u00e3o ecoa como um sopro ancestral que devolve voz \u00e0 pr\u00f3pria terra. O retorno dos predadores: reintrodu\u00e7\u00f5es que mudam ecossistemas 18\/9\/2025 ::\u00a0 Marco Pozzana, bi\u00f3logo Predadores moldam ecossistemas. Seu desaparecimento\u2026","rel":"","context":"Em &quot;Biodiversidade&quot;","block_context":{"text":"Biodiversidade","link":"https:\/\/biologo.com.br\/bio\/category\/biodiversidade\/"},"img":{"alt_text":"O retorno dos predadores_ reintrodu\u00e7\u00f5es que mudam ecossistemas-onca-pintada","src":"https:\/\/i0.wp.com\/biologo.com.br\/bio\/wp-content\/uploads\/2025\/09\/O-retorno-dos-predadores_-reintroducoes-que-mudam-ecossistemas-onca-pintada.jpg?fit=1200%2C675&ssl=1&resize=350%2C200","width":350,"height":200,"srcset":"https:\/\/i0.wp.com\/biologo.com.br\/bio\/wp-content\/uploads\/2025\/09\/O-retorno-dos-predadores_-reintroducoes-que-mudam-ecossistemas-onca-pintada.jpg?fit=1200%2C675&ssl=1&resize=350%2C200 1x, https:\/\/i0.wp.com\/biologo.com.br\/bio\/wp-content\/uploads\/2025\/09\/O-retorno-dos-predadores_-reintroducoes-que-mudam-ecossistemas-onca-pintada.jpg?fit=1200%2C675&ssl=1&resize=525%2C300 1.5x, https:\/\/i0.wp.com\/biologo.com.br\/bio\/wp-content\/uploads\/2025\/09\/O-retorno-dos-predadores_-reintroducoes-que-mudam-ecossistemas-onca-pintada.jpg?fit=1200%2C675&ssl=1&resize=700%2C400 2x, https:\/\/i0.wp.com\/biologo.com.br\/bio\/wp-content\/uploads\/2025\/09\/O-retorno-dos-predadores_-reintroducoes-que-mudam-ecossistemas-onca-pintada.jpg?fit=1200%2C675&ssl=1&resize=1050%2C600 3x"},"classes":[]},{"id":19830,"url":"https:\/\/biologo.com.br\/bio\/jane-goodall-e-o-despertar-de-uma-consciencia-planetaria\/","url_meta":{"origin":18273,"position":3},"title":"Jane Goodall e o despertar de uma consci\u00eancia planet\u00e1ria","author":"pozzana","date":"outubro 2, 2025","format":false,"excerpt":"Jane Goodall (1934 \u2020 2025) : a not\u00edcia da morte da et\u00f3loga aos 91 anos em 1\u00ba de outubro de 2025 comoveu cientistas, ambientalistas e amantes da natureza em todo o mundo. Segue uma singela homenagem \u00e0 grande primat\u00f3loga, tra\u00e7ando sua trajet\u00f3ria e refletindo seu legado. Jane Goodall e o\u2026","rel":"","context":"Em &quot;Bio\u00e9tica&quot;","block_context":{"text":"Bio\u00e9tica","link":"https:\/\/biologo.com.br\/bio\/category\/bioetica\/"},"img":{"alt_text":"Jane Goodall e o despertar de uma consci\u00eancia planet\u00e1ria","src":"https:\/\/i0.wp.com\/biologo.com.br\/bio\/wp-content\/uploads\/2025\/10\/Jane-Goodall-e-o-despertar-de-uma-consciencia-planetaria.jpg?fit=1200%2C675&ssl=1&resize=350%2C200","width":350,"height":200,"srcset":"https:\/\/i0.wp.com\/biologo.com.br\/bio\/wp-content\/uploads\/2025\/10\/Jane-Goodall-e-o-despertar-de-uma-consciencia-planetaria.jpg?fit=1200%2C675&ssl=1&resize=350%2C200 1x, https:\/\/i0.wp.com\/biologo.com.br\/bio\/wp-content\/uploads\/2025\/10\/Jane-Goodall-e-o-despertar-de-uma-consciencia-planetaria.jpg?fit=1200%2C675&ssl=1&resize=525%2C300 1.5x, https:\/\/i0.wp.com\/biologo.com.br\/bio\/wp-content\/uploads\/2025\/10\/Jane-Goodall-e-o-despertar-de-uma-consciencia-planetaria.jpg?fit=1200%2C675&ssl=1&resize=700%2C400 2x, https:\/\/i0.wp.com\/biologo.com.br\/bio\/wp-content\/uploads\/2025\/10\/Jane-Goodall-e-o-despertar-de-uma-consciencia-planetaria.jpg?fit=1200%2C675&ssl=1&resize=1050%2C600 3x"},"classes":[]},{"id":18458,"url":"https:\/\/biologo.com.br\/bio\/economia-azul\/","url_meta":{"origin":18273,"position":4},"title":"Economia Azul","author":"pozzana","date":"junho 17, 2025","format":false,"excerpt":"Economia Azul \u00e9 o uso sustent\u00e1vel dos recursos oce\u00e2nicos para impulsionar o crescimento econ\u00f4mico, melhorar a qualidade de vida e preservar os ecossistemas marinhos. Aqui veremos a import\u00e2ncia vital de aliar a preserva\u00e7\u00e3o \u00e0 economia Economia Azul e o Futuro dos Oceanos 17\/6\/2025\u00a0::\u00a0 por Marco Pozzana, bi\u00f3logo A crescente press\u00e3o\u2026","rel":"","context":"Em &quot;Bio\u00e9tica&quot;","block_context":{"text":"Bio\u00e9tica","link":"https:\/\/biologo.com.br\/bio\/category\/bioetica\/"},"img":{"alt_text":"Economia Azul e o Futuro dos Oceanos","src":"https:\/\/i0.wp.com\/biologo.com.br\/bio\/wp-content\/uploads\/2025\/06\/Economia-Azul_-Uma-Estrategia-para-o-Desenvolvimento-Costeiro-Sustentavel.jpg?fit=1200%2C675&ssl=1&resize=350%2C200","width":350,"height":200,"srcset":"https:\/\/i0.wp.com\/biologo.com.br\/bio\/wp-content\/uploads\/2025\/06\/Economia-Azul_-Uma-Estrategia-para-o-Desenvolvimento-Costeiro-Sustentavel.jpg?fit=1200%2C675&ssl=1&resize=350%2C200 1x, https:\/\/i0.wp.com\/biologo.com.br\/bio\/wp-content\/uploads\/2025\/06\/Economia-Azul_-Uma-Estrategia-para-o-Desenvolvimento-Costeiro-Sustentavel.jpg?fit=1200%2C675&ssl=1&resize=525%2C300 1.5x, https:\/\/i0.wp.com\/biologo.com.br\/bio\/wp-content\/uploads\/2025\/06\/Economia-Azul_-Uma-Estrategia-para-o-Desenvolvimento-Costeiro-Sustentavel.jpg?fit=1200%2C675&ssl=1&resize=700%2C400 2x, https:\/\/i0.wp.com\/biologo.com.br\/bio\/wp-content\/uploads\/2025\/06\/Economia-Azul_-Uma-Estrategia-para-o-Desenvolvimento-Costeiro-Sustentavel.jpg?fit=1200%2C675&ssl=1&resize=1050%2C600 3x"},"classes":[]},{"id":19115,"url":"https:\/\/biologo.com.br\/bio\/arquitetura-ecologica-a-biologia-das-cidades-do-futuro\/","url_meta":{"origin":18273,"position":5},"title":"Arquitetura Ecol\u00f3gica: a biologia das cidades do futuro","author":"pozzana","date":"agosto 1, 2025","format":false,"excerpt":"A Arquitetura Ecol\u00f3gica prop\u00f5e uma nova forma de construir, inspirada nos processos da natureza. Ao considerar os micro-habitats urbanos como ref\u00fagios de biodiversidade, ela une ci\u00eancia e sensibilidade ambiental. Assim, promove espa\u00e7os mais saud\u00e1veis, sustent\u00e1veis e integrados \u00e0 vida. Arquitetura Ecol\u00f3gica: a biologia das cidades do futuro 1\/8\/2025\u00a0::\u00a0 por Marco\u2026","rel":"","context":"Em &quot;Bio\u00e9tica&quot;","block_context":{"text":"Bio\u00e9tica","link":"https:\/\/biologo.com.br\/bio\/category\/bioetica\/"},"img":{"alt_text":"Arquitetura Ecol\u00f3gica: a biologia das cidades do futuro","src":"https:\/\/i0.wp.com\/biologo.com.br\/bio\/wp-content\/uploads\/2025\/07\/Arquitetura-Ecologica_-a-biologia-das-cidades-do-futuro.jpg?fit=1200%2C675&ssl=1&resize=350%2C200","width":350,"height":200,"srcset":"https:\/\/i0.wp.com\/biologo.com.br\/bio\/wp-content\/uploads\/2025\/07\/Arquitetura-Ecologica_-a-biologia-das-cidades-do-futuro.jpg?fit=1200%2C675&ssl=1&resize=350%2C200 1x, https:\/\/i0.wp.com\/biologo.com.br\/bio\/wp-content\/uploads\/2025\/07\/Arquitetura-Ecologica_-a-biologia-das-cidades-do-futuro.jpg?fit=1200%2C675&ssl=1&resize=525%2C300 1.5x, https:\/\/i0.wp.com\/biologo.com.br\/bio\/wp-content\/uploads\/2025\/07\/Arquitetura-Ecologica_-a-biologia-das-cidades-do-futuro.jpg?fit=1200%2C675&ssl=1&resize=700%2C400 2x, https:\/\/i0.wp.com\/biologo.com.br\/bio\/wp-content\/uploads\/2025\/07\/Arquitetura-Ecologica_-a-biologia-das-cidades-do-futuro.jpg?fit=1200%2C675&ssl=1&resize=1050%2C600 3x"},"classes":[]}],"jetpack_sharing_enabled":true,"jetpack_likes_enabled":true,"jetpack_shortlink":"https:\/\/wp.me\/p6NB6B-4KJ","amp_enabled":true,"_links":{"self":[{"href":"https:\/\/biologo.com.br\/bio\/wp-json\/wp\/v2\/posts\/18273","targetHints":{"allow":["GET"]}}],"collection":[{"href":"https:\/\/biologo.com.br\/bio\/wp-json\/wp\/v2\/posts"}],"about":[{"href":"https:\/\/biologo.com.br\/bio\/wp-json\/wp\/v2\/types\/post"}],"author":[{"embeddable":true,"href":"https:\/\/biologo.com.br\/bio\/wp-json\/wp\/v2\/users\/1"}],"replies":[{"embeddable":true,"href":"https:\/\/biologo.com.br\/bio\/wp-json\/wp\/v2\/comments?post=18273"}],"version-history":[{"count":1,"href":"https:\/\/biologo.com.br\/bio\/wp-json\/wp\/v2\/posts\/18273\/revisions"}],"predecessor-version":[{"id":18289,"href":"https:\/\/biologo.com.br\/bio\/wp-json\/wp\/v2\/posts\/18273\/revisions\/18289"}],"wp:featuredmedia":[{"embeddable":true,"href":"https:\/\/biologo.com.br\/bio\/wp-json\/wp\/v2\/media\/18275"}],"wp:attachment":[{"href":"https:\/\/biologo.com.br\/bio\/wp-json\/wp\/v2\/media?parent=18273"}],"wp:term":[{"taxonomy":"category","embeddable":true,"href":"https:\/\/biologo.com.br\/bio\/wp-json\/wp\/v2\/categories?post=18273"},{"taxonomy":"post_tag","embeddable":true,"href":"https:\/\/biologo.com.br\/bio\/wp-json\/wp\/v2\/tags?post=18273"}],"curies":[{"name":"wp","href":"https:\/\/api.w.org\/{rel}","templated":true}]}}