{"id":18710,"date":"2025-07-02T07:00:00","date_gmt":"2025-07-02T10:00:00","guid":{"rendered":"https:\/\/biologo.com.br\/bio\/?p=18710"},"modified":"2025-07-02T00:56:31","modified_gmt":"2025-07-02T03:56:31","slug":"a-linguagem-das-baleias","status":"publish","type":"post","link":"https:\/\/biologo.com.br\/bio\/a-linguagem-das-baleias\/","title":{"rendered":"A linguagem das Baleias"},"content":{"rendered":"\n<p><span style=\"font-size: 14pt; color: #000000;\"><span style=\"color: #3366ff;\"><span style=\"color: #000000;\"><span style=\"font-size: 14pt; color: #000000;\"><span style=\"color: #3366ff;\"><span style=\"color: #000000;\"><span style=\"font-size: 14pt; color: #000000;\"><span style=\"color: #3366ff;\"><span style=\"color: #000000;\"><span style=\"font-size: 14pt; color: #000000;\"><span style=\"color: #3366ff;\"><span style=\"color: #000000;\"><span style=\"font-size: 14pt; color: #000000;\"><span style=\"color: #3366ff;\"><span style=\"color: #000000;\"><span style=\"font-size: 14pt; color: #000000;\"><span style=\"color: #3366ff;\"><span style=\"color: #000000;\"><span style=\"font-size: 14pt; color: #000000;\"><span style=\"color: #3366ff;\"><span style=\"color: #000000;\"><span style=\"font-size: 14pt; color: #000000;\"><span style=\"color: #3366ff;\"><span style=\"color: #000000;\"><span style=\"font-size: 14pt; color: #000000;\"><span style=\"color: #3366ff;\"><span style=\"color: #000000;\"><span style=\"font-size: 14pt; color: #000000;\"><span style=\"color: #3366ff;\"><span style=\"color: #000000;\"><span style=\"font-size: 14pt; color: #000000;\"><span style=\"color: #3366ff;\"><span style=\"color: #000000;\"><span style=\"font-size: 14pt; color: #000000;\"><span style=\"color: #3366ff;\"><span style=\"color: #000000;\"><span style=\"font-size: 14pt; color: #000000;\"><span style=\"color: #3366ff;\"><span style=\"color: #000000;\"><span style=\"font-size: 14pt; color: #000000;\"><span style=\"color: #3366ff;\"><strong><strong>Linguagem das Baleias<\/strong><\/strong><\/span><\/span><\/span><\/span><\/span><\/span><\/span><\/span><\/span><\/span><\/span><\/span><\/span><\/span><\/span><\/span><\/span><\/span><\/span><\/span><\/span><\/span><\/span><\/span><\/span><\/span><\/span><\/span><\/span><\/span><\/span><\/span><\/span><\/span><\/span><\/span><\/span><\/span><\/span><\/span><\/span>:<span style=\"font-size: 14pt; color: #000000;\"><span style=\"color: #3366ff;\"><span style=\"color: #000000;\"><span style=\"font-size: 14pt; color: #000000;\"><span style=\"color: #3366ff;\"><span style=\"color: #000000;\"><span style=\"font-size: 14pt; color: #000000;\"><span style=\"color: #3366ff;\"><span style=\"color: #000000;\"><span style=\"font-size: 14pt; color: #000000;\"><span style=\"color: #3366ff;\"><span style=\"color: #000000;\"><span style=\"font-size: 14pt; color: #000000;\"><span style=\"color: #3366ff;\"><span style=\"color: #000000;\"><span style=\"font-size: 14pt; color: #000000;\"><span style=\"color: #3366ff;\"><span style=\"color: #000000;\"><span style=\"font-size: 14pt; color: #000000;\"><span style=\"color: #3366ff;\"><span style=\"color: #000000;\"><span style=\"font-size: 14pt; color: #000000;\"><span style=\"color: #3366ff;\"><span style=\"color: #000000;\"><span style=\"font-size: 14pt; color: #000000;\"><span style=\"color: #3366ff;\"><span style=\"color: #000000;\"><span style=\"font-size: 14pt; color: #000000;\"><span style=\"color: #3366ff;\"><span style=\"color: #000000;\"><span style=\"font-size: 14pt; color: #000000;\"><span style=\"color: #3366ff;\"><span style=\"color: #000000;\"><span style=\"font-size: 14pt; color: #000000;\"><span style=\"color: #3366ff;\"><span style=\"color: #000000;\"><span style=\"font-size: 14pt; color: #000000;\"><span style=\"color: #3366ff;\"><span style=\"color: #000000;\"><span style=\"font-size: 14pt; color: #000000;\"><span style=\"color: #3366ff;\"><span style=\"color: #000000;\"><span style=\"font-size: 14pt; color: #000000;\"><span style=\"color: #3366ff;\"><span style=\"color: #000000;\"><span style=\"font-size: 14pt; color: #000000;\"><span style=\"color: #3366ff;\"><strong> <\/strong><\/span><\/span><\/span><\/span><\/span><\/span><\/span><\/span><\/span><\/span><\/span><\/span><\/span><\/span><\/span><\/span><\/span><\/span><\/span><\/span><\/span><\/span><\/span><\/span><\/span><\/span><\/span><\/span><\/span><\/span><\/span><\/span><\/span><\/span><\/span><\/span><\/span><\/span><\/span><\/span><\/span><\/span><\/span><\/span><\/span><\/span><span style=\"font-size: 14pt; color: #000000;\"><span style=\"font-size: 14pt; color: #000000;\"><span style=\"font-size: 14pt; color: #000000;\"><span style=\"font-size: 14pt; color: #000000;\"><span style=\"font-size: 14pt; color: #000000;\">embora os cientistas h\u00e1 d\u00e9cadas tentem decifrar a comunica\u00e7\u00e3o dos cet\u00e1ceos, s\u00f3 hoje, gra\u00e7as ao avan\u00e7o tecnol\u00f3gico, surgem pistas promissoras. <\/span><\/span><\/span><\/span><\/span>Com efeito<\/span>, <span style=\"\"><span style=\"color: rgb(0, 0, 0); font-size: 14pt;\"><span style=\"font-size: 14pt; color: #000000;\"><span style=\"font-size: 14pt; color: #000000;\"><span style=\"font-size: 14pt; color: #000000;\"><span style=\"font-size: 14pt; color: #000000;\">os sons se mostram bastante complexos, compar\u00e1veis \u00e0s linguagens humanas. Estamos, talvez, \u00e0s portas de compreender a verdadeira linguagem das baleias.<\/span><\/span><\/span><\/span><\/span><\/span><\/p>\n\n\n\n<figure class=\"wp-block-image alignright size-full\"><img data-recalc-dims=\"1\" loading=\"lazy\" decoding=\"async\" width=\"74\" height=\"83\" data-attachment-id=\"18164\" data-permalink=\"https:\/\/biologo.com.br\/bio\/sylvia-earle-na-luta-pelos-oceanos\/original-biologo-2\/\" data-orig-file=\"https:\/\/i0.wp.com\/biologo.com.br\/bio\/wp-content\/uploads\/2025\/05\/original-biologo-2.jpg?fit=74%2C83&amp;ssl=1\" data-orig-size=\"74,83\" data-comments-opened=\"1\" data-image-meta=\"{&quot;aperture&quot;:&quot;0&quot;,&quot;credit&quot;:&quot;&quot;,&quot;camera&quot;:&quot;&quot;,&quot;caption&quot;:&quot;&quot;,&quot;created_timestamp&quot;:&quot;0&quot;,&quot;copyright&quot;:&quot;&quot;,&quot;focal_length&quot;:&quot;0&quot;,&quot;iso&quot;:&quot;0&quot;,&quot;shutter_speed&quot;:&quot;0&quot;,&quot;title&quot;:&quot;&quot;,&quot;orientation&quot;:&quot;0&quot;}\" data-image-title=\"original-biologo (2)\" data-image-description=\"&lt;p&gt;artigo original www.biologo.com.br \u00a9 todos os direitos reservados&lt;\/p&gt;\n\" data-image-caption=\"\" data-large-file=\"https:\/\/i0.wp.com\/biologo.com.br\/bio\/wp-content\/uploads\/2025\/05\/original-biologo-2.jpg?fit=74%2C83&amp;ssl=1\" src=\"https:\/\/i0.wp.com\/biologo.com.br\/bio\/wp-content\/uploads\/2025\/05\/original-biologo-2.jpg?resize=74%2C83&#038;ssl=1\" alt=\"Artigo original www.biologo.com.br \u00a9 todos os direitos reservados\" class=\"wp-image-18164\"\/><\/figure>\n\n\n\n<h2 class=\"wp-block-heading\"><span style=\"font-family: 'courier new', courier, monospace; color: #000000; font-size: 24pt;\"><strong><strong><strong><strong><span style=\"font-family: 'courier new', courier, monospace; color: #000000; font-size: 24pt;\"><strong><strong><strong><strong>A Linguagem das Baleias:<\/strong><\/strong><\/strong><span style=\"font-family: 'courier new', courier, monospace; color: #000000;\"><strong><span style=\"font-size: 24pt;\"><span style=\"font-size: 12pt;\"><strong><strong> novas descobertas da comunica\u00e7\u00e3o em cet\u00e1ceos<\/strong><\/strong><\/span><\/span><\/strong><\/span><\/strong><\/span><\/strong><\/strong><\/strong><\/strong><\/span><\/h2>\n\n\n\n<p class=\"has-small-font-size\"><strong>2\/7\/2025<\/strong>\u00a0::\u00a0 por<strong> Marco Pozzana<\/strong>, bi\u00f3logo<\/p>\n\n\n\n<p class=\"has-drop-cap has-black-color has-text-color has-link-color wp-elements-4d0a94ceb9d6ae748878f4d445d45e65\">Nas profundezas dos oceanos, as baleias emitem sons que ressoam como poemas. Assim, estes cantos, por muito tempo tidos apenas como chamados instintivos, hoje revelam surpreendente sofistica\u00e7\u00e3o. Sobretudo gra\u00e7as \u00e0 uni\u00e3o entre bioac\u00fastica, <a href=\"https:\/\/biologo.com.br\/bio\/ecologia-comportamental\/\"><span style=\"text-decoration: underline;\">ecologia comportamental<\/span><\/a> e intelig\u00eancia artificial, cientistas v\u00eam decifrando fragmentos do vasto vocabul\u00e1rio desses gigantes do mar. A linguagem das baleias, portanto, emerge como um novo campo de conhecimento, onde se entrela\u00e7am ci\u00eancia, mist\u00e9rio e sensibilidade.<\/p>\n\n\n\n<figure class=\"wp-block-image alignright size-full\"><a href=\"https:\/\/i0.wp.com\/biologo.com.br\/bio\/wp-content\/uploads\/2025\/07\/Linguagem-das-Baleias.jpg?ssl=1\"><img data-recalc-dims=\"1\" loading=\"lazy\" decoding=\"async\" width=\"90\" height=\"156\" data-attachment-id=\"18718\" data-permalink=\"https:\/\/biologo.com.br\/bio\/a-linguagem-das-baleias\/linguagem-das-baleias\/\" data-orig-file=\"https:\/\/i0.wp.com\/biologo.com.br\/bio\/wp-content\/uploads\/2025\/07\/Linguagem-das-Baleias.jpg?fit=90%2C156&amp;ssl=1\" data-orig-size=\"90,156\" data-comments-opened=\"1\" data-image-meta=\"{&quot;aperture&quot;:&quot;0&quot;,&quot;credit&quot;:&quot;&quot;,&quot;camera&quot;:&quot;&quot;,&quot;caption&quot;:&quot;&quot;,&quot;created_timestamp&quot;:&quot;0&quot;,&quot;copyright&quot;:&quot;&quot;,&quot;focal_length&quot;:&quot;0&quot;,&quot;iso&quot;:&quot;0&quot;,&quot;shutter_speed&quot;:&quot;0&quot;,&quot;title&quot;:&quot;&quot;,&quot;orientation&quot;:&quot;0&quot;}\" data-image-title=\"Linguagem das Baleias\" data-image-description=\"\" data-image-caption=\"\" data-large-file=\"https:\/\/i0.wp.com\/biologo.com.br\/bio\/wp-content\/uploads\/2025\/07\/Linguagem-das-Baleias.jpg?fit=90%2C156&amp;ssl=1\" src=\"https:\/\/i0.wp.com\/biologo.com.br\/bio\/wp-content\/uploads\/2025\/07\/Linguagem-das-Baleias.jpg?resize=90%2C156&#038;ssl=1\" alt=\"A Linguagem das Baleias:: novas descobertas da comunica\u00e7\u00e3o em cet\u00e1ceos\" class=\"wp-image-18718\"\/><\/a><\/figure>\n\n\n\n<ul class=\"wp-block-list\">\n<li class=\"has-large-font-size\"><a href=\"https:\/\/biologo.com.br\/bio\/o-espetaculo-das-baleias-no-brasil\/\">O espet\u00e1culo das baleias no Brasil<\/a><\/li>\n\n\n\n<li class=\"has-large-font-size\"><a href=\"https:\/\/biologo.com.br\/bio\/fertilizadores-do-mar\/\">Fertilizadores do mar<\/a><\/li>\n\n\n\n<li class=\"has-large-font-size\"><a href=\"https:\/\/biologo.com.br\/bio\/evolucao-dos-cetaceos\/\">Evolu\u00e7\u00e3o dos Cet\u00e1ceos<\/a><\/li>\n\n\n\n<li class=\"has-large-font-size\"><a href=\"https:\/\/biologo.com.br\/bio\/vaca-marinha-de-steller\/\">Vaca-marinha-de-steller<\/a><\/li>\n\n\n\n<li class=\"has-large-font-size\"><a href=\"https:\/\/biologo.com.br\/bio\/mamiferos-mestres-da-adaptacao\/\">Mam\u00edferos<\/a><\/li>\n<\/ul>\n\n\n\n<p class=\"has-black-color has-text-color has-link-color wp-elements-30b9d0e6e51a1ea7213f0bd3ba1723aa\">Embora a comunica\u00e7\u00e3o entre cet\u00e1ceos j\u00e1 tenha sido observada h\u00e1 mais de meio s\u00e9culo, apenas recentemente foi poss\u00edvel estudar seus padr\u00f5es em larga escala. Sons emitidos por <a href=\"https:\/\/biologo.com.br\/bio\/baleias-jubarte-no-litoral-carioca\/\"><span style=\"text-decoration: underline;\">baleias-jubarte<\/span><\/a> (<em>Megaptera novaeangliae<\/em>), por exemplo, apresentam repeti\u00e7\u00f5es, varia\u00e7\u00f5es tonais e estruturas r\u00edtmicas que lembram can\u00e7\u00f5es com refr\u00f5es. N\u00e3o se trata de mero acaso. Tais padr\u00f5es sofrem mudan\u00e7as sazonais, sugerindo aprendizado coletivo e transmiss\u00e3o cultural \u2014 caracter\u00edsticas notoriamente raras no reino animal (Payne &amp; McVay, 1971; Garland et al., 2011)<\/p>\n\n\n\n<!--more-->\n\n\n\n<p class=\"has-black-color has-text-color has-link-color wp-elements-02bb71e7564a38d9dcbc941f0e59fb80\">Al\u00e9m disso, diferentes popula\u00e7\u00f5es da mesma esp\u00e9cie apresentam dialetos \u00fanicos. Estudos com orcas (<em>Orcinus orca<\/em>), por exemplo, revelaram conjuntos distintos de sons entre grupos familiares. Dessa forma, cada grupo, ou <em>pod<\/em>, compartilha um repert\u00f3rio vocal pr\u00f3prio, transmitido entre gera\u00e7\u00f5es. Esses dialetos funcionam como marcadores sociais, refor\u00e7ando la\u00e7os e identificando indiv\u00edduos dentro de uma estrutura social complexa.<\/p>\n\n\n\n<figure class=\"wp-block-image size-large\"><a href=\"https:\/\/i0.wp.com\/biologo.com.br\/bio\/wp-content\/uploads\/2025\/07\/a-comunicacao-das-baleias-cachalote.jpg?ssl=1\"><img data-recalc-dims=\"1\" loading=\"lazy\" decoding=\"async\" width=\"800\" height=\"450\" data-attachment-id=\"18720\" data-permalink=\"https:\/\/biologo.com.br\/bio\/a-linguagem-das-baleias\/a-comunicacao-das-baleias-cachalote\/\" data-orig-file=\"https:\/\/i0.wp.com\/biologo.com.br\/bio\/wp-content\/uploads\/2025\/07\/a-comunicacao-das-baleias-cachalote.jpg?fit=1200%2C675&amp;ssl=1\" data-orig-size=\"1200,675\" data-comments-opened=\"1\" data-image-meta=\"{&quot;aperture&quot;:&quot;0&quot;,&quot;credit&quot;:&quot;&quot;,&quot;camera&quot;:&quot;&quot;,&quot;caption&quot;:&quot;&quot;,&quot;created_timestamp&quot;:&quot;0&quot;,&quot;copyright&quot;:&quot;&quot;,&quot;focal_length&quot;:&quot;0&quot;,&quot;iso&quot;:&quot;0&quot;,&quot;shutter_speed&quot;:&quot;0&quot;,&quot;title&quot;:&quot;&quot;,&quot;orientation&quot;:&quot;0&quot;}\" data-image-title=\"a-linguagem-das-baleias-cachalote\" data-image-description=\"&lt;p&gt;Cachalote ou cacharr\u00e9u (nome cient\u00edfico: Physeter macrocephalus)[3][4] \u00e9 o maior cet\u00e1ceo dentado (odontocetos) e o maior predador com dentes. \u00c9 o \u00fanico membro vivo do g\u00eanero Physeter e uma das tr\u00eas esp\u00e9cies existentes na superfam\u00edlia Physeteroidea, juntamente com o cachalote-pigmeu e o cachalote-an\u00e3o do Kogia. \u00c9 um mam\u00edfero pel\u00e1gico com distribui\u00e7\u00e3o mundial e migra sazonalmente para alimenta\u00e7\u00e3o e reprodu\u00e7\u00e3o.[5] As f\u00eameas e os machos jovens vivem juntos em grupos, enquanto os machos maduros vivem vidas solit\u00e1rias fora da \u00e9poca de acasalamento. As f\u00eameas cooperam para proteger e amamentar seus filhotes. As f\u00eameas d\u00e3o \u00e0 luz a cada quatro a vinte anos e cuidam dos bezerros por mais de uma d\u00e9cada. Um cachalote maduro tem poucos predadores naturais, embora bezerros e adultos enfraquecidos \u00e0s vezes sejam mortos por grupos de orcas (Orcinus orca).a-comunicacao-das-baleias-cachalote&lt;\/p&gt;\n\" data-image-caption=\"\" data-large-file=\"https:\/\/i0.wp.com\/biologo.com.br\/bio\/wp-content\/uploads\/2025\/07\/a-comunicacao-das-baleias-cachalote.jpg?fit=800%2C450&amp;ssl=1\" src=\"https:\/\/i0.wp.com\/biologo.com.br\/bio\/wp-content\/uploads\/2025\/07\/a-comunicacao-das-baleias-cachalote.jpg?resize=800%2C450&#038;ssl=1\" alt=\"A Linguagem das Baleias: novas descobertas sobre comunica\u00e7\u00e3o em cet\u00e1ceos\" class=\"wp-image-18720\" srcset=\"https:\/\/i0.wp.com\/biologo.com.br\/bio\/wp-content\/uploads\/2025\/07\/a-comunicacao-das-baleias-cachalote.jpg?resize=1024%2C576&amp;ssl=1 1024w, https:\/\/i0.wp.com\/biologo.com.br\/bio\/wp-content\/uploads\/2025\/07\/a-comunicacao-das-baleias-cachalote.jpg?resize=300%2C169&amp;ssl=1 300w, https:\/\/i0.wp.com\/biologo.com.br\/bio\/wp-content\/uploads\/2025\/07\/a-comunicacao-das-baleias-cachalote.jpg?resize=768%2C432&amp;ssl=1 768w, https:\/\/i0.wp.com\/biologo.com.br\/bio\/wp-content\/uploads\/2025\/07\/a-comunicacao-das-baleias-cachalote.jpg?resize=150%2C84&amp;ssl=1 150w, https:\/\/i0.wp.com\/biologo.com.br\/bio\/wp-content\/uploads\/2025\/07\/a-comunicacao-das-baleias-cachalote.jpg?w=1200&amp;ssl=1 1200w\" sizes=\"auto, (max-width: 800px) 100vw, 800px\" \/><\/a><figcaption class=\"wp-element-caption\"><strong>Cachalote<\/strong>&nbsp;ou&nbsp;<strong>cacharr\u00e9u<\/strong>&nbsp;(<em>Physeter macrocephalus<\/em>)<\/figcaption><\/figure>\n\n\n\n<h3 class=\"wp-block-heading has-black-color has-text-color has-link-color has-medium-font-size wp-elements-3b57cdbf130d146716c6388b23194343\">Novas fronteiras da linguagem das baleias<\/h3>\n\n\n\n<p class=\"has-black-color has-text-color has-link-color wp-elements-ef67f803f63b8b37b89bb6d709664030\">Ent\u00e3o, recentemente, algoritmos de aprendizado de m\u00e1quina permitiram an\u00e1lises mais refinadas dos registros sonoros subaqu\u00e1ticos. Nesse sentido, uma das iniciativas mais ambiciosas \u00e9 o <a href=\"https:\/\/www.projectceti.org\/\" target=\"_blank\" rel=\"noreferrer noopener\"><span style=\"text-decoration: underline;\">projeto CETI<\/span><\/a> (<em>Cetacean Translation Initiative<\/em>), focado na comunica\u00e7\u00e3o dos cachalotes (<em>Physeter macrocephalus<\/em>). Esses cet\u00e1ceos emitem sequ\u00eancias curtas de estalidos \u2014 chamados de \u201ccliques\u201d \u2014 que, segundo os pesquisadores, podem carregar significado contextual, funcionando como unidades lingu\u00edsticas b\u00e1sicas ou at\u00e9 \u201cpalavras\u201d. A hip\u00f3tese \u00e9 ousada: os cachalotes poderiam possuir uma gram\u00e1tica rudimentar.<\/p>\n\n\n\n<p class=\"has-black-color has-text-color has-link-color wp-elements-597c239d69630ae9fce82e4a40c028b6\">A saber, tais descobertas da linguagem das baleias n\u00e3o se limitam \u00e0 fon\u00e9tica. H\u00e1 evid\u00eancias crescentes de que baleias tamb\u00e9m se comunicam por meio de gestos e toques, especialmente em intera\u00e7\u00f5es m\u00e3e-filhote ou durante rituais de acasalamento. O corpo, assim como o som, torna-se ve\u00edculo de express\u00e3o e informa\u00e7\u00e3o.<\/p>\n\n\n\n<figure class=\"wp-block-pullquote has-white-color has-text-color has-link-color has-large-font-size wp-elements-f00ca12424d139e0dae376640835bd0c has-background\" style=\"border-radius:72px;background-image:url(&apos;https:\/\/biologo.com.br\/bio\/wp-content\/uploads\/2019\/07\/Oceano-Aberto.jpg&apos;);background-position:79% 41%;background-size:cover;\"><blockquote><p><strong>(&#8230;) e as baleias, que &#8220;miam e grasnam&#8221; em jazz ultramarino \u2014 uma verdadeira raps\u00f3dia em azul \u2014 s\u00e3o ca\u00e7adas at\u00e9 a beira do sil\u00eancio. <\/strong><\/p><cite>&#8211; Jay Griffiths (Escritora brit\u00e2nica)<br><a href=\"https:\/\/www.google.com\/search?sca_esv=c5a1f40b3c8677e8&amp;sxsrf=AE3TifNS_za1IF1F-yWRbDuKuh7qUuL4qw:1751414277810&amp;q=Jay+Griffiths&amp;si=AMgyJEtULK0SKwwDiAHLrI671RJymqhQIZIm5jftsql4M3qbTksAulqQGveVZTGLx-jVNFVwq2Zs0U1FZt1UrGQQKEfpu8jfJWKbUwEjhSyYguufYuJd70o%3D&amp;sa=X&amp;ved=2ahUKEwjwp4jP7pyOAxWZLLkGHZ5oBzUQyNoBKAB6BAgnEAA&amp;ictx=1\"><\/a><\/cite><\/blockquote><\/figure>\n\n\n\n<figure class=\"wp-block-embed is-type-video is-provider-youtube wp-block-embed-youtube wp-embed-aspect-16-9 wp-has-aspect-ratio\"><div class=\"wp-block-embed__wrapper\">\n<iframe loading=\"lazy\" title=\"Baleen Whale Vocalizations: What Do Whales Sound Like?\" width=\"800\" height=\"450\" src=\"https:\/\/www.youtube.com\/embed\/wht0wPM1nF0?feature=oembed\" frameborder=\"0\" allow=\"accelerometer; autoplay; clipboard-write; encrypted-media; gyroscope; picture-in-picture; web-share\" referrerpolicy=\"strict-origin-when-cross-origin\" allowfullscreen><\/iframe>\n<\/div><\/figure>\n\n\n\n<p class=\"has-black-color has-text-color has-link-color wp-elements-2b5e112851b1ce72560be7bc3ba5ae32\">Finalmente, vale destacar que a comunica\u00e7\u00e3o entre cet\u00e1ceos n\u00e3o ocorre de modo isolado. Fatores ambientais influenciam diretamente sua transmiss\u00e3o e recep\u00e7\u00e3o. Nesse sentido, a polui\u00e7\u00e3o sonora marinha \u2014 provocada por navios, sonares e perfura\u00e7\u00f5es submarinas \u2014 interfere gravemente na propaga\u00e7\u00e3o dos sons. Em locais com tr\u00e1fego intenso, baleias precisam \u201cgritar\u201d para serem ouvidas, o que aumenta o estresse e prejudica o comportamento social (Hatch et al., 2008). Com isso, compromete-se n\u00e3o apenas a comunica\u00e7\u00e3o, mas tamb\u00e9m a sobreviv\u00eancia.<\/p>\n\n\n\n<p class=\"has-black-color has-text-color has-link-color wp-elements-7c43c69b4afdab1636724a50e0ad8b23\">A complexidade da linguagem cet\u00e1cea desafia fronteiras conceituais. Desse modo as baleias mostram que sistemas comunicativos elaborados tamb\u00e9m florescem sob as \u00e1guas. Ainda n\u00e3o sabemos se baleias discutem mem\u00f3rias, planejam o futuro ou compartilham ideias abstratas. No entanto, tudo indica que sua comunica\u00e7\u00e3o vai muito al\u00e9m da simples emiss\u00e3o de sons autom\u00e1ticos.<\/p>\n\n\n\n<figure class=\"wp-block-image aligncenter size-full\"><a href=\"https:\/\/i0.wp.com\/biologo.com.br\/bio\/wp-content\/uploads\/2022\/03\/baleia-de-rice-Balaenoptera-ricei.jpg?ssl=1\"><img data-recalc-dims=\"1\" loading=\"lazy\" decoding=\"async\" width=\"631\" height=\"351\" data-attachment-id=\"11571\" data-permalink=\"https:\/\/biologo.com.br\/bio\/nova-especie-de-baleia\/baleia-de-rice-balaenoptera-ricei\/\" data-orig-file=\"https:\/\/i0.wp.com\/biologo.com.br\/bio\/wp-content\/uploads\/2022\/03\/baleia-de-rice-Balaenoptera-ricei.jpg?fit=631%2C351&amp;ssl=1\" data-orig-size=\"631,351\" data-comments-opened=\"0\" data-image-meta=\"{&quot;aperture&quot;:&quot;0&quot;,&quot;credit&quot;:&quot;&quot;,&quot;camera&quot;:&quot;&quot;,&quot;caption&quot;:&quot;&quot;,&quot;created_timestamp&quot;:&quot;0&quot;,&quot;copyright&quot;:&quot;&quot;,&quot;focal_length&quot;:&quot;0&quot;,&quot;iso&quot;:&quot;0&quot;,&quot;shutter_speed&quot;:&quot;0&quot;,&quot;title&quot;:&quot;&quot;,&quot;orientation&quot;:&quot;0&quot;}\" data-image-title=\"baleia-de-rice-Balaenoptera-ricei\" data-image-description=\"&lt;p&gt;baleia-de-rice (Balaenoptera ricei)&lt;\/p&gt;\n\" data-image-caption=\"&lt;p&gt;Balaenoptera ricei) &amp;#8211; NOAA, Public domain, via Wikimedia Commons&lt;\/p&gt;\n\" data-large-file=\"https:\/\/i0.wp.com\/biologo.com.br\/bio\/wp-content\/uploads\/2022\/03\/baleia-de-rice-Balaenoptera-ricei.jpg?fit=631%2C351&amp;ssl=1\" src=\"https:\/\/i0.wp.com\/biologo.com.br\/bio\/wp-content\/uploads\/2022\/03\/baleia-de-rice-Balaenoptera-ricei.jpg?resize=631%2C351&#038;ssl=1\" alt=\"baleia-de-rice (Balaenoptera ricei) - A Linguagem das Baleias:: novas descobertas da comunica\u00e7\u00e3o em cet\u00e1ceos\" class=\"wp-image-11571\" srcset=\"https:\/\/i0.wp.com\/biologo.com.br\/bio\/wp-content\/uploads\/2022\/03\/baleia-de-rice-Balaenoptera-ricei.jpg?w=631&amp;ssl=1 631w, https:\/\/i0.wp.com\/biologo.com.br\/bio\/wp-content\/uploads\/2022\/03\/baleia-de-rice-Balaenoptera-ricei.jpg?resize=300%2C167&amp;ssl=1 300w\" sizes=\"auto, (max-width: 631px) 100vw, 631px\" \/><\/a><figcaption class=\"wp-element-caption\"><em><a href=\"https:\/\/biologo.com.br\/bio\/nova-especie-de-baleia\/\">Balaenoptera ricei<\/a><\/em> &#8211; NOAA, via Wikimedia Commons<\/figcaption><\/figure>\n\n\n\n<h4 class=\"wp-block-heading has-black-color has-text-color has-link-color has-medium-font-size wp-elements-ae51718755cf30eb263b0ce5c603e4b0\">O fascinante mundo da linguagem cet\u00e1cea<\/h4>\n\n\n\n<p class=\"has-black-color has-text-color has-link-color wp-elements-3deab855190b071332c755b2b6987eb1\">Al\u00e9m de instigar quest\u00f5es cient\u00edficas, essas descobertas imp\u00f5em dilemas \u00e9ticos. Se as baleias possuem formas pr\u00f3prias de linguagem e cultura, devemos reconsiderar nossa intera\u00e7\u00e3o com elas? Captura, turismo invasivo e degrada\u00e7\u00e3o de habitats se tornam, sob essa luz, pr\u00e1ticas ainda mais problem\u00e1ticas. Afinal, estamos perturbando seres inteligentes que mal compreendemos.<\/p>\n\n\n\n<figure class=\"wp-block-image aligncenter size-large\"><img data-recalc-dims=\"1\" decoding=\"async\" src=\"https:\/\/i0.wp.com\/gifdb.com\/images\/high\/giant-underwater-whale-5p1vwaylegizb3f1.gif?w=800&#038;ssl=1\" alt=\"\"\/><\/figure>\n\n\n\n<figure class=\"wp-block-image alignright size-full is-resized\"><a href=\"https:\/\/biologo.com.br\/bio\/economia-azul\/\"><img data-recalc-dims=\"1\" loading=\"lazy\" decoding=\"async\" width=\"112\" height=\"148\" data-attachment-id=\"18463\" data-permalink=\"https:\/\/biologo.com.br\/bio\/economia-azul\/economia-azul-mar\/\" data-orig-file=\"https:\/\/i0.wp.com\/biologo.com.br\/bio\/wp-content\/uploads\/2025\/06\/economia-azul-mar.gif?fit=112%2C148&amp;ssl=1\" data-orig-size=\"112,148\" data-comments-opened=\"1\" data-image-meta=\"{&quot;aperture&quot;:&quot;0&quot;,&quot;credit&quot;:&quot;&quot;,&quot;camera&quot;:&quot;&quot;,&quot;caption&quot;:&quot;&quot;,&quot;created_timestamp&quot;:&quot;0&quot;,&quot;copyright&quot;:&quot;&quot;,&quot;focal_length&quot;:&quot;0&quot;,&quot;iso&quot;:&quot;0&quot;,&quot;shutter_speed&quot;:&quot;0&quot;,&quot;title&quot;:&quot;&quot;,&quot;orientation&quot;:&quot;0&quot;}\" data-image-title=\"economia-azul-mar\" data-image-description=\"&lt;p&gt;Economia Azul e o Futuro dos Oceanos. A crescente press\u00e3o sobre os recursos naturais exige novos paradigmas econ\u00f4micos. Entre eles, destaca-se a Economia Azul, conceito que prop\u00f5e um modelo de desenvolvimento sustent\u00e1vel centrado nos ecossistemas marinhos e aqu\u00e1ticos. Muito al\u00e9m da simples explora\u00e7\u00e3o dos oceanos, a Economia Azul promove inova\u00e7\u00e3o, inclus\u00e3o social e equil\u00edbrio ecol\u00f3gico, aliando conserva\u00e7\u00e3o \u00e0 gera\u00e7\u00e3o de riqueza.&lt;\/p&gt;\n&lt;p&gt;A express\u00e3o \u201cEconomia Azul\u201d surgiu no final da d\u00e9cada de 1990, impulsionada por Gunter Pauli, que a definiu como uma forma de usar os recursos dispon\u00edveis localmente de maneira eficiente e regenerativa (Pauli, 2010). Contudo, ganhou for\u00e7a institucional a partir da d\u00e9cada de 2010, com iniciativas promovidas por organiza\u00e7\u00f5es internacionais como a ONU, a Uni\u00e3o Europeia e o Banco Mundial. A proposta central \u00e9 clara: transformar os mares e corpos d&amp;#8217;\u00e1gua em vetores de crescimento sustent\u00e1vel, por meio de atividades que respeitem os limites ecol\u00f3gicos.&lt;\/p&gt;\n\" data-image-caption=\"\" data-large-file=\"https:\/\/i0.wp.com\/biologo.com.br\/bio\/wp-content\/uploads\/2025\/06\/economia-azul-mar.gif?fit=112%2C148&amp;ssl=1\" src=\"https:\/\/i0.wp.com\/biologo.com.br\/bio\/wp-content\/uploads\/2025\/06\/economia-azul-mar.gif?resize=112%2C148&#038;ssl=1\" alt=\"Economia Azul e o Futuro dos Oceanos\" class=\"wp-image-18463\" style=\"width:83px;height:auto\"\/><\/a><\/figure>\n\n\n\n<p class=\"has-black-color has-text-color has-link-color wp-elements-93435bc7b6cf30b6c5ae4a689119f4d6\">Ao mesmo tempo, essas revela\u00e7\u00f5es ampliam nossa percep\u00e7\u00e3o sobre a intelig\u00eancia n\u00e3o humana. Ao estudar as baleias, n\u00e3o apenas nos aproximamos de outra esp\u00e9cie: tamb\u00e9m nos afastamos de uma vis\u00e3o antropoc\u00eantrica do mundo. Voltar nossa aten\u00e7\u00e3o para animais t\u00e3o importantes \u00e9 algo essencial diante da atual crise ambiental. Afinal, baleias devem estar vivas e saud\u00e1veis para a <a href=\"https:\/\/biologo.com.br\/bio\/economia-azul\/\"><span style=\"text-decoration: underline;\">economia azul<\/span><\/a>.<\/p>\n\n\n\n<p class=\"has-black-color has-text-color has-link-color wp-elements-25f9d5088bd00709e278401b8adb5809\">Enfim, na interse\u00e7\u00e3o entre ci\u00eancia e sensibilidade, a linguagem das baleias convida a uma nova escuta. Seus cantos, h\u00e1 tantos mil\u00eanios presentes nos oceanos, carregam n\u00e3o apenas sons, mas tamb\u00e9m sentidos. Decifr\u00e1-los talvez seja uma das mais belas formas de reencontrar nosso lugar na natureza.<br><\/p>\n\n\n\n<h6 class=\"wp-block-heading has-small-font-size\"><strong>Fontes e refer\u00eancias:<\/strong><\/h6>\n\n\n\n<ul class=\"wp-block-list\">\n<li class=\"has-black-color has-text-color has-link-color has-small-font-size wp-elements-be8ddb895f6bb64261c69fe6d796c8bb\">Ford, J. K. B. (1991). <a href=\"https:\/\/www.researchgate.net\/publication\/233821079_Vocal_traditions_among_resident_killer_whales_Orcinus_orca_in_coastal_waters_of_British_Columbia\" target=\"_blank\" rel=\"noreferrer noopener\">Vocal traditions among resident killer whales (Orcinus orca) in coastal waters of British Columbia<\/a>. <em>Canadian Journal of Zoology<\/em>, 69(6), 1454\u20131483.<\/li>\n\n\n\n<li class=\"has-black-color has-text-color has-link-color has-small-font-size wp-elements-41b342fa23c164e90fce1ee131976db5\">Garland, E. C., Goldizen, A. W., Rekdahl, M. L., et al. (2011). <a href=\"https:\/\/www.sciencedirect.com\/science\/article\/pii\/S0960982211002910\">Dynamic horizontal cultural transmission of humpback whale song at the ocean basin scale<\/a>. <em>Current Biology<\/em>, 21(8), 687\u2013691.<\/li>\n\n\n\n<li class=\"has-black-color has-text-color has-link-color has-small-font-size wp-elements-759a7521818c676ec30919b6803c9ee7\">Hatch, L. T., Clark, C. W., Merrick, R., et al. (2008). <a href=\"https:\/\/link.springer.com\/article\/10.1007\/s00267-008-9169-4\">Characterizing the relative contributions of large vessels to total ocean noise fields: A case study using the Gerry E. Studds Stellwagen Bank National Marine Sanctuary<\/a>. <em>Environmental Management<\/em>, 42(5), 735\u2013752.<\/li>\n\n\n\n<li class=\"has-black-color has-text-color has-link-color has-small-font-size wp-elements-dc5c838dce957128e7589d4756872f72\">Payne, R. S., &amp; McVay, S. (1971). <a href=\"https:\/\/www.science.org\/doi\/10.1126\/science.173.3997.585\" target=\"_blank\" rel=\"noreferrer noopener\">Songs of humpback whales<\/a>. <em>Science<\/em>, 173(3997), 585\u2013597.<\/li>\n\n\n\n<li class=\"has-black-color has-text-color has-link-color has-small-font-size wp-elements-3eacd26d0c672c013604a2a6625df625\">Yurk, H., Barrett-Lennard, L., Ford, J. K. B., &amp; Matkin, C. O. (2002). <a href=\"https:\/\/www.sciencedirect.com\/science\/article\/abs\/pii\/S0003347202930125?via%3Dihub\">Cultural transmission within maternal lineages: Vocal clans in resident killer whales in southern Alaska<\/a>. <em>Animal Behaviour<\/em>, 63(6), 1103\u20131119.<\/li>\n<\/ul>\n\n\n\n<figure class=\"wp-block-image aligncenter\"><a href=\"https:\/\/biologo.com.br\/bio\/apoie-o-biologo\/\"><img data-recalc-dims=\"1\" loading=\"lazy\" decoding=\"async\" width=\"174\" height=\"147\" data-attachment-id=\"11979\" data-permalink=\"https:\/\/biologo.com.br\/bio\/caracal-um-mestre-da-sobrevivencia\/apoiepeq\/\" data-orig-file=\"https:\/\/i0.wp.com\/biologo.com.br\/bio\/wp-content\/uploads\/2022\/05\/apoiepeq.jpg?fit=174%2C147&amp;ssl=1\" data-orig-size=\"174,147\" data-comments-opened=\"0\" data-image-meta=\"{&quot;aperture&quot;:&quot;0&quot;,&quot;credit&quot;:&quot;&quot;,&quot;camera&quot;:&quot;&quot;,&quot;caption&quot;:&quot;&quot;,&quot;created_timestamp&quot;:&quot;0&quot;,&quot;copyright&quot;:&quot;&quot;,&quot;focal_length&quot;:&quot;0&quot;,&quot;iso&quot;:&quot;0&quot;,&quot;shutter_speed&quot;:&quot;0&quot;,&quot;title&quot;:&quot;&quot;,&quot;orientation&quot;:&quot;0&quot;}\" data-image-title=\"apoiepeq\" data-image-description=\"&lt;p&gt;Apoie o Bi\u00f3logo&lt;\/p&gt;\n\" data-image-caption=\"\" data-large-file=\"https:\/\/i0.wp.com\/biologo.com.br\/bio\/wp-content\/uploads\/2022\/05\/apoiepeq.jpg?fit=174%2C147&amp;ssl=1\" src=\"https:\/\/i0.wp.com\/biologo.com.br\/bio\/wp-content\/uploads\/2022\/05\/apoiepeq.jpg?resize=174%2C147&#038;ssl=1\" alt=\"Apoie o Bi\u00f3logo\" class=\"wp-image-11979\" title=\"Apoie o Bi\u00f3logo\"\/><\/a><\/figure>\n\n\n\n<p class=\"has-text-align-center\"><a href=\"https:\/\/biologo.com.br\/bio\/apoie-o-biologo\/\">Apoie o Bi\u00f3logo<\/a>&nbsp;&nbsp;<\/p>\n","protected":false},"excerpt":{"rendered":"<p>Linguagem das Baleias: embora os cientistas h\u00e1 d\u00e9cadas tentem decifrar a comunica\u00e7\u00e3o dos cet\u00e1ceos, s\u00f3 hoje, gra\u00e7as ao avan\u00e7o tecnol\u00f3gico,<\/p>\n","protected":false},"author":1,"featured_media":18725,"comment_status":"open","ping_status":"closed","sticky":false,"template":"","format":"standard","meta":{"colormag_page_container_layout":"default_layout","colormag_page_sidebar_layout":"default_layout","jetpack_post_was_ever_published":false,"_jetpack_newsletter_access":"","_jetpack_dont_email_post_to_subs":false,"_jetpack_newsletter_tier_id":0,"_jetpack_memberships_contains_paywalled_content":false,"_jetpack_memberships_contains_paid_content":false,"footnotes":"","jetpack_publicize_message":"Linguagem das Baleias: embora os cientistas h\u00e1 d\u00e9cadas tentem decifrar a comunica\u00e7\u00e3o dos cet\u00e1ceos, s\u00f3 hoje, gra\u00e7as ao avan\u00e7o tecnol\u00f3gico, surgem pistas promissoras.","jetpack_publicize_feature_enabled":true,"jetpack_social_post_already_shared":true,"jetpack_social_options":{"image_generator_settings":{"template":"highway","default_image_id":0,"enabled":false},"version":2}},"categories":[143,4,131,138,25],"tags":[272,191,56,271],"class_list":["post-18710","post","type-post","status-publish","format-standard","has-post-thumbnail","hentry","category-biofisica","category-biologiamarinha","category-biotecnologia","category-comportamento","category-mamiferos","tag-baleias","tag-biologia-marinha","tag-biotecnologia","tag-comportamento"],"yoast_head":"<!-- This site is optimized with the Yoast SEO plugin v27.5 - https:\/\/yoast.com\/product\/yoast-seo-wordpress\/ -->\n<title>A Linguagem das Baleias: novas descobertas da comunica\u00e7\u00e3o em cet\u00e1ceos<\/title>\n<meta name=\"description\" content=\"Estamos \u00e0s portas de compreender a verdadeira linguagem das baleias. A Linguagem das Baleias: novas descobertas da comunica\u00e7\u00e3o em cet\u00e1ceos\" \/>\n<meta name=\"robots\" content=\"index, follow, max-snippet:-1, max-image-preview:large, max-video-preview:-1\" \/>\n<link rel=\"canonical\" href=\"https:\/\/biologo.com.br\/bio\/a-linguagem-das-baleias\/\" \/>\n<meta property=\"og:locale\" content=\"pt_BR\" \/>\n<meta property=\"og:type\" content=\"article\" \/>\n<meta property=\"og:title\" content=\"A Linguagem das Baleias: novas descobertas da comunica\u00e7\u00e3o em cet\u00e1ceos\" \/>\n<meta property=\"og:description\" content=\"Estamos \u00e0s portas de compreender a verdadeira linguagem das baleias. A Linguagem das Baleias: novas descobertas da comunica\u00e7\u00e3o em cet\u00e1ceos\" \/>\n<meta property=\"og:url\" content=\"https:\/\/biologo.com.br\/bio\/a-linguagem-das-baleias\/\" \/>\n<meta property=\"og:site_name\" content=\"Bi\u00f3logo\" \/>\n<meta property=\"article:publisher\" content=\"https:\/\/www.facebook.com\/biologocombr\/\" \/>\n<meta property=\"article:published_time\" content=\"2025-07-02T10:00:00+00:00\" \/>\n<meta property=\"og:image\" content=\"https:\/\/i0.wp.com\/biologo.com.br\/bio\/wp-content\/uploads\/2025\/07\/A-Linguagem-das-Baleias-novas-descobertas-da-comunicacao-em-cetaceos.jpg?fit=1200%2C675&ssl=1\" \/>\n\t<meta property=\"og:image:width\" content=\"1200\" \/>\n\t<meta property=\"og:image:height\" content=\"675\" \/>\n\t<meta property=\"og:image:type\" content=\"image\/jpeg\" \/>\n<meta name=\"author\" content=\"pozzana\" \/>\n<meta name=\"twitter:card\" content=\"summary_large_image\" \/>\n<meta name=\"twitter:creator\" content=\"@Biologocombr\" \/>\n<meta name=\"twitter:site\" content=\"@Biologocombr\" \/>\n<meta name=\"twitter:label1\" content=\"Escrito por\" \/>\n\t<meta name=\"twitter:data1\" content=\"pozzana\" \/>\n\t<meta name=\"twitter:label2\" content=\"Est. tempo de leitura\" \/>\n\t<meta name=\"twitter:data2\" content=\"7 minutos\" \/>\n<script type=\"application\/ld+json\" class=\"yoast-schema-graph\">{\"@context\":\"https:\\\/\\\/schema.org\",\"@graph\":[{\"@type\":\"Article\",\"@id\":\"https:\\\/\\\/biologo.com.br\\\/bio\\\/a-linguagem-das-baleias\\\/#article\",\"isPartOf\":{\"@id\":\"https:\\\/\\\/biologo.com.br\\\/bio\\\/a-linguagem-das-baleias\\\/\"},\"author\":{\"name\":\"pozzana\",\"@id\":\"https:\\\/\\\/biologo.com.br\\\/bio\\\/#\\\/schema\\\/person\\\/3a5d600bbc47f8bb0cd43594317a6cd4\"},\"headline\":\"A linguagem das Baleias\",\"datePublished\":\"2025-07-02T10:00:00+00:00\",\"mainEntityOfPage\":{\"@id\":\"https:\\\/\\\/biologo.com.br\\\/bio\\\/a-linguagem-das-baleias\\\/\"},\"wordCount\":993,\"commentCount\":0,\"publisher\":{\"@id\":\"https:\\\/\\\/biologo.com.br\\\/bio\\\/#organization\"},\"image\":{\"@id\":\"https:\\\/\\\/biologo.com.br\\\/bio\\\/a-linguagem-das-baleias\\\/#primaryimage\"},\"thumbnailUrl\":\"https:\\\/\\\/i0.wp.com\\\/biologo.com.br\\\/bio\\\/wp-content\\\/uploads\\\/2025\\\/07\\\/A-Linguagem-das-Baleias-novas-descobertas-da-comunicacao-em-cetaceos.jpg?fit=1200%2C675&ssl=1\",\"keywords\":[\"baleias\",\"biologia marinha\",\"biotecnologia\",\"comportamento\"],\"articleSection\":[\"Biof\u00edsica\",\"Biologia marinha\",\"Biotecnologia\",\"Comportamento\",\"Mam\u00edferos\"],\"inLanguage\":\"pt-BR\",\"potentialAction\":[{\"@type\":\"CommentAction\",\"name\":\"Comment\",\"target\":[\"https:\\\/\\\/biologo.com.br\\\/bio\\\/a-linguagem-das-baleias\\\/#respond\"]}]},{\"@type\":\"WebPage\",\"@id\":\"https:\\\/\\\/biologo.com.br\\\/bio\\\/a-linguagem-das-baleias\\\/\",\"url\":\"https:\\\/\\\/biologo.com.br\\\/bio\\\/a-linguagem-das-baleias\\\/\",\"name\":\"A Linguagem das Baleias: novas descobertas da comunica\u00e7\u00e3o em cet\u00e1ceos\",\"isPartOf\":{\"@id\":\"https:\\\/\\\/biologo.com.br\\\/bio\\\/#website\"},\"primaryImageOfPage\":{\"@id\":\"https:\\\/\\\/biologo.com.br\\\/bio\\\/a-linguagem-das-baleias\\\/#primaryimage\"},\"image\":{\"@id\":\"https:\\\/\\\/biologo.com.br\\\/bio\\\/a-linguagem-das-baleias\\\/#primaryimage\"},\"thumbnailUrl\":\"https:\\\/\\\/i0.wp.com\\\/biologo.com.br\\\/bio\\\/wp-content\\\/uploads\\\/2025\\\/07\\\/A-Linguagem-das-Baleias-novas-descobertas-da-comunicacao-em-cetaceos.jpg?fit=1200%2C675&ssl=1\",\"datePublished\":\"2025-07-02T10:00:00+00:00\",\"description\":\"Estamos \u00e0s portas de compreender a verdadeira linguagem das baleias. A Linguagem das Baleias: novas descobertas da comunica\u00e7\u00e3o em cet\u00e1ceos\",\"breadcrumb\":{\"@id\":\"https:\\\/\\\/biologo.com.br\\\/bio\\\/a-linguagem-das-baleias\\\/#breadcrumb\"},\"inLanguage\":\"pt-BR\",\"potentialAction\":[{\"@type\":\"ReadAction\",\"target\":[\"https:\\\/\\\/biologo.com.br\\\/bio\\\/a-linguagem-das-baleias\\\/\"]}]},{\"@type\":\"ImageObject\",\"inLanguage\":\"pt-BR\",\"@id\":\"https:\\\/\\\/biologo.com.br\\\/bio\\\/a-linguagem-das-baleias\\\/#primaryimage\",\"url\":\"https:\\\/\\\/i0.wp.com\\\/biologo.com.br\\\/bio\\\/wp-content\\\/uploads\\\/2025\\\/07\\\/A-Linguagem-das-Baleias-novas-descobertas-da-comunicacao-em-cetaceos.jpg?fit=1200%2C675&ssl=1\",\"contentUrl\":\"https:\\\/\\\/i0.wp.com\\\/biologo.com.br\\\/bio\\\/wp-content\\\/uploads\\\/2025\\\/07\\\/A-Linguagem-das-Baleias-novas-descobertas-da-comunicacao-em-cetaceos.jpg?fit=1200%2C675&ssl=1\",\"width\":1200,\"height\":675,\"caption\":\"A Linguagem das Baleias: novas descobertas da comunica\u00e7\u00e3o em cet\u00e1ceos\"},{\"@type\":\"BreadcrumbList\",\"@id\":\"https:\\\/\\\/biologo.com.br\\\/bio\\\/a-linguagem-das-baleias\\\/#breadcrumb\",\"itemListElement\":[{\"@type\":\"ListItem\",\"position\":1,\"name\":\"In\u00edcio\",\"item\":\"https:\\\/\\\/biologo.com.br\\\/bio\\\/\"},{\"@type\":\"ListItem\",\"position\":2,\"name\":\"A linguagem das Baleias\"}]},{\"@type\":\"WebSite\",\"@id\":\"https:\\\/\\\/biologo.com.br\\\/bio\\\/#website\",\"url\":\"https:\\\/\\\/biologo.com.br\\\/bio\\\/\",\"name\":\"Bi\u00f3logo\",\"description\":\"Biologia. Informa\u00e7\u00f5es para bi\u00f3logos ou leigos. Eventos, v\u00eddeos e muito mais. Ci\u00eancias biol\u00f3gicas.\",\"publisher\":{\"@id\":\"https:\\\/\\\/biologo.com.br\\\/bio\\\/#organization\"},\"potentialAction\":[{\"@type\":\"SearchAction\",\"target\":{\"@type\":\"EntryPoint\",\"urlTemplate\":\"https:\\\/\\\/biologo.com.br\\\/bio\\\/?s={search_term_string}\"},\"query-input\":{\"@type\":\"PropertyValueSpecification\",\"valueRequired\":true,\"valueName\":\"search_term_string\"}}],\"inLanguage\":\"pt-BR\"},{\"@type\":\"Organization\",\"@id\":\"https:\\\/\\\/biologo.com.br\\\/bio\\\/#organization\",\"name\":\"Bi\u00f3logo\",\"url\":\"https:\\\/\\\/biologo.com.br\\\/bio\\\/\",\"logo\":{\"@type\":\"ImageObject\",\"inLanguage\":\"pt-BR\",\"@id\":\"https:\\\/\\\/biologo.com.br\\\/bio\\\/#\\\/schema\\\/logo\\\/image\\\/\",\"url\":\"https:\\\/\\\/i0.wp.com\\\/biologo.com.br\\\/bio\\\/wp-content\\\/uploads\\\/2015\\\/12\\\/logo1.jpg?fit=179%2C57&ssl=1\",\"contentUrl\":\"https:\\\/\\\/i0.wp.com\\\/biologo.com.br\\\/bio\\\/wp-content\\\/uploads\\\/2015\\\/12\\\/logo1.jpg?fit=179%2C57&ssl=1\",\"width\":179,\"height\":57,\"caption\":\"Bi\u00f3logo\"},\"image\":{\"@id\":\"https:\\\/\\\/biologo.com.br\\\/bio\\\/#\\\/schema\\\/logo\\\/image\\\/\"},\"sameAs\":[\"https:\\\/\\\/www.facebook.com\\\/biologocombr\\\/\",\"https:\\\/\\\/x.com\\\/Biologocombr\",\"https:\\\/\\\/www.instagram.com\\\/biologo.com.br\\\/\"]},{\"@type\":\"Person\",\"@id\":\"https:\\\/\\\/biologo.com.br\\\/bio\\\/#\\\/schema\\\/person\\\/3a5d600bbc47f8bb0cd43594317a6cd4\",\"name\":\"pozzana\",\"image\":{\"@type\":\"ImageObject\",\"inLanguage\":\"pt-BR\",\"@id\":\"https:\\\/\\\/secure.gravatar.com\\\/avatar\\\/fa8f924c29488a329bd70373453572f7494e802125f373a7f2937173cc26b21f?s=96&d=mm&r=g\",\"url\":\"https:\\\/\\\/secure.gravatar.com\\\/avatar\\\/fa8f924c29488a329bd70373453572f7494e802125f373a7f2937173cc26b21f?s=96&d=mm&r=g\",\"contentUrl\":\"https:\\\/\\\/secure.gravatar.com\\\/avatar\\\/fa8f924c29488a329bd70373453572f7494e802125f373a7f2937173cc26b21f?s=96&d=mm&r=g\",\"caption\":\"pozzana\"},\"url\":\"https:\\\/\\\/biologo.com.br\\\/bio\\\/author\\\/pozzana\\\/\"}]}<\/script>\n<!-- \/ Yoast SEO plugin. -->","yoast_head_json":{"title":"A Linguagem das Baleias: novas descobertas da comunica\u00e7\u00e3o em cet\u00e1ceos","description":"Estamos \u00e0s portas de compreender a verdadeira linguagem das baleias. A Linguagem das Baleias: novas descobertas da comunica\u00e7\u00e3o em cet\u00e1ceos","robots":{"index":"index","follow":"follow","max-snippet":"max-snippet:-1","max-image-preview":"max-image-preview:large","max-video-preview":"max-video-preview:-1"},"canonical":"https:\/\/biologo.com.br\/bio\/a-linguagem-das-baleias\/","og_locale":"pt_BR","og_type":"article","og_title":"A Linguagem das Baleias: novas descobertas da comunica\u00e7\u00e3o em cet\u00e1ceos","og_description":"Estamos \u00e0s portas de compreender a verdadeira linguagem das baleias. A Linguagem das Baleias: novas descobertas da comunica\u00e7\u00e3o em cet\u00e1ceos","og_url":"https:\/\/biologo.com.br\/bio\/a-linguagem-das-baleias\/","og_site_name":"Bi\u00f3logo","article_publisher":"https:\/\/www.facebook.com\/biologocombr\/","article_published_time":"2025-07-02T10:00:00+00:00","og_image":[{"width":1200,"height":675,"url":"https:\/\/i0.wp.com\/biologo.com.br\/bio\/wp-content\/uploads\/2025\/07\/A-Linguagem-das-Baleias-novas-descobertas-da-comunicacao-em-cetaceos.jpg?fit=1200%2C675&ssl=1","type":"image\/jpeg"}],"author":"pozzana","twitter_card":"summary_large_image","twitter_creator":"@Biologocombr","twitter_site":"@Biologocombr","twitter_misc":{"Escrito por":"pozzana","Est. tempo de leitura":"7 minutos"},"schema":{"@context":"https:\/\/schema.org","@graph":[{"@type":"Article","@id":"https:\/\/biologo.com.br\/bio\/a-linguagem-das-baleias\/#article","isPartOf":{"@id":"https:\/\/biologo.com.br\/bio\/a-linguagem-das-baleias\/"},"author":{"name":"pozzana","@id":"https:\/\/biologo.com.br\/bio\/#\/schema\/person\/3a5d600bbc47f8bb0cd43594317a6cd4"},"headline":"A linguagem das Baleias","datePublished":"2025-07-02T10:00:00+00:00","mainEntityOfPage":{"@id":"https:\/\/biologo.com.br\/bio\/a-linguagem-das-baleias\/"},"wordCount":993,"commentCount":0,"publisher":{"@id":"https:\/\/biologo.com.br\/bio\/#organization"},"image":{"@id":"https:\/\/biologo.com.br\/bio\/a-linguagem-das-baleias\/#primaryimage"},"thumbnailUrl":"https:\/\/i0.wp.com\/biologo.com.br\/bio\/wp-content\/uploads\/2025\/07\/A-Linguagem-das-Baleias-novas-descobertas-da-comunicacao-em-cetaceos.jpg?fit=1200%2C675&ssl=1","keywords":["baleias","biologia marinha","biotecnologia","comportamento"],"articleSection":["Biof\u00edsica","Biologia marinha","Biotecnologia","Comportamento","Mam\u00edferos"],"inLanguage":"pt-BR","potentialAction":[{"@type":"CommentAction","name":"Comment","target":["https:\/\/biologo.com.br\/bio\/a-linguagem-das-baleias\/#respond"]}]},{"@type":"WebPage","@id":"https:\/\/biologo.com.br\/bio\/a-linguagem-das-baleias\/","url":"https:\/\/biologo.com.br\/bio\/a-linguagem-das-baleias\/","name":"A Linguagem das Baleias: novas descobertas da comunica\u00e7\u00e3o em cet\u00e1ceos","isPartOf":{"@id":"https:\/\/biologo.com.br\/bio\/#website"},"primaryImageOfPage":{"@id":"https:\/\/biologo.com.br\/bio\/a-linguagem-das-baleias\/#primaryimage"},"image":{"@id":"https:\/\/biologo.com.br\/bio\/a-linguagem-das-baleias\/#primaryimage"},"thumbnailUrl":"https:\/\/i0.wp.com\/biologo.com.br\/bio\/wp-content\/uploads\/2025\/07\/A-Linguagem-das-Baleias-novas-descobertas-da-comunicacao-em-cetaceos.jpg?fit=1200%2C675&ssl=1","datePublished":"2025-07-02T10:00:00+00:00","description":"Estamos \u00e0s portas de compreender a verdadeira linguagem das baleias. A Linguagem das Baleias: novas descobertas da comunica\u00e7\u00e3o em cet\u00e1ceos","breadcrumb":{"@id":"https:\/\/biologo.com.br\/bio\/a-linguagem-das-baleias\/#breadcrumb"},"inLanguage":"pt-BR","potentialAction":[{"@type":"ReadAction","target":["https:\/\/biologo.com.br\/bio\/a-linguagem-das-baleias\/"]}]},{"@type":"ImageObject","inLanguage":"pt-BR","@id":"https:\/\/biologo.com.br\/bio\/a-linguagem-das-baleias\/#primaryimage","url":"https:\/\/i0.wp.com\/biologo.com.br\/bio\/wp-content\/uploads\/2025\/07\/A-Linguagem-das-Baleias-novas-descobertas-da-comunicacao-em-cetaceos.jpg?fit=1200%2C675&ssl=1","contentUrl":"https:\/\/i0.wp.com\/biologo.com.br\/bio\/wp-content\/uploads\/2025\/07\/A-Linguagem-das-Baleias-novas-descobertas-da-comunicacao-em-cetaceos.jpg?fit=1200%2C675&ssl=1","width":1200,"height":675,"caption":"A Linguagem das Baleias: novas descobertas da comunica\u00e7\u00e3o em cet\u00e1ceos"},{"@type":"BreadcrumbList","@id":"https:\/\/biologo.com.br\/bio\/a-linguagem-das-baleias\/#breadcrumb","itemListElement":[{"@type":"ListItem","position":1,"name":"In\u00edcio","item":"https:\/\/biologo.com.br\/bio\/"},{"@type":"ListItem","position":2,"name":"A linguagem das Baleias"}]},{"@type":"WebSite","@id":"https:\/\/biologo.com.br\/bio\/#website","url":"https:\/\/biologo.com.br\/bio\/","name":"Bi\u00f3logo","description":"Biologia. Informa\u00e7\u00f5es para bi\u00f3logos ou leigos. Eventos, v\u00eddeos e muito mais. Ci\u00eancias biol\u00f3gicas.","publisher":{"@id":"https:\/\/biologo.com.br\/bio\/#organization"},"potentialAction":[{"@type":"SearchAction","target":{"@type":"EntryPoint","urlTemplate":"https:\/\/biologo.com.br\/bio\/?s={search_term_string}"},"query-input":{"@type":"PropertyValueSpecification","valueRequired":true,"valueName":"search_term_string"}}],"inLanguage":"pt-BR"},{"@type":"Organization","@id":"https:\/\/biologo.com.br\/bio\/#organization","name":"Bi\u00f3logo","url":"https:\/\/biologo.com.br\/bio\/","logo":{"@type":"ImageObject","inLanguage":"pt-BR","@id":"https:\/\/biologo.com.br\/bio\/#\/schema\/logo\/image\/","url":"https:\/\/i0.wp.com\/biologo.com.br\/bio\/wp-content\/uploads\/2015\/12\/logo1.jpg?fit=179%2C57&ssl=1","contentUrl":"https:\/\/i0.wp.com\/biologo.com.br\/bio\/wp-content\/uploads\/2015\/12\/logo1.jpg?fit=179%2C57&ssl=1","width":179,"height":57,"caption":"Bi\u00f3logo"},"image":{"@id":"https:\/\/biologo.com.br\/bio\/#\/schema\/logo\/image\/"},"sameAs":["https:\/\/www.facebook.com\/biologocombr\/","https:\/\/x.com\/Biologocombr","https:\/\/www.instagram.com\/biologo.com.br\/"]},{"@type":"Person","@id":"https:\/\/biologo.com.br\/bio\/#\/schema\/person\/3a5d600bbc47f8bb0cd43594317a6cd4","name":"pozzana","image":{"@type":"ImageObject","inLanguage":"pt-BR","@id":"https:\/\/secure.gravatar.com\/avatar\/fa8f924c29488a329bd70373453572f7494e802125f373a7f2937173cc26b21f?s=96&d=mm&r=g","url":"https:\/\/secure.gravatar.com\/avatar\/fa8f924c29488a329bd70373453572f7494e802125f373a7f2937173cc26b21f?s=96&d=mm&r=g","contentUrl":"https:\/\/secure.gravatar.com\/avatar\/fa8f924c29488a329bd70373453572f7494e802125f373a7f2937173cc26b21f?s=96&d=mm&r=g","caption":"pozzana"},"url":"https:\/\/biologo.com.br\/bio\/author\/pozzana\/"}]}},"jetpack_publicize_connections":[],"jetpack_featured_media_url":"https:\/\/i0.wp.com\/biologo.com.br\/bio\/wp-content\/uploads\/2025\/07\/A-Linguagem-das-Baleias-novas-descobertas-da-comunicacao-em-cetaceos.jpg?fit=1200%2C675&ssl=1","jetpack-related-posts":[{"id":3544,"url":"https:\/\/biologo.com.br\/bio\/mamiferos-marinhos\/","url_meta":{"origin":18710,"position":0},"title":"Mam\u00edferos marinhos","author":"pozzana","date":"mar\u00e7o 14, 2018","format":false,"excerpt":"Mam\u00edferos marinhos:\u00a0Um\u00a0mam\u00edfero\u00a0marinho\u00a0ou\u00a0aqu\u00e1tico\u00a0\u00e9 aquele que habita primariamente o\u00a0oceano\u00a0ou depende dele para alimentar-se.\u00a0 Muitos desses animais encontram-se amea\u00e7ados por diversas raz\u00f5es, entre elas a polui\u00e7\u00e3o dos oceanos e a pesca comercial. Mam\u00edferos marinhos Esse sofisticado grupo inclui animais como focas, baleias, peixes-boi, lontras marinhas e at\u00e9 ursos polares.\u00a0 Adapta\u00e7\u00f5es A adapta\u00e7\u00e3o dos\u2026","rel":"","context":"Em &quot;Biologia&quot;","block_context":{"text":"Biologia","link":"https:\/\/biologo.com.br\/bio\/category\/biologia2\/"},"img":{"alt_text":"peixe-boi-marinho. Mam\u00edferos marinhos","src":"https:\/\/i0.wp.com\/biologo.com.br\/bio\/wp-content\/uploads\/2018\/03\/peixe-boi-marinho.jpg?fit=631%2C351&ssl=1&resize=350%2C200","width":350,"height":200,"srcset":"https:\/\/i0.wp.com\/biologo.com.br\/bio\/wp-content\/uploads\/2018\/03\/peixe-boi-marinho.jpg?fit=631%2C351&ssl=1&resize=350%2C200 1x, https:\/\/i0.wp.com\/biologo.com.br\/bio\/wp-content\/uploads\/2018\/03\/peixe-boi-marinho.jpg?fit=631%2C351&ssl=1&resize=525%2C300 1.5x"},"classes":[]},{"id":16473,"url":"https:\/\/biologo.com.br\/bio\/biologia-marinha-na-atualidade\/","url_meta":{"origin":18710,"position":1},"title":"Biologia Marinha na atualidade","author":"pozzana","date":"setembro 19, 2024","format":false,"excerpt":"Biologia Marinha na Atualidade: a vida nos oceanos nunca esteve t\u00e3o amea\u00e7ada. Nesse cen\u00e1rio dram\u00e1tico, o estudo dos ecossistemas marinhos e da vida marinha, incluindo recifes de corais e esp\u00e9cies amea\u00e7adas, s\u00e3o altamente valorosos. Biologia Marinha na atualidade 28\/06\/2024\u00a0::\u00a0 por\u00a0Marco Pozzana O trabalho do bi\u00f3logo marinho \u00e9 crucial para manter\u2026","rel":"","context":"Em &quot;Biologia&quot;","block_context":{"text":"Biologia","link":"https:\/\/biologo.com.br\/bio\/category\/biologia2\/"},"img":{"alt_text":"Biologia Marinha na atualidade","src":"https:\/\/i0.wp.com\/biologo.com.br\/bio\/wp-content\/uploads\/2024\/09\/Biologia-Marinha-na-atualidade.jpg?fit=1201%2C676&ssl=1&resize=350%2C200","width":350,"height":200,"srcset":"https:\/\/i0.wp.com\/biologo.com.br\/bio\/wp-content\/uploads\/2024\/09\/Biologia-Marinha-na-atualidade.jpg?fit=1201%2C676&ssl=1&resize=350%2C200 1x, https:\/\/i0.wp.com\/biologo.com.br\/bio\/wp-content\/uploads\/2024\/09\/Biologia-Marinha-na-atualidade.jpg?fit=1201%2C676&ssl=1&resize=525%2C300 1.5x, https:\/\/i0.wp.com\/biologo.com.br\/bio\/wp-content\/uploads\/2024\/09\/Biologia-Marinha-na-atualidade.jpg?fit=1201%2C676&ssl=1&resize=700%2C400 2x, https:\/\/i0.wp.com\/biologo.com.br\/bio\/wp-content\/uploads\/2024\/09\/Biologia-Marinha-na-atualidade.jpg?fit=1201%2C676&ssl=1&resize=1050%2C600 3x"},"classes":[]},{"id":1844,"url":"https:\/\/biologo.com.br\/bio\/principais-ramos-da-biologia\/","url_meta":{"origin":18710,"position":2},"title":"Principais Ramos da Biologia","author":"pozzana","date":"mar\u00e7o 14, 2017","format":false,"excerpt":"Principais Ramos da Biologia: A biologia \u00e9 uma vasta ci\u00eancia. Depois que o estudante toma a dif\u00edcil decis\u00e3o de escolher sua carreira, \u00e9 comum que ele se pegue tendo que escolher novamente entre tantas op\u00e7\u00f5es que as ci\u00eancias biol\u00f3gicas oferecem. Segue, portanto, uma lista para as principais \u00e1reas biol\u00f3gicas. Lembre-se\u2026","rel":"","context":"Em &quot;Biologia&quot;","block_context":{"text":"Biologia","link":"https:\/\/biologo.com.br\/bio\/category\/biologia2\/"},"img":{"alt_text":"Principais Ramos da Biologia","src":"https:\/\/i0.wp.com\/biologo.com.br\/bio\/wp-content\/uploads\/2017\/03\/Principais-Ramos-da-Biologia.jpg?fit=631%2C351&ssl=1&resize=350%2C200","width":350,"height":200,"srcset":"https:\/\/i0.wp.com\/biologo.com.br\/bio\/wp-content\/uploads\/2017\/03\/Principais-Ramos-da-Biologia.jpg?fit=631%2C351&ssl=1&resize=350%2C200 1x, https:\/\/i0.wp.com\/biologo.com.br\/bio\/wp-content\/uploads\/2017\/03\/Principais-Ramos-da-Biologia.jpg?fit=631%2C351&ssl=1&resize=525%2C300 1.5x"},"classes":[]},{"id":1731,"url":"https:\/\/biologo.com.br\/bio\/documentario-orcas\/","url_meta":{"origin":18710,"position":3},"title":"Document\u00e1rio Orcas","author":"pozzana","date":"novembro 18, 2016","format":"video","excerpt":"Document\u00e1rio Orcas: No document\u00e1rio contam a hist\u00f3ria de Tilikum, uma Orca perform\u00e1tica que matou v\u00e1rias pessoas em cativeiro. Por meio de imagens fortes e emocionantes entrevistas, revela a extraordin\u00e1ria natureza da criatura, o tratamento cruel que os animais recebem no cativeiro, as vidas e mortes dos treinadores, al\u00e9m das press\u00f5es\u2026","rel":"","context":"Em &quot;Biologia marinha&quot;","block_context":{"text":"Biologia marinha","link":"https:\/\/biologo.com.br\/bio\/category\/biologiamarinha\/"},"img":{"alt_text":"Document\u00e1rio Orcas","src":"https:\/\/i0.wp.com\/biologo.com.br\/bio\/wp-content\/uploads\/2016\/11\/orcas.jpg?fit=631%2C351&ssl=1&resize=350%2C200","width":350,"height":200,"srcset":"https:\/\/i0.wp.com\/biologo.com.br\/bio\/wp-content\/uploads\/2016\/11\/orcas.jpg?fit=631%2C351&ssl=1&resize=350%2C200 1x, https:\/\/i0.wp.com\/biologo.com.br\/bio\/wp-content\/uploads\/2016\/11\/orcas.jpg?fit=631%2C351&ssl=1&resize=525%2C300 1.5x"},"classes":[]},{"id":8299,"url":"https:\/\/biologo.com.br\/bio\/cade-os-golfinhos\/","url_meta":{"origin":18710,"position":4},"title":"Cad\u00ea os golfinhos?","author":"pozzana","date":"dezembro 2, 2020","format":false,"excerpt":"Cad\u00ea os golfinhos?: No litoral do Rio de Janeiro, as popula\u00e7\u00f5es de algumas esp\u00e9cies ca\u00edram a menos da metade, enquanto as de baleia aumentaram. Cad\u00ea os golfinhos? 2\/12\/2020 ::\u00a0 Por Gilberto Stam\/Revista Fapesp Na ba\u00eda de Sepetiba, no sul do estado do Rio de Janeiro, hoje dominada por um polo\u2026","rel":"","context":"Em &quot;Biologia marinha&quot;","block_context":{"text":"Biologia marinha","link":"https:\/\/biologo.com.br\/bio\/category\/biologiamarinha\/"},"img":{"alt_text":"Cad\u00ea os golfinhos? - Golfinho-de-dentes-rugosos (Steno bredanensis)","src":"https:\/\/i0.wp.com\/biologo.com.br\/bio\/wp-content\/uploads\/2020\/12\/Golfinho-de-dentes-rugosos-Steno-bredanensis.jpg?fit=631%2C351&ssl=1&resize=350%2C200","width":350,"height":200,"srcset":"https:\/\/i0.wp.com\/biologo.com.br\/bio\/wp-content\/uploads\/2020\/12\/Golfinho-de-dentes-rugosos-Steno-bredanensis.jpg?fit=631%2C351&ssl=1&resize=350%2C200 1x, https:\/\/i0.wp.com\/biologo.com.br\/bio\/wp-content\/uploads\/2020\/12\/Golfinho-de-dentes-rugosos-Steno-bredanensis.jpg?fit=631%2C351&ssl=1&resize=525%2C300 1.5x"},"classes":[]},{"id":12683,"url":"https:\/\/biologo.com.br\/bio\/baleias-jubarte-no-litoral-carioca\/","url_meta":{"origin":18710,"position":5},"title":"baleias jubarte no litoral carioca","author":"pozzana","date":"agosto 9, 2022","format":false,"excerpt":"Jubarte no litoral carioca: Projeto Ilhas do Rio faz expedi\u00e7\u00f5es em alto mar para registrar a \u201cfila indiana\u201d de jubartes rumo ao Nordeste brasileiro. Desta vez, conseguiram o primeiro registro de filhote rec\u00e9m-nascido de jubarte no litoral do Rio de Janeiro. Estudo com baleias jubarte no litoral carioca 09\/8\/2022 ::\u00a0\u2026","rel":"","context":"Em &quot;Comportamento&quot;","block_context":{"text":"Comportamento","link":"https:\/\/biologo.com.br\/bio\/category\/comportamento\/"},"img":{"alt_text":"Baleias jubarte no litoral carioca","src":"https:\/\/i0.wp.com\/biologo.com.br\/bio\/wp-content\/uploads\/2022\/08\/baleias-jubarte-no-litoral-carioca.jpg?fit=631%2C351&ssl=1&resize=350%2C200","width":350,"height":200,"srcset":"https:\/\/i0.wp.com\/biologo.com.br\/bio\/wp-content\/uploads\/2022\/08\/baleias-jubarte-no-litoral-carioca.jpg?fit=631%2C351&ssl=1&resize=350%2C200 1x, https:\/\/i0.wp.com\/biologo.com.br\/bio\/wp-content\/uploads\/2022\/08\/baleias-jubarte-no-litoral-carioca.jpg?fit=631%2C351&ssl=1&resize=525%2C300 1.5x"},"classes":[]}],"jetpack_sharing_enabled":true,"jetpack_likes_enabled":true,"jetpack_shortlink":"https:\/\/wp.me\/p6NB6B-4RM","amp_enabled":true,"_links":{"self":[{"href":"https:\/\/biologo.com.br\/bio\/wp-json\/wp\/v2\/posts\/18710","targetHints":{"allow":["GET"]}}],"collection":[{"href":"https:\/\/biologo.com.br\/bio\/wp-json\/wp\/v2\/posts"}],"about":[{"href":"https:\/\/biologo.com.br\/bio\/wp-json\/wp\/v2\/types\/post"}],"author":[{"embeddable":true,"href":"https:\/\/biologo.com.br\/bio\/wp-json\/wp\/v2\/users\/1"}],"replies":[{"embeddable":true,"href":"https:\/\/biologo.com.br\/bio\/wp-json\/wp\/v2\/comments?post=18710"}],"version-history":[{"count":1,"href":"https:\/\/biologo.com.br\/bio\/wp-json\/wp\/v2\/posts\/18710\/revisions"}],"predecessor-version":[{"id":18727,"href":"https:\/\/biologo.com.br\/bio\/wp-json\/wp\/v2\/posts\/18710\/revisions\/18727"}],"wp:featuredmedia":[{"embeddable":true,"href":"https:\/\/biologo.com.br\/bio\/wp-json\/wp\/v2\/media\/18725"}],"wp:attachment":[{"href":"https:\/\/biologo.com.br\/bio\/wp-json\/wp\/v2\/media?parent=18710"}],"wp:term":[{"taxonomy":"category","embeddable":true,"href":"https:\/\/biologo.com.br\/bio\/wp-json\/wp\/v2\/categories?post=18710"},{"taxonomy":"post_tag","embeddable":true,"href":"https:\/\/biologo.com.br\/bio\/wp-json\/wp\/v2\/tags?post=18710"}],"curies":[{"name":"wp","href":"https:\/\/api.w.org\/{rel}","templated":true}]}}