{"id":18852,"date":"2025-07-30T12:36:05","date_gmt":"2025-07-30T15:36:05","guid":{"rendered":"https:\/\/biologo.com.br\/bio\/?p=18852"},"modified":"2025-07-30T12:37:19","modified_gmt":"2025-07-30T15:37:19","slug":"fritz-muller-o-naturalista-que-antecipou-darwin","status":"publish","type":"post","link":"https:\/\/biologo.com.br\/bio\/fritz-muller-o-naturalista-que-antecipou-darwin\/","title":{"rendered":"Fritz M\u00fcller: o naturalista que antecipou Darwin"},"content":{"rendered":"\n<p><span style=\"\"><span style=\"color: rgb(0, 0, 0); font-size: 14pt;\"><span style=\"font-size: 14pt; color: #000000;\"><span style=\"font-size: 14pt; color: #000000;\"><span style=\"font-size: 14pt; color: #000000;\"><span style=\"font-size: 14pt; color: #000000;\"><span style=\"font-size: 14pt; color: #000000;\"><span style=\"color: #3366ff;\"><span style=\"color: #000000;\"><span style=\"font-size: 14pt; color: #000000;\"><span style=\"color: #3366ff;\"><span style=\"color: #000000;\"><span style=\"font-size: 14pt; color: #000000;\"><span style=\"color: #3366ff;\"><span style=\"color: #000000;\"><span style=\"font-size: 14pt; color: #000000;\"><span style=\"color: #3366ff;\"><span style=\"color: #000000;\"><span style=\"font-size: 14pt; color: #000000;\"><span style=\"color: #3366ff;\"><span style=\"color: #000000;\"><span style=\"font-size: 14pt; color: #000000;\"><span style=\"color: #3366ff;\"><strong>Fritz M\u00fcller<\/strong><\/span><\/span><\/span><\/span><\/span><\/span><\/span><\/span><\/span><\/span><\/span><\/span><\/span><\/span><\/span><\/span><\/span> foi um naturalista alem\u00e3o que encontrou no Brasil sua morada definitiva e tornou-se um dos mais s\u00f3lidos defensores da teoria da evolu\u00e7\u00e3o de Charles Darwin. Durante mais de quatro d\u00e9cadas em Santa Catarina, dedicou-se a investiga\u00e7\u00f5es pioneiras que abriram novos caminhos para a Biologia. <\/span><\/span><\/span><\/span><\/span><\/span><\/p>\n\n\n\n<figure class=\"wp-block-image alignright size-full\"><img data-recalc-dims=\"1\" loading=\"lazy\" decoding=\"async\" width=\"74\" height=\"83\" data-attachment-id=\"18164\" data-permalink=\"https:\/\/biologo.com.br\/bio\/sylvia-earle-na-luta-pelos-oceanos\/original-biologo-2\/\" data-orig-file=\"https:\/\/i0.wp.com\/biologo.com.br\/bio\/wp-content\/uploads\/2025\/05\/original-biologo-2.jpg?fit=74%2C83&amp;ssl=1\" data-orig-size=\"74,83\" data-comments-opened=\"1\" data-image-meta=\"{&quot;aperture&quot;:&quot;0&quot;,&quot;credit&quot;:&quot;&quot;,&quot;camera&quot;:&quot;&quot;,&quot;caption&quot;:&quot;&quot;,&quot;created_timestamp&quot;:&quot;0&quot;,&quot;copyright&quot;:&quot;&quot;,&quot;focal_length&quot;:&quot;0&quot;,&quot;iso&quot;:&quot;0&quot;,&quot;shutter_speed&quot;:&quot;0&quot;,&quot;title&quot;:&quot;&quot;,&quot;orientation&quot;:&quot;0&quot;}\" data-image-title=\"original-biologo (2)\" data-image-description=\"&lt;p&gt;artigo original www.biologo.com.br \u00a9 todos os direitos reservados&lt;\/p&gt;\n\" data-image-caption=\"\" data-large-file=\"https:\/\/i0.wp.com\/biologo.com.br\/bio\/wp-content\/uploads\/2025\/05\/original-biologo-2.jpg?fit=74%2C83&amp;ssl=1\" src=\"https:\/\/i0.wp.com\/biologo.com.br\/bio\/wp-content\/uploads\/2025\/05\/original-biologo-2.jpg?resize=74%2C83&#038;ssl=1\" alt=\"Artigo original www.biologo.com.br \u00a9 todos os direitos reservados\" class=\"wp-image-18164\"\/><\/figure>\n\n\n\n<h2 class=\"wp-block-heading\"><span style=\"font-family: 'courier new', courier, monospace; color: #000000; font-size: 24pt;\"><strong><strong><strong><strong><span style=\"font-family: 'courier new', courier, monospace; color: #000000; font-size: 24pt;\"><strong><strong><strong><strong><strong><strong>Fritz M\u00fcller<\/strong><\/strong><\/strong><\/strong><\/strong><\/strong><\/span><\/strong><\/strong><\/strong><\/strong><\/span>:<span style=\"font-family: 'courier new', courier, monospace; color: #000000; font-size: 24pt;\"><strong><strong><strong><strong><span style=\"font-family: 'courier new', courier, monospace; color: #000000; font-size: 24pt;\"><strong><strong><strong><strong><span style=\"font-family: 'courier new', courier, monospace; color: #000000; font-size: 24pt;\"><strong><strong><strong><strong><span style=\"font-family: 'courier new', courier, monospace; color: #000000; font-size: 24pt;\"><strong><span style=\"font-family: 'courier new', courier, monospace; color: #000000;\"><strong><span style=\"font-size: 24pt;\"><span style=\"font-size: 12pt;\"><strong><strong> o naturalista que antecipou Darwin<\/strong><\/strong><\/span><\/span><\/strong><\/span><\/strong><\/span><\/strong><\/strong><\/strong><\/strong><\/span><\/strong><\/strong><\/strong><\/strong><\/span><\/strong><\/strong><\/strong><\/strong><\/span><\/h2>\n\n\n\n<p class=\"has-small-font-size\"><strong>30\/7\/2025<\/strong>&nbsp;::&nbsp; por<strong> Marco Pozzana<\/strong>, bi\u00f3logo<\/p>\n\n\n\n<p class=\"has-drop-cap has-black-color has-text-color has-link-color has-medium-font-size wp-elements-c9b03579bf801dd0c72b0ccf645f79e6\"><span style=\"font-family: 'courier new', courier, monospace; font-size: 14pt;\"><strong>E<\/strong><\/span>ntre os nomes que marcaram a <a href=\"https:\/\/biologo.com.br\/bio\/a-historia-da-biologia\/\"><span style=\"text-decoration: underline;\">hist\u00f3ria da biologia<\/span><\/a>, poucos merecem tanto reconhecimento quanto Fritz M\u00fcller. Natural de Windischholzhausen, na Alemanha, M\u00fcller nasceu em 1822. No entanto, foi em terras brasileiras que ele deixaria sua maior contribui\u00e7\u00e3o \u00e0 ci\u00eancia. M\u00e9dico de forma\u00e7\u00e3o, naturalista por voca\u00e7\u00e3o, estabeleceu-se em Santa Catarina, no sul do Brasil, onde encontrou um ambiente prop\u00edcio \u00e0 observa\u00e7\u00e3o direta da natureza. Nesse contexto, desenvolveu pesquisas que, embora discretas \u00e0 \u00e9poca, se tornaram fundamentais para a consolida\u00e7\u00e3o da teoria da evolu\u00e7\u00e3o.<\/p>\n\n\n\n<figure class=\"wp-block-image alignright size-full\"><a href=\"https:\/\/i0.wp.com\/biologo.com.br\/bio\/wp-content\/uploads\/2025\/07\/fritz-muller-1.jpg?ssl=1\"><img data-recalc-dims=\"1\" loading=\"lazy\" decoding=\"async\" width=\"64\" height=\"139\" data-attachment-id=\"18857\" data-permalink=\"https:\/\/biologo.com.br\/bio\/a-historia-da-biologia\/fritz-muller-1\/\" data-orig-file=\"https:\/\/i0.wp.com\/biologo.com.br\/bio\/wp-content\/uploads\/2025\/07\/fritz-muller-1.jpg?fit=64%2C139&amp;ssl=1\" data-orig-size=\"64,139\" data-comments-opened=\"1\" data-image-meta=\"{&quot;aperture&quot;:&quot;0&quot;,&quot;credit&quot;:&quot;&quot;,&quot;camera&quot;:&quot;&quot;,&quot;caption&quot;:&quot;&quot;,&quot;created_timestamp&quot;:&quot;0&quot;,&quot;copyright&quot;:&quot;&quot;,&quot;focal_length&quot;:&quot;0&quot;,&quot;iso&quot;:&quot;0&quot;,&quot;shutter_speed&quot;:&quot;0&quot;,&quot;title&quot;:&quot;&quot;,&quot;orientation&quot;:&quot;0&quot;}\" data-image-title=\"fritz-muller (1)\" data-image-description=\"&lt;p&gt;hist\u00f3ria da Biologia&lt;\/p&gt;\n\" data-image-caption=\"\" data-large-file=\"https:\/\/i0.wp.com\/biologo.com.br\/bio\/wp-content\/uploads\/2025\/07\/fritz-muller-1.jpg?fit=64%2C139&amp;ssl=1\" src=\"https:\/\/i0.wp.com\/biologo.com.br\/bio\/wp-content\/uploads\/2025\/07\/fritz-muller-1.jpg?resize=64%2C139&#038;ssl=1\" alt=\"\" class=\"wp-image-18857\"\/><\/a><\/figure>\n\n\n\n<ul class=\"wp-block-list\">\n<li class=\"has-medium-font-size\"><a href=\"https:\/\/biologo.com.br\/bio\/fritz-muller\/\">Fritz Muller<\/a><\/li>\n\n\n\n<li class=\"has-medium-font-size\"><a href=\"https:\/\/biologo.com.br\/bio\/fritz-muller-revisitado\/\">Fritz M\u00fcller revisitado<\/a><\/li>\n\n\n\n<li class=\"has-medium-font-size\"><a href=\"https:\/\/biologo.com.br\/bio\/os-amigos-darwin-e-fritz-muller\/\">Os amigos Darwin e Fritz M\u00fcller<\/a><\/li>\n\n\n\n<li class=\"has-medium-font-size\"><a href=\"https:\/\/biologo.com.br\/bio\/o-evolucionista-esquecido\/\">O evolucionista esquecido<\/a><\/li>\n<\/ul>\n\n\n\n<p class=\"has-black-color has-text-color has-link-color has-medium-font-size wp-elements-7a5ccd143f73a90ada1804654c661c09\">Desde muito cedo, Fritz M\u00fcller demonstrava uma postura cient\u00edfica ousada. Em plena efervesc\u00eancia das discuss\u00f5es sobre a origem das esp\u00e9cies, ele foi um dos primeiros a aceitar, defender e, sobretudo, testar as ideias de Charles Darwin. Em 1864, publicou &#8220;F\u00fcr Darwin&#8221;, obra escrita em alem\u00e3o, em que apresenta evid\u00eancias emp\u00edricas a favor da sele\u00e7\u00e3o natural. O livro, amplamente elogiado pelo pr\u00f3prio Darwin, representou a primeira defesa sistem\u00e1tica da teoria evolutiva escrita fora da Inglaterra.<\/p>\n\n\n\n<blockquote class=\"wp-block-quote is-layout-flow wp-block-quote-is-layout-flow has-background\" style=\"border-radius:82px;background-image:url(&apos;https:\/\/biologo.com.br\/bio\/wp-content\/uploads\/2017\/06\/O-mundo-dos-crust\u00e1ceos-paguro.jpg&apos;);background-position:85% 16%;background-size:cover;\">\n<p class=\"has-white-color has-text-color has-link-color has-large-font-size wp-elements-64d5d9011f3a40758f40d89bdc699557\" style=\"font-style:normal;font-weight:700\"><strong>\u201cPr\u00edncipe dos observadores\u201d <\/strong>\u2013 assim Darwin chamou Fritz M\u00fcller em reconhecimento ao seu poder de observa\u00e7\u00e3o cient\u00edfica extraordin\u00e1rio.<\/p>\n<\/blockquote>\n\n\n\n<p class=\"has-black-color has-text-color has-link-color has-medium-font-size wp-elements-69c82d5eaf70406242dae00188bdcbfc\">A import\u00e2ncia de M\u00fcller transcende o mero apoio intelectual; al\u00e9m disso, ele apresentou ideias originais, cuidadosamente elaboradas a partir de suas observa\u00e7\u00f5es detalhadas da <a href=\"https:\/\/biologo.com.br\/bio\/fauna-brasileira\/\"><span style=\"text-decoration: underline;\">fauna brasileira<\/span><\/a>. Entre suas contribui\u00e7\u00f5es mais duradouras, destaca-se o conceito de mimetismo m\u00fclleriano, ou seja, um tipo especial de semelhan\u00e7a evolutiva que ocorre entre esp\u00e9cies t\u00f3xicas, as quais compartilham padr\u00f5es de colora\u00e7\u00e3o com o objetivo de refor\u00e7ar, de forma eficiente, a mensagem de perigo aos predadores. Em contraste com o mimetismo batesiano \u2014 no qual uma esp\u00e9cie inofensiva imita outra que \u00e9 perigosa \u2014, o mimetismo descrito por M\u00fcller envolve, por sua vez, uma colabora\u00e7\u00e3o m\u00fatua, na qual todas as esp\u00e9cies participantes se beneficiam simultaneamente.<\/p>\n\n\n\n<h3 class=\"wp-block-heading\"><span style=\"color: #000000; font-family: courier new,courier,monospace; font-size: 14pt;\"><strong><span style=\"color: #000000;\">Embriologia comparada<\/span><\/strong>, <strong>crust\u00e1ceos e pioneirismo<\/strong><\/span> <\/h3>\n\n\n\n<figure class=\"wp-block-image size-large\"><a href=\"https:\/\/i0.wp.com\/biologo.com.br\/bio\/wp-content\/uploads\/2025\/07\/Fritz-Muller-o-naturalista-que-antecipou-Darwin.jpg?ssl=1\"><img data-recalc-dims=\"1\" loading=\"lazy\" decoding=\"async\" width=\"800\" height=\"450\" data-attachment-id=\"19058\" data-permalink=\"https:\/\/biologo.com.br\/bio\/fritz-muller-o-naturalista-que-antecipou-darwin\/fritz-muller-o-naturalista-que-antecipou-darwin-2\/\" data-orig-file=\"https:\/\/i0.wp.com\/biologo.com.br\/bio\/wp-content\/uploads\/2025\/07\/Fritz-Muller-o-naturalista-que-antecipou-Darwin.jpg?fit=1200%2C675&amp;ssl=1\" data-orig-size=\"1200,675\" data-comments-opened=\"1\" data-image-meta=\"{&quot;aperture&quot;:&quot;0&quot;,&quot;credit&quot;:&quot;&quot;,&quot;camera&quot;:&quot;&quot;,&quot;caption&quot;:&quot;&quot;,&quot;created_timestamp&quot;:&quot;0&quot;,&quot;copyright&quot;:&quot;&quot;,&quot;focal_length&quot;:&quot;0&quot;,&quot;iso&quot;:&quot;0&quot;,&quot;shutter_speed&quot;:&quot;0&quot;,&quot;title&quot;:&quot;&quot;,&quot;orientation&quot;:&quot;0&quot;}\" data-image-title=\"Fritz M\u00fcller: o naturalista que antecipou Darwin\" data-image-description=\"&lt;p&gt;Fritz M\u00fcller foi um naturalista alem\u00e3o que se destacou por apoiar e expandir a teoria da evolu\u00e7\u00e3o de Charles Darwin, especialmente com estudos sobre crust\u00e1ceos. \ud83c\udf3f Viveu em Santa Catarina por mais de 40 anos, onde realizou pesquisas pioneiras e publicou o influente livro F\u00fcr Darwin em 1864. \ud83d\udcda Seu legado cient\u00edfico inclui o conceito de mimetismo m\u00fclleriano e mais de 240 artigos publicados, sendo chamado por Darwin de \u201cpr\u00edncipe dos observadores\u201d&lt;\/p&gt;\n\" data-image-caption=\"\" data-large-file=\"https:\/\/i0.wp.com\/biologo.com.br\/bio\/wp-content\/uploads\/2025\/07\/Fritz-Muller-o-naturalista-que-antecipou-Darwin.jpg?fit=800%2C450&amp;ssl=1\" src=\"https:\/\/i0.wp.com\/biologo.com.br\/bio\/wp-content\/uploads\/2025\/07\/Fritz-Muller-o-naturalista-que-antecipou-Darwin.jpg?resize=800%2C450&#038;ssl=1\" alt=\"Fritz M\u00fcller-o naturalista que \" class=\"wp-image-19058\" srcset=\"https:\/\/i0.wp.com\/biologo.com.br\/bio\/wp-content\/uploads\/2025\/07\/Fritz-Muller-o-naturalista-que-antecipou-Darwin.jpg?resize=1024%2C576&amp;ssl=1 1024w, https:\/\/i0.wp.com\/biologo.com.br\/bio\/wp-content\/uploads\/2025\/07\/Fritz-Muller-o-naturalista-que-antecipou-Darwin.jpg?resize=300%2C169&amp;ssl=1 300w, https:\/\/i0.wp.com\/biologo.com.br\/bio\/wp-content\/uploads\/2025\/07\/Fritz-Muller-o-naturalista-que-antecipou-Darwin.jpg?resize=768%2C432&amp;ssl=1 768w, https:\/\/i0.wp.com\/biologo.com.br\/bio\/wp-content\/uploads\/2025\/07\/Fritz-Muller-o-naturalista-que-antecipou-Darwin.jpg?resize=150%2C84&amp;ssl=1 150w, https:\/\/i0.wp.com\/biologo.com.br\/bio\/wp-content\/uploads\/2025\/07\/Fritz-Muller-o-naturalista-que-antecipou-Darwin.jpg?w=1200&amp;ssl=1 1200w\" sizes=\"auto, (max-width: 800px) 100vw, 800px\" \/><\/a><figcaption class=\"wp-element-caption\">A foto hist\u00f3rica de Fritz M\u00fcller refeita com I.A.<\/figcaption><\/figure>\n\n\n\n<p class=\"has-black-color has-text-color has-link-color has-medium-font-size wp-elements-385a2292741af0dd9b050c3351b18be6\">Al\u00e9m disso, Fritz M\u00fcller destacou-se como pioneiro na utiliza\u00e7\u00e3o da embriologia comparada para reconstruir rela\u00e7\u00f5es filogen\u00e9ticas. Estudando crust\u00e1ceos, mostrou que as larvas de diferentes esp\u00e9cies apresentavam tra\u00e7os comuns que refletiam ancestrais compartilhados. Suas an\u00e1lises anteciparam, de forma not\u00e1vel, m\u00e9todos que se tornariam centrais na biologia evolutiva moderna. Com isso, contribuiu para a compreens\u00e3o de que o desenvolvimento embrion\u00e1rio \u00e9 um registro das transforma\u00e7\u00f5es evolutivas ao longo do tempo.<\/p>\n\n\n\n<p class=\"has-black-color has-text-color has-link-color has-medium-font-size wp-elements-3422ad327734675a4e9dd06b9caee758\">Outro ponto de destaque na trajet\u00f3ria de M\u00fcller foi sua vida como cientista autodidata e isolado geograficamente. Embora vivesse distante dos grandes centros acad\u00eamicos, trocava cartas regularmente com <a href=\"https:\/\/biologo.com.br\/bio\/charles-darwin\/\"><span style=\"text-decoration: underline;\">Charles Darwin<\/span><\/a>, que reconhecia nele um verdadeiro aliado cient\u00edfico. Essas correspond\u00eancias revelam o alto n\u00edvel de sua argumenta\u00e7\u00e3o, bem como sua habilidade de registrar com precis\u00e3o dados obtidos em campo. Seu trabalho \u00e9, portanto, uma rara combina\u00e7\u00e3o de rigor te\u00f3rico e observa\u00e7\u00e3o direta.<\/p>\n\n\n\n<figure class=\"wp-block-image aligncenter is-resized\"><a href=\"https:\/\/biologo.com.br\/bio\/os-amigos-darwin-e-fritz-muller\/\"><img data-recalc-dims=\"1\" loading=\"lazy\" decoding=\"async\" width=\"631\" height=\"351\" data-attachment-id=\"10467\" data-permalink=\"https:\/\/biologo.com.br\/bio\/os-amigos-darwin-e-fritz-muller\/darwin-writing-letters-os-amigos-darwin-e-fritz-muller\/\" data-orig-file=\"https:\/\/i0.wp.com\/biologo.com.br\/bio\/wp-content\/uploads\/2021\/09\/darwin-writing-letters-Os-amigos-Darwin-e-Fritz-Muller.jpg?fit=631%2C351&amp;ssl=1\" data-orig-size=\"631,351\" data-comments-opened=\"0\" data-image-meta=\"{&quot;aperture&quot;:&quot;0&quot;,&quot;credit&quot;:&quot;&quot;,&quot;camera&quot;:&quot;&quot;,&quot;caption&quot;:&quot;&quot;,&quot;created_timestamp&quot;:&quot;0&quot;,&quot;copyright&quot;:&quot;&quot;,&quot;focal_length&quot;:&quot;0&quot;,&quot;iso&quot;:&quot;0&quot;,&quot;shutter_speed&quot;:&quot;0&quot;,&quot;title&quot;:&quot;&quot;,&quot;orientation&quot;:&quot;0&quot;}\" data-image-title=\"darwin-writing-letters-Os-amigos-Darwin-e-Fritz-M\u00fcller\" data-image-description=\"&lt;p&gt;Os amigos Darwin e Fritz M\u00fcller. darwin-writing-letters&lt;\/p&gt;\n\" data-image-caption=\"&lt;p&gt;Arte gr\u00e1fica em foto de Darwin&lt;\/p&gt;\n\" data-large-file=\"https:\/\/i0.wp.com\/biologo.com.br\/bio\/wp-content\/uploads\/2021\/09\/darwin-writing-letters-Os-amigos-Darwin-e-Fritz-Muller.jpg?fit=631%2C351&amp;ssl=1\" src=\"https:\/\/i0.wp.com\/biologo.com.br\/bio\/wp-content\/uploads\/2021\/09\/darwin-writing-letters-Os-amigos-Darwin-e-Fritz-Muller.jpg?resize=631%2C351&#038;ssl=1\" alt=\"Os amigos Darwin e Fritz M\u00fcller\" class=\"wp-image-10467\" style=\"width:484px;height:auto\" srcset=\"https:\/\/i0.wp.com\/biologo.com.br\/bio\/wp-content\/uploads\/2021\/09\/darwin-writing-letters-Os-amigos-Darwin-e-Fritz-Muller.jpg?w=631&amp;ssl=1 631w, https:\/\/i0.wp.com\/biologo.com.br\/bio\/wp-content\/uploads\/2021\/09\/darwin-writing-letters-Os-amigos-Darwin-e-Fritz-Muller.jpg?resize=300%2C167&amp;ssl=1 300w\" sizes=\"auto, (max-width: 631px) 100vw, 631px\" \/><\/a><figcaption class=\"wp-element-caption\">Cartas: <a href=\"https:\/\/biologo.com.br\/bio\/os-amigos-darwin-e-fritz-muller\/\">Os amigos Darwin e Fritz M\u00fcller<\/a><\/figcaption><\/figure>\n\n\n\n<p class=\"has-black-color has-text-color has-link-color has-medium-font-size wp-elements-b8bd08a535dbae7a50ed0a0bffcbc2f8\">M\u00fcller tamb\u00e9m se destacou como educador e divulgador. Escrevia artigos para revistas cient\u00edficas brasileiras e alem\u00e3s, sempre com clareza e compromisso com a verdade. Interessava-se tanto por borboletas e crust\u00e1ceos quanto por fungos, moluscos e plantas. Em suas caminhadas pela Mata Atl\u00e2ntica catarinense, descobriu novas esp\u00e9cies, documentou comportamentos in\u00e9ditos e estabeleceu conex\u00f5es ecol\u00f3gicas at\u00e9 ent\u00e3o desconhecidas. Em muitos aspectos, antecipou a biologia de campo moderna.<\/p>\n\n\n\n<h4 class=\"wp-block-heading\"><span style=\"color: #000000; font-family: courier new,courier,monospace; font-size: 14pt;\"><strong>O primeiro bi\u00f3logo evolucionista das Am\u00e9ricas<\/strong><\/span><\/h4>\n\n\n\n<p class=\"has-black-color has-text-color has-link-color has-medium-font-size wp-elements-a6e3c142a5e56fc0d2420f79087bc235\">Embora tenha vivido com poucos recursos, jamais abandonou a ci\u00eancia. Mesmo sem apoio institucional, manteve por d\u00e9cadas uma rotina de coletas, descri\u00e7\u00f5es e an\u00e1lises. Por isso, \u00e9 considerado o primeiro bi\u00f3logo evolucionista das Am\u00e9ricas. Seu nome est\u00e1 ligado \u00e0 consolida\u00e7\u00e3o do darwinismo, \u00e0 <a href=\"https:\/\/biologo.com.br\/bio\/sistematica\/\"><span style=\"text-decoration: underline;\">sistem\u00e1tica biol\u00f3gica<\/span><\/a> e \u00e0 <a href=\"https:\/\/biologo.com.br\/bio\/ecologia\/\"><span style=\"text-decoration: underline;\">ecologia<\/span><\/a>. Em reconhecimento a seu trabalho, diversas esp\u00e9cies animais e vegetais foram batizadas em sua homenagem, incluindo o peixe <strong><em>Astyanax muelleri<\/em><\/strong> e a borboleta <strong><em>Heliconius mullerii<\/em><\/strong>.<\/p>\n\n\n\n<p class=\"has-black-color has-text-color has-link-color has-medium-font-size wp-elements-f785a1bfce44a1383e0e4f7e8eb75779\">A atua\u00e7\u00e3o de M\u00fcller foi t\u00e3o influente que a pr\u00f3pria teoria darwinista encontrou no Brasil um campo f\u00e9rtil para se expandir. Suas ideias inspiraram gera\u00e7\u00f5es de naturalistas brasileiros, como Jos\u00e9 Bento de Figueiredo Tenreiro Aranha e Em\u00edlio Goeldi. Ao transformar a natureza tropical em um laborat\u00f3rio vivo da evolu\u00e7\u00e3o, M\u00fcller mostrou que o Brasil n\u00e3o era apenas um cen\u00e1rio ex\u00f3tico para os cientistas europeus, mas um territ\u00f3rio produtivo para a ci\u00eancia de ponta.<\/p>\n\n\n\n<figure class=\"wp-block-image aligncenter is-resized\"><img data-recalc-dims=\"1\" loading=\"lazy\" decoding=\"async\" width=\"631\" height=\"351\" data-attachment-id=\"5162\" data-permalink=\"https:\/\/biologo.com.br\/bio\/nem-tudo-se-perdeu\/acervo-do-museu-nacional\/\" data-orig-file=\"https:\/\/i0.wp.com\/biologo.com.br\/bio\/wp-content\/uploads\/2018\/10\/Acervo-do-Museu-Nacional.jpg?fit=631%2C351&amp;ssl=1\" data-orig-size=\"631,351\" data-comments-opened=\"0\" data-image-meta=\"{&quot;aperture&quot;:&quot;0&quot;,&quot;credit&quot;:&quot;&quot;,&quot;camera&quot;:&quot;&quot;,&quot;caption&quot;:&quot;&quot;,&quot;created_timestamp&quot;:&quot;0&quot;,&quot;copyright&quot;:&quot;&quot;,&quot;focal_length&quot;:&quot;0&quot;,&quot;iso&quot;:&quot;0&quot;,&quot;shutter_speed&quot;:&quot;0&quot;,&quot;title&quot;:&quot;&quot;,&quot;orientation&quot;:&quot;0&quot;}\" data-image-title=\"Acervo-do-Museu-Nacional\" data-image-description=\"&lt;p&gt;Acervo do Museu Nacional da Universidade Federal do Rio de Janeiro. by TV Brasil \/ Ag\u00eancia Brasil \/ Empresa Brasil de Comunica\u00e7\u00e3o&lt;\/p&gt;\n\" data-image-caption=\"&lt;p&gt;Acervo do Museu Nacional da Universidade Federal do Rio de Janeiro. &amp;#8211; by TV Brasil \/ Ag\u00eancia Brasil \/ Empresa Brasil de Comunica\u00e7\u00e3o&lt;\/p&gt;\n\" data-large-file=\"https:\/\/i0.wp.com\/biologo.com.br\/bio\/wp-content\/uploads\/2018\/10\/Acervo-do-Museu-Nacional.jpg?fit=631%2C351&amp;ssl=1\" src=\"https:\/\/i0.wp.com\/biologo.com.br\/bio\/wp-content\/uploads\/2018\/10\/Acervo-do-Museu-Nacional.jpg?resize=631%2C351&#038;ssl=1\" alt=\"Nem tudo se perdeu\" class=\"wp-image-5162\" style=\"width:464px;height:auto\" srcset=\"https:\/\/i0.wp.com\/biologo.com.br\/bio\/wp-content\/uploads\/2018\/10\/Acervo-do-Museu-Nacional.jpg?w=631&amp;ssl=1 631w, https:\/\/i0.wp.com\/biologo.com.br\/bio\/wp-content\/uploads\/2018\/10\/Acervo-do-Museu-Nacional.jpg?resize=300%2C167&amp;ssl=1 300w\" sizes=\"auto, (max-width: 631px) 100vw, 631px\" \/><figcaption class=\"wp-element-caption\">Acervo do Museu Nacional da Universidade Federal do Rio de Janeiro<\/figcaption><\/figure>\n\n\n\n<h4 class=\"wp-block-heading has-black-color has-text-color has-link-color has-medium-font-size wp-elements-0108346fbe5001555a4574a0c8d2414e\"><span style=\"color: #000000; font-family: courier new,courier,monospace; font-size: 14pt;\"><strong>Legado<\/strong><\/span><\/h4>\n\n\n\n<p class=\"has-black-color has-text-color has-link-color has-medium-font-size wp-elements-6aef27b9a797ab9b86aa5e2fc883c57b\">Decerto, hoje, sua contribui\u00e7\u00e3o \u00e9 valorizada em institui\u00e7\u00f5es como o Museu Fritz M\u00fcller, em Blumenau, e em diversas publica\u00e7\u00f5es acad\u00eamicas que resgatam sua obra. Sua abordagem integradora \u2014 que combinava ecologia, evolu\u00e7\u00e3o, embriologia e taxonomia \u2014 permanece atual. De certa forma, M\u00fcller foi um precursor da <a href=\"https:\/\/biologo.com.br\/bio\/biologia-sistemica\/\"><span style=\"text-decoration: underline;\">biologia sist\u00eamica<\/span><\/a>. Antecipou debates contempor\u00e2neos sobre biodiversidade, conserva\u00e7\u00e3o e evolu\u00e7\u00e3o.<\/p>\n\n\n\n<p class=\"has-black-color has-text-color has-link-color has-medium-font-size wp-elements-0e6d4c8387a24be82f333211d1f827e8\">Mesmo tendo falecido em 1897, seu legado continua vivo. Seu nome representa a persist\u00eancia, o rigor cient\u00edfico e a paix\u00e3o pela natureza. Fritz M\u00fcller ensinou, com seu exemplo, que a ci\u00eancia pode florescer mesmo em ambientes adversos, desde que sustentada por curiosidade, dedica\u00e7\u00e3o e um olhar atento ao mundo natural.<\/p>\n\n\n\n<p class=\"has-black-color has-text-color has-link-color has-medium-font-size wp-elements-a19deb922bd573a68cff4dee4f4fa443\">Portanto, estudar a obra de M\u00fcller \u00e9 resgatar uma tradi\u00e7\u00e3o cient\u00edfica comprometida com o entendimento profundo da vida. \u00c9 tamb\u00e9m reconhecer a import\u00e2ncia do pensamento evolutivo em todas as suas formas \u2014 da colora\u00e7\u00e3o das asas de uma borboleta ao desenvolvimento embrion\u00e1rio de um crust\u00e1ceo. Em cada um desses detalhes, M\u00fcller via pistas da hist\u00f3ria da vida.<\/p>\n\n\n\n<p><strong><span style=\"font-family: 'courier new', courier, monospace; font-size: 12pt;\"><strong>F<\/strong><\/span><strong style=\"font-family: &quot;courier new&quot;, courier, monospace; font-size: 12pt;\">ontes e refer\u00eancias:<\/strong><\/strong><\/p>\n\n\n\n<ul class=\"wp-block-list\">\n<li class=\"has-black-color has-text-color has-link-color has-small-font-size wp-elements-3dab7915bc802099fcb839ac352272fa\">M\u00fcller, F. (1864). <em>F\u00fcr Darwin<\/em>. Leipzig: Wilhelm Engelmann.<\/li>\n\n\n\n<li class=\"has-black-color has-text-color has-link-color has-small-font-size wp-elements-1799ea57d0315dc3240711985b55a2b9\">Darwin, C. (1887). <em><a href=\"https:\/\/darwin-online.org.uk\/content\/frameset?pageseq=1&amp;itemID=F1452.1&amp;viewtype=text\" target=\"_blank\" rel=\"noreferrer noopener\">The Life and Letters of Charles Darwin<\/a><\/em>. London: John Murray.<\/li>\n\n\n\n<li class=\"has-black-color has-text-color has-link-color has-small-font-size wp-elements-9ae27e48535244a4248352b7c0c84783\">Mayr, E. (1982). <em><a href=\"https:\/\/www.hup.harvard.edu\/books\/9780674364462\" target=\"_blank\" rel=\"noreferrer noopener\">The Growth of Biological Thought<\/a><\/em>. Harvard University Press.<\/li>\n\n\n\n<li class=\"has-black-color has-text-color has-link-color has-small-font-size wp-elements-5ca11b8c2c1b68a0c7a125a1e018b2df\">Hochman, G. (1997). <em><a href=\"https:\/\/www.scielo.br\/j\/rbcsoc\/a\/c5nrwFbbPS6L9Wqt43HXhMh\/\" target=\"_blank\" rel=\"noreferrer noopener\">A era do saneamento<\/a><\/em>. S\u00e3o Paulo: Hucitec.<\/li>\n<\/ul>\n\n\n\n<figure class=\"wp-block-image aligncenter\"><a href=\"https:\/\/biologo.com.br\/bio\/apoie-o-biologo\/\"><img loading=\"lazy\" decoding=\"async\" width=\"174\" height=\"147\" data-attachment-id=\"11979\" data-permalink=\"https:\/\/biologo.com.br\/bio\/caracal-um-mestre-da-sobrevivencia\/apoiepeq\/\" data-orig-file=\"https:\/\/i0.wp.com\/biologo.com.br\/bio\/wp-content\/uploads\/2022\/05\/apoiepeq.jpg?fit=174%2C147&amp;ssl=1\" data-orig-size=\"174,147\" data-comments-opened=\"0\" data-image-meta=\"{&quot;aperture&quot;:&quot;0&quot;,&quot;credit&quot;:&quot;&quot;,&quot;camera&quot;:&quot;&quot;,&quot;caption&quot;:&quot;&quot;,&quot;created_timestamp&quot;:&quot;0&quot;,&quot;copyright&quot;:&quot;&quot;,&quot;focal_length&quot;:&quot;0&quot;,&quot;iso&quot;:&quot;0&quot;,&quot;shutter_speed&quot;:&quot;0&quot;,&quot;title&quot;:&quot;&quot;,&quot;orientation&quot;:&quot;0&quot;}\" data-image-title=\"apoiepeq\" data-image-description=\"&lt;p&gt;Apoie o Bi\u00f3logo&lt;\/p&gt;\n\" data-image-caption=\"\" data-large-file=\"https:\/\/i0.wp.com\/biologo.com.br\/bio\/wp-content\/uploads\/2022\/05\/apoiepeq.jpg?fit=174%2C147&amp;ssl=1\" src=\"https:\/\/i0.wp.com\/biologo.com.br\/bio\/wp-content\/uploads\/2022\/05\/apoiepeq.jpg?resize=174%2C147&amp;ssl=1\" alt=\"Apoie o Bi\u00f3logo\" class=\"wp-image-11979\" title=\"Apoie o Bi\u00f3logo\"\/><\/a><\/figure>\n\n\n\n<p class=\"has-text-align-center\"><a href=\"https:\/\/biologo.com.br\/bio\/apoie-o-biologo\/\">Apoie o Bi\u00f3logo<\/a><\/p>\n","protected":false},"excerpt":{"rendered":"<p>Fritz M\u00fcller foi um naturalista alem\u00e3o que encontrou no Brasil sua morada definitiva e tornou-se um dos mais s\u00f3lidos defensores<\/p>\n","protected":false},"author":1,"featured_media":19058,"comment_status":"open","ping_status":"closed","sticky":false,"template":"","format":"standard","meta":{"colormag_page_container_layout":"default_layout","colormag_page_sidebar_layout":"default_layout","jetpack_post_was_ever_published":false,"_jetpack_newsletter_access":"","_jetpack_dont_email_post_to_subs":false,"_jetpack_newsletter_tier_id":0,"_jetpack_memberships_contains_paywalled_content":false,"_jetpack_memberships_contains_paid_content":false,"footnotes":"","jetpack_publicize_message":"Entre os nomes que marcaram a hist\u00f3ria da biologia, poucos merecem tanto reconhecimento quanto Fritz M\u00fcller. ","jetpack_publicize_feature_enabled":true,"jetpack_social_post_already_shared":false,"jetpack_social_options":{"image_generator_settings":{"template":"highway","default_image_id":0,"enabled":false},"version":2}},"categories":[12,121,139,27],"tags":[297,95,62,73],"class_list":["post-18852","post","type-post","status-publish","format-standard","has-post-thumbnail","hentry","category-carcinologia","category-evolucao","category-historia","category-zoologia","tag-crustaceos","tag-ecologia","tag-evolucao","tag-zoologia"],"yoast_head":"<!-- This site is optimized with the Yoast SEO plugin v27.5 - https:\/\/yoast.com\/product\/yoast-seo-wordpress\/ -->\n<title>Fritz M\u00fcller: o naturalista que antecipou Darwin - Gigantes da biologia<\/title>\n<meta name=\"description\" content=\"Fritz M\u00fcller, naturalista alem\u00e3o que encontrou no Brasil sua morada e foi um dos mais s\u00f3lidos defensores da teoria da evolu\u00e7\u00e3o de Darwin.\" \/>\n<meta name=\"robots\" content=\"index, follow, max-snippet:-1, max-image-preview:large, max-video-preview:-1\" \/>\n<link rel=\"canonical\" href=\"https:\/\/biologo.com.br\/bio\/fritz-muller-o-naturalista-que-antecipou-darwin\/\" \/>\n<meta property=\"og:locale\" content=\"pt_BR\" \/>\n<meta property=\"og:type\" content=\"article\" \/>\n<meta property=\"og:title\" content=\"Fritz M\u00fcller: o naturalista que antecipou Darwin - Gigantes da biologia\" \/>\n<meta property=\"og:description\" content=\"Fritz M\u00fcller, naturalista alem\u00e3o que encontrou no Brasil sua morada e foi um dos mais s\u00f3lidos defensores da teoria da evolu\u00e7\u00e3o de Darwin.\" \/>\n<meta property=\"og:url\" content=\"https:\/\/biologo.com.br\/bio\/fritz-muller-o-naturalista-que-antecipou-darwin\/\" \/>\n<meta property=\"og:site_name\" content=\"Bi\u00f3logo\" \/>\n<meta property=\"article:publisher\" content=\"https:\/\/www.facebook.com\/biologocombr\/\" \/>\n<meta property=\"article:published_time\" content=\"2025-07-30T15:36:05+00:00\" \/>\n<meta property=\"article:modified_time\" content=\"2025-07-30T15:37:19+00:00\" \/>\n<meta property=\"og:image\" content=\"https:\/\/biologo.com.br\/bio\/wp-content\/uploads\/2025\/07\/Fritz-Muller-o-naturalista-que-antecipou-Darwin.jpg\" \/>\n\t<meta property=\"og:image:width\" content=\"1200\" \/>\n\t<meta property=\"og:image:height\" content=\"675\" \/>\n\t<meta property=\"og:image:type\" content=\"image\/jpeg\" \/>\n<meta name=\"author\" content=\"pozzana\" \/>\n<meta name=\"twitter:card\" content=\"summary_large_image\" \/>\n<meta name=\"twitter:creator\" content=\"@Biologocombr\" \/>\n<meta name=\"twitter:site\" content=\"@Biologocombr\" \/>\n<meta name=\"twitter:label1\" content=\"Escrito por\" \/>\n\t<meta name=\"twitter:data1\" content=\"pozzana\" \/>\n\t<meta name=\"twitter:label2\" content=\"Est. tempo de leitura\" \/>\n\t<meta name=\"twitter:data2\" content=\"7 minutos\" \/>\n<script type=\"application\/ld+json\" class=\"yoast-schema-graph\">{\"@context\":\"https:\\\/\\\/schema.org\",\"@graph\":[{\"@type\":\"Article\",\"@id\":\"https:\\\/\\\/biologo.com.br\\\/bio\\\/fritz-muller-o-naturalista-que-antecipou-darwin\\\/#article\",\"isPartOf\":{\"@id\":\"https:\\\/\\\/biologo.com.br\\\/bio\\\/fritz-muller-o-naturalista-que-antecipou-darwin\\\/\"},\"author\":{\"name\":\"pozzana\",\"@id\":\"https:\\\/\\\/biologo.com.br\\\/bio\\\/#\\\/schema\\\/person\\\/3a5d600bbc47f8bb0cd43594317a6cd4\"},\"headline\":\"Fritz M\u00fcller: o naturalista que antecipou Darwin\",\"datePublished\":\"2025-07-30T15:36:05+00:00\",\"dateModified\":\"2025-07-30T15:37:19+00:00\",\"mainEntityOfPage\":{\"@id\":\"https:\\\/\\\/biologo.com.br\\\/bio\\\/fritz-muller-o-naturalista-que-antecipou-darwin\\\/\"},\"wordCount\":1096,\"commentCount\":0,\"publisher\":{\"@id\":\"https:\\\/\\\/biologo.com.br\\\/bio\\\/#organization\"},\"image\":{\"@id\":\"https:\\\/\\\/biologo.com.br\\\/bio\\\/fritz-muller-o-naturalista-que-antecipou-darwin\\\/#primaryimage\"},\"thumbnailUrl\":\"https:\\\/\\\/i0.wp.com\\\/biologo.com.br\\\/bio\\\/wp-content\\\/uploads\\\/2025\\\/07\\\/Fritz-Muller-o-naturalista-que-antecipou-Darwin.jpg?fit=1200%2C675&ssl=1\",\"keywords\":[\"crustaceos\",\"ecologia\",\"evolucao\",\"zoologia\"],\"articleSection\":[\"Carcinologia\",\"Evolu\u00e7\u00e3o\",\"Hist\u00f3ria\",\"Zoologia\"],\"inLanguage\":\"pt-BR\",\"potentialAction\":[{\"@type\":\"CommentAction\",\"name\":\"Comment\",\"target\":[\"https:\\\/\\\/biologo.com.br\\\/bio\\\/fritz-muller-o-naturalista-que-antecipou-darwin\\\/#respond\"]}]},{\"@type\":\"WebPage\",\"@id\":\"https:\\\/\\\/biologo.com.br\\\/bio\\\/fritz-muller-o-naturalista-que-antecipou-darwin\\\/\",\"url\":\"https:\\\/\\\/biologo.com.br\\\/bio\\\/fritz-muller-o-naturalista-que-antecipou-darwin\\\/\",\"name\":\"Fritz M\u00fcller: o naturalista que antecipou Darwin - Gigantes da biologia\",\"isPartOf\":{\"@id\":\"https:\\\/\\\/biologo.com.br\\\/bio\\\/#website\"},\"primaryImageOfPage\":{\"@id\":\"https:\\\/\\\/biologo.com.br\\\/bio\\\/fritz-muller-o-naturalista-que-antecipou-darwin\\\/#primaryimage\"},\"image\":{\"@id\":\"https:\\\/\\\/biologo.com.br\\\/bio\\\/fritz-muller-o-naturalista-que-antecipou-darwin\\\/#primaryimage\"},\"thumbnailUrl\":\"https:\\\/\\\/i0.wp.com\\\/biologo.com.br\\\/bio\\\/wp-content\\\/uploads\\\/2025\\\/07\\\/Fritz-Muller-o-naturalista-que-antecipou-Darwin.jpg?fit=1200%2C675&ssl=1\",\"datePublished\":\"2025-07-30T15:36:05+00:00\",\"dateModified\":\"2025-07-30T15:37:19+00:00\",\"description\":\"Fritz M\u00fcller, naturalista alem\u00e3o que encontrou no Brasil sua morada e foi um dos mais s\u00f3lidos defensores da teoria da evolu\u00e7\u00e3o de Darwin.\",\"breadcrumb\":{\"@id\":\"https:\\\/\\\/biologo.com.br\\\/bio\\\/fritz-muller-o-naturalista-que-antecipou-darwin\\\/#breadcrumb\"},\"inLanguage\":\"pt-BR\",\"potentialAction\":[{\"@type\":\"ReadAction\",\"target\":[\"https:\\\/\\\/biologo.com.br\\\/bio\\\/fritz-muller-o-naturalista-que-antecipou-darwin\\\/\"]}]},{\"@type\":\"ImageObject\",\"inLanguage\":\"pt-BR\",\"@id\":\"https:\\\/\\\/biologo.com.br\\\/bio\\\/fritz-muller-o-naturalista-que-antecipou-darwin\\\/#primaryimage\",\"url\":\"https:\\\/\\\/i0.wp.com\\\/biologo.com.br\\\/bio\\\/wp-content\\\/uploads\\\/2025\\\/07\\\/Fritz-Muller-o-naturalista-que-antecipou-Darwin.jpg?fit=1200%2C675&ssl=1\",\"contentUrl\":\"https:\\\/\\\/i0.wp.com\\\/biologo.com.br\\\/bio\\\/wp-content\\\/uploads\\\/2025\\\/07\\\/Fritz-Muller-o-naturalista-que-antecipou-Darwin.jpg?fit=1200%2C675&ssl=1\",\"width\":1200,\"height\":675,\"caption\":\"Fritz M\u00fcller: o naturalista que antecipou Darwin\"},{\"@type\":\"BreadcrumbList\",\"@id\":\"https:\\\/\\\/biologo.com.br\\\/bio\\\/fritz-muller-o-naturalista-que-antecipou-darwin\\\/#breadcrumb\",\"itemListElement\":[{\"@type\":\"ListItem\",\"position\":1,\"name\":\"In\u00edcio\",\"item\":\"https:\\\/\\\/biologo.com.br\\\/bio\\\/\"},{\"@type\":\"ListItem\",\"position\":2,\"name\":\"Fritz M\u00fcller: o naturalista que antecipou Darwin\"}]},{\"@type\":\"WebSite\",\"@id\":\"https:\\\/\\\/biologo.com.br\\\/bio\\\/#website\",\"url\":\"https:\\\/\\\/biologo.com.br\\\/bio\\\/\",\"name\":\"Bi\u00f3logo\",\"description\":\"Biologia. Informa\u00e7\u00f5es para bi\u00f3logos ou leigos. Eventos, v\u00eddeos e muito mais. Ci\u00eancias biol\u00f3gicas.\",\"publisher\":{\"@id\":\"https:\\\/\\\/biologo.com.br\\\/bio\\\/#organization\"},\"potentialAction\":[{\"@type\":\"SearchAction\",\"target\":{\"@type\":\"EntryPoint\",\"urlTemplate\":\"https:\\\/\\\/biologo.com.br\\\/bio\\\/?s={search_term_string}\"},\"query-input\":{\"@type\":\"PropertyValueSpecification\",\"valueRequired\":true,\"valueName\":\"search_term_string\"}}],\"inLanguage\":\"pt-BR\"},{\"@type\":\"Organization\",\"@id\":\"https:\\\/\\\/biologo.com.br\\\/bio\\\/#organization\",\"name\":\"Bi\u00f3logo\",\"url\":\"https:\\\/\\\/biologo.com.br\\\/bio\\\/\",\"logo\":{\"@type\":\"ImageObject\",\"inLanguage\":\"pt-BR\",\"@id\":\"https:\\\/\\\/biologo.com.br\\\/bio\\\/#\\\/schema\\\/logo\\\/image\\\/\",\"url\":\"https:\\\/\\\/i0.wp.com\\\/biologo.com.br\\\/bio\\\/wp-content\\\/uploads\\\/2015\\\/12\\\/logo1.jpg?fit=179%2C57&ssl=1\",\"contentUrl\":\"https:\\\/\\\/i0.wp.com\\\/biologo.com.br\\\/bio\\\/wp-content\\\/uploads\\\/2015\\\/12\\\/logo1.jpg?fit=179%2C57&ssl=1\",\"width\":179,\"height\":57,\"caption\":\"Bi\u00f3logo\"},\"image\":{\"@id\":\"https:\\\/\\\/biologo.com.br\\\/bio\\\/#\\\/schema\\\/logo\\\/image\\\/\"},\"sameAs\":[\"https:\\\/\\\/www.facebook.com\\\/biologocombr\\\/\",\"https:\\\/\\\/x.com\\\/Biologocombr\",\"https:\\\/\\\/www.instagram.com\\\/biologo.com.br\\\/\"]},{\"@type\":\"Person\",\"@id\":\"https:\\\/\\\/biologo.com.br\\\/bio\\\/#\\\/schema\\\/person\\\/3a5d600bbc47f8bb0cd43594317a6cd4\",\"name\":\"pozzana\",\"image\":{\"@type\":\"ImageObject\",\"inLanguage\":\"pt-BR\",\"@id\":\"https:\\\/\\\/secure.gravatar.com\\\/avatar\\\/fa8f924c29488a329bd70373453572f7494e802125f373a7f2937173cc26b21f?s=96&d=mm&r=g\",\"url\":\"https:\\\/\\\/secure.gravatar.com\\\/avatar\\\/fa8f924c29488a329bd70373453572f7494e802125f373a7f2937173cc26b21f?s=96&d=mm&r=g\",\"contentUrl\":\"https:\\\/\\\/secure.gravatar.com\\\/avatar\\\/fa8f924c29488a329bd70373453572f7494e802125f373a7f2937173cc26b21f?s=96&d=mm&r=g\",\"caption\":\"pozzana\"},\"url\":\"https:\\\/\\\/biologo.com.br\\\/bio\\\/author\\\/pozzana\\\/\"}]}<\/script>\n<!-- \/ Yoast SEO plugin. -->","yoast_head_json":{"title":"Fritz M\u00fcller: o naturalista que antecipou Darwin - Gigantes da biologia","description":"Fritz M\u00fcller, naturalista alem\u00e3o que encontrou no Brasil sua morada e foi um dos mais s\u00f3lidos defensores da teoria da evolu\u00e7\u00e3o de Darwin.","robots":{"index":"index","follow":"follow","max-snippet":"max-snippet:-1","max-image-preview":"max-image-preview:large","max-video-preview":"max-video-preview:-1"},"canonical":"https:\/\/biologo.com.br\/bio\/fritz-muller-o-naturalista-que-antecipou-darwin\/","og_locale":"pt_BR","og_type":"article","og_title":"Fritz M\u00fcller: o naturalista que antecipou Darwin - Gigantes da biologia","og_description":"Fritz M\u00fcller, naturalista alem\u00e3o que encontrou no Brasil sua morada e foi um dos mais s\u00f3lidos defensores da teoria da evolu\u00e7\u00e3o de Darwin.","og_url":"https:\/\/biologo.com.br\/bio\/fritz-muller-o-naturalista-que-antecipou-darwin\/","og_site_name":"Bi\u00f3logo","article_publisher":"https:\/\/www.facebook.com\/biologocombr\/","article_published_time":"2025-07-30T15:36:05+00:00","article_modified_time":"2025-07-30T15:37:19+00:00","og_image":[{"width":1200,"height":675,"url":"https:\/\/biologo.com.br\/bio\/wp-content\/uploads\/2025\/07\/Fritz-Muller-o-naturalista-que-antecipou-Darwin.jpg","type":"image\/jpeg"}],"author":"pozzana","twitter_card":"summary_large_image","twitter_creator":"@Biologocombr","twitter_site":"@Biologocombr","twitter_misc":{"Escrito por":"pozzana","Est. tempo de leitura":"7 minutos"},"schema":{"@context":"https:\/\/schema.org","@graph":[{"@type":"Article","@id":"https:\/\/biologo.com.br\/bio\/fritz-muller-o-naturalista-que-antecipou-darwin\/#article","isPartOf":{"@id":"https:\/\/biologo.com.br\/bio\/fritz-muller-o-naturalista-que-antecipou-darwin\/"},"author":{"name":"pozzana","@id":"https:\/\/biologo.com.br\/bio\/#\/schema\/person\/3a5d600bbc47f8bb0cd43594317a6cd4"},"headline":"Fritz M\u00fcller: o naturalista que antecipou Darwin","datePublished":"2025-07-30T15:36:05+00:00","dateModified":"2025-07-30T15:37:19+00:00","mainEntityOfPage":{"@id":"https:\/\/biologo.com.br\/bio\/fritz-muller-o-naturalista-que-antecipou-darwin\/"},"wordCount":1096,"commentCount":0,"publisher":{"@id":"https:\/\/biologo.com.br\/bio\/#organization"},"image":{"@id":"https:\/\/biologo.com.br\/bio\/fritz-muller-o-naturalista-que-antecipou-darwin\/#primaryimage"},"thumbnailUrl":"https:\/\/i0.wp.com\/biologo.com.br\/bio\/wp-content\/uploads\/2025\/07\/Fritz-Muller-o-naturalista-que-antecipou-Darwin.jpg?fit=1200%2C675&ssl=1","keywords":["crustaceos","ecologia","evolucao","zoologia"],"articleSection":["Carcinologia","Evolu\u00e7\u00e3o","Hist\u00f3ria","Zoologia"],"inLanguage":"pt-BR","potentialAction":[{"@type":"CommentAction","name":"Comment","target":["https:\/\/biologo.com.br\/bio\/fritz-muller-o-naturalista-que-antecipou-darwin\/#respond"]}]},{"@type":"WebPage","@id":"https:\/\/biologo.com.br\/bio\/fritz-muller-o-naturalista-que-antecipou-darwin\/","url":"https:\/\/biologo.com.br\/bio\/fritz-muller-o-naturalista-que-antecipou-darwin\/","name":"Fritz M\u00fcller: o naturalista que antecipou Darwin - Gigantes da biologia","isPartOf":{"@id":"https:\/\/biologo.com.br\/bio\/#website"},"primaryImageOfPage":{"@id":"https:\/\/biologo.com.br\/bio\/fritz-muller-o-naturalista-que-antecipou-darwin\/#primaryimage"},"image":{"@id":"https:\/\/biologo.com.br\/bio\/fritz-muller-o-naturalista-que-antecipou-darwin\/#primaryimage"},"thumbnailUrl":"https:\/\/i0.wp.com\/biologo.com.br\/bio\/wp-content\/uploads\/2025\/07\/Fritz-Muller-o-naturalista-que-antecipou-Darwin.jpg?fit=1200%2C675&ssl=1","datePublished":"2025-07-30T15:36:05+00:00","dateModified":"2025-07-30T15:37:19+00:00","description":"Fritz M\u00fcller, naturalista alem\u00e3o que encontrou no Brasil sua morada e foi um dos mais s\u00f3lidos defensores da teoria da evolu\u00e7\u00e3o de Darwin.","breadcrumb":{"@id":"https:\/\/biologo.com.br\/bio\/fritz-muller-o-naturalista-que-antecipou-darwin\/#breadcrumb"},"inLanguage":"pt-BR","potentialAction":[{"@type":"ReadAction","target":["https:\/\/biologo.com.br\/bio\/fritz-muller-o-naturalista-que-antecipou-darwin\/"]}]},{"@type":"ImageObject","inLanguage":"pt-BR","@id":"https:\/\/biologo.com.br\/bio\/fritz-muller-o-naturalista-que-antecipou-darwin\/#primaryimage","url":"https:\/\/i0.wp.com\/biologo.com.br\/bio\/wp-content\/uploads\/2025\/07\/Fritz-Muller-o-naturalista-que-antecipou-Darwin.jpg?fit=1200%2C675&ssl=1","contentUrl":"https:\/\/i0.wp.com\/biologo.com.br\/bio\/wp-content\/uploads\/2025\/07\/Fritz-Muller-o-naturalista-que-antecipou-Darwin.jpg?fit=1200%2C675&ssl=1","width":1200,"height":675,"caption":"Fritz M\u00fcller: o naturalista que antecipou Darwin"},{"@type":"BreadcrumbList","@id":"https:\/\/biologo.com.br\/bio\/fritz-muller-o-naturalista-que-antecipou-darwin\/#breadcrumb","itemListElement":[{"@type":"ListItem","position":1,"name":"In\u00edcio","item":"https:\/\/biologo.com.br\/bio\/"},{"@type":"ListItem","position":2,"name":"Fritz M\u00fcller: o naturalista que antecipou Darwin"}]},{"@type":"WebSite","@id":"https:\/\/biologo.com.br\/bio\/#website","url":"https:\/\/biologo.com.br\/bio\/","name":"Bi\u00f3logo","description":"Biologia. Informa\u00e7\u00f5es para bi\u00f3logos ou leigos. Eventos, v\u00eddeos e muito mais. Ci\u00eancias biol\u00f3gicas.","publisher":{"@id":"https:\/\/biologo.com.br\/bio\/#organization"},"potentialAction":[{"@type":"SearchAction","target":{"@type":"EntryPoint","urlTemplate":"https:\/\/biologo.com.br\/bio\/?s={search_term_string}"},"query-input":{"@type":"PropertyValueSpecification","valueRequired":true,"valueName":"search_term_string"}}],"inLanguage":"pt-BR"},{"@type":"Organization","@id":"https:\/\/biologo.com.br\/bio\/#organization","name":"Bi\u00f3logo","url":"https:\/\/biologo.com.br\/bio\/","logo":{"@type":"ImageObject","inLanguage":"pt-BR","@id":"https:\/\/biologo.com.br\/bio\/#\/schema\/logo\/image\/","url":"https:\/\/i0.wp.com\/biologo.com.br\/bio\/wp-content\/uploads\/2015\/12\/logo1.jpg?fit=179%2C57&ssl=1","contentUrl":"https:\/\/i0.wp.com\/biologo.com.br\/bio\/wp-content\/uploads\/2015\/12\/logo1.jpg?fit=179%2C57&ssl=1","width":179,"height":57,"caption":"Bi\u00f3logo"},"image":{"@id":"https:\/\/biologo.com.br\/bio\/#\/schema\/logo\/image\/"},"sameAs":["https:\/\/www.facebook.com\/biologocombr\/","https:\/\/x.com\/Biologocombr","https:\/\/www.instagram.com\/biologo.com.br\/"]},{"@type":"Person","@id":"https:\/\/biologo.com.br\/bio\/#\/schema\/person\/3a5d600bbc47f8bb0cd43594317a6cd4","name":"pozzana","image":{"@type":"ImageObject","inLanguage":"pt-BR","@id":"https:\/\/secure.gravatar.com\/avatar\/fa8f924c29488a329bd70373453572f7494e802125f373a7f2937173cc26b21f?s=96&d=mm&r=g","url":"https:\/\/secure.gravatar.com\/avatar\/fa8f924c29488a329bd70373453572f7494e802125f373a7f2937173cc26b21f?s=96&d=mm&r=g","contentUrl":"https:\/\/secure.gravatar.com\/avatar\/fa8f924c29488a329bd70373453572f7494e802125f373a7f2937173cc26b21f?s=96&d=mm&r=g","caption":"pozzana"},"url":"https:\/\/biologo.com.br\/bio\/author\/pozzana\/"}]}},"jetpack_publicize_connections":[],"jetpack_featured_media_url":"https:\/\/i0.wp.com\/biologo.com.br\/bio\/wp-content\/uploads\/2025\/07\/Fritz-Muller-o-naturalista-que-antecipou-Darwin.jpg?fit=1200%2C675&ssl=1","jetpack-related-posts":[{"id":10465,"url":"https:\/\/biologo.com.br\/bio\/os-amigos-darwin-e-fritz-muller\/","url_meta":{"origin":18852,"position":0},"title":"Os amigos Darwin e Fritz M\u00fcller","author":"pozzana","date":"setembro 3, 2021","format":false,"excerpt":"Os amigos Darwin e Fritz M\u00fcller: correspond\u00eancia entre os cientistas ajudou a consolidar a teoria da evolu\u00e7\u00e3o. Os amigos Darwin e Fritz M\u00fcller 3\/9\/2021 ::\u00a0 Por Neldson Marcolin\/Pesquisa FAPESP O\u00a0ano de 1864 foi especial para Charles Darwin. Sob fogo cruzado de grande parte da comunidade cient\u00edfica de seu pa\u00eds e\u2026","rel":"","context":"Em &quot;Curiosidades&quot;","block_context":{"text":"Curiosidades","link":"https:\/\/biologo.com.br\/bio\/category\/curiosidades\/"},"img":{"alt_text":"Os amigos Darwin e Fritz M\u00fcller","src":"https:\/\/i0.wp.com\/biologo.com.br\/bio\/wp-content\/uploads\/2021\/09\/darwin-writing-letters-Os-amigos-Darwin-e-Fritz-Muller.jpg?fit=631%2C351&ssl=1&resize=350%2C200","width":350,"height":200,"srcset":"https:\/\/i0.wp.com\/biologo.com.br\/bio\/wp-content\/uploads\/2021\/09\/darwin-writing-letters-Os-amigos-Darwin-e-Fritz-Muller.jpg?fit=631%2C351&ssl=1&resize=350%2C200 1x, https:\/\/i0.wp.com\/biologo.com.br\/bio\/wp-content\/uploads\/2021\/09\/darwin-writing-letters-Os-amigos-Darwin-e-Fritz-Muller.jpg?fit=631%2C351&ssl=1&resize=525%2C300 1.5x"},"classes":[]},{"id":10341,"url":"https:\/\/biologo.com.br\/bio\/fritz-muller\/","url_meta":{"origin":18852,"position":1},"title":"Fritz Muller","author":"pozzana","date":"agosto 23, 2021","format":false,"excerpt":"Fritz M\u00fcller e o apoio a Charles Darwin: M\u00fcller foi um importante naturalista alem\u00e3o radicado em Santa Catarina, no Brasil. Bot\u00e2nico, professor de ci\u00eancias naturais e matem\u00e1tica, se destacou principalmente pelo sofisticado apoio \u00e0 teoria de Charles Darwin. Fritz M\u00fcller\u00a0e o apoio a Charles Darwin 23\/8\/2021 ::\u00a0 Por Josu\u00e9 Fontana\u2026","rel":"","context":"Em &quot;Bot\u00e2nica&quot;","block_context":{"text":"Bot\u00e2nica","link":"https:\/\/biologo.com.br\/bio\/category\/botanica\/"},"img":{"alt_text":"Fritz M\u00fcller\u00a0e o apoio a Charles Darwin","src":"https:\/\/i0.wp.com\/biologo.com.br\/bio\/wp-content\/uploads\/2021\/08\/Fritz-Muller.jpg?fit=631%2C351&ssl=1&resize=350%2C200","width":350,"height":200,"srcset":"https:\/\/i0.wp.com\/biologo.com.br\/bio\/wp-content\/uploads\/2021\/08\/Fritz-Muller.jpg?fit=631%2C351&ssl=1&resize=350%2C200 1x, https:\/\/i0.wp.com\/biologo.com.br\/bio\/wp-content\/uploads\/2021\/08\/Fritz-Muller.jpg?fit=631%2C351&ssl=1&resize=525%2C300 1.5x"},"classes":[]},{"id":11744,"url":"https:\/\/biologo.com.br\/bio\/fritz-muller-revisitado\/","url_meta":{"origin":18852,"position":2},"title":"Fritz M\u00fcller revisitado","author":"pozzana","date":"abril 11, 2022","format":false,"excerpt":"Fritz M\u00fcller revisitado: variado material de divulga\u00e7\u00e3o cient\u00edfica comemora os 200 anos de nascimento do naturalista alem\u00e3o radicado em Santa Catarina.\u00a0 Fritz M\u00fcller revisitado 11\/4\/2022 :: Danilo Albergaria\/ Pesquisa FAPESP. \u00a0CC BY-ND 4.0 No \u00faltimo dia 31 de mar\u00e7o completaram-se 200 anos desde o nascimento de Fritz M\u00fcller (1822-1897), o\u2026","rel":"","context":"Em &quot;Bot\u00e2nica&quot;","block_context":{"text":"Bot\u00e2nica","link":"https:\/\/biologo.com.br\/bio\/category\/botanica\/"},"img":{"alt_text":"Fritz M\u00fcller revisitado","src":"https:\/\/i0.wp.com\/biologo.com.br\/bio\/wp-content\/uploads\/2022\/04\/Fritz-Muller-revisitado.jpg?fit=631%2C351&ssl=1&resize=350%2C200","width":350,"height":200,"srcset":"https:\/\/i0.wp.com\/biologo.com.br\/bio\/wp-content\/uploads\/2022\/04\/Fritz-Muller-revisitado.jpg?fit=631%2C351&ssl=1&resize=350%2C200 1x, https:\/\/i0.wp.com\/biologo.com.br\/bio\/wp-content\/uploads\/2022\/04\/Fritz-Muller-revisitado.jpg?fit=631%2C351&ssl=1&resize=525%2C300 1.5x"},"classes":[]},{"id":10716,"url":"https:\/\/biologo.com.br\/bio\/o-sabio-e-a-floresta\/","url_meta":{"origin":18852,"position":3},"title":"O s\u00e1bio e a floresta","author":"pozzana","date":"setembro 27, 2021","format":false,"excerpt":"O s\u00e1bio e a floresta: H\u00e1 mais de um s\u00e9culo e meio, Fritz M\u00fcller, um dos grandes naturalistas do mundo, chegava ao Brasil - para ficar. O s\u00e1bio e a floresta: a extraordin\u00e1ria aventura de Fritz M\u00fcller 27\/9\/2021 :: Neldson Marcolin\/Pesquisa Fapesp Delirante, j\u00e1 perto da morte, o naturalista Fritz\u2026","rel":"","context":"Em &quot;Bot\u00e2nica&quot;","block_context":{"text":"Bot\u00e2nica","link":"https:\/\/biologo.com.br\/bio\/category\/botanica\/"},"img":{"alt_text":"Fritz M\u00fcller\u00a0e o apoio a Charles Darwin","src":"https:\/\/i0.wp.com\/biologo.com.br\/bio\/wp-content\/uploads\/2021\/08\/Fritz-Muller-e-o-apoio-a-Charles-Darwin.jpg?fit=631%2C351&ssl=1&resize=350%2C200","width":350,"height":200,"srcset":"https:\/\/i0.wp.com\/biologo.com.br\/bio\/wp-content\/uploads\/2021\/08\/Fritz-Muller-e-o-apoio-a-Charles-Darwin.jpg?fit=631%2C351&ssl=1&resize=350%2C200 1x, https:\/\/i0.wp.com\/biologo.com.br\/bio\/wp-content\/uploads\/2021\/08\/Fritz-Muller-e-o-apoio-a-Charles-Darwin.jpg?fit=631%2C351&ssl=1&resize=525%2C300 1.5x"},"classes":[]},{"id":9229,"url":"https:\/\/biologo.com.br\/bio\/tudo-sobre-darwin\/","url_meta":{"origin":18852,"position":4},"title":"Tudo sobre Darwin","author":"pozzana","date":"agosto 12, 2025","format":false,"excerpt":"Tudo sobre Darwin: Eis aqui uma compila\u00e7\u00e3o de informa\u00e7\u00f5es preciosas para se conhecer a obra e pensamento de Charles Darwin, considerado o \"pai da evolu\u00e7\u00e3o\". Tudo sobre Darwin: o homem que mudou nossa vis\u00e3o da vida Revisado por Marco Pozzana em 12\/8\/2025 Charles Robert Darwin nasceu em 12 de fevereiro\u2026","rel":"","context":"Em &quot;Biodiversidade&quot;","block_context":{"text":"Biodiversidade","link":"https:\/\/biologo.com.br\/bio\/category\/biodiversidade\/"},"img":{"alt_text":"Tudo sobre Darwin: o homem que mudou nossa vis\u00e3o da vida","src":"https:\/\/i0.wp.com\/biologo.com.br\/bio\/wp-content\/uploads\/2021\/04\/Tudo-sobre-Darwin-o-homem-que-mudou-nossa-visao-da-vida.jpg?fit=1200%2C675&ssl=1&resize=350%2C200","width":350,"height":200,"srcset":"https:\/\/i0.wp.com\/biologo.com.br\/bio\/wp-content\/uploads\/2021\/04\/Tudo-sobre-Darwin-o-homem-que-mudou-nossa-visao-da-vida.jpg?fit=1200%2C675&ssl=1&resize=350%2C200 1x, https:\/\/i0.wp.com\/biologo.com.br\/bio\/wp-content\/uploads\/2021\/04\/Tudo-sobre-Darwin-o-homem-que-mudou-nossa-visao-da-vida.jpg?fit=1200%2C675&ssl=1&resize=525%2C300 1.5x, https:\/\/i0.wp.com\/biologo.com.br\/bio\/wp-content\/uploads\/2021\/04\/Tudo-sobre-Darwin-o-homem-que-mudou-nossa-visao-da-vida.jpg?fit=1200%2C675&ssl=1&resize=700%2C400 2x, https:\/\/i0.wp.com\/biologo.com.br\/bio\/wp-content\/uploads\/2021\/04\/Tudo-sobre-Darwin-o-homem-que-mudou-nossa-visao-da-vida.jpg?fit=1200%2C675&ssl=1&resize=1050%2C600 3x"},"classes":[]},{"id":7626,"url":"https:\/\/biologo.com.br\/bio\/bates-e-o-mimetismo\/","url_meta":{"origin":18852,"position":5},"title":"Bates e o mimetismo","author":"pozzana","date":"setembro 2, 2020","format":false,"excerpt":"Bates e o mimetismo: Henry Walter Bates (1825-1892) foi um naturalista e explorador ingl\u00eas. Ganhou notoriedade por sua expedi\u00e7\u00e3o \u00e0s florestas tropicais da Amaz\u00f4nia com Alfred Russel Wallace em 1848 e por fazer o primeiro relato cient\u00edfico do mimetismo em animais. Bates tamb\u00e9m foi um dos primeiros naturalistas a apoiar\u2026","rel":"","context":"Em &quot;Entomologia&quot;","block_context":{"text":"Entomologia","link":"https:\/\/biologo.com.br\/bio\/category\/entomologia\/"},"img":{"alt_text":"Henry Bates","src":"https:\/\/i0.wp.com\/biologo.com.br\/bio\/wp-content\/uploads\/2020\/09\/WALTER-BATES.jpg?fit=631%2C351&ssl=1&resize=350%2C200","width":350,"height":200,"srcset":"https:\/\/i0.wp.com\/biologo.com.br\/bio\/wp-content\/uploads\/2020\/09\/WALTER-BATES.jpg?fit=631%2C351&ssl=1&resize=350%2C200 1x, https:\/\/i0.wp.com\/biologo.com.br\/bio\/wp-content\/uploads\/2020\/09\/WALTER-BATES.jpg?fit=631%2C351&ssl=1&resize=525%2C300 1.5x"},"classes":[]}],"jetpack_sharing_enabled":true,"jetpack_likes_enabled":true,"jetpack_shortlink":"https:\/\/wp.me\/p6NB6B-4U4","amp_enabled":true,"_links":{"self":[{"href":"https:\/\/biologo.com.br\/bio\/wp-json\/wp\/v2\/posts\/18852","targetHints":{"allow":["GET"]}}],"collection":[{"href":"https:\/\/biologo.com.br\/bio\/wp-json\/wp\/v2\/posts"}],"about":[{"href":"https:\/\/biologo.com.br\/bio\/wp-json\/wp\/v2\/types\/post"}],"author":[{"embeddable":true,"href":"https:\/\/biologo.com.br\/bio\/wp-json\/wp\/v2\/users\/1"}],"replies":[{"embeddable":true,"href":"https:\/\/biologo.com.br\/bio\/wp-json\/wp\/v2\/comments?post=18852"}],"version-history":[{"count":2,"href":"https:\/\/biologo.com.br\/bio\/wp-json\/wp\/v2\/posts\/18852\/revisions"}],"predecessor-version":[{"id":19105,"href":"https:\/\/biologo.com.br\/bio\/wp-json\/wp\/v2\/posts\/18852\/revisions\/19105"}],"wp:featuredmedia":[{"embeddable":true,"href":"https:\/\/biologo.com.br\/bio\/wp-json\/wp\/v2\/media\/19058"}],"wp:attachment":[{"href":"https:\/\/biologo.com.br\/bio\/wp-json\/wp\/v2\/media?parent=18852"}],"wp:term":[{"taxonomy":"category","embeddable":true,"href":"https:\/\/biologo.com.br\/bio\/wp-json\/wp\/v2\/categories?post=18852"},{"taxonomy":"post_tag","embeddable":true,"href":"https:\/\/biologo.com.br\/bio\/wp-json\/wp\/v2\/tags?post=18852"}],"curies":[{"name":"wp","href":"https:\/\/api.w.org\/{rel}","templated":true}]}}