{"id":19049,"date":"2025-07-28T16:54:00","date_gmt":"2025-07-28T19:54:00","guid":{"rendered":"https:\/\/biologo.com.br\/bio\/?p=19049"},"modified":"2025-07-29T12:18:35","modified_gmt":"2025-07-29T15:18:35","slug":"a-volta-da-onca-pintada-no-rj","status":"publish","type":"post","link":"https:\/\/biologo.com.br\/bio\/a-volta-da-onca-pintada-no-rj\/","title":{"rendered":"A volta da on\u00e7a-pintada no RJ"},"content":{"rendered":"\n<p><span style=\"font-size: 14pt; color: #000000;\"><span style=\"color: #3366ff;\"><span style=\"color: #000000;\"><span style=\"font-size: 14pt; color: #000000;\"><span style=\"color: #3366ff;\"><span style=\"color: #000000;\"><span style=\"font-size: 14pt; color: #000000;\"><span style=\"color: #3366ff;\"><span style=\"color: #000000;\"><span style=\"font-size: 14pt; color: #000000;\"><span style=\"color: #3366ff;\"><span style=\"color: #000000;\"><span style=\"font-size: 14pt; color: #000000;\"><span style=\"color: #3366ff;\"><span style=\"color: #000000;\"><span style=\"font-size: 14pt; color: #000000;\"><span style=\"color: #3366ff;\"><strong>A volta da on\u00e7a-pintada no RJ:<\/strong><\/span><\/span><\/span><\/span><\/span><\/span><\/span><\/span> A on\u00e7a-pintada (<em>Panthera onca<\/em>) voltou a ser registrada no estado do Rio de Janeiro ap\u00f3s mais de 50 anos. O animal era monitorado desde dezembro de 2024. O registro foi confirmado pelo Instituto Estadual do Ambiente (Inea).<\/span><\/span><\/span><\/span><\/span><\/span><\/span><\/span><\/span><\/p>\n\n\n\n<figure class=\"wp-block-image alignright size-full\"><img data-recalc-dims=\"1\" loading=\"lazy\" decoding=\"async\" width=\"74\" height=\"83\" data-attachment-id=\"18164\" data-permalink=\"https:\/\/biologo.com.br\/bio\/sylvia-earle-na-luta-pelos-oceanos\/original-biologo-2\/\" data-orig-file=\"https:\/\/i0.wp.com\/biologo.com.br\/bio\/wp-content\/uploads\/2025\/05\/original-biologo-2.jpg?fit=74%2C83&amp;ssl=1\" data-orig-size=\"74,83\" data-comments-opened=\"1\" data-image-meta=\"{&quot;aperture&quot;:&quot;0&quot;,&quot;credit&quot;:&quot;&quot;,&quot;camera&quot;:&quot;&quot;,&quot;caption&quot;:&quot;&quot;,&quot;created_timestamp&quot;:&quot;0&quot;,&quot;copyright&quot;:&quot;&quot;,&quot;focal_length&quot;:&quot;0&quot;,&quot;iso&quot;:&quot;0&quot;,&quot;shutter_speed&quot;:&quot;0&quot;,&quot;title&quot;:&quot;&quot;,&quot;orientation&quot;:&quot;0&quot;}\" data-image-title=\"original-biologo (2)\" data-image-description=\"&lt;p&gt;artigo original www.biologo.com.br \u00a9 todos os direitos reservados&lt;\/p&gt;\n\" data-image-caption=\"\" data-large-file=\"https:\/\/i0.wp.com\/biologo.com.br\/bio\/wp-content\/uploads\/2025\/05\/original-biologo-2.jpg?fit=74%2C83&amp;ssl=1\" src=\"https:\/\/i0.wp.com\/biologo.com.br\/bio\/wp-content\/uploads\/2025\/05\/original-biologo-2.jpg?resize=74%2C83&#038;ssl=1\" alt=\"Artigo original www.biologo.com.br \u00a9 todos os direitos reservados\" class=\"wp-image-18164\"\/><\/figure>\n\n\n\n<h2 class=\"wp-block-heading\"><span style=\"font-family: 'courier new', courier, monospace; font-size: 24pt; color: #000000;\"><strong>A volta da on\u00e7a-pintada<span style=\"font-size: 18pt;\"><span style=\"font-family: 'courier new', courier, monospace; color: #000000; font-size: 24pt;\"><strong><strong><strong><strong><span style=\"font-family: 'courier new', courier, monospace; color: #000000; font-size: 24pt;\"><strong><strong><strong><strong><span style=\"font-family: 'courier new', courier, monospace; color: #000000; font-size: 24pt;\"><strong><strong><strong><strong><span style=\"font-family: 'courier new', courier, monospace; color: #000000; font-size: 24pt;\"><strong><span style=\"font-family: 'courier new', courier, monospace; color: #000000;\"><strong><span style=\"font-size: 24pt;\"><span style=\"font-size: 12pt;\"><strong><strong> no RJ<\/strong><\/strong><\/span><\/span><\/strong><\/span><\/strong><\/span><\/strong><\/strong><\/strong><\/strong><\/span><\/strong><\/strong><\/strong><\/strong><\/span><\/strong><\/strong><\/strong><\/strong><\/span><\/span><\/strong><\/span><\/h2>\n\n\n\n<p class=\"has-small-font-size\"><strong>28\/7\/2025 <\/strong>::&nbsp; Por <strong>Marco Pozzana<\/strong>, bi\u00f3logo<\/p>\n\n\n\n<p class=\"has-drop-cap has-black-color has-text-color has-link-color has-medium-font-size wp-elements-6467f93da23992ac543b359d562f2cf0\"><strong><span style=\"font-family: 'courier new', courier, monospace; font-size: 14pt;\">P<\/span><\/strong>or mais de cinquenta anos, o rugido da on\u00e7a-pintada (<em>Panthera onca<\/em>) havia silenciado nas matas do estado Rio de Janeiro. No entanto, recentemente, imagens captadas por armadilhas fotogr\u00e1ficas reacenderam a esperan\u00e7a de conserva\u00e7\u00e3o. Um macho adulto foi registrado no Parque Estadual da Serra da Conc\u00f3rdia, um reduto de Mata Atl\u00e2ntica que, apesar de fragmentado, tem resistido ao avan\u00e7o das cidades e \u00e0 press\u00e3o agropecu\u00e1ria. A not\u00edcia, al\u00e9m de emocionante, representa um marco importante para a ecologia regional.<\/p>\n\n\n\n<figure class=\"wp-block-image alignright size-full\"><a href=\"https:\/\/i0.wp.com\/biologo.com.br\/bio\/wp-content\/uploads\/2025\/07\/A-volta-da-onca-pintada-no-RJ-1.jpg?ssl=1\"><img data-recalc-dims=\"1\" loading=\"lazy\" decoding=\"async\" width=\"114\" height=\"214\" data-attachment-id=\"19066\" data-permalink=\"https:\/\/biologo.com.br\/bio\/a-volta-da-onca-pintada-no-rj\/a-volta-da-onca-pintada-no-rj-1\/\" data-orig-file=\"https:\/\/i0.wp.com\/biologo.com.br\/bio\/wp-content\/uploads\/2025\/07\/A-volta-da-onca-pintada-no-RJ-1.jpg?fit=114%2C214&amp;ssl=1\" data-orig-size=\"114,214\" data-comments-opened=\"1\" data-image-meta=\"{&quot;aperture&quot;:&quot;0&quot;,&quot;credit&quot;:&quot;&quot;,&quot;camera&quot;:&quot;&quot;,&quot;caption&quot;:&quot;&quot;,&quot;created_timestamp&quot;:&quot;0&quot;,&quot;copyright&quot;:&quot;&quot;,&quot;focal_length&quot;:&quot;0&quot;,&quot;iso&quot;:&quot;0&quot;,&quot;shutter_speed&quot;:&quot;0&quot;,&quot;title&quot;:&quot;&quot;,&quot;orientation&quot;:&quot;0&quot;}\" data-image-title=\"A volta da on\u00e7a-pintada no RJ (1)\" data-image-description=\"\" data-image-caption=\"\" data-large-file=\"https:\/\/i0.wp.com\/biologo.com.br\/bio\/wp-content\/uploads\/2025\/07\/A-volta-da-onca-pintada-no-RJ-1.jpg?fit=114%2C214&amp;ssl=1\" src=\"https:\/\/i0.wp.com\/biologo.com.br\/bio\/wp-content\/uploads\/2025\/07\/A-volta-da-onca-pintada-no-RJ-1.jpg?resize=114%2C214&#038;ssl=1\" alt=\"\" class=\"wp-image-19066\"\/><\/a><\/figure>\n\n\n\n<ul class=\"wp-block-list\">\n<li class=\"has-medium-font-size\"><a href=\"https:\/\/biologo.com.br\/bio\/a-volta-da-onca-parda\/\">A volta da on\u00e7a-parda<\/a><\/li>\n\n\n\n<li class=\"has-medium-font-size\"><a href=\"https:\/\/biologo.com.br\/bio\/dia-internacional-da-onca-pintada\/\">Dia Internacional da On\u00e7a-Pintada<\/a><\/li>\n\n\n\n<li class=\"has-medium-font-size\"><a href=\"https:\/\/biologo.com.br\/bio\/grandes-mamiferos-ajudam-a-restaurar-ecossistemas\/\">Grandes mam\u00edferos ajudam a restaurar ecossistemas<\/a><\/li>\n<\/ul>\n\n\n\n<p class=\"has-black-color has-text-color has-link-color has-medium-font-size wp-elements-ad35af7f46a40d1fdafa818b670764fd\">O feito, confirmado pelo Instituto Estadual do Ambiente (Inea), representa um marco para a conserva\u00e7\u00e3o da fauna fluminense. Desde dezembro de 2024, o animal vem sendo monitorado de forma intensiva por c\u00e2meras e especialistas. At\u00e9 ent\u00e3o, n\u00e3o havia registros da esp\u00e9cie no territ\u00f3rio estadual desde a d\u00e9cada de 1970, quando desapareceu em decorr\u00eancia do avan\u00e7o urbano sobre seus habitats naturais.<\/p>\n\n\n\n<p class=\"has-black-color has-text-color has-link-color has-medium-font-size wp-elements-d2ce894c4d686e281dc65d45600a4b61\">Antes de tudo, \u00e9 fundamental compreender o valor simb\u00f3lico e ecol\u00f3gico da on\u00e7a-pintada. Maior felino das Am\u00e9ricas, esse predador ocupa o topo da cadeia tr\u00f3fica e exerce papel regulador sobre popula\u00e7\u00f5es de presas, garantindo equil\u00edbrio nos ecossistemas (Miller et al., 2013). Entretanto, devido \u00e0 ca\u00e7a, perda de habitat e isolamento gen\u00e9tico, suas popula\u00e7\u00f5es v\u00eam sofrendo decl\u00ednio acentuado, sobretudo na Mata Atl\u00e2ntica \u2014 bioma considerado um dos mais amea\u00e7ados do planeta (Ribeiro et al., 2009).<\/p>\n\n\n\n<figure class=\"wp-block-image size-large\"><a href=\"https:\/\/i0.wp.com\/biologo.com.br\/bio\/wp-content\/uploads\/2025\/07\/onca-pintada-rj-camera-trap.jpg?ssl=1\"><img data-recalc-dims=\"1\" loading=\"lazy\" decoding=\"async\" width=\"800\" height=\"450\" data-attachment-id=\"19064\" data-permalink=\"https:\/\/biologo.com.br\/bio\/a-volta-da-onca-pintada-no-rj\/onca-pintada-rj-camera-trap\/\" data-orig-file=\"https:\/\/i0.wp.com\/biologo.com.br\/bio\/wp-content\/uploads\/2025\/07\/onca-pintada-rj-camera-trap.jpg?fit=1202%2C676&amp;ssl=1\" data-orig-size=\"1202,676\" data-comments-opened=\"1\" data-image-meta=\"{&quot;aperture&quot;:&quot;0&quot;,&quot;credit&quot;:&quot;&quot;,&quot;camera&quot;:&quot;&quot;,&quot;caption&quot;:&quot;&quot;,&quot;created_timestamp&quot;:&quot;0&quot;,&quot;copyright&quot;:&quot;&quot;,&quot;focal_length&quot;:&quot;0&quot;,&quot;iso&quot;:&quot;0&quot;,&quot;shutter_speed&quot;:&quot;0&quot;,&quot;title&quot;:&quot;&quot;,&quot;orientation&quot;:&quot;0&quot;}\" data-image-title=\"onca-pintada-rj-camera-trap\" data-image-description=\"\" data-image-caption=\"\" data-large-file=\"https:\/\/i0.wp.com\/biologo.com.br\/bio\/wp-content\/uploads\/2025\/07\/onca-pintada-rj-camera-trap.jpg?fit=800%2C450&amp;ssl=1\" src=\"https:\/\/i0.wp.com\/biologo.com.br\/bio\/wp-content\/uploads\/2025\/07\/onca-pintada-rj-camera-trap.jpg?resize=800%2C450&#038;ssl=1\" alt=\"\" class=\"wp-image-19064\" srcset=\"https:\/\/i0.wp.com\/biologo.com.br\/bio\/wp-content\/uploads\/2025\/07\/onca-pintada-rj-camera-trap.jpg?resize=1024%2C576&amp;ssl=1 1024w, https:\/\/i0.wp.com\/biologo.com.br\/bio\/wp-content\/uploads\/2025\/07\/onca-pintada-rj-camera-trap.jpg?resize=300%2C169&amp;ssl=1 300w, https:\/\/i0.wp.com\/biologo.com.br\/bio\/wp-content\/uploads\/2025\/07\/onca-pintada-rj-camera-trap.jpg?resize=768%2C432&amp;ssl=1 768w, https:\/\/i0.wp.com\/biologo.com.br\/bio\/wp-content\/uploads\/2025\/07\/onca-pintada-rj-camera-trap.jpg?resize=150%2C84&amp;ssl=1 150w, https:\/\/i0.wp.com\/biologo.com.br\/bio\/wp-content\/uploads\/2025\/07\/onca-pintada-rj-camera-trap.jpg?w=1202&amp;ssl=1 1202w\" sizes=\"auto, (max-width: 800px) 100vw, 800px\" \/><\/a><figcaption class=\"wp-element-caption\">Imagem capturada por armadilha fotogr\u00e1fica. fonte: Instituto Estadual do Ambiente (Inea)<\/figcaption><\/figure>\n\n\n\n<h3 class=\"wp-block-heading has-medium-font-size\"><strong><span style=\"color: #000000; font-family: courier new,courier,monospace; font-size: 14pt;\"><strong><span style=\"color: #000000;\"><strong><strong>Uma floresta e um animal que resistem<\/strong><\/strong><\/span><\/strong><\/span><\/strong><\/h3>\n\n\n\n<p class=\"has-black-color has-text-color has-link-color has-medium-font-size wp-elements-dbd0c78df198ae4be7d78d985a31cae4\">Em Valen\u00e7a, registros hist\u00f3ricos apontam para a presen\u00e7a da esp\u00e9cie at\u00e9 meados do s\u00e9culo XX. Desde ent\u00e3o, sua aus\u00eancia vinha sendo interpretada como extin\u00e7\u00e3o local. O reaparecimento atual, portanto, n\u00e3o pode ser subestimado. Ele sinaliza, sobretudo, a possibilidade de reconex\u00e3o entre fragmentos florestais e o sucesso de iniciativas conservacionistas discretas, mas persistentes.<\/p>\n\n\n\n<p class=\"has-black-color has-text-color has-link-color has-medium-font-size wp-elements-8e45c98020f033c3e0665b9dec739c1d\">Ademais, esse retorno confirma previs\u00f5es de modelos de conectividade ecol\u00f3gica, como os utilizados por Beier e Noss (1998), que ressaltam a import\u00e2ncia de corredores florestais em paisagens fragmentadas. No caso fluminense, esfor\u00e7os de mapeamento e recupera\u00e7\u00e3o de corredores ecol\u00f3gicos v\u00eam sendo realizados por institui\u00e7\u00f5es como o Instituto Estadual do Ambiente (INEA) e ONGs ambientais atuantes na regi\u00e3o.<\/p>\n\n\n\n<p class=\"has-black-color has-text-color has-link-color has-medium-font-size wp-elements-40a4c5169b17a8bff17b133f589f4547\">Apesar disso, o desafio permanece enorme. A on\u00e7a capturada pelas c\u00e2meras parece ser um indiv\u00edduo solit\u00e1rio, sugerindo ainda a aus\u00eancia de uma popula\u00e7\u00e3o vi\u00e1vel. No entanto, como ressaltam Rabinowitz e Zeller (2010), mesmo apari\u00e7\u00f5es isoladas podem representar o in\u00edcio de uma recoloniza\u00e7\u00e3o, desde que o ambiente ofere\u00e7a abrigo, alimento e seguran\u00e7a. Nesse sentido, a Serra da Conc\u00f3rdia mostra-se como uma esperan\u00e7a viva.<\/p>\n\n\n\n<p class=\"has-black-color has-text-color has-link-color has-medium-font-size wp-elements-3093c1ffeb553cafd63a31241176bfee\">N\u00e3o se trata apenas de conservar uma esp\u00e9cie carism\u00e1tica. O retorno da on\u00e7a-pintada carrega consigo um poderoso sinal de resili\u00eancia ecol\u00f3gica. Mesmo sob intensa press\u00e3o antr\u00f3pica, a Mata Atl\u00e2ntica insiste em oferecer ref\u00fagio \u00e0 sua fauna original. Al\u00e9m disso, sua presen\u00e7a pode fortalecer a educa\u00e7\u00e3o ambiental local, fomentando o turismo ecol\u00f3gico e a valoriza\u00e7\u00e3o do patrim\u00f4nio natural de Valen\u00e7a.<\/p>\n\n\n\n<figure class=\"wp-block-embed is-type-video is-provider-youtube wp-block-embed-youtube wp-embed-aspect-16-9 wp-has-aspect-ratio\"><div class=\"wp-block-embed__wrapper\">\n<iframe loading=\"lazy\" title=\"On\u00e7a-pintada aparece no estado do Rio ap\u00f3s 50 anos\" width=\"800\" height=\"450\" src=\"https:\/\/www.youtube.com\/embed\/zfZGyVowshg?feature=oembed\" frameborder=\"0\" allow=\"accelerometer; autoplay; clipboard-write; encrypted-media; gyroscope; picture-in-picture; web-share\" referrerpolicy=\"strict-origin-when-cross-origin\" allowfullscreen><\/iframe>\n<\/div><\/figure>\n\n\n\n<h4 class=\"wp-block-heading has-black-color has-text-color has-link-color has-medium-font-size wp-elements-472fedce883bcf51ec0c2185d24e3614\"> <span style=\"color: #000000; font-family: courier new,courier,monospace; font-size: 14pt;\"><strong><span style=\"color: #000000;\"><strong>Reconectando paisagens<\/strong><\/span><\/strong><\/span> <\/h4>\n\n\n\n<p class=\"has-black-color has-text-color has-link-color has-medium-font-size wp-elements-d147eb39f4d0e582547e2747c5361ac8\">Entretanto, para que esse fen\u00f4meno n\u00e3o se transforme em um evento isolado, \u00e9 imprescind\u00edvel adotar pol\u00edticas p\u00fablicas robustas e cont\u00ednuas. Projetos de restaura\u00e7\u00e3o florestal, incentivos \u00e0 agroecologia, prote\u00e7\u00e3o contra a ca\u00e7a ilegal e envolvimento das comunidades rurais s\u00e3o medidas fundamentais. Como destacado por Cullen Jr. et al. (2016), a conserva\u00e7\u00e3o da on\u00e7a exige abordagem multissetorial, incluindo ci\u00eancia, governan\u00e7a e cultura local.<\/p>\n\n\n\n<figure class=\"wp-block-image aligncenter size-full\"><a href=\"https:\/\/i0.wp.com\/biologo.com.br\/bio\/wp-content\/uploads\/2020\/10\/Caca-ilegal-ameaca-fauna.jpg?ssl=1\"><img data-recalc-dims=\"1\" loading=\"lazy\" decoding=\"async\" width=\"631\" height=\"351\" data-attachment-id=\"7968\" data-permalink=\"https:\/\/biologo.com.br\/bio\/caca-ilegal-ameaca-fauna\/caca-ilegal-ameaca-fauna\/\" data-orig-file=\"https:\/\/i0.wp.com\/biologo.com.br\/bio\/wp-content\/uploads\/2020\/10\/Caca-ilegal-ameaca-fauna.jpg?fit=631%2C351&amp;ssl=1\" data-orig-size=\"631,351\" data-comments-opened=\"0\" data-image-meta=\"{&quot;aperture&quot;:&quot;0&quot;,&quot;credit&quot;:&quot;&quot;,&quot;camera&quot;:&quot;&quot;,&quot;caption&quot;:&quot;&quot;,&quot;created_timestamp&quot;:&quot;0&quot;,&quot;copyright&quot;:&quot;&quot;,&quot;focal_length&quot;:&quot;0&quot;,&quot;iso&quot;:&quot;0&quot;,&quot;shutter_speed&quot;:&quot;0&quot;,&quot;title&quot;:&quot;&quot;,&quot;orientation&quot;:&quot;0&quot;}\" data-image-title=\"Ca\u00e7a-ilegal-amea\u00e7a-fauna\" data-image-description=\"&lt;p&gt;Ca\u00e7a ilegal amea\u00e7a fauna. On\u00e7a pintada no riacho, rio&lt;\/p&gt;\n\" data-image-caption=\"&lt;p&gt;Ana Cotta&lt;\/p&gt;\n\" data-large-file=\"https:\/\/i0.wp.com\/biologo.com.br\/bio\/wp-content\/uploads\/2020\/10\/Caca-ilegal-ameaca-fauna.jpg?fit=631%2C351&amp;ssl=1\" src=\"https:\/\/i0.wp.com\/biologo.com.br\/bio\/wp-content\/uploads\/2020\/10\/Caca-ilegal-ameaca-fauna.jpg?resize=631%2C351&#038;ssl=1\" alt=\"Ca\u00e7a ilegal amea\u00e7a fauna\" class=\"wp-image-7968\" srcset=\"https:\/\/i0.wp.com\/biologo.com.br\/bio\/wp-content\/uploads\/2020\/10\/Caca-ilegal-ameaca-fauna.jpg?w=631&amp;ssl=1 631w, https:\/\/i0.wp.com\/biologo.com.br\/bio\/wp-content\/uploads\/2020\/10\/Caca-ilegal-ameaca-fauna.jpg?resize=300%2C167&amp;ssl=1 300w\" sizes=\"auto, (max-width: 631px) 100vw, 631px\" \/><\/a><figcaption class=\"wp-element-caption\"><a href=\"http:\/\/Ca\u00e7a ilegal amea\u00e7a fauna\">Ca\u00e7a ilegal amea\u00e7a fauna<\/a>. foto:Ana Cotta<\/figcaption><\/figure>\n\n\n\n<p class=\"has-black-color has-text-color has-link-color has-medium-font-size wp-elements-c371c1a061b1858e27f8dabf8f740c4a\">Al\u00e9m disso, \u00e9 preciso investir em ci\u00eancia cidad\u00e3. Muitos dos avistamentos mais recentes em outras regi\u00f5es do Brasil ocorreram gra\u00e7as \u00e0 colabora\u00e7\u00e3o entre moradores e pesquisadores. Portanto, capacitar a popula\u00e7\u00e3o para identificar rastros, sons e comportamentos pode acelerar novos registros. Essa troca entre saber popular e conhecimento acad\u00eamico pode fortalecer redes de monitoramento e consolidar a conserva\u00e7\u00e3o participativa.<\/p>\n\n\n\n<p class=\"has-black-color has-text-color has-link-color has-medium-font-size wp-elements-2abf540c65f9414261323ec1edb45213\">Ao mesmo tempo, o uso de tecnologia tem se mostrado um aliado decisivo. C\u00e2meras-trap, drones e sensores remotos oferecem dados valiosos sobre deslocamentos, uso do habitat e comportamento desses grandes felinos. Esses recursos, quando aliados a bancos de dados gen\u00e9ticos e an\u00e1lises de conectividade, revelam cen\u00e1rios antes invis\u00edveis (Morato et al., 2018).<\/p>\n\n\n\n<h4 class=\"wp-block-heading has-black-color has-text-color has-link-color has-medium-font-size wp-elements-7e27ac4c6e9d3ea6d1f8b29e5e5f0bef\"><span style=\"color: #000000; font-family: courier new,courier,monospace; font-size: 14pt;\"><strong><span style=\"color: #000000;\">S\u00edmbolo de resili\u00eancia ecol\u00f3gica<\/span><\/strong><\/span><\/h4>\n\n\n\n<p class=\"has-black-color has-text-color has-link-color has-medium-font-size wp-elements-1a9e0a0d46a2ed393a140ff9fa89f9d1\">A presen\u00e7a da on\u00e7a-pintada tamb\u00e9m levanta quest\u00f5es sobre seguran\u00e7a humana e manejo da conviv\u00eancia. Embora ataques a pessoas sejam rar\u00edssimos, o medo popular pode dificultar os esfor\u00e7os de conserva\u00e7\u00e3o. Por isso, \u00e9 essencial promover campanhas educativas que desmistifiquem o animal e reforcem sua import\u00e2ncia ecol\u00f3gica. Como lembra o naturalista Henry Beston, &#8220;os animais n\u00e3o s\u00e3o nossos irm\u00e3os menores \u2014 s\u00e3o outras na\u00e7\u00f5es, que vivem conosco no arco da vida&#8221;.<\/p>\n\n\n\n<figure class=\"wp-block-image size-large\"><a href=\"https:\/\/i0.wp.com\/biologo.com.br\/bio\/wp-content\/uploads\/2025\/07\/A-volta-da-onca-pintada-no-RJ.jpg?ssl=1\"><img data-recalc-dims=\"1\" loading=\"lazy\" decoding=\"async\" width=\"800\" height=\"450\" data-attachment-id=\"19063\" data-permalink=\"https:\/\/biologo.com.br\/bio\/a-volta-da-onca-pintada-no-rj\/a-volta-da-onca-pintada-no-rj\/\" data-orig-file=\"https:\/\/i0.wp.com\/biologo.com.br\/bio\/wp-content\/uploads\/2025\/07\/A-volta-da-onca-pintada-no-RJ.jpg?fit=1202%2C676&amp;ssl=1\" data-orig-size=\"1202,676\" data-comments-opened=\"1\" data-image-meta=\"{&quot;aperture&quot;:&quot;0&quot;,&quot;credit&quot;:&quot;&quot;,&quot;camera&quot;:&quot;&quot;,&quot;caption&quot;:&quot;&quot;,&quot;created_timestamp&quot;:&quot;0&quot;,&quot;copyright&quot;:&quot;&quot;,&quot;focal_length&quot;:&quot;0&quot;,&quot;iso&quot;:&quot;0&quot;,&quot;shutter_speed&quot;:&quot;0&quot;,&quot;title&quot;:&quot;&quot;,&quot;orientation&quot;:&quot;0&quot;}\" data-image-title=\"A volta da on\u00e7a-pintada no RJ\" data-image-description=\"&lt;p&gt;Ap\u00f3s mais de meio s\u00e9culo de aus\u00eancia, a on\u00e7a-pintada (Panthera onca) voltou a ser registrada nas matas do estado do Rio de Janeiro. O feito, confirmado pelo Instituto Estadual do Ambiente (Inea), representa um marco para a conserva\u00e7\u00e3o da fauna fluminense. Desde dezembro de 2024, o animal vem sendo monitorado de forma intensiva por c\u00e2meras e especialistas. At\u00e9 ent\u00e3o, n\u00e3o havia registros da esp\u00e9cie no territ\u00f3rio estadual desde a d\u00e9cada de 1970, quando desapareceu em decorr\u00eancia do avan\u00e7o urbano sobre seus habitats naturais. A volta da on\u00e7a-pintada no RJ. &lt;\/p&gt;\n\" data-image-caption=\"\" data-large-file=\"https:\/\/i0.wp.com\/biologo.com.br\/bio\/wp-content\/uploads\/2025\/07\/A-volta-da-onca-pintada-no-RJ.jpg?fit=800%2C450&amp;ssl=1\" src=\"https:\/\/i0.wp.com\/biologo.com.br\/bio\/wp-content\/uploads\/2025\/07\/A-volta-da-onca-pintada-no-RJ.jpg?resize=800%2C450&#038;ssl=1\" alt=\"A volta da on\u00e7a-pintada no RJ\" class=\"wp-image-19063\" srcset=\"https:\/\/i0.wp.com\/biologo.com.br\/bio\/wp-content\/uploads\/2025\/07\/A-volta-da-onca-pintada-no-RJ.jpg?resize=1024%2C576&amp;ssl=1 1024w, https:\/\/i0.wp.com\/biologo.com.br\/bio\/wp-content\/uploads\/2025\/07\/A-volta-da-onca-pintada-no-RJ.jpg?resize=300%2C169&amp;ssl=1 300w, https:\/\/i0.wp.com\/biologo.com.br\/bio\/wp-content\/uploads\/2025\/07\/A-volta-da-onca-pintada-no-RJ.jpg?resize=768%2C432&amp;ssl=1 768w, https:\/\/i0.wp.com\/biologo.com.br\/bio\/wp-content\/uploads\/2025\/07\/A-volta-da-onca-pintada-no-RJ.jpg?resize=150%2C84&amp;ssl=1 150w, https:\/\/i0.wp.com\/biologo.com.br\/bio\/wp-content\/uploads\/2025\/07\/A-volta-da-onca-pintada-no-RJ.jpg?w=1202&amp;ssl=1 1202w\" sizes=\"auto, (max-width: 800px) 100vw, 800px\" \/><\/a><\/figure>\n\n\n\n<p class=\"has-black-color has-text-color has-link-color has-medium-font-size wp-elements-f352287828c69bd31c94365e07de1b40\">Nesse contexto, o caso de Valen\u00e7a convida \u00e0 reflex\u00e3o. Em vez de ser apenas um epis\u00f3dio curioso, pode representar o pren\u00fancio de um novo paradigma de coexist\u00eancia entre sociedade e natureza. Para tanto, \u00e9 preciso coragem para repensar o uso da terra, vontade pol\u00edtica para conservar e sensibilidade para escutar os sinais que a floresta, silenciosamente, tenta nos enviar.<\/p>\n\n\n\n<p class=\"has-black-color has-text-color has-link-color has-medium-font-size wp-elements-f2a7f18254bbc760f07d3cd1b15b73f8\">O Inea orienta que, ao avistar uma on\u00e7a-pintada em propriedade rural ou trilha, n\u00e3o h\u00e1 motivo para alarde. Trata-se de um animal discreto, de h\u00e1bitos noturnos, que evita a presen\u00e7a humana e n\u00e3o costuma se aproximar de casas ou de animais dom\u00e9sticos. Em caso de d\u00favidas, basta entrar em contato pelo n\u00famero 0300 253 1177.<\/p>\n\n\n\n<p class=\"has-black-color has-text-color has-link-color has-medium-font-size wp-elements-a2498c505039fa3c00e9bde45c64954c\">Conforme salientado por Loyola (2021), o sucesso da conserva\u00e7\u00e3o n\u00e3o depende apenas da presen\u00e7a de esp\u00e9cies amea\u00e7adas, mas da capacidade humana de enxergar nelas algo al\u00e9m de n\u00fameros ou s\u00edmbolos. A on\u00e7a-pintada \u00e9 um testamento vivo da vida selvagem que ainda pulsa nos interst\u00edcios da civiliza\u00e7\u00e3o. Sua volta, ainda t\u00edmida, deve ser celebrada como um presente da natureza \u2014 e uma chance rara de fazer diferente.<\/p>\n\n\n\n<h6 class=\"wp-block-heading has-small-font-size\"><strong style=\"font-family: &quot;courier new&quot;, courier, monospace; font-size: 12pt;\">Fontes e refer\u00eancias:<\/strong><\/h6>\n\n\n\n<ul class=\"wp-block-list\">\n<li class=\"has-black-color has-text-color has-link-color has-small-font-size wp-elements-0dd3a91b80087877ea997ceda2eec5f2\">Beier, P., &amp; Noss, R. F. (1998). <a href=\"https:\/\/conbio.onlinelibrary.wiley.com\/doi\/abs\/10.1111\/j.1523-1739.1998.98036.x\" target=\"_blank\" rel=\"noreferrer noopener\">Do habitat corridors provide connectivity?<\/a> <em>Conservation Biology<\/em>, 12(6), 1241\u20131252.<\/li>\n\n\n\n<li class=\"has-black-color has-text-color has-link-color has-small-font-size wp-elements-ccc45ec8b0d43fa4cce1c74b89b1da6b\">Cullen Jr., L., Sana, D. A., Lima, F., &amp; Abreu, K. C. (2016). <a href=\"https:\/\/revistaeletronica.icmbio.gov.br\/index.php\/BioBR\/article\/view\/378\">Avalia\u00e7\u00e3o do estado de conserva\u00e7\u00e3o da on\u00e7a-pintada (<em>Panthera onca<\/em>) no Brasil<\/a>. <em>ICMBio<\/em>.<\/li>\n\n\n\n<li class=\"has-black-color has-text-color has-link-color has-small-font-size wp-elements-d507fde7be16cd9eb21f5e01fc4347d6\">Morato, R. G., et al. (2018). <a href=\"https:\/\/journals.plos.org\/plosone\/article?id=10.1371\/journal.pone.0168176\" target=\"_blank\" rel=\"noreferrer noopener\">Space use and movement of a neotropical top predator: the endangered jaguar<\/a>. <em>PLOS ONE<\/em>, 13(12), e0208384.<\/li>\n\n\n\n<li class=\"has-black-color has-text-color has-link-color has-small-font-size wp-elements-23400e5b87e4fb20bffb8db0c36f108e\">Rabinowitz, A., &amp; Zeller, K. A. (2010). <a href=\"https:\/\/www.sciencedirect.com\/science\/article\/abs\/pii\/S0006320710000030\" target=\"_blank\" rel=\"noreferrer noopener\">A range-wide model of landscape connectivity and conservation for the jaguar<\/a>. <em>Biological Conservation<\/em>, 143(4), 939\u2013945.<\/li>\n\n\n\n<li class=\"has-black-color has-text-color has-link-color has-small-font-size wp-elements-2bdfbcac8e9350d25d53f3ade3b7efac\">Ribeiro, M. C., et al. (2009). <a href=\"https:\/\/www.sciencedirect.com\/science\/article\/abs\/pii\/S0006320709000974\" target=\"_blank\" rel=\"noreferrer noopener\">The Brazilian Atlantic Forest: how much is left, and how is the remaining forest distributed?<\/a> <em>Biological Conservation<\/em>, 142(6), 1141\u20131153.<\/li>\n<\/ul>\n\n\n\n<figure class=\"wp-block-image aligncenter\"><a href=\"https:\/\/biologo.com.br\/bio\/apoie-o-biologo\/\"><img loading=\"lazy\" decoding=\"async\" width=\"174\" height=\"147\" data-attachment-id=\"11979\" data-permalink=\"https:\/\/biologo.com.br\/bio\/caracal-um-mestre-da-sobrevivencia\/apoiepeq\/\" data-orig-file=\"https:\/\/i0.wp.com\/biologo.com.br\/bio\/wp-content\/uploads\/2022\/05\/apoiepeq.jpg?fit=174%2C147&amp;ssl=1\" data-orig-size=\"174,147\" data-comments-opened=\"0\" data-image-meta=\"{&quot;aperture&quot;:&quot;0&quot;,&quot;credit&quot;:&quot;&quot;,&quot;camera&quot;:&quot;&quot;,&quot;caption&quot;:&quot;&quot;,&quot;created_timestamp&quot;:&quot;0&quot;,&quot;copyright&quot;:&quot;&quot;,&quot;focal_length&quot;:&quot;0&quot;,&quot;iso&quot;:&quot;0&quot;,&quot;shutter_speed&quot;:&quot;0&quot;,&quot;title&quot;:&quot;&quot;,&quot;orientation&quot;:&quot;0&quot;}\" data-image-title=\"apoiepeq\" data-image-description=\"&lt;p&gt;Apoie o Bi\u00f3logo&lt;\/p&gt;\n\" data-image-caption=\"\" data-large-file=\"https:\/\/i0.wp.com\/biologo.com.br\/bio\/wp-content\/uploads\/2022\/05\/apoiepeq.jpg?fit=174%2C147&amp;ssl=1\" src=\"https:\/\/i0.wp.com\/biologo.com.br\/bio\/wp-content\/uploads\/2022\/05\/apoiepeq.jpg?resize=174%2C147&amp;ssl=1\" alt=\"Apoie o Bi\u00f3logo\" class=\"wp-image-11979\" title=\"Apoie o Bi\u00f3logo\"\/><\/a><\/figure>\n\n\n\n<p class=\"has-text-align-center\"><a href=\"https:\/\/biologo.com.br\/bio\/apoie-o-biologo\/\">Apoie o Bi\u00f3logo<\/a><\/p>\n","protected":false},"excerpt":{"rendered":"<p>A volta da on\u00e7a-pintada no RJ: A on\u00e7a-pintada (Panthera onca) voltou a ser registrada no estado do Rio de Janeiro<\/p>\n","protected":false},"author":1,"featured_media":19063,"comment_status":"open","ping_status":"closed","sticky":false,"template":"","format":"standard","meta":{"colormag_page_container_layout":"default_layout","colormag_page_sidebar_layout":"default_layout","jetpack_post_was_ever_published":false,"_jetpack_newsletter_access":"","_jetpack_dont_email_post_to_subs":false,"_jetpack_newsletter_tier_id":0,"_jetpack_memberships_contains_paywalled_content":false,"_jetpack_memberships_contains_paid_content":false,"footnotes":"","jetpack_publicize_message":"A on\u00e7a-pintada (Panthera onca) voltou a ser registrada no estado do Rio de Janeiro ap\u00f3s mais de 50 anos. O animal era monitorado desde dezembro de 2024. O registro foi confirmado pelo Instituto Estadual do Ambiente (Inea).","jetpack_publicize_feature_enabled":true,"jetpack_social_post_already_shared":false,"jetpack_social_options":{"image_generator_settings":{"template":"highway","default_image_id":0,"enabled":false},"version":2}},"categories":[135,25,9,27],"tags":[],"class_list":["post-19049","post","type-post","status-publish","format-standard","has-post-thumbnail","hentry","category-conservacao","category-mamiferos","category-mastozoologia","category-zoologia"],"yoast_head":"<!-- This site is optimized with the Yoast SEO plugin v27.5 - https:\/\/yoast.com\/product\/yoast-seo-wordpress\/ -->\n<title>A volta da on\u00e7a-pintada no RJ - Uma boa not\u00edcia na conserva\u00e7\u00e3o<\/title>\n<meta name=\"description\" content=\"A on\u00e7a-pintada (Panthera onca) voltou a ser registrada no estado do Rio de Janeiro ap\u00f3s mais de 50 anos. A volta da on\u00e7a-pintada no RJ\" \/>\n<meta name=\"robots\" content=\"index, follow, max-snippet:-1, max-image-preview:large, max-video-preview:-1\" \/>\n<link rel=\"canonical\" href=\"https:\/\/biologo.com.br\/bio\/a-volta-da-onca-pintada-no-rj\/\" \/>\n<meta property=\"og:locale\" content=\"pt_BR\" \/>\n<meta property=\"og:type\" content=\"article\" \/>\n<meta property=\"og:title\" content=\"A volta da on\u00e7a-pintada no RJ - Uma boa not\u00edcia na conserva\u00e7\u00e3o\" \/>\n<meta property=\"og:description\" content=\"A on\u00e7a-pintada (Panthera onca) voltou a ser registrada no estado do Rio de Janeiro ap\u00f3s mais de 50 anos. A volta da on\u00e7a-pintada no RJ\" \/>\n<meta property=\"og:url\" content=\"https:\/\/biologo.com.br\/bio\/a-volta-da-onca-pintada-no-rj\/\" \/>\n<meta property=\"og:site_name\" content=\"Bi\u00f3logo\" \/>\n<meta property=\"article:publisher\" content=\"https:\/\/www.facebook.com\/biologocombr\/\" \/>\n<meta property=\"article:published_time\" content=\"2025-07-28T19:54:00+00:00\" \/>\n<meta property=\"article:modified_time\" content=\"2025-07-29T15:18:35+00:00\" \/>\n<meta property=\"og:image\" content=\"https:\/\/biologo.com.br\/bio\/wp-content\/uploads\/2025\/07\/A-volta-da-onca-pintada-no-RJ.jpg\" \/>\n\t<meta property=\"og:image:width\" content=\"1202\" \/>\n\t<meta property=\"og:image:height\" content=\"676\" \/>\n\t<meta property=\"og:image:type\" content=\"image\/jpeg\" \/>\n<meta name=\"author\" content=\"pozzana\" \/>\n<meta name=\"twitter:card\" content=\"summary_large_image\" \/>\n<meta name=\"twitter:creator\" content=\"@Biologocombr\" \/>\n<meta name=\"twitter:site\" content=\"@Biologocombr\" \/>\n<meta name=\"twitter:label1\" content=\"Escrito por\" \/>\n\t<meta name=\"twitter:data1\" content=\"pozzana\" \/>\n\t<meta name=\"twitter:label2\" content=\"Est. tempo de leitura\" \/>\n\t<meta name=\"twitter:data2\" content=\"8 minutos\" \/>\n<script type=\"application\/ld+json\" class=\"yoast-schema-graph\">{\"@context\":\"https:\\\/\\\/schema.org\",\"@graph\":[{\"@type\":\"Article\",\"@id\":\"https:\\\/\\\/biologo.com.br\\\/bio\\\/a-volta-da-onca-pintada-no-rj\\\/#article\",\"isPartOf\":{\"@id\":\"https:\\\/\\\/biologo.com.br\\\/bio\\\/a-volta-da-onca-pintada-no-rj\\\/\"},\"author\":{\"name\":\"pozzana\",\"@id\":\"https:\\\/\\\/biologo.com.br\\\/bio\\\/#\\\/schema\\\/person\\\/3a5d600bbc47f8bb0cd43594317a6cd4\"},\"headline\":\"A volta da on\u00e7a-pintada no RJ\",\"datePublished\":\"2025-07-28T19:54:00+00:00\",\"dateModified\":\"2025-07-29T15:18:35+00:00\",\"mainEntityOfPage\":{\"@id\":\"https:\\\/\\\/biologo.com.br\\\/bio\\\/a-volta-da-onca-pintada-no-rj\\\/\"},\"wordCount\":1222,\"commentCount\":0,\"publisher\":{\"@id\":\"https:\\\/\\\/biologo.com.br\\\/bio\\\/#organization\"},\"image\":{\"@id\":\"https:\\\/\\\/biologo.com.br\\\/bio\\\/a-volta-da-onca-pintada-no-rj\\\/#primaryimage\"},\"thumbnailUrl\":\"https:\\\/\\\/i0.wp.com\\\/biologo.com.br\\\/bio\\\/wp-content\\\/uploads\\\/2025\\\/07\\\/A-volta-da-onca-pintada-no-RJ.jpg?fit=1202%2C676&ssl=1\",\"articleSection\":[\"Conserva\u00e7\u00e3o\",\"Mam\u00edferos\",\"Mastozoologia\",\"Zoologia\"],\"inLanguage\":\"pt-BR\",\"potentialAction\":[{\"@type\":\"CommentAction\",\"name\":\"Comment\",\"target\":[\"https:\\\/\\\/biologo.com.br\\\/bio\\\/a-volta-da-onca-pintada-no-rj\\\/#respond\"]}]},{\"@type\":\"WebPage\",\"@id\":\"https:\\\/\\\/biologo.com.br\\\/bio\\\/a-volta-da-onca-pintada-no-rj\\\/\",\"url\":\"https:\\\/\\\/biologo.com.br\\\/bio\\\/a-volta-da-onca-pintada-no-rj\\\/\",\"name\":\"A volta da on\u00e7a-pintada no RJ - Uma boa not\u00edcia na conserva\u00e7\u00e3o\",\"isPartOf\":{\"@id\":\"https:\\\/\\\/biologo.com.br\\\/bio\\\/#website\"},\"primaryImageOfPage\":{\"@id\":\"https:\\\/\\\/biologo.com.br\\\/bio\\\/a-volta-da-onca-pintada-no-rj\\\/#primaryimage\"},\"image\":{\"@id\":\"https:\\\/\\\/biologo.com.br\\\/bio\\\/a-volta-da-onca-pintada-no-rj\\\/#primaryimage\"},\"thumbnailUrl\":\"https:\\\/\\\/i0.wp.com\\\/biologo.com.br\\\/bio\\\/wp-content\\\/uploads\\\/2025\\\/07\\\/A-volta-da-onca-pintada-no-RJ.jpg?fit=1202%2C676&ssl=1\",\"datePublished\":\"2025-07-28T19:54:00+00:00\",\"dateModified\":\"2025-07-29T15:18:35+00:00\",\"description\":\"A on\u00e7a-pintada (Panthera onca) voltou a ser registrada no estado do Rio de Janeiro ap\u00f3s mais de 50 anos. A volta da on\u00e7a-pintada no RJ\",\"breadcrumb\":{\"@id\":\"https:\\\/\\\/biologo.com.br\\\/bio\\\/a-volta-da-onca-pintada-no-rj\\\/#breadcrumb\"},\"inLanguage\":\"pt-BR\",\"potentialAction\":[{\"@type\":\"ReadAction\",\"target\":[\"https:\\\/\\\/biologo.com.br\\\/bio\\\/a-volta-da-onca-pintada-no-rj\\\/\"]}]},{\"@type\":\"ImageObject\",\"inLanguage\":\"pt-BR\",\"@id\":\"https:\\\/\\\/biologo.com.br\\\/bio\\\/a-volta-da-onca-pintada-no-rj\\\/#primaryimage\",\"url\":\"https:\\\/\\\/i0.wp.com\\\/biologo.com.br\\\/bio\\\/wp-content\\\/uploads\\\/2025\\\/07\\\/A-volta-da-onca-pintada-no-RJ.jpg?fit=1202%2C676&ssl=1\",\"contentUrl\":\"https:\\\/\\\/i0.wp.com\\\/biologo.com.br\\\/bio\\\/wp-content\\\/uploads\\\/2025\\\/07\\\/A-volta-da-onca-pintada-no-RJ.jpg?fit=1202%2C676&ssl=1\",\"width\":1202,\"height\":676,\"caption\":\"A volta da on\u00e7a-pintada no RJ\"},{\"@type\":\"BreadcrumbList\",\"@id\":\"https:\\\/\\\/biologo.com.br\\\/bio\\\/a-volta-da-onca-pintada-no-rj\\\/#breadcrumb\",\"itemListElement\":[{\"@type\":\"ListItem\",\"position\":1,\"name\":\"In\u00edcio\",\"item\":\"https:\\\/\\\/biologo.com.br\\\/bio\\\/\"},{\"@type\":\"ListItem\",\"position\":2,\"name\":\"A volta da on\u00e7a-pintada no RJ\"}]},{\"@type\":\"WebSite\",\"@id\":\"https:\\\/\\\/biologo.com.br\\\/bio\\\/#website\",\"url\":\"https:\\\/\\\/biologo.com.br\\\/bio\\\/\",\"name\":\"Bi\u00f3logo\",\"description\":\"Biologia. Informa\u00e7\u00f5es para bi\u00f3logos ou leigos. Eventos, v\u00eddeos e muito mais. Ci\u00eancias biol\u00f3gicas.\",\"publisher\":{\"@id\":\"https:\\\/\\\/biologo.com.br\\\/bio\\\/#organization\"},\"potentialAction\":[{\"@type\":\"SearchAction\",\"target\":{\"@type\":\"EntryPoint\",\"urlTemplate\":\"https:\\\/\\\/biologo.com.br\\\/bio\\\/?s={search_term_string}\"},\"query-input\":{\"@type\":\"PropertyValueSpecification\",\"valueRequired\":true,\"valueName\":\"search_term_string\"}}],\"inLanguage\":\"pt-BR\"},{\"@type\":\"Organization\",\"@id\":\"https:\\\/\\\/biologo.com.br\\\/bio\\\/#organization\",\"name\":\"Bi\u00f3logo\",\"url\":\"https:\\\/\\\/biologo.com.br\\\/bio\\\/\",\"logo\":{\"@type\":\"ImageObject\",\"inLanguage\":\"pt-BR\",\"@id\":\"https:\\\/\\\/biologo.com.br\\\/bio\\\/#\\\/schema\\\/logo\\\/image\\\/\",\"url\":\"https:\\\/\\\/i0.wp.com\\\/biologo.com.br\\\/bio\\\/wp-content\\\/uploads\\\/2015\\\/12\\\/logo1.jpg?fit=179%2C57&ssl=1\",\"contentUrl\":\"https:\\\/\\\/i0.wp.com\\\/biologo.com.br\\\/bio\\\/wp-content\\\/uploads\\\/2015\\\/12\\\/logo1.jpg?fit=179%2C57&ssl=1\",\"width\":179,\"height\":57,\"caption\":\"Bi\u00f3logo\"},\"image\":{\"@id\":\"https:\\\/\\\/biologo.com.br\\\/bio\\\/#\\\/schema\\\/logo\\\/image\\\/\"},\"sameAs\":[\"https:\\\/\\\/www.facebook.com\\\/biologocombr\\\/\",\"https:\\\/\\\/x.com\\\/Biologocombr\",\"https:\\\/\\\/www.instagram.com\\\/biologo.com.br\\\/\"]},{\"@type\":\"Person\",\"@id\":\"https:\\\/\\\/biologo.com.br\\\/bio\\\/#\\\/schema\\\/person\\\/3a5d600bbc47f8bb0cd43594317a6cd4\",\"name\":\"pozzana\",\"image\":{\"@type\":\"ImageObject\",\"inLanguage\":\"pt-BR\",\"@id\":\"https:\\\/\\\/secure.gravatar.com\\\/avatar\\\/fa8f924c29488a329bd70373453572f7494e802125f373a7f2937173cc26b21f?s=96&d=mm&r=g\",\"url\":\"https:\\\/\\\/secure.gravatar.com\\\/avatar\\\/fa8f924c29488a329bd70373453572f7494e802125f373a7f2937173cc26b21f?s=96&d=mm&r=g\",\"contentUrl\":\"https:\\\/\\\/secure.gravatar.com\\\/avatar\\\/fa8f924c29488a329bd70373453572f7494e802125f373a7f2937173cc26b21f?s=96&d=mm&r=g\",\"caption\":\"pozzana\"},\"url\":\"https:\\\/\\\/biologo.com.br\\\/bio\\\/author\\\/pozzana\\\/\"}]}<\/script>\n<!-- \/ Yoast SEO plugin. -->","yoast_head_json":{"title":"A volta da on\u00e7a-pintada no RJ - Uma boa not\u00edcia na conserva\u00e7\u00e3o","description":"A on\u00e7a-pintada (Panthera onca) voltou a ser registrada no estado do Rio de Janeiro ap\u00f3s mais de 50 anos. A volta da on\u00e7a-pintada no RJ","robots":{"index":"index","follow":"follow","max-snippet":"max-snippet:-1","max-image-preview":"max-image-preview:large","max-video-preview":"max-video-preview:-1"},"canonical":"https:\/\/biologo.com.br\/bio\/a-volta-da-onca-pintada-no-rj\/","og_locale":"pt_BR","og_type":"article","og_title":"A volta da on\u00e7a-pintada no RJ - Uma boa not\u00edcia na conserva\u00e7\u00e3o","og_description":"A on\u00e7a-pintada (Panthera onca) voltou a ser registrada no estado do Rio de Janeiro ap\u00f3s mais de 50 anos. A volta da on\u00e7a-pintada no RJ","og_url":"https:\/\/biologo.com.br\/bio\/a-volta-da-onca-pintada-no-rj\/","og_site_name":"Bi\u00f3logo","article_publisher":"https:\/\/www.facebook.com\/biologocombr\/","article_published_time":"2025-07-28T19:54:00+00:00","article_modified_time":"2025-07-29T15:18:35+00:00","og_image":[{"width":1202,"height":676,"url":"https:\/\/biologo.com.br\/bio\/wp-content\/uploads\/2025\/07\/A-volta-da-onca-pintada-no-RJ.jpg","type":"image\/jpeg"}],"author":"pozzana","twitter_card":"summary_large_image","twitter_creator":"@Biologocombr","twitter_site":"@Biologocombr","twitter_misc":{"Escrito por":"pozzana","Est. tempo de leitura":"8 minutos"},"schema":{"@context":"https:\/\/schema.org","@graph":[{"@type":"Article","@id":"https:\/\/biologo.com.br\/bio\/a-volta-da-onca-pintada-no-rj\/#article","isPartOf":{"@id":"https:\/\/biologo.com.br\/bio\/a-volta-da-onca-pintada-no-rj\/"},"author":{"name":"pozzana","@id":"https:\/\/biologo.com.br\/bio\/#\/schema\/person\/3a5d600bbc47f8bb0cd43594317a6cd4"},"headline":"A volta da on\u00e7a-pintada no RJ","datePublished":"2025-07-28T19:54:00+00:00","dateModified":"2025-07-29T15:18:35+00:00","mainEntityOfPage":{"@id":"https:\/\/biologo.com.br\/bio\/a-volta-da-onca-pintada-no-rj\/"},"wordCount":1222,"commentCount":0,"publisher":{"@id":"https:\/\/biologo.com.br\/bio\/#organization"},"image":{"@id":"https:\/\/biologo.com.br\/bio\/a-volta-da-onca-pintada-no-rj\/#primaryimage"},"thumbnailUrl":"https:\/\/i0.wp.com\/biologo.com.br\/bio\/wp-content\/uploads\/2025\/07\/A-volta-da-onca-pintada-no-RJ.jpg?fit=1202%2C676&ssl=1","articleSection":["Conserva\u00e7\u00e3o","Mam\u00edferos","Mastozoologia","Zoologia"],"inLanguage":"pt-BR","potentialAction":[{"@type":"CommentAction","name":"Comment","target":["https:\/\/biologo.com.br\/bio\/a-volta-da-onca-pintada-no-rj\/#respond"]}]},{"@type":"WebPage","@id":"https:\/\/biologo.com.br\/bio\/a-volta-da-onca-pintada-no-rj\/","url":"https:\/\/biologo.com.br\/bio\/a-volta-da-onca-pintada-no-rj\/","name":"A volta da on\u00e7a-pintada no RJ - Uma boa not\u00edcia na conserva\u00e7\u00e3o","isPartOf":{"@id":"https:\/\/biologo.com.br\/bio\/#website"},"primaryImageOfPage":{"@id":"https:\/\/biologo.com.br\/bio\/a-volta-da-onca-pintada-no-rj\/#primaryimage"},"image":{"@id":"https:\/\/biologo.com.br\/bio\/a-volta-da-onca-pintada-no-rj\/#primaryimage"},"thumbnailUrl":"https:\/\/i0.wp.com\/biologo.com.br\/bio\/wp-content\/uploads\/2025\/07\/A-volta-da-onca-pintada-no-RJ.jpg?fit=1202%2C676&ssl=1","datePublished":"2025-07-28T19:54:00+00:00","dateModified":"2025-07-29T15:18:35+00:00","description":"A on\u00e7a-pintada (Panthera onca) voltou a ser registrada no estado do Rio de Janeiro ap\u00f3s mais de 50 anos. A volta da on\u00e7a-pintada no RJ","breadcrumb":{"@id":"https:\/\/biologo.com.br\/bio\/a-volta-da-onca-pintada-no-rj\/#breadcrumb"},"inLanguage":"pt-BR","potentialAction":[{"@type":"ReadAction","target":["https:\/\/biologo.com.br\/bio\/a-volta-da-onca-pintada-no-rj\/"]}]},{"@type":"ImageObject","inLanguage":"pt-BR","@id":"https:\/\/biologo.com.br\/bio\/a-volta-da-onca-pintada-no-rj\/#primaryimage","url":"https:\/\/i0.wp.com\/biologo.com.br\/bio\/wp-content\/uploads\/2025\/07\/A-volta-da-onca-pintada-no-RJ.jpg?fit=1202%2C676&ssl=1","contentUrl":"https:\/\/i0.wp.com\/biologo.com.br\/bio\/wp-content\/uploads\/2025\/07\/A-volta-da-onca-pintada-no-RJ.jpg?fit=1202%2C676&ssl=1","width":1202,"height":676,"caption":"A volta da on\u00e7a-pintada no RJ"},{"@type":"BreadcrumbList","@id":"https:\/\/biologo.com.br\/bio\/a-volta-da-onca-pintada-no-rj\/#breadcrumb","itemListElement":[{"@type":"ListItem","position":1,"name":"In\u00edcio","item":"https:\/\/biologo.com.br\/bio\/"},{"@type":"ListItem","position":2,"name":"A volta da on\u00e7a-pintada no RJ"}]},{"@type":"WebSite","@id":"https:\/\/biologo.com.br\/bio\/#website","url":"https:\/\/biologo.com.br\/bio\/","name":"Bi\u00f3logo","description":"Biologia. Informa\u00e7\u00f5es para bi\u00f3logos ou leigos. Eventos, v\u00eddeos e muito mais. Ci\u00eancias biol\u00f3gicas.","publisher":{"@id":"https:\/\/biologo.com.br\/bio\/#organization"},"potentialAction":[{"@type":"SearchAction","target":{"@type":"EntryPoint","urlTemplate":"https:\/\/biologo.com.br\/bio\/?s={search_term_string}"},"query-input":{"@type":"PropertyValueSpecification","valueRequired":true,"valueName":"search_term_string"}}],"inLanguage":"pt-BR"},{"@type":"Organization","@id":"https:\/\/biologo.com.br\/bio\/#organization","name":"Bi\u00f3logo","url":"https:\/\/biologo.com.br\/bio\/","logo":{"@type":"ImageObject","inLanguage":"pt-BR","@id":"https:\/\/biologo.com.br\/bio\/#\/schema\/logo\/image\/","url":"https:\/\/i0.wp.com\/biologo.com.br\/bio\/wp-content\/uploads\/2015\/12\/logo1.jpg?fit=179%2C57&ssl=1","contentUrl":"https:\/\/i0.wp.com\/biologo.com.br\/bio\/wp-content\/uploads\/2015\/12\/logo1.jpg?fit=179%2C57&ssl=1","width":179,"height":57,"caption":"Bi\u00f3logo"},"image":{"@id":"https:\/\/biologo.com.br\/bio\/#\/schema\/logo\/image\/"},"sameAs":["https:\/\/www.facebook.com\/biologocombr\/","https:\/\/x.com\/Biologocombr","https:\/\/www.instagram.com\/biologo.com.br\/"]},{"@type":"Person","@id":"https:\/\/biologo.com.br\/bio\/#\/schema\/person\/3a5d600bbc47f8bb0cd43594317a6cd4","name":"pozzana","image":{"@type":"ImageObject","inLanguage":"pt-BR","@id":"https:\/\/secure.gravatar.com\/avatar\/fa8f924c29488a329bd70373453572f7494e802125f373a7f2937173cc26b21f?s=96&d=mm&r=g","url":"https:\/\/secure.gravatar.com\/avatar\/fa8f924c29488a329bd70373453572f7494e802125f373a7f2937173cc26b21f?s=96&d=mm&r=g","contentUrl":"https:\/\/secure.gravatar.com\/avatar\/fa8f924c29488a329bd70373453572f7494e802125f373a7f2937173cc26b21f?s=96&d=mm&r=g","caption":"pozzana"},"url":"https:\/\/biologo.com.br\/bio\/author\/pozzana\/"}]}},"jetpack_publicize_connections":[],"jetpack_featured_media_url":"https:\/\/i0.wp.com\/biologo.com.br\/bio\/wp-content\/uploads\/2025\/07\/A-volta-da-onca-pintada-no-RJ.jpg?fit=1202%2C676&ssl=1","jetpack-related-posts":[{"id":19386,"url":"https:\/\/biologo.com.br\/bio\/reintroducao-da-onca-pintada-no-sudeste\/","url_meta":{"origin":19049,"position":0},"title":"Reintrodu\u00e7\u00e3o da on\u00e7a-pintada no Sudeste","author":"pozzana","date":"agosto 20, 2025","format":false,"excerpt":"Reintrodu\u00e7\u00e3o da on\u00e7a-pintada: a Panthera onca, maior felino das Am\u00e9ricas, desapareceu de grande parte do Sudeste brasileiro devido \u00e0 ca\u00e7a e \u00e0 destrui\u00e7\u00e3o de habitats. Hoje, programas de reintrodu\u00e7\u00e3o buscam restaurar sua presen\u00e7a e suas fun\u00e7\u00f5es ecol\u00f3gicas. A reintrodu\u00e7\u00e3o da on\u00e7a-pintada no Sudeste brasileiro 20\/8\/2025 ::\u00a0Marco Pozzana, bi\u00f3logo A on\u00e7a-pintada\u2026","rel":"","context":"Em &quot;Conserva\u00e7\u00e3o&quot;","block_context":{"text":"Conserva\u00e7\u00e3o","link":"https:\/\/biologo.com.br\/bio\/category\/conservacao\/"},"img":{"alt_text":"Reintrodu\u00e7\u00e3o da on\u00e7a-pintada no Sudeste","src":"https:\/\/i0.wp.com\/biologo.com.br\/bio\/wp-content\/uploads\/2025\/08\/Reintroducao-da-onca-pintada-no-Sudeste.jpg?fit=1200%2C675&ssl=1&resize=350%2C200","width":350,"height":200,"srcset":"https:\/\/i0.wp.com\/biologo.com.br\/bio\/wp-content\/uploads\/2025\/08\/Reintroducao-da-onca-pintada-no-Sudeste.jpg?fit=1200%2C675&ssl=1&resize=350%2C200 1x, https:\/\/i0.wp.com\/biologo.com.br\/bio\/wp-content\/uploads\/2025\/08\/Reintroducao-da-onca-pintada-no-Sudeste.jpg?fit=1200%2C675&ssl=1&resize=525%2C300 1.5x, https:\/\/i0.wp.com\/biologo.com.br\/bio\/wp-content\/uploads\/2025\/08\/Reintroducao-da-onca-pintada-no-Sudeste.jpg?fit=1200%2C675&ssl=1&resize=700%2C400 2x, https:\/\/i0.wp.com\/biologo.com.br\/bio\/wp-content\/uploads\/2025\/08\/Reintroducao-da-onca-pintada-no-Sudeste.jpg?fit=1200%2C675&ssl=1&resize=1050%2C600 3x"},"classes":[]},{"id":10724,"url":"https:\/\/biologo.com.br\/bio\/a-volta-da-onca-parda\/","url_meta":{"origin":19049,"position":1},"title":"A volta da on\u00e7a-parda","author":"pozzana","date":"setembro 28, 2021","format":false,"excerpt":"A volta da on\u00e7a-parda: um animal que n\u00e3o era observado no Rio de Janeiro h\u00e1 quase um s\u00e9culo. A recente apari\u00e7\u00e3o mostra a resili\u00eancia do felino, not\u00e1vel pela capacidade de sobreviv\u00eancia em ambientes muito alterados pelo homem. A volta da on\u00e7a-parda, um felino resiliente 28\/9\/2021 :: Marco Pozzana - bi\u00f3logo\u2026","rel":"","context":"Em &quot;Mam\u00edferos&quot;","block_context":{"text":"Mam\u00edferos","link":"https:\/\/biologo.com.br\/bio\/category\/mamiferos\/"},"img":{"alt_text":"A volta da on\u00e7a-parda, um felino resiliente","src":"https:\/\/i0.wp.com\/biologo.com.br\/bio\/wp-content\/uploads\/2021\/09\/A-volta-da-onca-parda.jpg?fit=631%2C351&ssl=1&resize=350%2C200","width":350,"height":200,"srcset":"https:\/\/i0.wp.com\/biologo.com.br\/bio\/wp-content\/uploads\/2021\/09\/A-volta-da-onca-parda.jpg?fit=631%2C351&ssl=1&resize=350%2C200 1x, https:\/\/i0.wp.com\/biologo.com.br\/bio\/wp-content\/uploads\/2021\/09\/A-volta-da-onca-parda.jpg?fit=631%2C351&ssl=1&resize=525%2C300 1.5x"},"classes":[]},{"id":19318,"url":"https:\/\/biologo.com.br\/bio\/icmbio-guardiao-da-biodiversidade-brasileira\/","url_meta":{"origin":19049,"position":2},"title":"ICMBio: Guardi\u00e3o da Biodiversidade Brasileira","author":"pozzana","date":"agosto 14, 2025","format":false,"excerpt":"O ICMBio \u00e9 o \u00f3rg\u00e3o federal respons\u00e1vel pela gest\u00e3o das Unidades de Conserva\u00e7\u00e3o e pela conserva\u00e7\u00e3o da biodiversidade no Brasil. Atua com pesquisa, fiscaliza\u00e7\u00e3o, educa\u00e7\u00e3o ambiental e prote\u00e7\u00e3o de esp\u00e9cies amea\u00e7adas. ICMBio: Guardi\u00e3o da Biodiversidade Brasileira 14\/8\/2025 ::\u00a0 Marco Pozzana, bi\u00f3logo O Instituto Chico Mendes de Conserva\u00e7\u00e3o da Biodiversidade (ICMBio)\u2026","rel":"","context":"Em &quot;Biodiversidade&quot;","block_context":{"text":"Biodiversidade","link":"https:\/\/biologo.com.br\/bio\/category\/biodiversidade\/"},"img":{"alt_text":"ICMBio: Guardi\u00e3o da Biodiversidade Brasileira","src":"https:\/\/i0.wp.com\/biologo.com.br\/bio\/wp-content\/uploads\/2025\/08\/ICMBio-Guardiao-da-Biodiversidade-Brasileira.jpg?fit=1200%2C675&ssl=1&resize=350%2C200","width":350,"height":200,"srcset":"https:\/\/i0.wp.com\/biologo.com.br\/bio\/wp-content\/uploads\/2025\/08\/ICMBio-Guardiao-da-Biodiversidade-Brasileira.jpg?fit=1200%2C675&ssl=1&resize=350%2C200 1x, https:\/\/i0.wp.com\/biologo.com.br\/bio\/wp-content\/uploads\/2025\/08\/ICMBio-Guardiao-da-Biodiversidade-Brasileira.jpg?fit=1200%2C675&ssl=1&resize=525%2C300 1.5x, https:\/\/i0.wp.com\/biologo.com.br\/bio\/wp-content\/uploads\/2025\/08\/ICMBio-Guardiao-da-Biodiversidade-Brasileira.jpg?fit=1200%2C675&ssl=1&resize=700%2C400 2x, https:\/\/i0.wp.com\/biologo.com.br\/bio\/wp-content\/uploads\/2025\/08\/ICMBio-Guardiao-da-Biodiversidade-Brasileira.jpg?fit=1200%2C675&ssl=1&resize=1050%2C600 3x"},"classes":[]},{"id":14238,"url":"https:\/\/biologo.com.br\/bio\/filhotes-de-oncas\/","url_meta":{"origin":19049,"position":3},"title":"Filhotes de on\u00e7as","author":"pozzana","date":"abril 18, 2023","format":false,"excerpt":"Filhotes de on\u00e7as: Quantos filhotes tem uma on\u00e7a? Com a ajuda da tecnologia, pesquisadores conseguem medir taxa de natalidade de on\u00e7as-pintadas do Pantanal. Filhotes de on\u00e7as 18\/4\/2023 ::\u00a0 por Let\u00edcia Na\u00edsa\/Revista Pesquisa Fapesp No Natal de 2021, o bi\u00f3logo Carlos Eduardo Fragoso ganhou um presente inusitado da m\u00e3e: um \u00e1lbum\u2026","rel":"","context":"Em &quot;Biologia&quot;","block_context":{"text":"Biologia","link":"https:\/\/biologo.com.br\/bio\/category\/biologia2\/"},"img":{"alt_text":"Filhotes-de-on\u00e7a","src":"https:\/\/i0.wp.com\/biologo.com.br\/bio\/wp-content\/uploads\/2023\/04\/filhote-de-onca.jpg?fit=1201%2C676&ssl=1&resize=350%2C200","width":350,"height":200,"srcset":"https:\/\/i0.wp.com\/biologo.com.br\/bio\/wp-content\/uploads\/2023\/04\/filhote-de-onca.jpg?fit=1201%2C676&ssl=1&resize=350%2C200 1x, https:\/\/i0.wp.com\/biologo.com.br\/bio\/wp-content\/uploads\/2023\/04\/filhote-de-onca.jpg?fit=1201%2C676&ssl=1&resize=525%2C300 1.5x, https:\/\/i0.wp.com\/biologo.com.br\/bio\/wp-content\/uploads\/2023\/04\/filhote-de-onca.jpg?fit=1201%2C676&ssl=1&resize=700%2C400 2x, https:\/\/i0.wp.com\/biologo.com.br\/bio\/wp-content\/uploads\/2023\/04\/filhote-de-onca.jpg?fit=1201%2C676&ssl=1&resize=1050%2C600 3x"},"classes":[]},{"id":7966,"url":"https:\/\/biologo.com.br\/bio\/caca-ilegal-ameaca-fauna\/","url_meta":{"origin":19049,"position":4},"title":"Ca\u00e7a ilegal amea\u00e7a fauna","author":"pozzana","date":"outubro 15, 2020","format":false,"excerpt":"Ca\u00e7a ilegal amea\u00e7a fauna: Amea\u00e7as para a fauna s\u00e3o muitas: desmatamento e queimadas recordes se juntam \u00e0 facilita\u00e7\u00e3o do acesso a armamentos para ca\u00e7adores. Proibida no pa\u00eds desde os anos 1960, a atividade reduziu a popula\u00e7\u00e3o de v\u00e1rias esp\u00e9cies de animais e elevou o risco de desequil\u00edbrio ambiental. Ca\u00e7a ilegal\u2026","rel":"","context":"Em &quot;Bio\u00e9tica&quot;","block_context":{"text":"Bio\u00e9tica","link":"https:\/\/biologo.com.br\/bio\/category\/bioetica\/"},"img":{"alt_text":"Ca\u00e7a ilegal amea\u00e7a fauna","src":"https:\/\/i0.wp.com\/biologo.com.br\/bio\/wp-content\/uploads\/2020\/10\/Caca-ilegal-ameaca-fauna.jpg?fit=631%2C351&ssl=1&resize=350%2C200","width":350,"height":200,"srcset":"https:\/\/i0.wp.com\/biologo.com.br\/bio\/wp-content\/uploads\/2020\/10\/Caca-ilegal-ameaca-fauna.jpg?fit=631%2C351&ssl=1&resize=350%2C200 1x, https:\/\/i0.wp.com\/biologo.com.br\/bio\/wp-content\/uploads\/2020\/10\/Caca-ilegal-ameaca-fauna.jpg?fit=631%2C351&ssl=1&resize=525%2C300 1.5x"},"classes":[]},{"id":10743,"url":"https:\/\/biologo.com.br\/bio\/uma-jaguatirica-e-seu-filhote\/","url_meta":{"origin":19049,"position":5},"title":"Uma jaguatirica e seu filhote","author":"pozzana","date":"setembro 29, 2021","format":false,"excerpt":"Uma jaguatirica e seu filhote: embora a IUCN liste a jaguatirica (Leopardus pardalis) em estado de conserva\u00e7\u00e3o \"pouco preocupante\", \u00e9 bom ver que um formid\u00e1vel felino brasileiro encontra abrigo \u2014 o desmatamento e fragmenta\u00e7\u00e3o das florestas s\u00e3o amea\u00e7as crescentes. Uma jaguatirica e seu filhote no Parque das Neblinas 29\/9\/2021 ::\u2026","rel":"","context":"Em &quot;Mam\u00edferos&quot;","block_context":{"text":"Mam\u00edferos","link":"https:\/\/biologo.com.br\/bio\/category\/mamiferos\/"},"img":{"alt_text":"Uma jaguatirica e seu filhote no Parque das Neblinas","src":"https:\/\/i0.wp.com\/biologo.com.br\/bio\/wp-content\/uploads\/2021\/09\/Uma-jaguatirica-e-seu-filhote-no-Parque-das-Neblinas.jpg?fit=631%2C351&ssl=1&resize=350%2C200","width":350,"height":200,"srcset":"https:\/\/i0.wp.com\/biologo.com.br\/bio\/wp-content\/uploads\/2021\/09\/Uma-jaguatirica-e-seu-filhote-no-Parque-das-Neblinas.jpg?fit=631%2C351&ssl=1&resize=350%2C200 1x, https:\/\/i0.wp.com\/biologo.com.br\/bio\/wp-content\/uploads\/2021\/09\/Uma-jaguatirica-e-seu-filhote-no-Parque-das-Neblinas.jpg?fit=631%2C351&ssl=1&resize=525%2C300 1.5x"},"classes":[]}],"jetpack_sharing_enabled":true,"jetpack_likes_enabled":true,"jetpack_shortlink":"https:\/\/wp.me\/p6NB6B-4Xf","amp_enabled":true,"_links":{"self":[{"href":"https:\/\/biologo.com.br\/bio\/wp-json\/wp\/v2\/posts\/19049","targetHints":{"allow":["GET"]}}],"collection":[{"href":"https:\/\/biologo.com.br\/bio\/wp-json\/wp\/v2\/posts"}],"about":[{"href":"https:\/\/biologo.com.br\/bio\/wp-json\/wp\/v2\/types\/post"}],"author":[{"embeddable":true,"href":"https:\/\/biologo.com.br\/bio\/wp-json\/wp\/v2\/users\/1"}],"replies":[{"embeddable":true,"href":"https:\/\/biologo.com.br\/bio\/wp-json\/wp\/v2\/comments?post=19049"}],"version-history":[{"count":1,"href":"https:\/\/biologo.com.br\/bio\/wp-json\/wp\/v2\/posts\/19049\/revisions"}],"predecessor-version":[{"id":19073,"href":"https:\/\/biologo.com.br\/bio\/wp-json\/wp\/v2\/posts\/19049\/revisions\/19073"}],"wp:featuredmedia":[{"embeddable":true,"href":"https:\/\/biologo.com.br\/bio\/wp-json\/wp\/v2\/media\/19063"}],"wp:attachment":[{"href":"https:\/\/biologo.com.br\/bio\/wp-json\/wp\/v2\/media?parent=19049"}],"wp:term":[{"taxonomy":"category","embeddable":true,"href":"https:\/\/biologo.com.br\/bio\/wp-json\/wp\/v2\/categories?post=19049"},{"taxonomy":"post_tag","embeddable":true,"href":"https:\/\/biologo.com.br\/bio\/wp-json\/wp\/v2\/tags?post=19049"}],"curies":[{"name":"wp","href":"https:\/\/api.w.org\/{rel}","templated":true}]}}