{"id":19075,"date":"2025-07-29T16:08:01","date_gmt":"2025-07-29T19:08:01","guid":{"rendered":"https:\/\/biologo.com.br\/bio\/?p=19075"},"modified":"2025-08-01T09:31:32","modified_gmt":"2025-08-01T12:31:32","slug":"dia-internacional-do-tigre","status":"publish","type":"post","link":"https:\/\/biologo.com.br\/bio\/dia-internacional-do-tigre\/","title":{"rendered":"Dia Internacional do Tigre"},"content":{"rendered":"\n<p><span style=\"font-size: 14pt; color: #000000;\"><span style=\"color: #3366ff;\"><span style=\"color: #000000;\"><span style=\"font-size: 14pt; color: #000000;\"><span style=\"color: #3366ff;\"><span style=\"color: #000000;\"><span style=\"font-size: 14pt; color: #000000;\"><span style=\"color: #3366ff;\"><strong><strong>Dia Internacional do Tigre<\/strong>: <\/strong><span style=\"color: #000000;\">celebrado em 29 de julho, a data chama aten\u00e7\u00e3o para a luta pela sobreviv\u00eancia de um dos mais emblem\u00e1ticos felinos do planeta. O dia surgiu como resposta ao decl\u00ednio alarmante das popula\u00e7\u00f5es selvagens. Hoje, simboliza a urg\u00eancia de proteger n\u00e3o s\u00f3 o tigre, mas os ecossistemas dos quais ele depende.<\/span><\/span><\/span><\/span><\/span><\/span><\/span><\/span><\/span><\/p>\n\n\n\n<figure class=\"wp-block-image alignright size-full\"><img data-recalc-dims=\"1\" loading=\"lazy\" decoding=\"async\" width=\"74\" height=\"83\" data-attachment-id=\"18164\" data-permalink=\"https:\/\/biologo.com.br\/bio\/sylvia-earle-na-luta-pelos-oceanos\/original-biologo-2\/\" data-orig-file=\"https:\/\/i0.wp.com\/biologo.com.br\/bio\/wp-content\/uploads\/2025\/05\/original-biologo-2.jpg?fit=74%2C83&amp;ssl=1\" data-orig-size=\"74,83\" data-comments-opened=\"1\" data-image-meta=\"{&quot;aperture&quot;:&quot;0&quot;,&quot;credit&quot;:&quot;&quot;,&quot;camera&quot;:&quot;&quot;,&quot;caption&quot;:&quot;&quot;,&quot;created_timestamp&quot;:&quot;0&quot;,&quot;copyright&quot;:&quot;&quot;,&quot;focal_length&quot;:&quot;0&quot;,&quot;iso&quot;:&quot;0&quot;,&quot;shutter_speed&quot;:&quot;0&quot;,&quot;title&quot;:&quot;&quot;,&quot;orientation&quot;:&quot;0&quot;}\" data-image-title=\"original-biologo (2)\" data-image-description=\"&lt;p&gt;artigo original www.biologo.com.br \u00a9 todos os direitos reservados&lt;\/p&gt;\n\" data-image-caption=\"\" data-large-file=\"https:\/\/i0.wp.com\/biologo.com.br\/bio\/wp-content\/uploads\/2025\/05\/original-biologo-2.jpg?fit=74%2C83&amp;ssl=1\" src=\"https:\/\/i0.wp.com\/biologo.com.br\/bio\/wp-content\/uploads\/2025\/05\/original-biologo-2.jpg?resize=74%2C83&#038;ssl=1\" alt=\"Artigo original www.biologo.com.br \u00a9 todos os direitos reservados\" class=\"wp-image-18164\"\/><\/figure>\n\n\n\n<h2 class=\"wp-block-heading\"><span style=\"font-family: 'courier new', courier, monospace; font-size: 24pt; color: #000000;\"><strong>Dia Internacional do Tigre<span style=\"font-size: 18pt;\"><span style=\"font-family: 'courier new', courier, monospace; color: #000000; font-size: 24pt;\"><strong><strong><strong><strong><span style=\"font-family: 'courier new', courier, monospace; color: #000000; font-size: 24pt;\"><strong><strong><strong><strong><span style=\"font-family: 'courier new', courier, monospace; color: #000000; font-size: 24pt;\"><strong><strong><strong><strong><span style=\"font-family: 'courier new', courier, monospace; color: #000000; font-size: 24pt;\"><strong><span style=\"font-family: 'courier new', courier, monospace; color: #000000;\"><strong><span style=\"font-size: 24pt;\"><span style=\"font-size: 12pt;\"><strong><strong>: 29 de julho, um alerta global<\/strong><\/strong><\/span><\/span><\/strong><\/span><\/strong><\/span><\/strong><\/strong><\/strong><\/strong><\/span><\/strong><\/strong><\/strong><\/strong><\/span><\/strong><\/strong><\/strong><\/strong><\/span><\/span><\/strong><\/span><\/h2>\n\n\n\n<p><span style=\"font-size: 8pt; color: #000000;\"><strong>25\/7\/2025 <\/strong>::&nbsp; Por <strong>Marco Pozzana<\/strong>, bi\u00f3logo<\/span><\/p>\n\n\n\n<p class=\"has-drop-cap has-black-color has-text-color has-link-color has-medium-font-size wp-elements-d21896c208762fd204f4379735dafb92\"><strong><span style=\"font-family: 'courier new', courier, monospace; font-size: 14pt;\">C<\/span><\/strong>elebrado em 29 de julho, o <strong>Dia Internacional do Tigre<\/strong> \u00e9 mais do que uma simples data comemorativa. Trata-se de um alerta global, uma convoca\u00e7\u00e3o \u00e0 consci\u00eancia planet\u00e1ria diante do risco iminente de desaparecimento de um dos maiores predadores da Terra. Desde sua cria\u00e7\u00e3o em 2010, durante o <em>Tiger Summit<\/em> em S\u00e3o Petersburgo, esse dia tem servido como s\u00edmbolo de mobiliza\u00e7\u00e3o internacional para salvar o tigre da extin\u00e7\u00e3o e restaurar seus habitats naturais, em especial nas florestas e pradarias da \u00c1sia.<\/p>\n\n\n\n<figure class=\"wp-block-image alignright size-full is-resized\"><a href=\"https:\/\/i0.wp.com\/biologo.com.br\/bio\/wp-content\/uploads\/2025\/07\/um-chamado-pela-sobrevivencia-dos-grandes-felinos.jpg?ssl=1\"><img data-recalc-dims=\"1\" loading=\"lazy\" decoding=\"async\" width=\"114\" height=\"214\" data-attachment-id=\"19081\" data-permalink=\"https:\/\/biologo.com.br\/bio\/dia-internacional-do-tigre\/um-chamado-pela-sobrevivencia-dos-grandes-felinos\/\" data-orig-file=\"https:\/\/i0.wp.com\/biologo.com.br\/bio\/wp-content\/uploads\/2025\/07\/um-chamado-pela-sobrevivencia-dos-grandes-felinos.jpg?fit=114%2C214&amp;ssl=1\" data-orig-size=\"114,214\" data-comments-opened=\"1\" data-image-meta=\"{&quot;aperture&quot;:&quot;0&quot;,&quot;credit&quot;:&quot;&quot;,&quot;camera&quot;:&quot;&quot;,&quot;caption&quot;:&quot;&quot;,&quot;created_timestamp&quot;:&quot;0&quot;,&quot;copyright&quot;:&quot;&quot;,&quot;focal_length&quot;:&quot;0&quot;,&quot;iso&quot;:&quot;0&quot;,&quot;shutter_speed&quot;:&quot;0&quot;,&quot;title&quot;:&quot;&quot;,&quot;orientation&quot;:&quot;0&quot;}\" data-image-title=\"um chamado pela sobreviv\u00eancia dos grandes felinos\" data-image-description=\"\" data-image-caption=\"\" data-large-file=\"https:\/\/i0.wp.com\/biologo.com.br\/bio\/wp-content\/uploads\/2025\/07\/um-chamado-pela-sobrevivencia-dos-grandes-felinos.jpg?fit=114%2C214&amp;ssl=1\" src=\"https:\/\/i0.wp.com\/biologo.com.br\/bio\/wp-content\/uploads\/2025\/07\/um-chamado-pela-sobrevivencia-dos-grandes-felinos.jpg?resize=114%2C214&#038;ssl=1\" alt=\"Dia Internacional do Tigre: 29 de julho, um alerta global\" class=\"wp-image-19081\" style=\"width:98px;height:auto\"\/><\/a><\/figure>\n\n\n\n<ul class=\"wp-block-list\">\n<li class=\"has-medium-font-size\"><a href=\"https:\/\/biologo.com.br\/bio\/tigre-esperanca-para-o-felino-gigante\/\">Tigre, esperan\u00e7a para o felino gigante<\/a><\/li>\n\n\n\n<li class=\"has-medium-font-size\"><a href=\"https:\/\/biologo.com.br\/bio\/tigre-de-java\/\">Tigre-de-java, o animal que n\u00e3o est\u00e1 mais l\u00e1<\/a> <\/li>\n\n\n\n<li class=\"has-medium-font-size\"><a href=\"https:\/\/biologo.com.br\/bio\/os-grandes-felinos\/\">Os Grandes Felinos<\/a><\/li>\n\n\n\n<li class=\"has-medium-font-size\"><a href=\"https:\/\/biologo.com.br\/bio\/grandes-felinos-e-suas-origens-fantasmagoricas\/\">Grandes felinos e suas \u201corigens fantasmag\u00f3ricas\u201d<\/a><\/li>\n<\/ul>\n\n\n\n<p class=\"has-black-color has-text-color has-link-color has-medium-font-size wp-elements-4f56c8e218b7ef00374eef837282f5c4\">De acordo com dados do <em>World Wildlife Fund<\/em> (WWF), no in\u00edcio do s\u00e9culo XX, mais de 100.000 tigres  (<em>Panthera tigris<\/em>) vagavam por vastas regi\u00f5es que iam do C\u00e1ucaso \u00e0s florestas tropicais da Indon\u00e9sia. No entanto, como resultado da ca\u00e7a ilegal, da perda de habitat e da fragmenta\u00e7\u00e3o populacional, esse n\u00famero caiu drasticamente ao longo do tempo, atingindo alarmantes 3.200 indiv\u00edduos em liberdade no ano de 2010. A partir desse cen\u00e1rio cr\u00edtico, l\u00edderes de 13 pa\u00edses que ainda abrigam tigres em estado selvagem assinaram um acordo hist\u00f3rico: o Plano TX2, com o objetivo ambicioso de dobrar a popula\u00e7\u00e3o global de tigres at\u00e9 2022.<\/p>\n\n\n\n<h3 class=\"wp-block-heading\"><span style=\"color: #000000; font-family: courier new,courier,monospace; font-size: 14pt;\"><strong><span style=\"color: #000000;\">Muitas amea\u00e7as, poucas solu\u00e7\u00f5es<\/span><\/strong><\/span><\/h3>\n\n\n\n<p class=\"has-black-color has-text-color has-link-color has-medium-font-size wp-elements-b0246ec13a0745b4296181557ea142d9\">Apesar de avan\u00e7os pontuais, como o aumento de indiv\u00edduos no Nepal, But\u00e3o e \u00cdndia, o caminho ainda \u00e9 longo. A fragmenta\u00e7\u00e3o florestal continua sendo um dos principais desafios. \u00c0 medida que florestas s\u00e3o convertidas em planta\u00e7\u00f5es, estradas e cidades, os tigres ficam cada vez mais encurralados em pequenos bols\u00f5es de mata, vulner\u00e1veis tanto \u00e0 ca\u00e7a quanto \u00e0 consanguinidade gen\u00e9tica. Al\u00e9m disso, o tr\u00e1fico ilegal de partes do corpo do tigre, destinado sobretudo \u00e0 medicina tradicional asi\u00e1tica, alimenta uma rede criminosa bilion\u00e1ria que desafia as leis internacionais (Nowell &amp; Jackson, 1996; Nijman, 2020).<\/p>\n\n\n\n<p class=\"has-black-color has-text-color has-link-color has-medium-font-size wp-elements-f20592af62453932ff3b3390e4876ba2\">Curiosamente, o tigre, apesar de sua for\u00e7a e impon\u00eancia, depende de florestas saud\u00e1veis para sobreviver. Isso o torna um verdadeiro <strong>indicador ecol\u00f3gico<\/strong>. Onde h\u00e1 tigres, h\u00e1 equil\u00edbrio. O sumi\u00e7o desse superpredador geralmente indica o colapso da cadeia tr\u00f3fica. Portanto, proteger o tigre \u00e9 tamb\u00e9m proteger centenas de outras esp\u00e9cies, desde o veado-sambar at\u00e9 pequenos mam\u00edferos, aves e insetos que compartilham o mesmo ecossistema.<\/p>\n\n\n\n<figure class=\"wp-block-image aligncenter size-large\"><img data-recalc-dims=\"1\" decoding=\"async\" src=\"https:\/\/i0.wp.com\/i.pinimg.com\/originals\/b1\/e0\/d7\/b1e0d7488d0d7e954a5644df6b794263.gif?w=800&#038;ssl=1\" alt=\"\"\/><\/figure>\n\n\n\n<p class=\"has-black-color has-text-color has-link-color has-medium-font-size wp-elements-d928651b4e4180637233848143871033\">Al\u00e9m do papel ecol\u00f3gico, o tigre ocupa um espa\u00e7o profundo no imagin\u00e1rio humano. Em diversas culturas asi\u00e1ticas, ele simboliza poder, coragem e prote\u00e7\u00e3o. Entretanto, essa mesma admira\u00e7\u00e3o nem sempre foi acompanhada de empatia conservacionista. Muitas vezes, o fasc\u00ednio pelo tigre se converteu em trof\u00e9us de ca\u00e7a ou em pe\u00e7as de vestu\u00e1rio, alimentando sua destrui\u00e7\u00e3o ao longo da hist\u00f3ria (Barua et al., 2013).<\/p>\n\n\n\n<h3 class=\"wp-block-heading has-medium-font-size\"><span style=\"color: #000000; font-family: courier new,courier,monospace; font-size: 14pt;\"><strong><span style=\"color: #000000;\">Conserva\u00e7\u00e3o<\/span><\/strong><\/span> &#8211; <strong>um chamado pela sobreviv\u00eancia dos grandes felinos<\/strong><\/h3>\n\n\n\n<p class=\"has-black-color has-text-color has-link-color has-medium-font-size wp-elements-f2d1348ae15cb04e74d9967979df5a36\">No entanto, h\u00e1 esperan\u00e7as. Projetos de conserva\u00e7\u00e3o v\u00eam crescendo em n\u00famero e qualidade. Organiza\u00e7\u00f5es como a <em>Global Tiger Forum<\/em>, a <em>Panthera<\/em> e o pr\u00f3prio WWF t\u00eam investido em monitoramento por c\u00e2meras, corredores ecol\u00f3gicos entre \u00e1reas protegidas, programas de educa\u00e7\u00e3o ambiental e compensa\u00e7\u00f5es financeiras a comunidades locais. Al\u00e9m disso, avan\u00e7os na gen\u00e9tica t\u00eam permitido monitorar a sa\u00fade das popula\u00e7\u00f5es remanescentes e evitar cruzamentos entre indiv\u00edduos aparentados.<\/p>\n\n\n\n<p class=\"has-black-color has-text-color has-link-color has-medium-font-size wp-elements-d13133f3162ad8a7c6e564b841aeaa2c\">Na \u00cdndia, pa\u00eds que abriga cerca de 70% da popula\u00e7\u00e3o global de tigres, os esfor\u00e7os t\u00eam gerado resultados animadores. Segundo o \u00faltimo censo nacional, realizado em 2022, foram registrados mais de 3.100 indiv\u00edduos no territ\u00f3rio indiano \u2014 um aumento significativo em rela\u00e7\u00e3o aos 1.400 do in\u00edcio dos anos 2000. Esse sucesso se deve \u00e0 combina\u00e7\u00e3o de fiscaliza\u00e7\u00e3o rigorosa, envolvimento comunit\u00e1rio e pol\u00edticas p\u00fablicas consistentes.<\/p>\n\n\n\n<figure class=\"wp-block-image size-large\"><a href=\"https:\/\/i0.wp.com\/biologo.com.br\/bio\/wp-content\/uploads\/2025\/07\/Dia-Internacional-do-Tigre.jpg?ssl=1\"><img data-recalc-dims=\"1\" loading=\"lazy\" decoding=\"async\" width=\"800\" height=\"450\" data-attachment-id=\"19080\" data-permalink=\"https:\/\/biologo.com.br\/bio\/dia-internacional-do-tigre\/dia-internacional-do-tigre\/\" data-orig-file=\"https:\/\/i0.wp.com\/biologo.com.br\/bio\/wp-content\/uploads\/2025\/07\/Dia-Internacional-do-Tigre.jpg?fit=1202%2C676&amp;ssl=1\" data-orig-size=\"1202,676\" data-comments-opened=\"1\" data-image-meta=\"{&quot;aperture&quot;:&quot;0&quot;,&quot;credit&quot;:&quot;&quot;,&quot;camera&quot;:&quot;&quot;,&quot;caption&quot;:&quot;&quot;,&quot;created_timestamp&quot;:&quot;0&quot;,&quot;copyright&quot;:&quot;&quot;,&quot;focal_length&quot;:&quot;0&quot;,&quot;iso&quot;:&quot;0&quot;,&quot;shutter_speed&quot;:&quot;0&quot;,&quot;title&quot;:&quot;&quot;,&quot;orientation&quot;:&quot;0&quot;}\" data-image-title=\"Dia Internacional do Tigre\" data-image-description=\"&lt;p&gt;Dia Internacional do Tigre. Dia Internacional do Tigre: um chamado pela sobreviv\u00eancia dos grandes felinos&lt;\/p&gt;\n&lt;p&gt;Celebrado em 29 de julho, o Dia Internacional do Tigre \u00e9 muito mais do que uma simples data comemorativa. Trata-se de um alerta global, uma convoca\u00e7\u00e3o \u00e0 consci\u00eancia planet\u00e1ria diante do risco iminente de desaparecimento de um dos maiores predadores da Terra. Desde sua cria\u00e7\u00e3o em 2010, durante o Tiger Summit em S\u00e3o Petersburgo, esse dia tem servido como s\u00edmbolo de mobiliza\u00e7\u00e3o internacional para salvar o tigre da extin\u00e7\u00e3o e restaurar seus habitats naturais, em especial nas florestas e pradarias da \u00c1sia.&lt;\/p&gt;\n&lt;p&gt;De acordo com dados do World Wildlife Fund (WWF), no in\u00edcio do s\u00e9culo XX, mais de 100.000 tigres vagavam por vastas regi\u00f5es que iam do C\u00e1ucaso \u00e0s florestas tropicais da Indon\u00e9sia. No entanto, como resultado da ca\u00e7a ilegal, da perda de habitat e da fragmenta\u00e7\u00e3o populacional, esse n\u00famero caiu drasticamente ao longo do tempo, atingindo alarmantes 3.200 indiv\u00edduos em liberdade no ano de 2010. A partir desse cen\u00e1rio cr\u00edtico, l\u00edderes de 13 pa\u00edses que ainda abrigam tigres em estado selvagem assinaram um acordo hist\u00f3rico: o Plano TX2, com o objetivo ambicioso de dobrar a popula\u00e7\u00e3o global de tigres at\u00e9 2022.&lt;\/p&gt;\n\" data-image-caption=\"&lt;p&gt;Dia Internacional do Tigre&lt;\/p&gt;\n\" data-large-file=\"https:\/\/i0.wp.com\/biologo.com.br\/bio\/wp-content\/uploads\/2025\/07\/Dia-Internacional-do-Tigre.jpg?fit=800%2C450&amp;ssl=1\" src=\"https:\/\/i0.wp.com\/biologo.com.br\/bio\/wp-content\/uploads\/2025\/07\/Dia-Internacional-do-Tigre.jpg?resize=800%2C450&#038;ssl=1\" alt=\"Dia Internacional do Tigre: 29 de julho, um alerta global\" class=\"wp-image-19080\" srcset=\"https:\/\/i0.wp.com\/biologo.com.br\/bio\/wp-content\/uploads\/2025\/07\/Dia-Internacional-do-Tigre.jpg?resize=1024%2C576&amp;ssl=1 1024w, https:\/\/i0.wp.com\/biologo.com.br\/bio\/wp-content\/uploads\/2025\/07\/Dia-Internacional-do-Tigre.jpg?resize=300%2C169&amp;ssl=1 300w, https:\/\/i0.wp.com\/biologo.com.br\/bio\/wp-content\/uploads\/2025\/07\/Dia-Internacional-do-Tigre.jpg?resize=768%2C432&amp;ssl=1 768w, https:\/\/i0.wp.com\/biologo.com.br\/bio\/wp-content\/uploads\/2025\/07\/Dia-Internacional-do-Tigre.jpg?resize=150%2C84&amp;ssl=1 150w, https:\/\/i0.wp.com\/biologo.com.br\/bio\/wp-content\/uploads\/2025\/07\/Dia-Internacional-do-Tigre.jpg?w=1202&amp;ssl=1 1202w\" sizes=\"auto, (max-width: 800px) 100vw, 800px\" \/><\/a><figcaption class=\"wp-element-caption\">Dia Internacional do Tigre<\/figcaption><\/figure>\n\n\n\n<h4 class=\"wp-block-heading\"><span style=\"color: #000000; font-family: courier new,courier,monospace; font-size: 14pt;\"><strong><span style=\"color: #000000;\">Um passado para n\u00e3o esquecer, um futuro para lutar<\/span><\/strong><\/span><\/h4>\n\n\n\n<p class=\"has-black-color has-text-color has-link-color has-medium-font-size wp-elements-442b6dae292f4288c43061acd2b13a7a\">Entretanto, nem todos os subs\u00eddios trazem boas not\u00edcias. O tigre-da-Caspi (<em>Panthera tigris virgata<\/em>), o tigre-de-bali (<em>P. t. balica<\/em>) e o <a href=\"https:\/\/biologo.com.br\/bio\/tigre-de-java\/\"><span style=\"text-decoration: underline;\">tigre-de-java<\/span><\/a> (<em>P. t. sondaica<\/em>) foram declarados extintos ao longo do s\u00e9culo XX, v\u00edtimas da degrada\u00e7\u00e3o ambiental e da neglig\u00eancia humana. Atualmente, subsistem apenas seis subesp\u00e9cies: o tigre-de-bengala, o siberiano, o malaio, o indochin\u00eas, o sul-chin\u00eas (criticamente amea\u00e7ado) e o de Sumatra (em perigo cr\u00edtico de extin\u00e7\u00e3o) \u2014 cada um deles enfrentando desafios \u00fanicos de conserva\u00e7\u00e3o.<\/p>\n\n\n\n<p class=\"has-black-color has-text-color has-link-color has-medium-font-size wp-elements-db5b9138e8b40b02bd90c9668d319065\">Assim, o Dia Internacional do Tigre n\u00e3o deve ser celebrado com folclore vazio, mas sim com a\u00e7\u00e3o. A ci\u00eancia nos fornece ferramentas valiosas para isso. Estudos em ecologia de paisagens, gen\u00e9tica da conserva\u00e7\u00e3o e modelos populacionais ajudam a desenhar estrat\u00e9gias mais eficazes para a sobreviv\u00eancia desses felinos (Karanth &amp; Nichols, 2002; Mondol et al., 2009). Al\u00e9m disso, a educa\u00e7\u00e3o ambiental segue sendo um eixo essencial para o engajamento p\u00fablico, especialmente nas comunidades que vivem pr\u00f3ximas \u00e0s \u00e1reas de ocorr\u00eancia do tigre.<\/p>\n\n\n\n<p class=\"has-black-color has-text-color has-link-color has-medium-font-size wp-elements-60f4f4f8e2527459c088afd7b63717bf\">Por fim, \u00e9 fundamental que o olhar humano sobre o tigre transcenda o exotismo e a domina\u00e7\u00e3o. Precisamos, urgentemente, enxergar esses felinos como parceiros na manuten\u00e7\u00e3o da vida selvagem e da biodiversidade planet\u00e1ria. Como disse George Schaller, renomado bi\u00f3logo da conserva\u00e7\u00e3o: <em>\u201cSalvar o tigre \u00e9 salvar a floresta. E salvar a floresta \u00e9 salvar a n\u00f3s mesmos.\u201d<\/em><\/p>\n\n\n\n<hr class=\"wp-block-separator has-alpha-channel-opacity\"\/>\n\n\n\n<p class=\"has-small-font-size\"><span style=\"font-family: 'courier new', courier, monospace; font-size: 12pt;\"><strong>F<\/strong><\/span><strong style=\"font-family: &quot;courier new&quot;, courier, monospace; font-size: 12pt;\">ontes e refer\u00eancias:<\/strong><\/p>\n\n\n\n<ul class=\"wp-block-list\">\n<li class=\"has-black-color has-text-color has-link-color has-small-font-size wp-elements-f3b9090f130e74ba317cd794ca64c952\">Barua, M., Bhagwat, S. A., &amp; Jadhav, S. (2013). <a href=\"https:\/\/www.sciencedirect.com\/science\/article\/abs\/pii\/S0006320712003345\">The hidden dimensions of human\u2013wildlife conflict: Health impacts, opportunity and transaction costs<\/a>. <em>Biological Conservation<\/em>, 157, 309\u2013316.<\/li>\n\n\n\n<li class=\"has-black-color has-text-color has-link-color has-small-font-size wp-elements-a13c7cca1727e0c1b1334c2517759733\">Karanth, K. U., &amp; Nichols, J. D. (2002). <em><a href=\"https:\/\/pubs.usgs.gov\/publication\/5200258\" target=\"_blank\" rel=\"noreferrer noopener\">Monitoring Tigers and their Prey<\/a><\/em>. Centre for Wildlife Studies.<\/li>\n\n\n\n<li class=\"has-black-color has-text-color has-link-color has-small-font-size wp-elements-5ae4405058f6e40ff57ec0cd4d98cdf3\">Mondol, S., Karanth, K. U., &amp; Ramakrishnan, U. (2009). <a href=\"https:\/\/journals.plos.org\/plosgenetics\/article?id=10.1371\/journal.pgen.1000585\" target=\"_blank\" rel=\"noreferrer noopener\">Why the Indian Subcontinent Holds the Key to Global Tiger Recovery<\/a>. <em>PLoS Genetics<\/em>, 5(8), e1000585.<\/li>\n\n\n\n<li class=\"has-black-color has-text-color has-link-color has-small-font-size wp-elements-56fd3910bff33fdca4d61a082bedc1c0\">Nijman, V. (2020). <a href=\"https:\/\/link.springer.com\/article\/10.1007\/s10531-009-9758-4\" target=\"_blank\" rel=\"noreferrer noopener\">An overview of international wildlife trade from Southeast Asia<\/a>. <em>Biodiversity and Conservation<\/em>, 29(5), 1323\u20131344.<\/li>\n\n\n\n<li class=\"has-black-color has-text-color has-link-color has-small-font-size wp-elements-4a22983421395444ec7aeaf41df62dac\">Nowell, K., &amp; Jackson, P. (1996). <em><a href=\"https:\/\/portals.iucn.org\/library\/node\/6998\" target=\"_blank\" rel=\"noreferrer noopener\">Wild Cats: Status Survey and Conservation Action Plan<\/a><\/em>. IUCN.<\/li>\n<\/ul>\n\n\n\n<figure class=\"wp-block-image aligncenter\"><a href=\"https:\/\/biologo.com.br\/bio\/apoie-o-biologo\/\"><img loading=\"lazy\" decoding=\"async\" width=\"174\" height=\"147\" data-attachment-id=\"11979\" data-permalink=\"https:\/\/biologo.com.br\/bio\/caracal-um-mestre-da-sobrevivencia\/apoiepeq\/\" data-orig-file=\"https:\/\/i0.wp.com\/biologo.com.br\/bio\/wp-content\/uploads\/2022\/05\/apoiepeq.jpg?fit=174%2C147&amp;ssl=1\" data-orig-size=\"174,147\" data-comments-opened=\"0\" data-image-meta=\"{&quot;aperture&quot;:&quot;0&quot;,&quot;credit&quot;:&quot;&quot;,&quot;camera&quot;:&quot;&quot;,&quot;caption&quot;:&quot;&quot;,&quot;created_timestamp&quot;:&quot;0&quot;,&quot;copyright&quot;:&quot;&quot;,&quot;focal_length&quot;:&quot;0&quot;,&quot;iso&quot;:&quot;0&quot;,&quot;shutter_speed&quot;:&quot;0&quot;,&quot;title&quot;:&quot;&quot;,&quot;orientation&quot;:&quot;0&quot;}\" data-image-title=\"apoiepeq\" data-image-description=\"&lt;p&gt;Apoie o Bi\u00f3logo&lt;\/p&gt;\n\" data-image-caption=\"\" data-large-file=\"https:\/\/i0.wp.com\/biologo.com.br\/bio\/wp-content\/uploads\/2022\/05\/apoiepeq.jpg?fit=174%2C147&amp;ssl=1\" src=\"https:\/\/i0.wp.com\/biologo.com.br\/bio\/wp-content\/uploads\/2022\/05\/apoiepeq.jpg?resize=174%2C147&amp;ssl=1\" alt=\"Apoie o Bi\u00f3logo\" class=\"wp-image-11979\" title=\"Apoie o Bi\u00f3logo\"\/><\/a><\/figure>\n\n\n\n<p class=\"has-text-align-center\"><a href=\"https:\/\/biologo.com.br\/bio\/apoie-o-biologo\/\">Apoie o Bi\u00f3logo<\/a><\/p>\n","protected":false},"excerpt":{"rendered":"<p>Dia Internacional do Tigre: celebrado em 29 de julho, a data chama aten\u00e7\u00e3o para a luta pela sobreviv\u00eancia de um<\/p>\n","protected":false},"author":1,"featured_media":19080,"comment_status":"open","ping_status":"closed","sticky":false,"template":"","format":"standard","meta":{"colormag_page_container_layout":"default_layout","colormag_page_sidebar_layout":"default_layout","jetpack_post_was_ever_published":false,"_jetpack_newsletter_access":"","_jetpack_dont_email_post_to_subs":false,"_jetpack_newsletter_tier_id":0,"_jetpack_memberships_contains_paywalled_content":false,"_jetpack_memberships_contains_paid_content":false,"footnotes":"","jetpack_publicize_message":"Celebrado em 29 de julho, o Dia Internacional do Tigre chama aten\u00e7\u00e3o para a luta pela sobreviv\u00eancia de um dos mais emblem\u00e1ticos felinos do planeta. A data surgiu como resposta ao decl\u00ednio alarmante das popula\u00e7\u00f5es selvagens. Hoje, simboliza a urg\u00eancia de proteger n\u00e3o s\u00f3 o tigre, mas os ecossistemas d","jetpack_publicize_feature_enabled":true,"jetpack_social_post_already_shared":false,"jetpack_social_options":{"image_generator_settings":{"template":"highway","default_image_id":0,"enabled":false},"version":2}},"categories":[135,116,25,9],"tags":[100,95,69,73],"class_list":["post-19075","post","type-post","status-publish","format-standard","has-post-thumbnail","hentry","category-conservacao","category-eventos","category-mamiferos","category-mastozoologia","tag-conservacao","tag-ecologia","tag-mamiferos","tag-zoologia"],"yoast_head":"<!-- This site is optimized with the Yoast SEO plugin v27.5 - https:\/\/yoast.com\/product\/yoast-seo-wordpress\/ -->\n<title>Dia Internacional do Tigre: 29 de julho, um alerta global<\/title>\n<meta name=\"description\" content=\"Dia Internacional do Tigre: 29 de julho, um alerta global\" \/>\n<meta name=\"robots\" content=\"index, follow, max-snippet:-1, max-image-preview:large, max-video-preview:-1\" \/>\n<link rel=\"canonical\" href=\"https:\/\/biologo.com.br\/bio\/dia-internacional-do-tigre\/\" \/>\n<meta property=\"og:locale\" content=\"pt_BR\" \/>\n<meta property=\"og:type\" content=\"article\" \/>\n<meta property=\"og:title\" content=\"Dia Internacional do Tigre: 29 de julho, um alerta global\" \/>\n<meta property=\"og:description\" content=\"Dia Internacional do Tigre: 29 de julho, um alerta global\" \/>\n<meta property=\"og:url\" content=\"https:\/\/biologo.com.br\/bio\/dia-internacional-do-tigre\/\" \/>\n<meta property=\"og:site_name\" content=\"Bi\u00f3logo\" \/>\n<meta property=\"article:publisher\" content=\"https:\/\/www.facebook.com\/biologocombr\/\" \/>\n<meta property=\"article:published_time\" content=\"2025-07-29T19:08:01+00:00\" \/>\n<meta property=\"article:modified_time\" content=\"2025-08-01T12:31:32+00:00\" \/>\n<meta property=\"og:image\" content=\"https:\/\/biologo.com.br\/bio\/wp-content\/uploads\/2025\/07\/Dia-Internacional-do-Tigre.jpg\" \/>\n\t<meta property=\"og:image:width\" content=\"1202\" \/>\n\t<meta property=\"og:image:height\" content=\"676\" \/>\n\t<meta property=\"og:image:type\" content=\"image\/jpeg\" \/>\n<meta name=\"author\" content=\"pozzana\" \/>\n<meta name=\"twitter:card\" content=\"summary_large_image\" \/>\n<meta name=\"twitter:creator\" content=\"@Biologocombr\" \/>\n<meta name=\"twitter:site\" content=\"@Biologocombr\" \/>\n<meta name=\"twitter:label1\" content=\"Escrito por\" \/>\n\t<meta name=\"twitter:data1\" content=\"pozzana\" \/>\n\t<meta name=\"twitter:label2\" content=\"Est. tempo de leitura\" \/>\n\t<meta name=\"twitter:data2\" content=\"7 minutos\" \/>\n<script type=\"application\/ld+json\" class=\"yoast-schema-graph\">{\"@context\":\"https:\\\/\\\/schema.org\",\"@graph\":[{\"@type\":\"Article\",\"@id\":\"https:\\\/\\\/biologo.com.br\\\/bio\\\/dia-internacional-do-tigre\\\/#article\",\"isPartOf\":{\"@id\":\"https:\\\/\\\/biologo.com.br\\\/bio\\\/dia-internacional-do-tigre\\\/\"},\"author\":{\"name\":\"pozzana\",\"@id\":\"https:\\\/\\\/biologo.com.br\\\/bio\\\/#\\\/schema\\\/person\\\/3a5d600bbc47f8bb0cd43594317a6cd4\"},\"headline\":\"Dia Internacional do Tigre\",\"datePublished\":\"2025-07-29T19:08:01+00:00\",\"dateModified\":\"2025-08-01T12:31:32+00:00\",\"mainEntityOfPage\":{\"@id\":\"https:\\\/\\\/biologo.com.br\\\/bio\\\/dia-internacional-do-tigre\\\/\"},\"wordCount\":1069,\"commentCount\":0,\"publisher\":{\"@id\":\"https:\\\/\\\/biologo.com.br\\\/bio\\\/#organization\"},\"image\":{\"@id\":\"https:\\\/\\\/biologo.com.br\\\/bio\\\/dia-internacional-do-tigre\\\/#primaryimage\"},\"thumbnailUrl\":\"https:\\\/\\\/i0.wp.com\\\/biologo.com.br\\\/bio\\\/wp-content\\\/uploads\\\/2025\\\/07\\\/Dia-Internacional-do-Tigre.jpg?fit=1202%2C676&ssl=1\",\"keywords\":[\"Conserva\u00e7\u00e3o\",\"ecologia\",\"mamiferos\",\"zoologia\"],\"articleSection\":[\"Conserva\u00e7\u00e3o\",\"Eventos\",\"Mam\u00edferos\",\"Mastozoologia\"],\"inLanguage\":\"pt-BR\",\"potentialAction\":[{\"@type\":\"CommentAction\",\"name\":\"Comment\",\"target\":[\"https:\\\/\\\/biologo.com.br\\\/bio\\\/dia-internacional-do-tigre\\\/#respond\"]}]},{\"@type\":\"WebPage\",\"@id\":\"https:\\\/\\\/biologo.com.br\\\/bio\\\/dia-internacional-do-tigre\\\/\",\"url\":\"https:\\\/\\\/biologo.com.br\\\/bio\\\/dia-internacional-do-tigre\\\/\",\"name\":\"Dia Internacional do Tigre: 29 de julho, um alerta global\",\"isPartOf\":{\"@id\":\"https:\\\/\\\/biologo.com.br\\\/bio\\\/#website\"},\"primaryImageOfPage\":{\"@id\":\"https:\\\/\\\/biologo.com.br\\\/bio\\\/dia-internacional-do-tigre\\\/#primaryimage\"},\"image\":{\"@id\":\"https:\\\/\\\/biologo.com.br\\\/bio\\\/dia-internacional-do-tigre\\\/#primaryimage\"},\"thumbnailUrl\":\"https:\\\/\\\/i0.wp.com\\\/biologo.com.br\\\/bio\\\/wp-content\\\/uploads\\\/2025\\\/07\\\/Dia-Internacional-do-Tigre.jpg?fit=1202%2C676&ssl=1\",\"datePublished\":\"2025-07-29T19:08:01+00:00\",\"dateModified\":\"2025-08-01T12:31:32+00:00\",\"description\":\"Dia Internacional do Tigre: 29 de julho, um alerta global\",\"breadcrumb\":{\"@id\":\"https:\\\/\\\/biologo.com.br\\\/bio\\\/dia-internacional-do-tigre\\\/#breadcrumb\"},\"inLanguage\":\"pt-BR\",\"potentialAction\":[{\"@type\":\"ReadAction\",\"target\":[\"https:\\\/\\\/biologo.com.br\\\/bio\\\/dia-internacional-do-tigre\\\/\"]}]},{\"@type\":\"ImageObject\",\"inLanguage\":\"pt-BR\",\"@id\":\"https:\\\/\\\/biologo.com.br\\\/bio\\\/dia-internacional-do-tigre\\\/#primaryimage\",\"url\":\"https:\\\/\\\/i0.wp.com\\\/biologo.com.br\\\/bio\\\/wp-content\\\/uploads\\\/2025\\\/07\\\/Dia-Internacional-do-Tigre.jpg?fit=1202%2C676&ssl=1\",\"contentUrl\":\"https:\\\/\\\/i0.wp.com\\\/biologo.com.br\\\/bio\\\/wp-content\\\/uploads\\\/2025\\\/07\\\/Dia-Internacional-do-Tigre.jpg?fit=1202%2C676&ssl=1\",\"width\":1202,\"height\":676,\"caption\":\"Dia Internacional do Tigre\"},{\"@type\":\"BreadcrumbList\",\"@id\":\"https:\\\/\\\/biologo.com.br\\\/bio\\\/dia-internacional-do-tigre\\\/#breadcrumb\",\"itemListElement\":[{\"@type\":\"ListItem\",\"position\":1,\"name\":\"In\u00edcio\",\"item\":\"https:\\\/\\\/biologo.com.br\\\/bio\\\/\"},{\"@type\":\"ListItem\",\"position\":2,\"name\":\"Dia Internacional do Tigre\"}]},{\"@type\":\"WebSite\",\"@id\":\"https:\\\/\\\/biologo.com.br\\\/bio\\\/#website\",\"url\":\"https:\\\/\\\/biologo.com.br\\\/bio\\\/\",\"name\":\"Bi\u00f3logo\",\"description\":\"Biologia. Informa\u00e7\u00f5es para bi\u00f3logos ou leigos. Eventos, v\u00eddeos e muito mais. Ci\u00eancias biol\u00f3gicas.\",\"publisher\":{\"@id\":\"https:\\\/\\\/biologo.com.br\\\/bio\\\/#organization\"},\"potentialAction\":[{\"@type\":\"SearchAction\",\"target\":{\"@type\":\"EntryPoint\",\"urlTemplate\":\"https:\\\/\\\/biologo.com.br\\\/bio\\\/?s={search_term_string}\"},\"query-input\":{\"@type\":\"PropertyValueSpecification\",\"valueRequired\":true,\"valueName\":\"search_term_string\"}}],\"inLanguage\":\"pt-BR\"},{\"@type\":\"Organization\",\"@id\":\"https:\\\/\\\/biologo.com.br\\\/bio\\\/#organization\",\"name\":\"Bi\u00f3logo\",\"url\":\"https:\\\/\\\/biologo.com.br\\\/bio\\\/\",\"logo\":{\"@type\":\"ImageObject\",\"inLanguage\":\"pt-BR\",\"@id\":\"https:\\\/\\\/biologo.com.br\\\/bio\\\/#\\\/schema\\\/logo\\\/image\\\/\",\"url\":\"https:\\\/\\\/i0.wp.com\\\/biologo.com.br\\\/bio\\\/wp-content\\\/uploads\\\/2015\\\/12\\\/logo1.jpg?fit=179%2C57&ssl=1\",\"contentUrl\":\"https:\\\/\\\/i0.wp.com\\\/biologo.com.br\\\/bio\\\/wp-content\\\/uploads\\\/2015\\\/12\\\/logo1.jpg?fit=179%2C57&ssl=1\",\"width\":179,\"height\":57,\"caption\":\"Bi\u00f3logo\"},\"image\":{\"@id\":\"https:\\\/\\\/biologo.com.br\\\/bio\\\/#\\\/schema\\\/logo\\\/image\\\/\"},\"sameAs\":[\"https:\\\/\\\/www.facebook.com\\\/biologocombr\\\/\",\"https:\\\/\\\/x.com\\\/Biologocombr\",\"https:\\\/\\\/www.instagram.com\\\/biologo.com.br\\\/\"]},{\"@type\":\"Person\",\"@id\":\"https:\\\/\\\/biologo.com.br\\\/bio\\\/#\\\/schema\\\/person\\\/3a5d600bbc47f8bb0cd43594317a6cd4\",\"name\":\"pozzana\",\"image\":{\"@type\":\"ImageObject\",\"inLanguage\":\"pt-BR\",\"@id\":\"https:\\\/\\\/secure.gravatar.com\\\/avatar\\\/fa8f924c29488a329bd70373453572f7494e802125f373a7f2937173cc26b21f?s=96&d=mm&r=g\",\"url\":\"https:\\\/\\\/secure.gravatar.com\\\/avatar\\\/fa8f924c29488a329bd70373453572f7494e802125f373a7f2937173cc26b21f?s=96&d=mm&r=g\",\"contentUrl\":\"https:\\\/\\\/secure.gravatar.com\\\/avatar\\\/fa8f924c29488a329bd70373453572f7494e802125f373a7f2937173cc26b21f?s=96&d=mm&r=g\",\"caption\":\"pozzana\"},\"url\":\"https:\\\/\\\/biologo.com.br\\\/bio\\\/author\\\/pozzana\\\/\"}]}<\/script>\n<!-- \/ Yoast SEO plugin. -->","yoast_head_json":{"title":"Dia Internacional do Tigre: 29 de julho, um alerta global","description":"Dia Internacional do Tigre: 29 de julho, um alerta global","robots":{"index":"index","follow":"follow","max-snippet":"max-snippet:-1","max-image-preview":"max-image-preview:large","max-video-preview":"max-video-preview:-1"},"canonical":"https:\/\/biologo.com.br\/bio\/dia-internacional-do-tigre\/","og_locale":"pt_BR","og_type":"article","og_title":"Dia Internacional do Tigre: 29 de julho, um alerta global","og_description":"Dia Internacional do Tigre: 29 de julho, um alerta global","og_url":"https:\/\/biologo.com.br\/bio\/dia-internacional-do-tigre\/","og_site_name":"Bi\u00f3logo","article_publisher":"https:\/\/www.facebook.com\/biologocombr\/","article_published_time":"2025-07-29T19:08:01+00:00","article_modified_time":"2025-08-01T12:31:32+00:00","og_image":[{"width":1202,"height":676,"url":"https:\/\/biologo.com.br\/bio\/wp-content\/uploads\/2025\/07\/Dia-Internacional-do-Tigre.jpg","type":"image\/jpeg"}],"author":"pozzana","twitter_card":"summary_large_image","twitter_creator":"@Biologocombr","twitter_site":"@Biologocombr","twitter_misc":{"Escrito por":"pozzana","Est. tempo de leitura":"7 minutos"},"schema":{"@context":"https:\/\/schema.org","@graph":[{"@type":"Article","@id":"https:\/\/biologo.com.br\/bio\/dia-internacional-do-tigre\/#article","isPartOf":{"@id":"https:\/\/biologo.com.br\/bio\/dia-internacional-do-tigre\/"},"author":{"name":"pozzana","@id":"https:\/\/biologo.com.br\/bio\/#\/schema\/person\/3a5d600bbc47f8bb0cd43594317a6cd4"},"headline":"Dia Internacional do Tigre","datePublished":"2025-07-29T19:08:01+00:00","dateModified":"2025-08-01T12:31:32+00:00","mainEntityOfPage":{"@id":"https:\/\/biologo.com.br\/bio\/dia-internacional-do-tigre\/"},"wordCount":1069,"commentCount":0,"publisher":{"@id":"https:\/\/biologo.com.br\/bio\/#organization"},"image":{"@id":"https:\/\/biologo.com.br\/bio\/dia-internacional-do-tigre\/#primaryimage"},"thumbnailUrl":"https:\/\/i0.wp.com\/biologo.com.br\/bio\/wp-content\/uploads\/2025\/07\/Dia-Internacional-do-Tigre.jpg?fit=1202%2C676&ssl=1","keywords":["Conserva\u00e7\u00e3o","ecologia","mamiferos","zoologia"],"articleSection":["Conserva\u00e7\u00e3o","Eventos","Mam\u00edferos","Mastozoologia"],"inLanguage":"pt-BR","potentialAction":[{"@type":"CommentAction","name":"Comment","target":["https:\/\/biologo.com.br\/bio\/dia-internacional-do-tigre\/#respond"]}]},{"@type":"WebPage","@id":"https:\/\/biologo.com.br\/bio\/dia-internacional-do-tigre\/","url":"https:\/\/biologo.com.br\/bio\/dia-internacional-do-tigre\/","name":"Dia Internacional do Tigre: 29 de julho, um alerta global","isPartOf":{"@id":"https:\/\/biologo.com.br\/bio\/#website"},"primaryImageOfPage":{"@id":"https:\/\/biologo.com.br\/bio\/dia-internacional-do-tigre\/#primaryimage"},"image":{"@id":"https:\/\/biologo.com.br\/bio\/dia-internacional-do-tigre\/#primaryimage"},"thumbnailUrl":"https:\/\/i0.wp.com\/biologo.com.br\/bio\/wp-content\/uploads\/2025\/07\/Dia-Internacional-do-Tigre.jpg?fit=1202%2C676&ssl=1","datePublished":"2025-07-29T19:08:01+00:00","dateModified":"2025-08-01T12:31:32+00:00","description":"Dia Internacional do Tigre: 29 de julho, um alerta global","breadcrumb":{"@id":"https:\/\/biologo.com.br\/bio\/dia-internacional-do-tigre\/#breadcrumb"},"inLanguage":"pt-BR","potentialAction":[{"@type":"ReadAction","target":["https:\/\/biologo.com.br\/bio\/dia-internacional-do-tigre\/"]}]},{"@type":"ImageObject","inLanguage":"pt-BR","@id":"https:\/\/biologo.com.br\/bio\/dia-internacional-do-tigre\/#primaryimage","url":"https:\/\/i0.wp.com\/biologo.com.br\/bio\/wp-content\/uploads\/2025\/07\/Dia-Internacional-do-Tigre.jpg?fit=1202%2C676&ssl=1","contentUrl":"https:\/\/i0.wp.com\/biologo.com.br\/bio\/wp-content\/uploads\/2025\/07\/Dia-Internacional-do-Tigre.jpg?fit=1202%2C676&ssl=1","width":1202,"height":676,"caption":"Dia Internacional do Tigre"},{"@type":"BreadcrumbList","@id":"https:\/\/biologo.com.br\/bio\/dia-internacional-do-tigre\/#breadcrumb","itemListElement":[{"@type":"ListItem","position":1,"name":"In\u00edcio","item":"https:\/\/biologo.com.br\/bio\/"},{"@type":"ListItem","position":2,"name":"Dia Internacional do Tigre"}]},{"@type":"WebSite","@id":"https:\/\/biologo.com.br\/bio\/#website","url":"https:\/\/biologo.com.br\/bio\/","name":"Bi\u00f3logo","description":"Biologia. Informa\u00e7\u00f5es para bi\u00f3logos ou leigos. Eventos, v\u00eddeos e muito mais. Ci\u00eancias biol\u00f3gicas.","publisher":{"@id":"https:\/\/biologo.com.br\/bio\/#organization"},"potentialAction":[{"@type":"SearchAction","target":{"@type":"EntryPoint","urlTemplate":"https:\/\/biologo.com.br\/bio\/?s={search_term_string}"},"query-input":{"@type":"PropertyValueSpecification","valueRequired":true,"valueName":"search_term_string"}}],"inLanguage":"pt-BR"},{"@type":"Organization","@id":"https:\/\/biologo.com.br\/bio\/#organization","name":"Bi\u00f3logo","url":"https:\/\/biologo.com.br\/bio\/","logo":{"@type":"ImageObject","inLanguage":"pt-BR","@id":"https:\/\/biologo.com.br\/bio\/#\/schema\/logo\/image\/","url":"https:\/\/i0.wp.com\/biologo.com.br\/bio\/wp-content\/uploads\/2015\/12\/logo1.jpg?fit=179%2C57&ssl=1","contentUrl":"https:\/\/i0.wp.com\/biologo.com.br\/bio\/wp-content\/uploads\/2015\/12\/logo1.jpg?fit=179%2C57&ssl=1","width":179,"height":57,"caption":"Bi\u00f3logo"},"image":{"@id":"https:\/\/biologo.com.br\/bio\/#\/schema\/logo\/image\/"},"sameAs":["https:\/\/www.facebook.com\/biologocombr\/","https:\/\/x.com\/Biologocombr","https:\/\/www.instagram.com\/biologo.com.br\/"]},{"@type":"Person","@id":"https:\/\/biologo.com.br\/bio\/#\/schema\/person\/3a5d600bbc47f8bb0cd43594317a6cd4","name":"pozzana","image":{"@type":"ImageObject","inLanguage":"pt-BR","@id":"https:\/\/secure.gravatar.com\/avatar\/fa8f924c29488a329bd70373453572f7494e802125f373a7f2937173cc26b21f?s=96&d=mm&r=g","url":"https:\/\/secure.gravatar.com\/avatar\/fa8f924c29488a329bd70373453572f7494e802125f373a7f2937173cc26b21f?s=96&d=mm&r=g","contentUrl":"https:\/\/secure.gravatar.com\/avatar\/fa8f924c29488a329bd70373453572f7494e802125f373a7f2937173cc26b21f?s=96&d=mm&r=g","caption":"pozzana"},"url":"https:\/\/biologo.com.br\/bio\/author\/pozzana\/"}]}},"jetpack_publicize_connections":[],"jetpack_featured_media_url":"https:\/\/i0.wp.com\/biologo.com.br\/bio\/wp-content\/uploads\/2025\/07\/Dia-Internacional-do-Tigre.jpg?fit=1202%2C676&ssl=1","jetpack-related-posts":[{"id":12446,"url":"https:\/\/biologo.com.br\/bio\/tigre-esperanca-para-o-felino-gigante\/","url_meta":{"origin":19075,"position":0},"title":"Tigre, esperan\u00e7a para o felino gigante","author":"pozzana","date":"junho 30, 2022","format":false,"excerpt":"Tigre: cultuado como um dos mais belos e fascinantes animais, o tigre (Panthera tigris) tem tido um longo decl\u00ednio de suas popula\u00e7\u00f5es selvagens. Felizmente, dados apontam que este cen\u00e1rio est\u00e1 finalmente mudando. Tigre, esperan\u00e7a para o felino gigante 30\/6\/2022 ::\u00a0 por Marco Pozzana, bi\u00f3logo Descrito cientificamente pela primeira vez por\u2026","rel":"","context":"Em &quot;Conserva\u00e7\u00e3o&quot;","block_context":{"text":"Conserva\u00e7\u00e3o","link":"https:\/\/biologo.com.br\/bio\/category\/conservacao\/"},"img":{"alt_text":"Tigre, esperan\u00e7a para o maior dos felinos selvagens - (Panthera tigris)","src":"https:\/\/i0.wp.com\/biologo.com.br\/bio\/wp-content\/uploads\/2022\/06\/tigre-Panthera-tigris.jpg?fit=631%2C351&ssl=1&resize=350%2C200","width":350,"height":200,"srcset":"https:\/\/i0.wp.com\/biologo.com.br\/bio\/wp-content\/uploads\/2022\/06\/tigre-Panthera-tigris.jpg?fit=631%2C351&ssl=1&resize=350%2C200 1x, https:\/\/i0.wp.com\/biologo.com.br\/bio\/wp-content\/uploads\/2022\/06\/tigre-Panthera-tigris.jpg?fit=631%2C351&ssl=1&resize=525%2C300 1.5x"},"classes":[]},{"id":10911,"url":"https:\/\/biologo.com.br\/bio\/smilodon-entre-sombras-e-ossos\/","url_meta":{"origin":19075,"position":1},"title":"Smilodon","author":"pozzana","date":"agosto 7, 2025","format":false,"excerpt":"Smilodon: conhecido como \"tigre-dentes-de-sabre\", foi um dos mais ic\u00f4nicos predadores da Era do Gelo. Viveu nas Am\u00e9ricas e se destacou por seus longos caninos superiores, que podiam ultrapassar 20 cm. Apesar do nome, n\u00e3o era um verdadeiro tigre, mas sim um fel\u00eddeo extinto de linhagem pr\u00f3pria. Smilodon: entre sombras e\u2026","rel":"","context":"Em &quot;Evolu\u00e7\u00e3o&quot;","block_context":{"text":"Evolu\u00e7\u00e3o","link":"https:\/\/biologo.com.br\/bio\/category\/evolucao\/"},"img":{"alt_text":"tigre-dentes-de-sabre: smilodon","src":"https:\/\/i0.wp.com\/biologo.com.br\/bio\/wp-content\/uploads\/2025\/08\/tigre-dentes-de-sabre-smilodon-grande.jpg?fit=1200%2C675&ssl=1&resize=350%2C200","width":350,"height":200,"srcset":"https:\/\/i0.wp.com\/biologo.com.br\/bio\/wp-content\/uploads\/2025\/08\/tigre-dentes-de-sabre-smilodon-grande.jpg?fit=1200%2C675&ssl=1&resize=350%2C200 1x, https:\/\/i0.wp.com\/biologo.com.br\/bio\/wp-content\/uploads\/2025\/08\/tigre-dentes-de-sabre-smilodon-grande.jpg?fit=1200%2C675&ssl=1&resize=525%2C300 1.5x, https:\/\/i0.wp.com\/biologo.com.br\/bio\/wp-content\/uploads\/2025\/08\/tigre-dentes-de-sabre-smilodon-grande.jpg?fit=1200%2C675&ssl=1&resize=700%2C400 2x, https:\/\/i0.wp.com\/biologo.com.br\/bio\/wp-content\/uploads\/2025\/08\/tigre-dentes-de-sabre-smilodon-grande.jpg?fit=1200%2C675&ssl=1&resize=1050%2C600 3x"},"classes":[]},{"id":10065,"url":"https:\/\/biologo.com.br\/bio\/tigre-de-java\/","url_meta":{"origin":19075,"position":2},"title":"Tigre-de-java","author":"pozzana","date":"julho 15, 2021","format":false,"excerpt":"Tigre-de-java: At\u00e9 o fim do s\u00e9culo XIX os tigres-de-java (Panthera tigris sondaica) ainda habitavam a maior parte da ilha de Java, mas a popula\u00e7\u00e3o humana crescente intensificou a derrubada de suas florestas e a ca\u00e7a at\u00e9 a extin\u00e7\u00e3o do felino em meados da d\u00e9cada de 1970.\u00a0\u00a0 Tigre-de-java, o animal que\u2026","rel":"","context":"Em &quot;Conserva\u00e7\u00e3o&quot;","block_context":{"text":"Conserva\u00e7\u00e3o","link":"https:\/\/biologo.com.br\/bio\/category\/conservacao\/"},"img":{"alt_text":"Tigre-de-java (Panthera tigris sondaica)","src":"https:\/\/i0.wp.com\/biologo.com.br\/bio\/wp-content\/uploads\/2021\/07\/Tigre-de-java.jpg?fit=631%2C351&ssl=1&resize=350%2C200","width":350,"height":200,"srcset":"https:\/\/i0.wp.com\/biologo.com.br\/bio\/wp-content\/uploads\/2021\/07\/Tigre-de-java.jpg?fit=631%2C351&ssl=1&resize=350%2C200 1x, https:\/\/i0.wp.com\/biologo.com.br\/bio\/wp-content\/uploads\/2021\/07\/Tigre-de-java.jpg?fit=631%2C351&ssl=1&resize=525%2C300 1.5x"},"classes":[]},{"id":8273,"url":"https:\/\/biologo.com.br\/bio\/dia-nacional-da-onca-pintada\/","url_meta":{"origin":19075,"position":3},"title":"Dia Nacional da On\u00e7a Pintada","author":"pozzana","date":"novembro 29, 2020","format":false,"excerpt":"Dia Nacional da On\u00e7a Pintada - 29 de novembro: Preserva\u00e7\u00e3o da on\u00e7a-pintada, esp\u00e9cie-s\u00edmbolo do Brasil, exige medidas de prote\u00e7\u00e3o ao seu habitat e combate \u00e0 ca\u00e7a ilegal. Risco de extin\u00e7\u00e3o da esp\u00e9cie no Brasil \u00e9 grave; popula\u00e7\u00e3o da Mata Atl\u00e2ntica \u00e9 a que corre mais perigo de desaparecer nos pr\u00f3ximos\u2026","rel":"","context":"Em &quot;Conserva\u00e7\u00e3o&quot;","block_context":{"text":"Conserva\u00e7\u00e3o","link":"https:\/\/biologo.com.br\/bio\/category\/conservacao\/"},"img":{"alt_text":"Dia Nacional da On\u00e7a Pintada","src":"https:\/\/i0.wp.com\/biologo.com.br\/bio\/wp-content\/uploads\/2020\/11\/Dia-Nacional-da-Onca-Pintada.jpg?fit=631%2C351&ssl=1&resize=350%2C200","width":350,"height":200,"srcset":"https:\/\/i0.wp.com\/biologo.com.br\/bio\/wp-content\/uploads\/2020\/11\/Dia-Nacional-da-Onca-Pintada.jpg?fit=631%2C351&ssl=1&resize=350%2C200 1x, https:\/\/i0.wp.com\/biologo.com.br\/bio\/wp-content\/uploads\/2020\/11\/Dia-Nacional-da-Onca-Pintada.jpg?fit=631%2C351&ssl=1&resize=525%2C300 1.5x"},"classes":[]},{"id":10952,"url":"https:\/\/biologo.com.br\/bio\/especies-bandeira\/","url_meta":{"origin":19075,"position":4},"title":"Esp\u00e9cies Bandeira","author":"pozzana","date":"agosto 6, 2025","format":false,"excerpt":"Esp\u00e9cies Bandeira possuem o poder singular de despertar empatia imediata e aten\u00e7\u00e3o global. Essas esp\u00e9cies s\u00e3o escolhidas para representar causas ambientais amplas. Ao proteg\u00ea-las, estende-se a prote\u00e7\u00e3o a ecossistemas inteiros e a in\u00fameras formas de vida. Esp\u00e9cies Bandeira: emblemas da conserva\u00e7\u00e3o global 6\/8\/2025\u00a0::\u00a0 por Marco Pozzana, bi\u00f3logo No esfor\u00e7o cont\u00ednuo\u2026","rel":"","context":"Em &quot;Biodiversidade&quot;","block_context":{"text":"Biodiversidade","link":"https:\/\/biologo.com.br\/bio\/category\/biodiversidade\/"},"img":{"alt_text":"Esp\u00e9cies Bandeira: emblemas da conserva\u00e7\u00e3o global","src":"https:\/\/i0.wp.com\/biologo.com.br\/bio\/wp-content\/uploads\/2025\/08\/urso-panda-especies-bandeira.jpg?fit=1200%2C675&ssl=1&resize=350%2C200","width":350,"height":200,"srcset":"https:\/\/i0.wp.com\/biologo.com.br\/bio\/wp-content\/uploads\/2025\/08\/urso-panda-especies-bandeira.jpg?fit=1200%2C675&ssl=1&resize=350%2C200 1x, https:\/\/i0.wp.com\/biologo.com.br\/bio\/wp-content\/uploads\/2025\/08\/urso-panda-especies-bandeira.jpg?fit=1200%2C675&ssl=1&resize=525%2C300 1.5x, https:\/\/i0.wp.com\/biologo.com.br\/bio\/wp-content\/uploads\/2025\/08\/urso-panda-especies-bandeira.jpg?fit=1200%2C675&ssl=1&resize=700%2C400 2x, https:\/\/i0.wp.com\/biologo.com.br\/bio\/wp-content\/uploads\/2025\/08\/urso-panda-especies-bandeira.jpg?fit=1200%2C675&ssl=1&resize=1050%2C600 3x"},"classes":[]},{"id":12899,"url":"https:\/\/biologo.com.br\/bio\/animais-extintos-pelo-homem\/","url_meta":{"origin":19075,"position":5},"title":"Animais extintos pelo homem","author":"pozzana","date":"setembro 6, 2022","format":false,"excerpt":"Animais extintos pelo homem: algumas pessoas n\u00e3o aceitam que certas esp\u00e9cies foram levadas \u00e0 extin\u00e7\u00e3o pela a\u00e7\u00e3o humana. Todavia, a hist\u00f3ria est\u00e1 cheia de exemplos de animais que desapareceram na medida que seu caminho cruzou com o dos homens. 17 Animais extintos pelo homem 6\/9\/2022 ::\u00a0 por Marco Pozzana, bi\u00f3logo\u2026","rel":"","context":"Em &quot;Biodiversidade&quot;","block_context":{"text":"Biodiversidade","link":"https:\/\/biologo.com.br\/bio\/category\/biodiversidade\/"},"img":{"alt_text":"Animais extintos pelo homem","src":"https:\/\/i0.wp.com\/biologo.com.br\/bio\/wp-content\/uploads\/2022\/09\/Animais-extintos-pelo-homem.jpg?fit=631%2C351&ssl=1&resize=350%2C200","width":350,"height":200,"srcset":"https:\/\/i0.wp.com\/biologo.com.br\/bio\/wp-content\/uploads\/2022\/09\/Animais-extintos-pelo-homem.jpg?fit=631%2C351&ssl=1&resize=350%2C200 1x, https:\/\/i0.wp.com\/biologo.com.br\/bio\/wp-content\/uploads\/2022\/09\/Animais-extintos-pelo-homem.jpg?fit=631%2C351&ssl=1&resize=525%2C300 1.5x"},"classes":[]}],"jetpack_sharing_enabled":true,"jetpack_likes_enabled":true,"jetpack_shortlink":"https:\/\/wp.me\/p6NB6B-4XF","amp_enabled":true,"_links":{"self":[{"href":"https:\/\/biologo.com.br\/bio\/wp-json\/wp\/v2\/posts\/19075","targetHints":{"allow":["GET"]}}],"collection":[{"href":"https:\/\/biologo.com.br\/bio\/wp-json\/wp\/v2\/posts"}],"about":[{"href":"https:\/\/biologo.com.br\/bio\/wp-json\/wp\/v2\/types\/post"}],"author":[{"embeddable":true,"href":"https:\/\/biologo.com.br\/bio\/wp-json\/wp\/v2\/users\/1"}],"replies":[{"embeddable":true,"href":"https:\/\/biologo.com.br\/bio\/wp-json\/wp\/v2\/comments?post=19075"}],"version-history":[{"count":1,"href":"https:\/\/biologo.com.br\/bio\/wp-json\/wp\/v2\/posts\/19075\/revisions"}],"predecessor-version":[{"id":19125,"href":"https:\/\/biologo.com.br\/bio\/wp-json\/wp\/v2\/posts\/19075\/revisions\/19125"}],"wp:featuredmedia":[{"embeddable":true,"href":"https:\/\/biologo.com.br\/bio\/wp-json\/wp\/v2\/media\/19080"}],"wp:attachment":[{"href":"https:\/\/biologo.com.br\/bio\/wp-json\/wp\/v2\/media?parent=19075"}],"wp:term":[{"taxonomy":"category","embeddable":true,"href":"https:\/\/biologo.com.br\/bio\/wp-json\/wp\/v2\/categories?post=19075"},{"taxonomy":"post_tag","embeddable":true,"href":"https:\/\/biologo.com.br\/bio\/wp-json\/wp\/v2\/tags?post=19075"}],"curies":[{"name":"wp","href":"https:\/\/api.w.org\/{rel}","templated":true}]}}