{"id":21274,"date":"2026-09-03T19:00:53","date_gmt":"2026-09-03T22:00:53","guid":{"rendered":"https:\/\/biologo.com.br\/bio\/?p=21274"},"modified":"2026-09-04T16:17:04","modified_gmt":"2026-09-04T19:17:04","slug":"dia-da-biologa","status":"publish","type":"post","link":"https:\/\/biologo.com.br\/bio\/dia-da-biologa\/","title":{"rendered":"Dia da Bi\u00f3loga"},"content":{"rendered":"\n<p class=\"wp-block-paragraph\"><span style=\"\"><span style=\"color: rgb(0, 0, 0); font-size: 14pt;\"><span style=\"font-size: 14pt; color: #000000;\"><span style=\"font-size: 14pt; color: #000000;\"><span style=\"font-size: 14pt; color: #000000;\"><span style=\"font-size: 14pt; color: #000000;\"><span style=\"font-size: 14pt; color: #000000;\"><span style=\"color: #3366ff;\"><span style=\"color: #000000;\"><span style=\"font-size: 14pt; color: #000000;\"><span style=\"color: #3366ff;\"><span style=\"color: #000000;\"><span style=\"font-size: 14pt; color: #000000;\"><span style=\"color: #3366ff;\"><span style=\"color: #000000;\"><span style=\"font-size: 14pt; color: #000000;\"><span style=\"color: #3366ff;\"><span style=\"color: #000000;\"><span style=\"font-size: 14pt; color: #000000;\"><span style=\"color: #3366ff;\"><span style=\"color: #000000;\"><span style=\"font-size: 14pt; color: #000000;\"><span style=\"color: #3366ff;\"><strong>Dia da Bi\u00f3loga &#8211; 2\/9:<\/strong><\/span><\/span><\/span><\/span><\/span><\/span><\/span><\/span><\/span><\/span><\/span><\/span><\/span><\/span><\/span><\/span><\/span><\/span><\/span><\/span><\/span><\/span><\/span> <span style=\"\"><span style=\"color: rgb(0, 0, 0); font-size: 14pt;\"><span style=\"font-size: 14pt; color: #000000;\"><span style=\"font-size: 14pt; color: #000000;\"><span style=\"font-size: 14pt; color: #000000;\"><span style=\"font-size: 14pt; color: #000000;\">Celebrar esta data significa reconhecer muito mais do que uma profiss\u00e3o. Significa olhar para a <a href=\"https:\/\/biologo.com.br\/bio\/a-historia-da-biologia\/\" data-type=\"post\" data-id=\"18855\">hist\u00f3ria da Biologia<\/a> e perceber quantas mulheres ajudaram a transformar nossa compreens\u00e3o da vida, apesar das barreiras do patriarcado.<\/span><\/span><\/span><\/span><\/span><\/span><\/p>\n\n\n\n<figure class=\"wp-block-image alignright size-full\"><img data-recalc-dims=\"1\" loading=\"lazy\" decoding=\"async\" width=\"74\" height=\"83\" data-attachment-id=\"18164\" data-permalink=\"https:\/\/biologo.com.br\/bio\/sylvia-earle-na-luta-pelos-oceanos\/original-biologo-2\/\" data-orig-file=\"https:\/\/i0.wp.com\/biologo.com.br\/bio\/wp-content\/uploads\/2025\/05\/original-biologo-2.jpg?fit=74%2C83&amp;ssl=1\" data-orig-size=\"74,83\" data-comments-opened=\"1\" data-image-meta=\"{&quot;aperture&quot;:&quot;0&quot;,&quot;credit&quot;:&quot;&quot;,&quot;camera&quot;:&quot;&quot;,&quot;caption&quot;:&quot;&quot;,&quot;created_timestamp&quot;:&quot;0&quot;,&quot;copyright&quot;:&quot;&quot;,&quot;focal_length&quot;:&quot;0&quot;,&quot;iso&quot;:&quot;0&quot;,&quot;shutter_speed&quot;:&quot;0&quot;,&quot;title&quot;:&quot;&quot;,&quot;orientation&quot;:&quot;0&quot;}\" data-image-title=\"original-biologo (2)\" data-image-description=\"&lt;p&gt;artigo original www.biologo.com.br \u00a9 todos os direitos reservados&lt;\/p&gt;\n\" data-image-caption=\"\" data-large-file=\"https:\/\/i0.wp.com\/biologo.com.br\/bio\/wp-content\/uploads\/2025\/05\/original-biologo-2.jpg?fit=74%2C83&amp;ssl=1\" src=\"https:\/\/i0.wp.com\/biologo.com.br\/bio\/wp-content\/uploads\/2025\/05\/original-biologo-2.jpg?resize=74%2C83&#038;ssl=1\" alt=\"Artigo original www.biologo.com.br \u00a9 todos os direitos reservados\" class=\"wp-image-18164\"\/><\/figure>\n\n\n\n<h2 class=\"wp-block-heading\"><span style=\"font-family: 'courier new', courier, monospace; color: #000000; font-size: 24pt;\"><strong><strong><strong><strong><span style=\"font-family: 'courier new', courier, monospace; color: #000000; font-size: 24pt;\"><strong><strong><strong><strong><strong><strong><strong>Dia da Bi\u00f3loga:<\/strong><\/strong><\/strong><\/strong><\/strong><\/strong><\/strong><\/span><\/strong><\/strong><\/strong><\/strong><\/span> <span style=\"font-family: 'courier new', courier, monospace; color: #000000; font-size: 24pt;\"><strong><strong><strong><strong><span style=\"font-family: 'courier new', courier, monospace; color: #000000; font-size: 24pt;\"><strong><strong><strong><strong><span style=\"font-family: 'courier new', courier, monospace; color: #000000; font-size: 24pt;\"><strong><strong><strong><strong><span style=\"font-family: 'courier new', courier, monospace; color: #000000; font-size: 24pt;\"><strong><span style=\"font-family: 'courier new', courier, monospace; color: #000000;\"><strong><span style=\"font-size: 24pt;\"><span style=\"font-size: 12pt;\"><strong><strong>reconhecimento hist\u00f3rico no 2\/9<\/strong><\/strong><\/span><\/span><\/strong><\/span><\/strong><\/span><\/strong><\/strong><\/strong><\/strong><\/span><\/strong><\/strong><\/strong><\/strong><\/span><\/strong><\/strong><\/strong><\/strong><\/span><\/h2>\n\n\n\n<p class=\"has-small-font-size wp-block-paragraph\"><strong>3\/9\/2026<\/strong>&nbsp;::&nbsp; por<strong> Marco Pozzana<\/strong>, bi\u00f3logo<\/p>\n\n\n\n<p class=\"has-drop-cap has-black-color has-text-color has-link-color has-medium-font-size wp-elements-1 wp-block-paragraph\"><span style=\"font-family: 'courier new', courier, monospace; font-size: 14pt;\"><strong>M<\/strong><\/span>ais do que uma data comemorativa, o dia da bi\u00f3loga representa uma oportunidade para refletir sobre os in\u00fameros &#8211; e injustos &#8211; obst\u00e1culos enfrentados pelas mulheres na ci\u00eancia e no mercado de trabalho.<\/p>\n\n\n\n<h3 class=\"wp-block-heading has-black-color has-text-color has-link-color has-medium-font-size wp-elements-2\"><span style=\"color: #000000; font-family: courier new,courier,monospace; font-size: 14pt;\"><strong><span style=\"color: #000000;\">Quando o protagonismo encontra o m\u00e9rito<\/span><\/strong><\/span><\/h3>\n\n\n\n<p class=\"has-cm-color-6-color has-text-color has-link-color has-medium-font-size wp-elements-3 wp-block-paragraph\">Durante muito tempo, a ci\u00eancia associou prest\u00edgio, autoridade e reconhecimento \u00e0 figura masculina. Entretanto, as mulheres sempre estiveram presentes nos laborat\u00f3rios, nas universidades, nas expedi\u00e7\u00f5es e no trabalho de campo. <\/p>\n\n\n\n<p class=\"has-cm-color-6-color has-text-color has-link-color has-medium-font-size wp-elements-4 wp-block-paragraph\">Muitas vezes, por\u00e9m, seus nomes permaneceram \u00e0 margem. Seus resultados receberam menos aten\u00e7\u00e3o e suas descobertas circularam sem o devido cr\u00e9dito. Ainda assim, elas continuaram pesquisando. Hoje, esse cen\u00e1rio come\u00e7a a mudar de maneira significativa. E essa mudan\u00e7a n\u00e3o representa uma concess\u00e3o. Representa, sobretudo, o reconhecimento de um m\u00e9rito que sempre existiu.<\/p>\n\n\n\n<figure class=\"wp-block-image alignright size-full\"><a href=\"https:\/\/biologo.com.br\/bio\/mulheres-invisiveis-na-historia-da-biologia\/\"><img data-recalc-dims=\"1\" loading=\"lazy\" decoding=\"async\" width=\"82\" height=\"121\" data-attachment-id=\"19513\" data-permalink=\"https:\/\/biologo.com.br\/bio\/mulheres-invisiveis-na-historia-da-biologia\/mulheres-invisiveis\/\" data-orig-file=\"https:\/\/i0.wp.com\/biologo.com.br\/bio\/wp-content\/uploads\/2025\/09\/mulheres-invisiveis.jpg?fit=82%2C121&amp;ssl=1\" data-orig-size=\"82,121\" data-comments-opened=\"1\" data-image-meta=\"{&quot;aperture&quot;:&quot;0&quot;,&quot;credit&quot;:&quot;&quot;,&quot;camera&quot;:&quot;&quot;,&quot;caption&quot;:&quot;&quot;,&quot;created_timestamp&quot;:&quot;0&quot;,&quot;copyright&quot;:&quot;&quot;,&quot;focal_length&quot;:&quot;0&quot;,&quot;iso&quot;:&quot;0&quot;,&quot;shutter_speed&quot;:&quot;0&quot;,&quot;title&quot;:&quot;&quot;,&quot;orientation&quot;:&quot;0&quot;}\" data-image-title=\"mulheres-invisiveis\" data-image-description=\"&lt;p&gt;Mulheres invis\u00edveis na hist\u00f3ria da biologia&lt;\/p&gt;\n&lt;p&gt;Durante s\u00e9culos, a biologia se desenvolveu sob o olhar atento de homens que dominaram laborat\u00f3rios, institui\u00e7\u00f5es cient\u00edficas e publica\u00e7\u00f5es. Entretanto, em meio a esse cen\u00e1rio, in\u00fameras mulheres contribu\u00edram com descobertas fundamentais, muitas vezes sem o devido reconhecimento. Embora invis\u00edveis nas narrativas tradicionais, elas moldaram a ci\u00eancia com dedica\u00e7\u00e3o e coragem.&lt;\/p&gt;\n&lt;p&gt;Obst\u00e1culos e silenciamentos&lt;\/p&gt;\n&lt;p&gt;Ao longo da hist\u00f3ria, o acesso das mulheres ao conhecimento cient\u00edfico foi limitado por barreiras sociais e culturais. Durante o s\u00e9culo XIX, por exemplo, universidades europeias e americanas proibiam sua entrada em cursos de ci\u00eancias naturais (Schiebinger, 1989). Assim, muitas se dedicaram \u00e0 pesquisa em casa ou em jardins bot\u00e2nicos particulares, sem acesso a laborat\u00f3rios equipados. Ainda assim, produziram contribui\u00e7\u00f5es de valor inestim\u00e1vel.&lt;\/p&gt;\n&lt;p&gt;Um caso emblem\u00e1tico \u00e9 o de Maria Sibylla Merian, naturalista alem\u00e3 do s\u00e9culo XVII. Ela viajou at\u00e9 a Am\u00e9rica do Sul, estudou ciclos de vida de insetos e registrou a rela\u00e7\u00e3o \u00edntima entre plantas e polinizadores. Sua obra Metamorphosis insectorum Surinamensium (1705) antecipou no\u00e7\u00f5es que se tornariam fundamentais para a ecologia (Etheridge, 2011). Apesar disso, foi muitas vezes lembrada apenas como ilustradora, e n\u00e3o como cientista.&lt;\/p&gt;\n\" data-image-caption=\"\" data-large-file=\"https:\/\/i0.wp.com\/biologo.com.br\/bio\/wp-content\/uploads\/2025\/09\/mulheres-invisiveis.jpg?fit=82%2C121&amp;ssl=1\" src=\"https:\/\/i0.wp.com\/biologo.com.br\/bio\/wp-content\/uploads\/2025\/09\/mulheres-invisiveis.jpg?resize=82%2C121&#038;ssl=1\" alt=\"Mulheres invis\u00edveis na hist\u00f3ria da biologia\" class=\"wp-image-19513\"\/><\/a><\/figure>\n\n\n\n<ul class=\"wp-block-list\">\n<li class=\"has-medium-font-size\"><a href=\"https:\/\/biologo.com.br\/bio\/datas-especiais-da-biologia\/\">Datas especiais da biologia<\/a><\/li>\n\n\n\n<li class=\"has-medium-font-size\"><a href=\"https:\/\/biologo.com.br\/bio\/reflexao-para-o-dia-do-biologo\/\" data-type=\"post\" data-id=\"16390\">Reflex\u00e3o para o Dia do Bi\u00f3logo<\/a><\/li>\n\n\n\n<li class=\"has-medium-font-size\"><a href=\"https:\/\/biologo.com.br\/bio\/mulheres-invisiveis-na-historia-da-biologia\/\" data-type=\"post\" data-id=\"19511\">Mulheres invis\u00edveis na hist\u00f3ria da biologia<\/a><\/li>\n\n\n\n<li class=\"has-medium-font-size\"><a href=\"https:\/\/biologo.com.br\/bio\/10-biologas-que-mudaram-o-mundo\/\" data-type=\"post\" data-id=\"10514\">11 bi\u00f3logas que mudaram o mundo<\/a><\/li>\n<\/ul>\n\n\n\n<h2 class=\"wp-block-heading has-black-color has-text-color has-link-color has-medium-font-size wp-elements-5\"><span style=\"color: #000000; font-family: courier new,courier,monospace; font-size: 14pt;\"><strong><span style=\"color: #000000;\">Mulheres que ampliaram os horizontes da Biologia<\/span><\/strong><\/span><\/h2>\n\n\n\n<p class=\"has-cm-color-6-color has-text-color has-link-color has-medium-font-size wp-elements-6 wp-block-paragraph\">A hist\u00f3ria da Biologia possui nomes femininos fundamentais. <span style=\"text-decoration: underline;\"><a href=\"https:\/\/biologo.com.br\/bio\/rosalind-franklin\/\" data-type=\"post\" data-id=\"5773\">Rosalind Franklin<\/a><\/span>, por exemplo, contribuiu decisivamente para a compreens\u00e3o da estrutura do DNA. <a href=\"https:\/\/biologo.com.br\/bio\/rachel-carson\/\" data-type=\"post\" data-id=\"1896\"><span style=\"text-decoration: underline;\">Rachel Carson<\/span><\/a> transformou a rela\u00e7\u00e3o entre ci\u00eancia, sociedade e conserva\u00e7\u00e3o ambiental. <a href=\"https:\/\/biologo.com.br\/bio\/jane-goodall\/\" data-type=\"post\" data-id=\"9294\"><span style=\"text-decoration: underline;\">Jane Goodall<\/span><\/a> revolucionou o conhecimento sobre o comportamento dos primatas.<\/p>\n\n\n\n<blockquote class=\"wp-block-quote is-layout-flow wp-block-quote-is-layout-flow\" style=\"border-radius:100px\">\n<p class=\"has-white-color has-text-color has-link-color has-medium-font-size wp-elements-7 wp-block-paragraph\"><strong>\u201cN\u00e3o se pode esperar construir um futuro sustent\u00e1vel sem a participa\u00e7\u00e3o plena das mulheres.\u201d<\/strong> \u2014 UNESCO, <em>Science, Technology and Innovation for Sustainable Development<\/em>.<\/p>\n<\/blockquote>\n\n\n\n<figure class=\"wp-block-image size-large has-custom-border wp-duotone-magenta-yellow\"><img data-recalc-dims=\"1\" loading=\"lazy\" decoding=\"async\" width=\"800\" height=\"450\" data-attachment-id=\"19861\" data-permalink=\"https:\/\/biologo.com.br\/bio\/?attachment_id=19861\" data-orig-file=\"https:\/\/i0.wp.com\/biologo.com.br\/bio\/wp-content\/uploads\/2025\/10\/as-trimatas.jpg?fit=1200%2C675&amp;ssl=1\" data-orig-size=\"1200,675\" data-comments-opened=\"1\" data-image-meta=\"{&quot;aperture&quot;:&quot;0&quot;,&quot;credit&quot;:&quot;&quot;,&quot;camera&quot;:&quot;&quot;,&quot;caption&quot;:&quot;&quot;,&quot;created_timestamp&quot;:&quot;0&quot;,&quot;copyright&quot;:&quot;&quot;,&quot;focal_length&quot;:&quot;0&quot;,&quot;iso&quot;:&quot;0&quot;,&quot;shutter_speed&quot;:&quot;0&quot;,&quot;title&quot;:&quot;&quot;,&quot;orientation&quot;:&quot;0&quot;}\" data-image-title=\"as-trimatas\" data-image-description=\"&lt;p&gt;As Trimatas: o legado de Jane Goodall, Dian Fossey e Birut\u0117 Galdikas na primatologia&lt;\/p&gt;\n&lt;p&gt;Introdu\u00e7\u00e3o&lt;\/p&gt;\n&lt;p&gt;No s\u00e9culo XX, tr\u00eas mulheres mudaram para sempre a maneira como a humanidade enxerga os grandes primatas. Jane Goodall, Dian Fossey e Birut\u0117 Galdikas \u2014 conhecidas coletivamente como As Trimatas \u2014 desafiaram o machismo acad\u00eamico, viveram em ambientes hostis e revelaram dimens\u00f5es inesperadas da intelig\u00eancia, cultura e emo\u00e7\u00e3o de chimpanz\u00e9s, gorilas e orangotangos. Al\u00e9m disso, constru\u00edram pontes entre ci\u00eancia, \u00e9tica e conserva\u00e7\u00e3o, abrindo caminho para uma biologia mais compassiva e interdisciplinar (Montgomery, 1991).&lt;\/p&gt;\n&lt;p&gt;Essas pioneiras foram incentivadas por Louis Leakey, renomado paleoantrop\u00f3logo brit\u00e2nico, que acreditava que apenas mentes livres de preconceitos acad\u00eamicos poderiam revelar a verdadeira natureza dos grandes s\u00edmios. Assim, cada uma delas iniciou uma jornada singular, mas interligada por um prop\u00f3sito comum: compreender nossos parentes evolutivos mais pr\u00f3ximos e, ao mesmo tempo, lutar por sua sobreviv\u00eancia.&lt;\/p&gt;\n\" data-image-caption=\"&lt;p&gt;As Trimatas: o legado de Jane Goodall, Dian Fossey e Birut\u0117 Galdikas &lt;\/p&gt;\n\" data-large-file=\"https:\/\/i0.wp.com\/biologo.com.br\/bio\/wp-content\/uploads\/2025\/10\/as-trimatas.jpg?fit=800%2C450&amp;ssl=1\" src=\"https:\/\/i0.wp.com\/biologo.com.br\/bio\/wp-content\/uploads\/2025\/10\/as-trimatas.jpg?resize=800%2C450&#038;ssl=1\" alt=\"As Trimatas: o legado de Jane Goodall, Dian Fossey e Birut\u0117 Galdikas na primatologia\" class=\"wp-image-19861\" style=\"border-top-left-radius:228px;border-top-right-radius:228px;border-bottom-left-radius:228px;border-bottom-right-radius:228px\" srcset=\"https:\/\/i0.wp.com\/biologo.com.br\/bio\/wp-content\/uploads\/2025\/10\/as-trimatas.jpg?resize=1024%2C576&amp;ssl=1 1024w, https:\/\/i0.wp.com\/biologo.com.br\/bio\/wp-content\/uploads\/2025\/10\/as-trimatas.jpg?resize=300%2C169&amp;ssl=1 300w, https:\/\/i0.wp.com\/biologo.com.br\/bio\/wp-content\/uploads\/2025\/10\/as-trimatas.jpg?resize=768%2C432&amp;ssl=1 768w, https:\/\/i0.wp.com\/biologo.com.br\/bio\/wp-content\/uploads\/2025\/10\/as-trimatas.jpg?resize=150%2C84&amp;ssl=1 150w, https:\/\/i0.wp.com\/biologo.com.br\/bio\/wp-content\/uploads\/2025\/10\/as-trimatas.jpg?w=1200&amp;ssl=1 1200w\" sizes=\"auto, (max-width: 800px) 100vw, 800px\" \/><figcaption class=\"wp-element-caption\">As Trimatas: o legado de Jane Goodall, Dian Fossey e Birut\u0117 Galdikas <\/figcaption><\/figure>\n\n\n\n<!--more-->\n\n\n\n<p class=\"has-cm-color-6-color has-text-color has-link-color has-medium-font-size wp-elements-8 wp-block-paragraph\">Al\u00e9m delas, in\u00fameras pesquisadoras produziram conhecimento em \u00e1reas como gen\u00e9tica, ecologia, <a href=\"https:\/\/biologo.com.br\/bio\/microbiologia\/\" data-type=\"post\" data-id=\"369\">microbiologia<\/a>, <a href=\"https:\/\/biologo.com.br\/bio\/zoologia\/\" data-type=\"post\" data-id=\"34\">zoologia<\/a>, <a href=\"https:\/\/biologo.com.br\/bio\/botanica\/\" data-type=\"post\" data-id=\"235\">bot\u00e2nica<\/a>, <a href=\"https:\/\/biologo.com.br\/bio\/fisiologia\/\" data-type=\"post\" data-id=\"1243\">fisiologia <\/a>e <a href=\"https:\/\/biologo.com.br\/bio\/biologia-molecular\/\" data-type=\"post\" data-id=\"709\">biologia molecular<\/a>. Contudo, suas trajet\u00f3rias tamb\u00e9m revelam os obst\u00e1culos que acompanharam a presen\u00e7a feminina na ci\u00eancia.<\/p>\n\n\n\n<p class=\"has-cm-color-6-color has-text-color has-link-color has-medium-font-size wp-elements-9 wp-block-paragraph\">Durante d\u00e9cadas, mulheres precisaram conquistar espa\u00e7os em ambientes acad\u00eamicos predominantemente masculinos. Assim, reconhecer essas cientistas significa tamb\u00e9m compreender as estruturas que dificultaram sua ascens\u00e3o. A presen\u00e7a feminina na ci\u00eancia, portanto, n\u00e3o constitui uma novidade. A novidade est\u00e1 no reconhecimento tardio e crescente dessa presen\u00e7a.<\/p>\n\n\n\n<p class=\"has-cm-color-6-color has-text-color has-link-color has-medium-font-size wp-elements-10 wp-block-paragraph\">Hoje, cada vez mais mulheres ocupam posi\u00e7\u00f5es de lideran\u00e7a em universidades, centros de pesquisa, institui\u00e7\u00f5es ambientais e empresas de biotecnologia. Consequentemente, novas refer\u00eancias surgem para as pr\u00f3ximas gera\u00e7\u00f5es.<\/p>\n\n\n\n<h4 class=\"wp-block-heading\"><span style=\"color: #000000; font-family: courier new,courier,monospace; font-size: 14pt;\"><strong><span style=\"color: #000000;\">Protagonis<\/span>tas<\/strong><\/span><\/h4>\n\n\n\n<p class=\"has-cm-color-6-color has-text-color has-link-color has-medium-font-size wp-elements-11 wp-block-paragraph\">O protagonismo feminino na Biologia ganha for\u00e7a justamente quando a ci\u00eancia enfrenta alguns de seus maiores desafios. Mudan\u00e7as clim\u00e1ticas, perda de biodiversidade, novas doen\u00e7as, seguran\u00e7a alimentar, conserva\u00e7\u00e3o dos oceanos e transforma\u00e7\u00e3o dos ecossistemas exigem conhecimento multidisciplinar e decis\u00f5es baseadas em evid\u00eancias.<\/p>\n\n\n\n<figure class=\"wp-block-image size-large\"><a href=\"https:\/\/biologo.com.br\/bio\/sylvia-earle-aponta-os-maiores-problemas-dos-oceanos\/\"><img data-recalc-dims=\"1\" loading=\"lazy\" decoding=\"async\" width=\"800\" height=\"450\" data-attachment-id=\"20092\" data-permalink=\"https:\/\/biologo.com.br\/bio\/sylvia-earle-aponta-os-maiores-problemas-dos-oceanos\/sylvia-earle-aponta-os-maiores-problemas-dos-oceanos-2\/\" data-orig-file=\"https:\/\/i0.wp.com\/biologo.com.br\/bio\/wp-content\/uploads\/2025\/11\/Sylvia-Earle-aponta-os-maiores-problemas-dos-oceanos.jpg?fit=1200%2C675&amp;ssl=1\" data-orig-size=\"1200,675\" data-comments-opened=\"1\" data-image-meta=\"{&quot;aperture&quot;:&quot;0&quot;,&quot;credit&quot;:&quot;&quot;,&quot;camera&quot;:&quot;&quot;,&quot;caption&quot;:&quot;&quot;,&quot;created_timestamp&quot;:&quot;0&quot;,&quot;copyright&quot;:&quot;&quot;,&quot;focal_length&quot;:&quot;0&quot;,&quot;iso&quot;:&quot;0&quot;,&quot;shutter_speed&quot;:&quot;0&quot;,&quot;title&quot;:&quot;&quot;,&quot;orientation&quot;:&quot;0&quot;}\" data-image-title=\"Sylvia Earle aponta os maiores problemas dos oceanos\" data-image-description=\"&lt;p&gt;A ocean\u00f3grafa mundialmente renomada Sylvia Earle est\u00e1 no Brasil para uma s\u00e9rie de atividades voltadas \u00e0 conserva\u00e7\u00e3o marinha. Em sua passagem pelo Rio de Janeiro, ela destacou as quest\u00f5es que mais a preocupam em rela\u00e7\u00e3o ao futuro dos oceanos.&lt;\/p&gt;\n&lt;p&gt;No in\u00edcio de novembro, Sylvia Earle, fundadora da Mission Blue, visitou o Monumento Natural das Ilhas Cagarras com o prop\u00f3sito de fortalecer a\u00e7\u00f5es de prote\u00e7\u00e3o e restaura\u00e7\u00e3o dos ecossistemas costeiros. Durante o encontro, em uma conversa descontra\u00edda com a bi\u00f3loga Tatiana Ribeiro, declarou que gostaria de viver mais tempo apenas para poder continuar ajudando os oceanos.&lt;\/p&gt;\n&lt;p&gt;Segundo ela, a pesca em larga escala representa hoje a amea\u00e7a mais grave \u00e0 biodiversidade marinha. Esse tipo de explora\u00e7\u00e3o, cada vez mais intenso, est\u00e1 privando os mares de esp\u00e9cies essenciais e alterando profundamente seus ecossistemas. Al\u00e9m disso, os m\u00e9todos industriais de captura afetam tamb\u00e9m cadeias alimentares inteiras, comprometendo o equil\u00edbrio natural.&lt;\/p&gt;\n&lt;p&gt;Sylvia, que \u00e9 vegetariana, ressalta que todos podem contribuir para frear esse processo. Nesse sentido, prop\u00f5e uma atitude simples, mas poderosa: deixar de consumir frutos do mar. Para ela, cada refei\u00e7\u00e3o \u00e9 uma escolha com impacto direto sobre a sa\u00fade dos oceanos.&lt;\/p&gt;\n\" data-image-caption=\"\" data-large-file=\"https:\/\/i0.wp.com\/biologo.com.br\/bio\/wp-content\/uploads\/2025\/11\/Sylvia-Earle-aponta-os-maiores-problemas-dos-oceanos.jpg?fit=800%2C450&amp;ssl=1\" src=\"https:\/\/i0.wp.com\/biologo.com.br\/bio\/wp-content\/uploads\/2025\/11\/Sylvia-Earle-aponta-os-maiores-problemas-dos-oceanos.jpg?resize=800%2C450&#038;ssl=1\" alt=\"Sylvia Earle aponta os maiores problemas dos oceanos\" class=\"wp-image-20092\" srcset=\"https:\/\/i0.wp.com\/biologo.com.br\/bio\/wp-content\/uploads\/2025\/11\/Sylvia-Earle-aponta-os-maiores-problemas-dos-oceanos.jpg?resize=1024%2C576&amp;ssl=1 1024w, https:\/\/i0.wp.com\/biologo.com.br\/bio\/wp-content\/uploads\/2025\/11\/Sylvia-Earle-aponta-os-maiores-problemas-dos-oceanos.jpg?resize=300%2C169&amp;ssl=1 300w, https:\/\/i0.wp.com\/biologo.com.br\/bio\/wp-content\/uploads\/2025\/11\/Sylvia-Earle-aponta-os-maiores-problemas-dos-oceanos.jpg?resize=768%2C432&amp;ssl=1 768w, https:\/\/i0.wp.com\/biologo.com.br\/bio\/wp-content\/uploads\/2025\/11\/Sylvia-Earle-aponta-os-maiores-problemas-dos-oceanos.jpg?resize=150%2C84&amp;ssl=1 150w, https:\/\/i0.wp.com\/biologo.com.br\/bio\/wp-content\/uploads\/2025\/11\/Sylvia-Earle-aponta-os-maiores-problemas-dos-oceanos.jpg?w=1200&amp;ssl=1 1200w\" sizes=\"auto, (max-width: 800px) 100vw, 800px\" \/><\/a><figcaption class=\"wp-element-caption\">Sylvia Earle aponta os maiores problemas dos oceanos<\/figcaption><\/figure>\n\n\n\n<p class=\"has-medium-font-size wp-block-paragraph\">Nesse contexto, a participa\u00e7\u00e3o das bi\u00f3logas torna-se ainda mais relevante. Elas atuam na pesquisa cient\u00edfica, na educa\u00e7\u00e3o, na conserva\u00e7\u00e3o, na sa\u00fade, na gest\u00e3o ambiental e na divulga\u00e7\u00e3o da ci\u00eancia. Al\u00e9m disso, ocupam espa\u00e7os de decis\u00e3o que durante muito tempo permaneceram pouco acess\u00edveis \u00e0s mulheres.<\/p>\n\n\n\n<p class=\"has-medium-font-size wp-block-paragraph\">Mais do que aumentar n\u00fameros, precisamos ampliar oportunidades. Em vez de somente celebrar trajet\u00f3rias individuais, precisamos construir ambientes cient\u00edficos nos quais meninas e mulheres possam desenvolver plenamente seus talentos.<\/p>\n\n\n\n<p class=\"has-medium-font-size wp-block-paragraph\">Assim, o m\u00e9rito deixa de ser uma exce\u00e7\u00e3o e passa a representar uma consequ\u00eancia natural da compet\u00eancia, da dedica\u00e7\u00e3o e da qualidade cient\u00edfica.<\/p>\n\n\n\n<h4 class=\"wp-block-heading\"><span style=\"color: #000000; font-family: courier new,courier,monospace; font-size: 14pt;\"><strong>Futuro e presente das mulheres<\/strong><\/span><\/h4>\n\n\n\n<p class=\"has-cm-color-6-color has-text-color has-link-color has-medium-font-size wp-elements-12 wp-block-paragraph\">Celebrar a bi\u00f3loga hoje tamb\u00e9m significa olhar para o futuro. A ci\u00eancia precisa de diferentes experi\u00eancias, perspectivas e formas de observar o mundo. A diversidade, nesse sentido, fortalece a pr\u00f3pria produ\u00e7\u00e3o do conhecimento.<\/p>\n\n\n\n<figure class=\"wp-block-image size-large\"><a href=\"https:\/\/i0.wp.com\/biologo.com.br\/bio\/wp-content\/uploads\/2026\/09\/Dia-da-Biologa.jpg?ssl=1\"><img data-recalc-dims=\"1\" loading=\"lazy\" decoding=\"async\" width=\"800\" height=\"450\" data-attachment-id=\"21275\" data-permalink=\"https:\/\/biologo.com.br\/bio\/dia-da-biologa\/dia-da-biologa\/\" data-orig-file=\"https:\/\/i0.wp.com\/biologo.com.br\/bio\/wp-content\/uploads\/2026\/09\/Dia-da-Biologa.jpg?fit=1200%2C675&amp;ssl=1\" data-orig-size=\"1200,675\" data-comments-opened=\"1\" data-image-meta=\"{&quot;aperture&quot;:&quot;0&quot;,&quot;credit&quot;:&quot;&quot;,&quot;camera&quot;:&quot;&quot;,&quot;caption&quot;:&quot;&quot;,&quot;created_timestamp&quot;:&quot;0&quot;,&quot;copyright&quot;:&quot;&quot;,&quot;focal_length&quot;:&quot;0&quot;,&quot;iso&quot;:&quot;0&quot;,&quot;shutter_speed&quot;:&quot;0&quot;,&quot;title&quot;:&quot;&quot;,&quot;orientation&quot;:&quot;0&quot;,&quot;alt&quot;:&quot;&quot;}\" data-image-title=\"Dia da Bi\u00f3loga\" data-image-description=\"&lt;p&gt;O Dia da Bi\u00f3loga e do Bi\u00f3logo \u00e9 celebrado no Brasil em 3 de setembro, data que marca a regulamenta\u00e7\u00e3o da profiss\u00e3o pela Lei n\u00ba 6.684 de 1979. \u00c9 uma homenagem \u00e0 ci\u00eancia da vida e ao papel essencial desses profissionais na pesquisa, conserva\u00e7\u00e3o da biodiversidade, sa\u00fade, educa\u00e7\u00e3o e inova\u00e7\u00e3o.&lt;\/p&gt;\n\" data-image-caption=\"&lt;p&gt;Dia da Bi\u00f3loga&lt;\/p&gt;\n\" data-large-file=\"https:\/\/i0.wp.com\/biologo.com.br\/bio\/wp-content\/uploads\/2026\/09\/Dia-da-Biologa.jpg?fit=800%2C450&amp;ssl=1\" src=\"https:\/\/i0.wp.com\/biologo.com.br\/bio\/wp-content\/uploads\/2026\/09\/Dia-da-Biologa.jpg?resize=800%2C450&#038;ssl=1\" alt=\"Dia da Bi\u00f3loga\" class=\"wp-image-21275\" srcset=\"https:\/\/i0.wp.com\/biologo.com.br\/bio\/wp-content\/uploads\/2026\/09\/Dia-da-Biologa.jpg?resize=1024%2C576&amp;ssl=1 1024w, https:\/\/i0.wp.com\/biologo.com.br\/bio\/wp-content\/uploads\/2026\/09\/Dia-da-Biologa.jpg?resize=300%2C169&amp;ssl=1 300w, https:\/\/i0.wp.com\/biologo.com.br\/bio\/wp-content\/uploads\/2026\/09\/Dia-da-Biologa.jpg?resize=768%2C432&amp;ssl=1 768w, https:\/\/i0.wp.com\/biologo.com.br\/bio\/wp-content\/uploads\/2026\/09\/Dia-da-Biologa.jpg?resize=150%2C84&amp;ssl=1 150w, https:\/\/i0.wp.com\/biologo.com.br\/bio\/wp-content\/uploads\/2026\/09\/Dia-da-Biologa.jpg?w=1200&amp;ssl=1 1200w\" sizes=\"auto, (max-width: 800px) 100vw, 800px\" \/><\/a><figcaption class=\"wp-element-caption\">O Dia da Bi\u00f3loga e do Bi\u00f3logo \u00e9 celebrado no Brasil em 3 de setembro, data que marca a regulamenta\u00e7\u00e3o da profiss\u00e3o pela Lei n\u00ba 6.684 de 1979.<\/figcaption><\/figure>\n\n\n\n<p class=\"has-cm-color-6-color has-text-color has-link-color has-medium-font-size wp-elements-13 wp-block-paragraph\">Por isso, valorizar as mulheres na Biologia n\u00e3o representa apenas uma quest\u00e3o de justi\u00e7a, mas representa tamb\u00e9m uma estrat\u00e9gia para construir uma ci\u00eancia mais criativa, abrangente e preparada para os desafios contempor\u00e2neos.<\/p>\n\n\n\n<p class=\"has-cm-color-6-color has-text-color has-link-color has-medium-font-size wp-elements-14 wp-block-paragraph\">Todavia, ainda existem muitas desigualdades. Ou seja, persistem diferen\u00e7as na ocupa\u00e7\u00e3o de cargos de lideran\u00e7a, no reconhecimento acad\u00eamico e nas oportunidades profissionais.<\/p>\n\n\n\n<p class=\"has-cm-color-6-color has-text-color has-link-color has-medium-font-size wp-elements-15 wp-block-paragraph\">Entretanto, existe tamb\u00e9m uma transforma\u00e7\u00e3o em curso. Cada pesquisadora que lidera um laborat\u00f3rio abre uma possibilidade. Da mesma forma, uma professora que inspira uma estudante amplia um horizonte. Nesse sentido, uma bi\u00f3loga que ocupa um espa\u00e7o de decis\u00e3o ajuda a tornar esse espa\u00e7o mais acess\u00edvel \u00e0s pr\u00f3ximas gera\u00e7\u00f5es.<\/p>\n\n\n\n<p class=\"has-cm-color-6-color has-text-color has-link-color has-medium-font-size wp-elements-16 wp-block-paragraph\">Por fim, celebrar o Dia da Bi\u00f3loga \u00e9 tamb\u00e9m valorizar o conhecimento, a ci\u00eancia e \u00e9 reconhecer que o protagonismo feminino n\u00e3o \u00e9 uma promessa para o futuro. Ele j\u00e1 est\u00e1 acontecendo.<\/p>\n\n\n\n<h6 class=\"wp-block-heading\"><strong><strong style=\"font-family: &quot;courier new&quot;, courier, monospace; font-size: 12pt;\">Fontes e refer\u00eancias:<\/strong><\/strong><\/h6>\n\n\n\n<ul class=\"wp-block-list\">\n<li class=\"has-black-color has-text-color has-link-color has-small-font-size wp-elements-17\">FRANKLIN, R. E.; GOSLING, R. G. <a href=\"https:\/\/pubmed.ncbi.nlm.nih.gov\/13054694\/\" target=\"_blank\" rel=\"noreferrer noopener\">Molecular configuration in sodium thymonucleate<\/a>. <em>Nature<\/em>, v. 171, p. 740\u2013741, 1953.<\/li>\n\n\n\n<li class=\"has-cm-color-6-color has-text-color has-link-color has-small-font-size wp-elements-18\">CARSON, R. <em><a href=\"https:\/\/www.scirp.org\/reference\/referencespapers?referenceid=3047360\">Silent Spring<\/a><\/em>. Boston: Houghton Mifflin, 1962.<\/li>\n\n\n\n<li class=\"has-cm-color-6-color has-text-color has-link-color has-small-font-size wp-elements-19\">GOODALL, J. <em><a href=\"https:\/\/www.cambridge.org\/core\/journals\/journal-of-tropical-ecology\/article\/abs\/j-goodall-1986-the-chimpanzees-of-gombe-patterns-of-behavior-harvard-university-press-cambridge-massachusetts-673-pages-isbn-0674116496-price-1995-hardback\/AF382B43F751A2AAD964D29445A06D98\" target=\"_blank\" rel=\"noreferrer noopener\">The Chimpanzees of Gombe: Patterns of Behavior<\/a><\/em>. Cambridge: Harvard University Press, 1986.<\/li>\n<\/ul>\n\n\n\n<figure class=\"wp-block-image aligncenter\"><a href=\"https:\/\/biologo.com.br\/bio\/apoie-o-biologo\/\"><img loading=\"lazy\" decoding=\"async\" width=\"174\" height=\"147\" data-attachment-id=\"11979\" data-permalink=\"https:\/\/biologo.com.br\/bio\/caracal-um-mestre-da-sobrevivencia\/apoiepeq\/\" data-orig-file=\"https:\/\/i0.wp.com\/biologo.com.br\/bio\/wp-content\/uploads\/2022\/05\/apoiepeq.jpg?fit=174%2C147&amp;ssl=1\" data-orig-size=\"174,147\" data-comments-opened=\"0\" data-image-meta=\"{&quot;aperture&quot;:&quot;0&quot;,&quot;credit&quot;:&quot;&quot;,&quot;camera&quot;:&quot;&quot;,&quot;caption&quot;:&quot;&quot;,&quot;created_timestamp&quot;:&quot;0&quot;,&quot;copyright&quot;:&quot;&quot;,&quot;focal_length&quot;:&quot;0&quot;,&quot;iso&quot;:&quot;0&quot;,&quot;shutter_speed&quot;:&quot;0&quot;,&quot;title&quot;:&quot;&quot;,&quot;orientation&quot;:&quot;0&quot;}\" data-image-title=\"apoiepeq\" data-image-description=\"&lt;p&gt;Apoie o Bi\u00f3logo&lt;\/p&gt;\n\" data-image-caption=\"\" data-large-file=\"https:\/\/i0.wp.com\/biologo.com.br\/bio\/wp-content\/uploads\/2022\/05\/apoiepeq.jpg?fit=174%2C147&amp;ssl=1\" src=\"https:\/\/i0.wp.com\/biologo.com.br\/bio\/wp-content\/uploads\/2022\/05\/apoiepeq.jpg?resize=174%2C147&amp;ssl=1\" alt=\"Apoie o Bi\u00f3logo\" class=\"wp-image-11979\" title=\"Apoie o Bi\u00f3logo\"\/><\/a><\/figure>\n\n\n\n<p class=\"wp-block-paragraph\"><\/p>\n","protected":false},"excerpt":{"rendered":"<p>Dia da Bi\u00f3loga &#8211; 2\/9: Celebrar esta data significa reconhecer muito mais do que uma profiss\u00e3o. Significa olhar para a<\/p>\n","protected":false},"author":1,"featured_media":21275,"comment_status":"open","ping_status":"closed","sticky":false,"template":"","format":"standard","meta":{"colormag_page_container_layout":"default_layout","colormag_page_sidebar_layout":"default_layout","_jetpack_newsletter_access":"","_jetpack_dont_email_post_to_subs":false,"_jetpack_newsletter_tier_id":0,"_jetpack_memberships_contains_paywalled_content":false,"_jetpack_feature_clip_id":0,"_jetpack_memberships_contains_paid_content":false,"footnotes":"","jetpack_publicize_message":"Dia da Bi\u00f3loga - 2\/9: Celebrar o esta data significa reconhecer muito mais do que uma profiss\u00e3o. Mais em Biologo.com.br","jetpack_publicize_feature_enabled":true,"jetpack_social_post_already_shared":false,"jetpack_social_options":{"image_generator_settings":{"template":"highway","default_image_id":0,"font":"","enabled":false},"version":2},"jetpack_post_was_ever_published":false},"categories":[1],"tags":[],"class_list":["post-21274","post","type-post","status-publish","format-standard","has-post-thumbnail","hentry","category-biologia2"],"yoast_head":"<!-- This site is optimized with the Yoast SEO plugin v28.4 - https:\/\/yoast.com\/product\/yoast-seo-wordpress\/ -->\n<title>Dia da Bi\u00f3loga - Reflex\u00e3o pra o 3\/9 - Dia do Bi\u00f3logo<\/title>\n<meta name=\"description\" content=\"Dia da Bi\u00f3loga - 2\/9: Celebrar o esta data significa reconhecer muito mais do que uma profiss\u00e3o, mas olhar para a hist\u00f3ria da Biologia e...\" \/>\n<meta name=\"robots\" content=\"index, follow, max-snippet:-1, max-image-preview:large, max-video-preview:-1\" \/>\n<link rel=\"canonical\" href=\"https:\/\/biologo.com.br\/bio\/dia-da-biologa\/\" \/>\n<meta property=\"og:locale\" content=\"pt_BR\" \/>\n<meta property=\"og:type\" content=\"article\" \/>\n<meta property=\"og:title\" content=\"Dia da Bi\u00f3loga - Reflex\u00e3o pra o 3\/9 - Dia do Bi\u00f3logo\" \/>\n<meta property=\"og:description\" content=\"Dia da Bi\u00f3loga - 2\/9: Celebrar o esta data significa reconhecer muito mais do que uma profiss\u00e3o, mas olhar para a hist\u00f3ria da Biologia e...\" \/>\n<meta property=\"og:url\" content=\"https:\/\/biologo.com.br\/bio\/dia-da-biologa\/\" \/>\n<meta property=\"og:site_name\" content=\"Bi\u00f3logo\" \/>\n<meta property=\"article:publisher\" content=\"https:\/\/www.facebook.com\/biologocombr\/\" \/>\n<meta property=\"article:published_time\" content=\"2026-09-03T22:00:53+00:00\" \/>\n<meta property=\"article:modified_time\" content=\"2026-09-04T19:17:04+00:00\" \/>\n<meta property=\"og:image\" content=\"https:\/\/biologo.com.br\/bio\/wp-content\/uploads\/2026\/09\/Dia-da-Biologa.jpg\" \/>\n\t<meta property=\"og:image:width\" content=\"1200\" \/>\n\t<meta property=\"og:image:height\" content=\"675\" \/>\n\t<meta property=\"og:image:type\" content=\"image\/jpeg\" \/>\n<meta name=\"author\" content=\"pozzana\" \/>\n<meta name=\"twitter:card\" content=\"summary_large_image\" \/>\n<meta name=\"twitter:creator\" content=\"@Biologocombr\" \/>\n<meta name=\"twitter:site\" content=\"@Biologocombr\" \/>\n<meta name=\"twitter:label1\" content=\"Escrito por\" \/>\n\t<meta name=\"twitter:data1\" content=\"pozzana\" \/>\n\t<meta name=\"twitter:label2\" content=\"Est. tempo de leitura\" \/>\n\t<meta name=\"twitter:data2\" content=\"6 minutos\" \/>\n<script type=\"application\/ld+json\" class=\"yoast-schema-graph\">{\"@context\":\"https:\\\/\\\/schema.org\",\"@graph\":[{\"@type\":\"Article\",\"@id\":\"https:\\\/\\\/biologo.com.br\\\/bio\\\/dia-da-biologa\\\/#article\",\"isPartOf\":{\"@id\":\"https:\\\/\\\/biologo.com.br\\\/bio\\\/dia-da-biologa\\\/\"},\"author\":{\"name\":\"pozzana\",\"@id\":\"https:\\\/\\\/biologo.com.br\\\/bio\\\/#\\\/schema\\\/person\\\/3a5d600bbc47f8bb0cd43594317a6cd4\"},\"headline\":\"Dia da Bi\u00f3loga\",\"datePublished\":\"2026-09-03T22:00:53+00:00\",\"dateModified\":\"2026-09-04T19:17:04+00:00\",\"mainEntityOfPage\":{\"@id\":\"https:\\\/\\\/biologo.com.br\\\/bio\\\/dia-da-biologa\\\/\"},\"wordCount\":888,\"commentCount\":0,\"publisher\":{\"@id\":\"https:\\\/\\\/biologo.com.br\\\/bio\\\/#organization\"},\"image\":{\"@id\":\"https:\\\/\\\/biologo.com.br\\\/bio\\\/dia-da-biologa\\\/#primaryimage\"},\"thumbnailUrl\":\"https:\\\/\\\/i0.wp.com\\\/biologo.com.br\\\/bio\\\/wp-content\\\/uploads\\\/2026\\\/09\\\/Dia-da-Biologa.jpg?fit=1200%2C675&ssl=1\",\"articleSection\":[\"Biologia\"],\"inLanguage\":\"pt-BR\",\"potentialAction\":[{\"@type\":\"CommentAction\",\"name\":\"Comment\",\"target\":[\"https:\\\/\\\/biologo.com.br\\\/bio\\\/dia-da-biologa\\\/#respond\"]}]},{\"@type\":\"WebPage\",\"@id\":\"https:\\\/\\\/biologo.com.br\\\/bio\\\/dia-da-biologa\\\/\",\"url\":\"https:\\\/\\\/biologo.com.br\\\/bio\\\/dia-da-biologa\\\/\",\"name\":\"Dia da Bi\u00f3loga - Reflex\u00e3o pra o 3\\\/9 - Dia do Bi\u00f3logo\",\"isPartOf\":{\"@id\":\"https:\\\/\\\/biologo.com.br\\\/bio\\\/#website\"},\"primaryImageOfPage\":{\"@id\":\"https:\\\/\\\/biologo.com.br\\\/bio\\\/dia-da-biologa\\\/#primaryimage\"},\"image\":{\"@id\":\"https:\\\/\\\/biologo.com.br\\\/bio\\\/dia-da-biologa\\\/#primaryimage\"},\"thumbnailUrl\":\"https:\\\/\\\/i0.wp.com\\\/biologo.com.br\\\/bio\\\/wp-content\\\/uploads\\\/2026\\\/09\\\/Dia-da-Biologa.jpg?fit=1200%2C675&ssl=1\",\"datePublished\":\"2026-09-03T22:00:53+00:00\",\"dateModified\":\"2026-09-04T19:17:04+00:00\",\"description\":\"Dia da Bi\u00f3loga - 2\\\/9: Celebrar o esta data significa reconhecer muito mais do que uma profiss\u00e3o, mas olhar para a hist\u00f3ria da Biologia e...\",\"breadcrumb\":{\"@id\":\"https:\\\/\\\/biologo.com.br\\\/bio\\\/dia-da-biologa\\\/#breadcrumb\"},\"inLanguage\":\"pt-BR\",\"potentialAction\":[{\"@type\":\"ReadAction\",\"target\":[\"https:\\\/\\\/biologo.com.br\\\/bio\\\/dia-da-biologa\\\/\"]}]},{\"@type\":\"ImageObject\",\"inLanguage\":\"pt-BR\",\"@id\":\"https:\\\/\\\/biologo.com.br\\\/bio\\\/dia-da-biologa\\\/#primaryimage\",\"url\":\"https:\\\/\\\/i0.wp.com\\\/biologo.com.br\\\/bio\\\/wp-content\\\/uploads\\\/2026\\\/09\\\/Dia-da-Biologa.jpg?fit=1200%2C675&ssl=1\",\"contentUrl\":\"https:\\\/\\\/i0.wp.com\\\/biologo.com.br\\\/bio\\\/wp-content\\\/uploads\\\/2026\\\/09\\\/Dia-da-Biologa.jpg?fit=1200%2C675&ssl=1\",\"width\":1200,\"height\":675,\"caption\":\"Dia da Bi\u00f3loga\"},{\"@type\":\"BreadcrumbList\",\"@id\":\"https:\\\/\\\/biologo.com.br\\\/bio\\\/dia-da-biologa\\\/#breadcrumb\",\"itemListElement\":[{\"@type\":\"ListItem\",\"position\":1,\"name\":\"In\u00edcio\",\"item\":\"https:\\\/\\\/biologo.com.br\\\/bio\\\/\"},{\"@type\":\"ListItem\",\"position\":2,\"name\":\"Dia da Bi\u00f3loga\"}]},{\"@type\":\"WebSite\",\"@id\":\"https:\\\/\\\/biologo.com.br\\\/bio\\\/#website\",\"url\":\"https:\\\/\\\/biologo.com.br\\\/bio\\\/\",\"name\":\"Bi\u00f3logo\",\"description\":\"Biologia. Informa\u00e7\u00f5es para bi\u00f3logos ou leigos. Eventos, v\u00eddeos e muito mais. Ci\u00eancias biol\u00f3gicas.\",\"publisher\":{\"@id\":\"https:\\\/\\\/biologo.com.br\\\/bio\\\/#organization\"},\"potentialAction\":[{\"@type\":\"SearchAction\",\"target\":{\"@type\":\"EntryPoint\",\"urlTemplate\":\"https:\\\/\\\/biologo.com.br\\\/bio\\\/?s={search_term_string}\"},\"query-input\":{\"@type\":\"PropertyValueSpecification\",\"valueRequired\":true,\"valueName\":\"search_term_string\"}}],\"inLanguage\":\"pt-BR\"},{\"@type\":\"Organization\",\"@id\":\"https:\\\/\\\/biologo.com.br\\\/bio\\\/#organization\",\"name\":\"Bi\u00f3logo\",\"url\":\"https:\\\/\\\/biologo.com.br\\\/bio\\\/\",\"logo\":{\"@type\":\"ImageObject\",\"inLanguage\":\"pt-BR\",\"@id\":\"https:\\\/\\\/biologo.com.br\\\/bio\\\/#\\\/schema\\\/logo\\\/image\\\/\",\"url\":\"https:\\\/\\\/i0.wp.com\\\/biologo.com.br\\\/bio\\\/wp-content\\\/uploads\\\/2015\\\/12\\\/logo1.jpg?fit=179%2C57&ssl=1\",\"contentUrl\":\"https:\\\/\\\/i0.wp.com\\\/biologo.com.br\\\/bio\\\/wp-content\\\/uploads\\\/2015\\\/12\\\/logo1.jpg?fit=179%2C57&ssl=1\",\"width\":179,\"height\":57,\"caption\":\"Bi\u00f3logo\"},\"image\":{\"@id\":\"https:\\\/\\\/biologo.com.br\\\/bio\\\/#\\\/schema\\\/logo\\\/image\\\/\"},\"sameAs\":[\"https:\\\/\\\/www.facebook.com\\\/biologocombr\\\/\",\"https:\\\/\\\/x.com\\\/Biologocombr\",\"https:\\\/\\\/www.instagram.com\\\/biologo.com.br\\\/\"]},{\"@type\":\"Person\",\"@id\":\"https:\\\/\\\/biologo.com.br\\\/bio\\\/#\\\/schema\\\/person\\\/3a5d600bbc47f8bb0cd43594317a6cd4\",\"name\":\"pozzana\",\"image\":{\"@type\":\"ImageObject\",\"inLanguage\":\"pt-BR\",\"@id\":\"https:\\\/\\\/secure.gravatar.com\\\/avatar\\\/fa8f924c29488a329bd70373453572f7494e802125f373a7f2937173cc26b21f?s=96&d=mm&r=g\",\"url\":\"https:\\\/\\\/secure.gravatar.com\\\/avatar\\\/fa8f924c29488a329bd70373453572f7494e802125f373a7f2937173cc26b21f?s=96&d=mm&r=g\",\"contentUrl\":\"https:\\\/\\\/secure.gravatar.com\\\/avatar\\\/fa8f924c29488a329bd70373453572f7494e802125f373a7f2937173cc26b21f?s=96&d=mm&r=g\",\"caption\":\"pozzana\"},\"url\":\"https:\\\/\\\/biologo.com.br\\\/bio\\\/author\\\/pozzana\\\/\"}]}<\/script>\n<!-- \/ Yoast SEO plugin. -->","yoast_head_json":{"title":"Dia da Bi\u00f3loga - Reflex\u00e3o pra o 3\/9 - Dia do Bi\u00f3logo","description":"Dia da Bi\u00f3loga - 2\/9: Celebrar o esta data significa reconhecer muito mais do que uma profiss\u00e3o, mas olhar para a hist\u00f3ria da Biologia e...","robots":{"index":"index","follow":"follow","max-snippet":"max-snippet:-1","max-image-preview":"max-image-preview:large","max-video-preview":"max-video-preview:-1"},"canonical":"https:\/\/biologo.com.br\/bio\/dia-da-biologa\/","og_locale":"pt_BR","og_type":"article","og_title":"Dia da Bi\u00f3loga - Reflex\u00e3o pra o 3\/9 - Dia do Bi\u00f3logo","og_description":"Dia da Bi\u00f3loga - 2\/9: Celebrar o esta data significa reconhecer muito mais do que uma profiss\u00e3o, mas olhar para a hist\u00f3ria da Biologia e...","og_url":"https:\/\/biologo.com.br\/bio\/dia-da-biologa\/","og_site_name":"Bi\u00f3logo","article_publisher":"https:\/\/www.facebook.com\/biologocombr\/","article_published_time":"2026-09-03T22:00:53+00:00","article_modified_time":"2026-09-04T19:17:04+00:00","og_image":[{"width":1200,"height":675,"url":"https:\/\/biologo.com.br\/bio\/wp-content\/uploads\/2026\/09\/Dia-da-Biologa.jpg","type":"image\/jpeg"}],"author":"pozzana","twitter_card":"summary_large_image","twitter_creator":"@Biologocombr","twitter_site":"@Biologocombr","twitter_misc":{"Escrito por":"pozzana","Est. tempo de leitura":"6 minutos"},"schema":{"@context":"https:\/\/schema.org","@graph":[{"@type":"Article","@id":"https:\/\/biologo.com.br\/bio\/dia-da-biologa\/#article","isPartOf":{"@id":"https:\/\/biologo.com.br\/bio\/dia-da-biologa\/"},"author":{"name":"pozzana","@id":"https:\/\/biologo.com.br\/bio\/#\/schema\/person\/3a5d600bbc47f8bb0cd43594317a6cd4"},"headline":"Dia da Bi\u00f3loga","datePublished":"2026-09-03T22:00:53+00:00","dateModified":"2026-09-04T19:17:04+00:00","mainEntityOfPage":{"@id":"https:\/\/biologo.com.br\/bio\/dia-da-biologa\/"},"wordCount":888,"commentCount":0,"publisher":{"@id":"https:\/\/biologo.com.br\/bio\/#organization"},"image":{"@id":"https:\/\/biologo.com.br\/bio\/dia-da-biologa\/#primaryimage"},"thumbnailUrl":"https:\/\/i0.wp.com\/biologo.com.br\/bio\/wp-content\/uploads\/2026\/09\/Dia-da-Biologa.jpg?fit=1200%2C675&ssl=1","articleSection":["Biologia"],"inLanguage":"pt-BR","potentialAction":[{"@type":"CommentAction","name":"Comment","target":["https:\/\/biologo.com.br\/bio\/dia-da-biologa\/#respond"]}]},{"@type":"WebPage","@id":"https:\/\/biologo.com.br\/bio\/dia-da-biologa\/","url":"https:\/\/biologo.com.br\/bio\/dia-da-biologa\/","name":"Dia da Bi\u00f3loga - Reflex\u00e3o pra o 3\/9 - Dia do Bi\u00f3logo","isPartOf":{"@id":"https:\/\/biologo.com.br\/bio\/#website"},"primaryImageOfPage":{"@id":"https:\/\/biologo.com.br\/bio\/dia-da-biologa\/#primaryimage"},"image":{"@id":"https:\/\/biologo.com.br\/bio\/dia-da-biologa\/#primaryimage"},"thumbnailUrl":"https:\/\/i0.wp.com\/biologo.com.br\/bio\/wp-content\/uploads\/2026\/09\/Dia-da-Biologa.jpg?fit=1200%2C675&ssl=1","datePublished":"2026-09-03T22:00:53+00:00","dateModified":"2026-09-04T19:17:04+00:00","description":"Dia da Bi\u00f3loga - 2\/9: Celebrar o esta data significa reconhecer muito mais do que uma profiss\u00e3o, mas olhar para a hist\u00f3ria da Biologia e...","breadcrumb":{"@id":"https:\/\/biologo.com.br\/bio\/dia-da-biologa\/#breadcrumb"},"inLanguage":"pt-BR","potentialAction":[{"@type":"ReadAction","target":["https:\/\/biologo.com.br\/bio\/dia-da-biologa\/"]}]},{"@type":"ImageObject","inLanguage":"pt-BR","@id":"https:\/\/biologo.com.br\/bio\/dia-da-biologa\/#primaryimage","url":"https:\/\/i0.wp.com\/biologo.com.br\/bio\/wp-content\/uploads\/2026\/09\/Dia-da-Biologa.jpg?fit=1200%2C675&ssl=1","contentUrl":"https:\/\/i0.wp.com\/biologo.com.br\/bio\/wp-content\/uploads\/2026\/09\/Dia-da-Biologa.jpg?fit=1200%2C675&ssl=1","width":1200,"height":675,"caption":"Dia da Bi\u00f3loga"},{"@type":"BreadcrumbList","@id":"https:\/\/biologo.com.br\/bio\/dia-da-biologa\/#breadcrumb","itemListElement":[{"@type":"ListItem","position":1,"name":"In\u00edcio","item":"https:\/\/biologo.com.br\/bio\/"},{"@type":"ListItem","position":2,"name":"Dia da Bi\u00f3loga"}]},{"@type":"WebSite","@id":"https:\/\/biologo.com.br\/bio\/#website","url":"https:\/\/biologo.com.br\/bio\/","name":"Bi\u00f3logo","description":"Biologia. Informa\u00e7\u00f5es para bi\u00f3logos ou leigos. Eventos, v\u00eddeos e muito mais. Ci\u00eancias biol\u00f3gicas.","publisher":{"@id":"https:\/\/biologo.com.br\/bio\/#organization"},"potentialAction":[{"@type":"SearchAction","target":{"@type":"EntryPoint","urlTemplate":"https:\/\/biologo.com.br\/bio\/?s={search_term_string}"},"query-input":{"@type":"PropertyValueSpecification","valueRequired":true,"valueName":"search_term_string"}}],"inLanguage":"pt-BR"},{"@type":"Organization","@id":"https:\/\/biologo.com.br\/bio\/#organization","name":"Bi\u00f3logo","url":"https:\/\/biologo.com.br\/bio\/","logo":{"@type":"ImageObject","inLanguage":"pt-BR","@id":"https:\/\/biologo.com.br\/bio\/#\/schema\/logo\/image\/","url":"https:\/\/i0.wp.com\/biologo.com.br\/bio\/wp-content\/uploads\/2015\/12\/logo1.jpg?fit=179%2C57&ssl=1","contentUrl":"https:\/\/i0.wp.com\/biologo.com.br\/bio\/wp-content\/uploads\/2015\/12\/logo1.jpg?fit=179%2C57&ssl=1","width":179,"height":57,"caption":"Bi\u00f3logo"},"image":{"@id":"https:\/\/biologo.com.br\/bio\/#\/schema\/logo\/image\/"},"sameAs":["https:\/\/www.facebook.com\/biologocombr\/","https:\/\/x.com\/Biologocombr","https:\/\/www.instagram.com\/biologo.com.br\/"]},{"@type":"Person","@id":"https:\/\/biologo.com.br\/bio\/#\/schema\/person\/3a5d600bbc47f8bb0cd43594317a6cd4","name":"pozzana","image":{"@type":"ImageObject","inLanguage":"pt-BR","@id":"https:\/\/secure.gravatar.com\/avatar\/fa8f924c29488a329bd70373453572f7494e802125f373a7f2937173cc26b21f?s=96&d=mm&r=g","url":"https:\/\/secure.gravatar.com\/avatar\/fa8f924c29488a329bd70373453572f7494e802125f373a7f2937173cc26b21f?s=96&d=mm&r=g","contentUrl":"https:\/\/secure.gravatar.com\/avatar\/fa8f924c29488a329bd70373453572f7494e802125f373a7f2937173cc26b21f?s=96&d=mm&r=g","caption":"pozzana"},"url":"https:\/\/biologo.com.br\/bio\/author\/pozzana\/"}]}},"jetpack_publicize_connections":[],"jetpack-related-posts":[{"id":2233,"url":"https:\/\/biologo.com.br\/bio\/coisas-que-um-biologo-deve-saber\/","url_meta":{"origin":21274,"position":0},"title":"Coisas que um bi\u00f3logo deve saber","author":"pozzana","date":"abril 5, 2017","format":"quote","excerpt":"Coisas que um bi\u00f3logo deve saber: Fazer biologia n\u00e3o \u00e9 para qualquer pessoa. \u00c9 uma profiss\u00e3o que, como tantas outras, exige uma boa dose de aptid\u00e3o, talento e, principalmente, dedica\u00e7\u00e3o e disciplina. Coisas que um bi\u00f3logo deve saber Vejamos aqui algumas coisas que os bi\u00f3logos e estudantes devem saber para\u2026","rel":"","context":"Em &quot;Biologia&quot;","block_context":{"text":"Biologia","link":"https:\/\/biologo.com.br\/bio\/category\/biologia2\/"},"img":{"alt_text":"Coisas que um bi\u00f3logo deve saber","src":"https:\/\/i0.wp.com\/biologo.com.br\/bio\/wp-content\/uploads\/2017\/04\/biologa.jpg?fit=631%2C351&ssl=1&resize=350%2C200","width":350,"height":200,"srcset":"https:\/\/i0.wp.com\/biologo.com.br\/bio\/wp-content\/uploads\/2017\/04\/biologa.jpg?fit=631%2C351&ssl=1&resize=350%2C200 1x, https:\/\/i0.wp.com\/biologo.com.br\/bio\/wp-content\/uploads\/2017\/04\/biologa.jpg?fit=631%2C351&ssl=1&resize=525%2C300 1.5x"},"classes":[]},{"id":16390,"url":"https:\/\/biologo.com.br\/bio\/reflexao-para-o-dia-do-biologo\/","url_meta":{"origin":21274,"position":1},"title":"Reflex\u00e3o para o Dia do Bi\u00f3logo","author":"pozzana","date":"setembro 3, 2024","format":false,"excerpt":"Reflex\u00e3o para o Dia do Bi\u00f3logo: comemorado em 3 de setembro, o Dia do Bi\u00f3logo \u00e9 uma data para reconhecer o papel fundamental desses profissionais na preserva\u00e7\u00e3o da biodiversidade, no avan\u00e7o da ci\u00eancia e na melhoria da qualidade de vida. Reflex\u00e3o para o Dia do Bi\u00f3logo 3\/9\/2024\u00a0::\u00a0 por Marco Pozzana\u2026","rel":"","context":"Em &quot;Bio\u00e9tica&quot;","block_context":{"text":"Bio\u00e9tica","link":"https:\/\/biologo.com.br\/bio\/category\/bioetica\/"},"img":{"alt_text":"dia do bi\u00f3logo: reflex\u00e3o","src":"https:\/\/i0.wp.com\/biologo.com.br\/bio\/wp-content\/uploads\/2024\/09\/estrategias-naalimentacao-de-aves-1.jpg?fit=1201%2C676&ssl=1&resize=350%2C200","width":350,"height":200,"srcset":"https:\/\/i0.wp.com\/biologo.com.br\/bio\/wp-content\/uploads\/2024\/09\/estrategias-naalimentacao-de-aves-1.jpg?fit=1201%2C676&ssl=1&resize=350%2C200 1x, https:\/\/i0.wp.com\/biologo.com.br\/bio\/wp-content\/uploads\/2024\/09\/estrategias-naalimentacao-de-aves-1.jpg?fit=1201%2C676&ssl=1&resize=525%2C300 1.5x, https:\/\/i0.wp.com\/biologo.com.br\/bio\/wp-content\/uploads\/2024\/09\/estrategias-naalimentacao-de-aves-1.jpg?fit=1201%2C676&ssl=1&resize=700%2C400 2x, https:\/\/i0.wp.com\/biologo.com.br\/bio\/wp-content\/uploads\/2024\/09\/estrategias-naalimentacao-de-aves-1.jpg?fit=1201%2C676&ssl=1&resize=1050%2C600 3x"},"classes":[]},{"id":7473,"url":"https:\/\/biologo.com.br\/bio\/datas-especiais-da-biologia\/","url_meta":{"origin":21274,"position":2},"title":"Datas especiais da biologia","author":"pozzana","date":"agosto 5, 2020","format":false,"excerpt":"Datas especiais da biologia. Alguns dias s\u00e3o mais que especiais para os bi\u00f3logos. Seja a data de nascimento de um cientista importante ou uma jornada criada para lembrar um profissional da biologia, s\u00e3o eventos que um bi\u00f3logo pode querer guardar na agenda. Datas especiais da biologia Em certas datas que\u2026","rel":"","context":"Em &quot;Eventos&quot;","block_context":{"text":"Eventos","link":"https:\/\/biologo.com.br\/bio\/category\/eventos\/"},"img":{"alt_text":"Datas especiais da biologia - calend\u00e1rio","src":"https:\/\/i0.wp.com\/biologo.com.br\/bio\/wp-content\/uploads\/2020\/08\/Datas-especiais-da-biologia-calendario.jpg?fit=1200%2C675&ssl=1&resize=350%2C200","width":350,"height":200,"srcset":"https:\/\/i0.wp.com\/biologo.com.br\/bio\/wp-content\/uploads\/2020\/08\/Datas-especiais-da-biologia-calendario.jpg?fit=1200%2C675&ssl=1&resize=350%2C200 1x, https:\/\/i0.wp.com\/biologo.com.br\/bio\/wp-content\/uploads\/2020\/08\/Datas-especiais-da-biologia-calendario.jpg?fit=1200%2C675&ssl=1&resize=525%2C300 1.5x, https:\/\/i0.wp.com\/biologo.com.br\/bio\/wp-content\/uploads\/2020\/08\/Datas-especiais-da-biologia-calendario.jpg?fit=1200%2C675&ssl=1&resize=700%2C400 2x, https:\/\/i0.wp.com\/biologo.com.br\/bio\/wp-content\/uploads\/2020\/08\/Datas-especiais-da-biologia-calendario.jpg?fit=1200%2C675&ssl=1&resize=1050%2C600 3x"},"classes":[]},{"id":1258,"url":"https:\/\/biologo.com.br\/bio\/dia-do-biologo\/","url_meta":{"origin":21274,"position":3},"title":"Dia do bi\u00f3logo","author":"pozzana","date":"setembro 3, 2016","format":false,"excerpt":"Dia do bi\u00f3logo, 3 de setembro:\u00a0No Brasil, a profiss\u00e3o de Bi\u00f3logo foi regulamentada no dia 03 de setembro de 1979. Esta data \u00e9 celebrada anualmente como o dia do profissional, no Brasil. Dia do bi\u00f3logo No dia 3 de setembro se comemora o Dia do Bi\u00f3logo, o profissional dedicado ao\u2026","rel":"","context":"Em &quot;Biologia&quot;","block_context":{"text":"Biologia","link":"https:\/\/biologo.com.br\/bio\/category\/biologia2\/"},"img":{"alt_text":"3 de setembro. Dia do bi\u00f3logo","src":"https:\/\/i0.wp.com\/biologo.com.br\/bio\/wp-content\/uploads\/2016\/09\/o-biologo.jpg?fit=631%2C351&ssl=1&resize=350%2C200","width":350,"height":200,"srcset":"https:\/\/i0.wp.com\/biologo.com.br\/bio\/wp-content\/uploads\/2016\/09\/o-biologo.jpg?fit=631%2C351&ssl=1&resize=350%2C200 1x, https:\/\/i0.wp.com\/biologo.com.br\/bio\/wp-content\/uploads\/2016\/09\/o-biologo.jpg?fit=631%2C351&ssl=1&resize=525%2C300 1.5x"},"classes":[]},{"id":1044,"url":"https:\/\/biologo.com.br\/bio\/razoes-para-ser-biologo\/","url_meta":{"origin":21274,"position":4},"title":"Raz\u00f5es para ser bi\u00f3logo","author":"pozzana","date":"agosto 11, 2016","format":false,"excerpt":"Raz\u00f5es para ser bi\u00f3logo:\u00a0Imagine uma profiss\u00e3o que pode te levar para aventuras em todos os cantos selvagens do planeta. Pois a biologia proporciona isso, e muito mais, para os cientistas que a ela se dedicam. Em tempos dif\u00edceis como esse, vale ler alguns motivos para voc\u00ea refor\u00e7ar a ideia de\u2026","rel":"","context":"Em &quot;Biologia&quot;","block_context":{"text":"Biologia","link":"https:\/\/biologo.com.br\/bio\/category\/biologia2\/"},"img":{"alt_text":"Raz\u00f5es para ser bi\u00f3logo","src":"https:\/\/i0.wp.com\/biologo.com.br\/bio\/wp-content\/uploads\/2016\/08\/biologo-no-campo.jpg?fit=631%2C351&ssl=1&resize=350%2C200","width":350,"height":200,"srcset":"https:\/\/i0.wp.com\/biologo.com.br\/bio\/wp-content\/uploads\/2016\/08\/biologo-no-campo.jpg?fit=631%2C351&ssl=1&resize=350%2C200 1x, https:\/\/i0.wp.com\/biologo.com.br\/bio\/wp-content\/uploads\/2016\/08\/biologo-no-campo.jpg?fit=631%2C351&ssl=1&resize=525%2C300 1.5x"},"classes":[]},{"id":19932,"url":"https:\/\/biologo.com.br\/bio\/reflexoes-biologicas-sobre-o-dia-do-professor\/","url_meta":{"origin":21274,"position":5},"title":"Reflex\u00f5es biol\u00f3gicas sobre o Dia do Professor","author":"pozzana","date":"outubro 15, 2025","format":false,"excerpt":"Reflex\u00f5es sobre o Dia do Professor: em 15 de outubro celebramos aqueles que cultivam o solo f\u00e9rtil do saber e mant\u00eam viva a curiosidade humana. Para os bi\u00f3logos que ensinam, esse dia simboliza tamb\u00e9m o compromisso com a continuidade da vida e da ci\u00eancia. Reflex\u00f5es biol\u00f3gicas sobre o Dia do\u2026","rel":"","context":"Em &quot;Bio\u00e9tica&quot;","block_context":{"text":"Bio\u00e9tica","link":"https:\/\/biologo.com.br\/bio\/category\/bioetica\/"},"img":{"alt_text":"Reflex\u00f5es biol\u00f3gicas sobre o Dia do Professor","src":"https:\/\/i0.wp.com\/biologo.com.br\/bio\/wp-content\/uploads\/2025\/10\/Reflexoes-sobre-o-Dia-do-Professor.jpg?fit=1200%2C675&ssl=1&resize=350%2C200","width":350,"height":200,"srcset":"https:\/\/i0.wp.com\/biologo.com.br\/bio\/wp-content\/uploads\/2025\/10\/Reflexoes-sobre-o-Dia-do-Professor.jpg?fit=1200%2C675&ssl=1&resize=350%2C200 1x, https:\/\/i0.wp.com\/biologo.com.br\/bio\/wp-content\/uploads\/2025\/10\/Reflexoes-sobre-o-Dia-do-Professor.jpg?fit=1200%2C675&ssl=1&resize=525%2C300 1.5x, https:\/\/i0.wp.com\/biologo.com.br\/bio\/wp-content\/uploads\/2025\/10\/Reflexoes-sobre-o-Dia-do-Professor.jpg?fit=1200%2C675&ssl=1&resize=700%2C400 2x, https:\/\/i0.wp.com\/biologo.com.br\/bio\/wp-content\/uploads\/2025\/10\/Reflexoes-sobre-o-Dia-do-Professor.jpg?fit=1200%2C675&ssl=1&resize=1050%2C600 3x"},"classes":[]}],"jetpack_sharing_enabled":true,"jetpack_likes_enabled":true,"jetpack_shortlink":"https:\/\/wp.me\/p6NB6B-5x8","amp_enabled":true,"jetpack_featured_media_url":"https:\/\/i0.wp.com\/biologo.com.br\/bio\/wp-content\/uploads\/2026\/09\/Dia-da-Biologa.jpg?fit=1200%2C675&ssl=1","_links":{"self":[{"href":"https:\/\/biologo.com.br\/bio\/wp-json\/wp\/v2\/posts\/21274","targetHints":{"allow":["GET"]}}],"collection":[{"href":"https:\/\/biologo.com.br\/bio\/wp-json\/wp\/v2\/posts"}],"about":[{"href":"https:\/\/biologo.com.br\/bio\/wp-json\/wp\/v2\/types\/post"}],"author":[{"embeddable":true,"href":"https:\/\/biologo.com.br\/bio\/wp-json\/wp\/v2\/users\/1"}],"replies":[{"embeddable":true,"href":"https:\/\/biologo.com.br\/bio\/wp-json\/wp\/v2\/comments?post=21274"}],"version-history":[{"count":2,"href":"https:\/\/biologo.com.br\/bio\/wp-json\/wp\/v2\/posts\/21274\/revisions"}],"predecessor-version":[{"id":21277,"href":"https:\/\/biologo.com.br\/bio\/wp-json\/wp\/v2\/posts\/21274\/revisions\/21277"}],"wp:featuredmedia":[{"embeddable":true,"href":"https:\/\/biologo.com.br\/bio\/wp-json\/wp\/v2\/media\/21275"}],"wp:attachment":[{"href":"https:\/\/biologo.com.br\/bio\/wp-json\/wp\/v2\/media?parent=21274"}],"wp:term":[{"taxonomy":"category","embeddable":true,"href":"https:\/\/biologo.com.br\/bio\/wp-json\/wp\/v2\/categories?post=21274"},{"taxonomy":"post_tag","embeddable":true,"href":"https:\/\/biologo.com.br\/bio\/wp-json\/wp\/v2\/tags?post=21274"}],"curies":[{"name":"wp","href":"https:\/\/api.w.org\/{rel}","templated":true}]}}