{"id":3700,"date":"2018-10-04T12:46:23","date_gmt":"2018-10-04T15:46:23","guid":{"rendered":"http:\/\/biologo.com.br\/bio\/?p=3700"},"modified":"2025-10-04T11:12:43","modified_gmt":"2025-10-04T14:12:43","slug":"dia-mundial-dos-animais","status":"publish","type":"post","link":"https:\/\/biologo.com.br\/bio\/dia-mundial-dos-animais\/","title":{"rendered":"Dia Mundial dos Animais"},"content":{"rendered":"\n<p><span style=\"font-size: 14pt;\"><span style=\"color: #3366ff;\"><strong>Dia Mundial dos Animais:<\/strong><\/span> <span style=\"color: #000000;\">O&nbsp;Dia Mundial dos Animais&nbsp;\u00e9 comemorado anualmente em&nbsp;4 de Outubro. A ideia \u00e9 celebrar conscientizando para os direitos de&nbsp;bem estar animal.<\/span><\/span><\/p>\n\n\n\n<h2 class=\"wp-block-heading\"><span style=\"font-size: 24pt; font-family: 'courier new', courier, monospace; color: #000000;\"><strong>Dia Mundial dos Animais<span style=\"color: #808080; font-size: 14pt;\"> (4\/10)<\/span><\/strong><\/span><\/h2>\n\n\n\n<p><span style=\"color: #000000;\"><span style=\"font-family: georgia, palatino, serif; font-size: 36pt;\"><strong>A<\/strong><\/span> miss\u00e3o do Dia Mundial dos Animais, de acordo com o <span style=\"text-decoration: underline;\"><a style=\"color: #000000; text-decoration: underline;\" href=\"https:\/\/www.worldanimalday.org.uk\" target=\"_blank\" rel=\"noopener noreferrer\">site oficial<\/a><\/span>, \u00e9 &#8220;Elevar o status dos animais para melhorar os padr\u00f5es de bem-estar em todo o mundo. Unir o movimento pelo bem-estar animal, mobilizando-o para uma for\u00e7a global para tornar o mundo um lugar melhor para todos os animais.&#8221;&nbsp;<\/span><\/p>\n\n\n\n<p><span style=\"color: #000000;\">\u00c9 celebrado de diferentes maneiras em todos os pa\u00edses, independentemente da nacionalidade, religi\u00e3o, f\u00e9 ou ideologia pol\u00edtica.&nbsp;Todavia, muitas igrejas pelo mundo reservam o domingo mais pr\u00f3ximo da data para aben\u00e7oar os animais.<\/span><\/p>\n\n\n\n<ul class=\"wp-block-list\">\n<li><span style=\"font-size: 14pt; color: #0000ff;\"><a style=\"color: #0000ff;\" href=\"https:\/\/biologo.com.br\/bio\/perspectivas-sobre-bem-estar-animal\/\">Perspectivas sobre bem-estar animal<\/a><\/span><\/li>\n\n\n\n<li><span style=\"font-size: 14pt; color: #0000ff;\"><a style=\"color: #0000ff;\" href=\"https:\/\/biologo.com.br\/bio\/importancia-dos-insetos\/\">Import\u00e2ncia dos insetos<\/a><\/span><\/li>\n\n\n\n<li><span style=\"font-size: 14pt; color: #0000ff;\"><a style=\"color: #0000ff;\" href=\"https:\/\/biologo.com.br\/bio\/especies-ameacadas\/\">Esp\u00e9cies amea\u00e7adas<\/a><\/span><\/li>\n<\/ul>\n\n\n\n<figure class=\"wp-block-image size-large\"><a href=\"https:\/\/i0.wp.com\/biologo.com.br\/bio\/wp-content\/uploads\/2018\/10\/dia-mundial-dos-animais-4-de-outubro.jpg?ssl=1\"><img data-recalc-dims=\"1\" loading=\"lazy\" decoding=\"async\" width=\"800\" height=\"800\" data-attachment-id=\"19845\" data-permalink=\"https:\/\/biologo.com.br\/bio\/dia-mundial-dos-animais\/dia-mundial-dos-animais-4-de-outubro\/\" data-orig-file=\"https:\/\/i0.wp.com\/biologo.com.br\/bio\/wp-content\/uploads\/2018\/10\/dia-mundial-dos-animais-4-de-outubro.jpg?fit=1080%2C1080&amp;ssl=1\" data-orig-size=\"1080,1080\" data-comments-opened=\"1\" data-image-meta=\"{&quot;aperture&quot;:&quot;0&quot;,&quot;credit&quot;:&quot;&quot;,&quot;camera&quot;:&quot;&quot;,&quot;caption&quot;:&quot;&quot;,&quot;created_timestamp&quot;:&quot;0&quot;,&quot;copyright&quot;:&quot;&quot;,&quot;focal_length&quot;:&quot;0&quot;,&quot;iso&quot;:&quot;0&quot;,&quot;shutter_speed&quot;:&quot;0&quot;,&quot;title&quot;:&quot;&quot;,&quot;orientation&quot;:&quot;0&quot;}\" data-image-title=\"dia mundial dos animais-4-de-outubro\" data-image-description=\"&lt;p&gt;O Dia Mundial dos Animais \u00e9 comemorado todos os anos em 4 de outubro.[1][2] Tudo come\u00e7ou em Floren\u00e7a, It\u00e1lia em 1931, em uma conven\u00e7\u00e3o de ecologistas.[3] Neste dia, a vida animal em todas as suas formas \u00e9 celebrada, e eventos especiais s\u00e3o planejadas em locais por todo o mundo. O 4 de outubro foi originalmente escolhido para o Dia Mundial dos Animais, porque \u00e9 o dia da festa de S\u00e3o Francisco de Assis, um amante da natureza e padroeiro dos animais e do meio ambiente. Igrejas de todo o mundo reservam o domingo mais pr\u00f3ximo da data para aben\u00e7oar os animais.&lt;\/p&gt;\n\" data-image-caption=\"\" data-large-file=\"https:\/\/i0.wp.com\/biologo.com.br\/bio\/wp-content\/uploads\/2018\/10\/dia-mundial-dos-animais-4-de-outubro.jpg?fit=800%2C800&amp;ssl=1\" src=\"https:\/\/i0.wp.com\/biologo.com.br\/bio\/wp-content\/uploads\/2018\/10\/dia-mundial-dos-animais-4-de-outubro.jpg?resize=800%2C800&#038;ssl=1\" alt=\"Dia Mundial dos Animais\" class=\"wp-image-19845\" srcset=\"https:\/\/i0.wp.com\/biologo.com.br\/bio\/wp-content\/uploads\/2018\/10\/dia-mundial-dos-animais-4-de-outubro.jpg?resize=1024%2C1024&amp;ssl=1 1024w, https:\/\/i0.wp.com\/biologo.com.br\/bio\/wp-content\/uploads\/2018\/10\/dia-mundial-dos-animais-4-de-outubro.jpg?resize=300%2C300&amp;ssl=1 300w, https:\/\/i0.wp.com\/biologo.com.br\/bio\/wp-content\/uploads\/2018\/10\/dia-mundial-dos-animais-4-de-outubro.jpg?resize=150%2C150&amp;ssl=1 150w, https:\/\/i0.wp.com\/biologo.com.br\/bio\/wp-content\/uploads\/2018\/10\/dia-mundial-dos-animais-4-de-outubro.jpg?resize=768%2C768&amp;ssl=1 768w, https:\/\/i0.wp.com\/biologo.com.br\/bio\/wp-content\/uploads\/2018\/10\/dia-mundial-dos-animais-4-de-outubro.jpg?resize=96%2C96&amp;ssl=1 96w, https:\/\/i0.wp.com\/biologo.com.br\/bio\/wp-content\/uploads\/2018\/10\/dia-mundial-dos-animais-4-de-outubro.jpg?w=1080&amp;ssl=1 1080w\" sizes=\"auto, (max-width: 800px) 100vw, 800px\" \/><\/a><\/figure>\n\n\n\n<p><\/p>\n\n\n\n<h4 class=\"wp-block-heading\"><span style=\"font-size: 12pt;\"><strong><span style=\"color: #000000;\"><span style=\"color: #800000;\">Bem-estar animal<\/span><span style=\"color: #999999; font-size: 10pt; font-family: 'courier new', courier, monospace;\"> &nbsp;<\/span><\/span><\/strong><\/span><\/h4>\n\n\n\n<p><span style=\"color: #000000;\">O conceito de&nbsp;bem-estar animal&nbsp;refere-se a uma boa ou satisfat\u00f3ria&nbsp;qualidade de vida&nbsp;que envolve determinados aspectos referentes ao animal tal como a&nbsp;sa\u00fade, a&nbsp;felicidade, a&nbsp;longevidade&nbsp;(Tannenbaum, 1991; Fraser, 1995).<\/span><\/p>\n\n\n\n<figure class=\"wp-block-image aligncenter size-full\"><a href=\"https:\/\/biologo.com.br\/bio\/peixe-boi-e-devolvido-a-natureza\/\"><img data-recalc-dims=\"1\" loading=\"lazy\" decoding=\"async\" width=\"631\" height=\"351\" data-attachment-id=\"3546\" data-permalink=\"https:\/\/biologo.com.br\/bio\/peixe-boi-e-devolvido-a-natureza\/peixe-boi\/\" data-orig-file=\"https:\/\/i0.wp.com\/biologo.com.br\/bio\/wp-content\/uploads\/2018\/01\/peixe-boi.jpg?fit=631%2C351&amp;ssl=1\" data-orig-size=\"631,351\" data-comments-opened=\"0\" data-image-meta=\"{&quot;aperture&quot;:&quot;0&quot;,&quot;credit&quot;:&quot;&quot;,&quot;camera&quot;:&quot;&quot;,&quot;caption&quot;:&quot;&quot;,&quot;created_timestamp&quot;:&quot;0&quot;,&quot;copyright&quot;:&quot;&quot;,&quot;focal_length&quot;:&quot;0&quot;,&quot;iso&quot;:&quot;0&quot;,&quot;shutter_speed&quot;:&quot;0&quot;,&quot;title&quot;:&quot;&quot;,&quot;orientation&quot;:&quot;0&quot;}\" data-image-title=\"peixe-boi\" data-image-description=\"&lt;p&gt;Peixe-boi \u00e9 devolvido \u00e0 natureza. Manny (Cr\u00e9dito: Atlantis)&lt;\/p&gt;\n\" data-image-caption=\"&lt;p&gt; Manny (Cr\u00e9dito: Atlantis)&lt;\/p&gt;\n\" data-large-file=\"https:\/\/i0.wp.com\/biologo.com.br\/bio\/wp-content\/uploads\/2018\/01\/peixe-boi.jpg?fit=631%2C351&amp;ssl=1\" src=\"https:\/\/i0.wp.com\/biologo.com.br\/bio\/wp-content\/uploads\/2018\/01\/peixe-boi.jpg?resize=631%2C351&#038;ssl=1\" alt=\"Peixe-boi \u00e9 devolvido \u00e0 natureza\" class=\"wp-image-3546\" srcset=\"https:\/\/i0.wp.com\/biologo.com.br\/bio\/wp-content\/uploads\/2018\/01\/peixe-boi.jpg?w=631&amp;ssl=1 631w, https:\/\/i0.wp.com\/biologo.com.br\/bio\/wp-content\/uploads\/2018\/01\/peixe-boi.jpg?resize=300%2C167&amp;ssl=1 300w\" sizes=\"auto, (max-width: 631px) 100vw, 631px\" \/><\/a><figcaption class=\"wp-element-caption\"><span style=\"font-size: 10pt; color: #0000ff;\"><a style=\"color: #0000ff;\" href=\"https:\/\/biologo.com.br\/bio\/peixe-boi-e-devolvido-a-natureza\/\">Peixe-boi \u00e9 devolvido \u00e0 natureza<\/a><\/span><\/figcaption><\/figure>\n\n\n\n<blockquote class=\"wp-block-quote is-layout-flow wp-block-quote-is-layout-flow\" style=\"border-radius:100px\">\n<p><span style=\"color: #ffffff; font-size: 14pt;\">&#8220;Um estado de completa sa\u00fade f\u00edsica e&nbsp;mental, em que o animal est\u00e1 em harmonia com o ambiente que o rodeia.&#8221; (Hughes, 1976). Barry Hughes em um dos conceitos mais populares de bem\u2013estar animal<\/span><\/p>\n<\/blockquote>\n\n\n\n<p><span style=\"color: #000000;\">Outra defini\u00e7\u00e3o foi dada por Broom (1986) em que o bem-estar animal \u00e9 definido pela &#8220;sua capacidade em se&nbsp;adaptar&nbsp;ao seu&nbsp;meio ambiente&#8221;.<\/span><\/p>\n\n\n\n<h4 class=\"wp-block-heading\"><span style=\"font-family: 'courier new', courier, monospace;\"><strong><span style=\"font-size: 12pt;\"><span style=\"color: #000000;\">Hist\u00f3ria<\/span> <span style=\"color: #999999;\">\/ 4 de Outubro<\/span><\/span><\/strong><\/span><\/h4>\n\n\n\n<p><span style=\"color: #000000;\">O Dia Mundial dos Animais foi criado por Heinrich Zimmermann. Ele organizou o primeiro Dia Mundial dos Animais em 24 de mar\u00e7o de 1925 no Sport Palace em Berlim, na Alemanha. Mais de 5.000 pessoas participaram deste primeiro evento.<\/span><\/p>\n\n\n\n<figure class=\"wp-block-image aligncenter\"><a href=\"https:\/\/biologo.com.br\/bio\/ornitologia-no-brasil\/\"><img data-recalc-dims=\"1\" loading=\"lazy\" decoding=\"async\" width=\"631\" height=\"351\" data-attachment-id=\"3143\" data-permalink=\"https:\/\/biologo.com.br\/bio\/ornitologia-no-brasil\/ornitologia-no-brasil-2\/\" data-orig-file=\"https:\/\/i0.wp.com\/biologo.com.br\/bio\/wp-content\/uploads\/2017\/10\/Ornitologia-no-Brasil.jpg?fit=631%2C351&amp;ssl=1\" data-orig-size=\"631,351\" data-comments-opened=\"0\" data-image-meta=\"{&quot;aperture&quot;:&quot;0&quot;,&quot;credit&quot;:&quot;&quot;,&quot;camera&quot;:&quot;&quot;,&quot;caption&quot;:&quot;&quot;,&quot;created_timestamp&quot;:&quot;0&quot;,&quot;copyright&quot;:&quot;&quot;,&quot;focal_length&quot;:&quot;0&quot;,&quot;iso&quot;:&quot;0&quot;,&quot;shutter_speed&quot;:&quot;0&quot;,&quot;title&quot;:&quot;&quot;,&quot;orientation&quot;:&quot;0&quot;}\" data-image-title=\"Ornitologia-no-Brasil\" data-image-description=\"&lt;p&gt;Ornitologia no Brasil: aves brasileiras&lt;\/p&gt;\n\" data-image-caption=\"&lt;p&gt;Ornitologia no Brasil&lt;\/p&gt;\n\" data-large-file=\"https:\/\/i0.wp.com\/biologo.com.br\/bio\/wp-content\/uploads\/2017\/10\/Ornitologia-no-Brasil.jpg?fit=631%2C351&amp;ssl=1\" src=\"https:\/\/i0.wp.com\/biologo.com.br\/bio\/wp-content\/uploads\/2017\/10\/Ornitologia-no-Brasil.jpg?resize=631%2C351&#038;ssl=1\" alt=\"Ornitologia no Brasil:\" class=\"wp-image-3143\" srcset=\"https:\/\/i0.wp.com\/biologo.com.br\/bio\/wp-content\/uploads\/2017\/10\/Ornitologia-no-Brasil.jpg?w=631&amp;ssl=1 631w, https:\/\/i0.wp.com\/biologo.com.br\/bio\/wp-content\/uploads\/2017\/10\/Ornitologia-no-Brasil.jpg?resize=300%2C167&amp;ssl=1 300w\" sizes=\"auto, (max-width: 631px) 100vw, 631px\" \/><\/a><figcaption class=\"wp-element-caption\"><span style=\"font-size: 10pt; color: #0000ff;\"><a style=\"color: #0000ff;\" href=\"https:\/\/biologo.com.br\/bio\/ornitologia-no-brasil\/\">Ornitologia no Brasil<\/a><\/span><\/figcaption><\/figure>\n\n\n\n<p><span style=\"color: #000000;\">O evento foi originalmente agendado para 4 de outubro, para se alinhar com o dia da festa de S\u00e3o Francisco de Assis, padroeiro da ecologia, no entanto, o local n\u00e3o estava dispon\u00edvel naquele dia.<\/span><\/p>\n\n\n\n<h3 class=\"wp-block-heading\"><span style=\"font-family: 'courier new', courier, monospace;\"><strong><span style=\"color: #000000; font-size: 12pt;\">4 de outubro&nbsp;<\/span><\/strong><\/span><\/h3>\n\n\n\n<figure class=\"wp-block-image aligncenter size-full\"><a href=\"https:\/\/i0.wp.com\/biologo.com.br\/bio\/wp-content\/uploads\/2018\/08\/Os-Grandes-Felinos.jpg?ssl=1\"><img data-recalc-dims=\"1\" loading=\"lazy\" decoding=\"async\" width=\"631\" height=\"351\" data-attachment-id=\"4561\" data-permalink=\"https:\/\/biologo.com.br\/bio\/os-grandes-felinos\/os-grandes-felinos\/\" data-orig-file=\"https:\/\/i0.wp.com\/biologo.com.br\/bio\/wp-content\/uploads\/2018\/08\/Os-Grandes-Felinos.jpg?fit=631%2C351&amp;ssl=1\" data-orig-size=\"631,351\" data-comments-opened=\"0\" data-image-meta=\"{&quot;aperture&quot;:&quot;0&quot;,&quot;credit&quot;:&quot;&quot;,&quot;camera&quot;:&quot;&quot;,&quot;caption&quot;:&quot;&quot;,&quot;created_timestamp&quot;:&quot;0&quot;,&quot;copyright&quot;:&quot;&quot;,&quot;focal_length&quot;:&quot;0&quot;,&quot;iso&quot;:&quot;0&quot;,&quot;shutter_speed&quot;:&quot;0&quot;,&quot;title&quot;:&quot;&quot;,&quot;orientation&quot;:&quot;0&quot;}\" data-image-title=\"Os-Grandes-Felinos\" data-image-description=\"&lt;p&gt;Os Grandes Felinos. Le\u00e3o&lt;\/p&gt;\n\" data-image-caption=\"\" data-large-file=\"https:\/\/i0.wp.com\/biologo.com.br\/bio\/wp-content\/uploads\/2018\/08\/Os-Grandes-Felinos.jpg?fit=631%2C351&amp;ssl=1\" src=\"https:\/\/i0.wp.com\/biologo.com.br\/bio\/wp-content\/uploads\/2018\/08\/Os-Grandes-Felinos.jpg?resize=631%2C351&#038;ssl=1\" alt=\"Os Grandes Felinos\" class=\"wp-image-4561\" srcset=\"https:\/\/i0.wp.com\/biologo.com.br\/bio\/wp-content\/uploads\/2018\/08\/Os-Grandes-Felinos.jpg?w=631&amp;ssl=1 631w, https:\/\/i0.wp.com\/biologo.com.br\/bio\/wp-content\/uploads\/2018\/08\/Os-Grandes-Felinos.jpg?resize=300%2C167&amp;ssl=1 300w\" sizes=\"auto, (max-width: 631px) 100vw, 631px\" \/><\/a><figcaption class=\"wp-element-caption\"><span style=\"color: #0000ff;\"><a style=\"color: #0000ff;\" href=\"https:\/\/biologo.com.br\/bio\/os-grandes-felinos\/\"><span style=\"font-size: 10pt;\">Os Grandes Felinos<\/span><\/a><\/span><\/figcaption><\/figure>\n\n\n\n<p><span style=\"color: #000000;\">O evento foi movido para 4 de outubro pela primeira vez em 1929. Inicialmente, ele encontrou um seguimento apenas na Alemanha, \u00c1ustria, Su\u00ed\u00e7a e Tchecoslov\u00e1quia. Zimmermann trabalhou incansavelmente na promo\u00e7\u00e3o do Dia Mundial dos Animais.<\/span><\/p>\n\n\n\n<p><span style=\"color: #000000;\">Finalmente, em maio de 1931, em um congresso do Congresso Internacional de Prote\u00e7\u00e3o Animal em Floren\u00e7a, It\u00e1lia, sua proposta de tornar universal o Dia Mundial dos Animais de 4 de outubro foi aceita por unanimidade e aprovada como resolu\u00e7\u00e3o.<\/span><\/p>\n\n\n\n<p><span style=\"color: #000000;\">Algumas vezes \u00e9 citado, incorretamente, que o Dia Mundial dos Animais come\u00e7ou em 1931 na conven\u00e7\u00e3o de ecologistas em Floren\u00e7a, It\u00e1lia, que desejava destacar a situa\u00e7\u00e3o das esp\u00e9cies amea\u00e7adas de extin\u00e7\u00e3o.<\/span><\/p>\n\n\n\n<p><span style=\"color: #000000;\">Hoje, o Dia Mundial dos Animais \u00e9 um evento global que une o movimento de prote\u00e7\u00e3o animal, liderado e patrocinado pela institui\u00e7\u00e3o de bem-estar animal do Reino Unido, Naturewatch Foundation desde 2003. <\/span><\/p>\n\n\n\n<p><span style=\"color: #000000;\">Os animais tamb\u00e9m s\u00e3o lembrados no&nbsp;<a style=\"color: #000000;\" href=\"https:\/\/biologo.com.br\/bio\/dia-nacional-dos-animais\/\" target=\"_blank\" rel=\"noopener noreferrer\">14 de mar\u00e7o<\/a>, considerado o<\/span>&nbsp;<a href=\"https:\/\/biologo.com.br\/bio\/dia-nacional-dos-animais\/\">Dia Nacional dos Animais<\/a><\/p>\n","protected":false},"excerpt":{"rendered":"<p>Dia Mundial dos Animais: O&nbsp;Dia Mundial dos Animais&nbsp;\u00e9 comemorado anualmente em&nbsp;4 de Outubro. A ideia \u00e9 celebrar conscientizando para os<\/p>\n","protected":false},"author":1,"featured_media":5043,"comment_status":"closed","ping_status":"closed","sticky":false,"template":"","format":"standard","meta":{"colormag_page_container_layout":"default_layout","colormag_page_sidebar_layout":"default_layout","jetpack_post_was_ever_published":false,"_jetpack_newsletter_access":"","_jetpack_dont_email_post_to_subs":false,"_jetpack_newsletter_tier_id":0,"_jetpack_memberships_contains_paywalled_content":false,"_jetpack_memberships_contains_paid_content":false,"footnotes":"","jetpack_publicize_message":"","jetpack_publicize_feature_enabled":true,"jetpack_social_post_already_shared":true,"jetpack_social_options":{"image_generator_settings":{"template":"highway","default_image_id":0,"font":"","enabled":false},"version":2}},"categories":[3,135,27],"tags":[],"class_list":["post-3700","post","type-post","status-publish","format-standard","has-post-thumbnail","hentry","category-bioetica","category-conservacao","category-zoologia"],"yoast_head":"<!-- This site is optimized with the Yoast SEO plugin v27.5 - https:\/\/yoast.com\/product\/yoast-seo-wordpress\/ -->\n<title>Dia Mundial dos Animais - 4 de Outubro: Datas importantes<\/title>\n<meta name=\"description\" content=\"O\u00a0Dia Mundial dos Animais\u00a0\u00e9 comemorado anualmente em\u00a04 de Outubro. A ideia \u00e9 celebrar conscientizando para os direitos de\u00a0bem estar animal.\" \/>\n<meta name=\"robots\" content=\"index, follow, max-snippet:-1, max-image-preview:large, max-video-preview:-1\" \/>\n<link rel=\"canonical\" href=\"https:\/\/biologo.com.br\/bio\/dia-mundial-dos-animais\/\" \/>\n<meta property=\"og:locale\" content=\"pt_BR\" \/>\n<meta property=\"og:type\" content=\"article\" \/>\n<meta property=\"og:title\" content=\"Dia Mundial dos Animais - 4 de Outubro: Datas importantes\" \/>\n<meta property=\"og:description\" content=\"O\u00a0Dia Mundial dos Animais\u00a0\u00e9 comemorado anualmente em\u00a04 de Outubro. A ideia \u00e9 celebrar conscientizando para os direitos de\u00a0bem estar animal.\" \/>\n<meta property=\"og:url\" content=\"https:\/\/biologo.com.br\/bio\/dia-mundial-dos-animais\/\" \/>\n<meta property=\"og:site_name\" content=\"Bi\u00f3logo\" \/>\n<meta property=\"article:publisher\" content=\"https:\/\/www.facebook.com\/biologocombr\/\" \/>\n<meta property=\"article:published_time\" content=\"2018-10-04T15:46:23+00:00\" \/>\n<meta property=\"article:modified_time\" content=\"2025-10-04T14:12:43+00:00\" \/>\n<meta property=\"og:image\" content=\"https:\/\/biologo.com.br\/bio\/wp-content\/uploads\/2018\/10\/Dia-Mundial-dos-Animais.jpg\" \/>\n\t<meta property=\"og:image:width\" content=\"631\" \/>\n\t<meta property=\"og:image:height\" content=\"351\" \/>\n\t<meta property=\"og:image:type\" content=\"image\/jpeg\" \/>\n<meta name=\"author\" content=\"pozzana\" \/>\n<meta name=\"twitter:card\" content=\"summary_large_image\" \/>\n<meta name=\"twitter:creator\" content=\"@Biologocombr\" \/>\n<meta name=\"twitter:site\" content=\"@Biologocombr\" \/>\n<meta name=\"twitter:label1\" content=\"Escrito por\" \/>\n\t<meta name=\"twitter:data1\" content=\"pozzana\" \/>\n\t<meta name=\"twitter:label2\" content=\"Est. tempo de leitura\" \/>\n\t<meta name=\"twitter:data2\" content=\"4 minutos\" \/>\n<script type=\"application\/ld+json\" class=\"yoast-schema-graph\">{\"@context\":\"https:\\\/\\\/schema.org\",\"@graph\":[{\"@type\":\"Article\",\"@id\":\"https:\\\/\\\/biologo.com.br\\\/bio\\\/dia-mundial-dos-animais\\\/#article\",\"isPartOf\":{\"@id\":\"https:\\\/\\\/biologo.com.br\\\/bio\\\/dia-mundial-dos-animais\\\/\"},\"author\":{\"name\":\"pozzana\",\"@id\":\"https:\\\/\\\/biologo.com.br\\\/bio\\\/#\\\/schema\\\/person\\\/3a5d600bbc47f8bb0cd43594317a6cd4\"},\"headline\":\"Dia Mundial dos Animais\",\"datePublished\":\"2018-10-04T15:46:23+00:00\",\"dateModified\":\"2025-10-04T14:12:43+00:00\",\"mainEntityOfPage\":{\"@id\":\"https:\\\/\\\/biologo.com.br\\\/bio\\\/dia-mundial-dos-animais\\\/\"},\"wordCount\":502,\"publisher\":{\"@id\":\"https:\\\/\\\/biologo.com.br\\\/bio\\\/#organization\"},\"image\":{\"@id\":\"https:\\\/\\\/biologo.com.br\\\/bio\\\/dia-mundial-dos-animais\\\/#primaryimage\"},\"thumbnailUrl\":\"https:\\\/\\\/i0.wp.com\\\/biologo.com.br\\\/bio\\\/wp-content\\\/uploads\\\/2018\\\/10\\\/Dia-Mundial-dos-Animais.jpg?fit=631%2C351&ssl=1\",\"articleSection\":[\"Bio\u00e9tica\",\"Conserva\u00e7\u00e3o\",\"Zoologia\"],\"inLanguage\":\"pt-BR\"},{\"@type\":\"WebPage\",\"@id\":\"https:\\\/\\\/biologo.com.br\\\/bio\\\/dia-mundial-dos-animais\\\/\",\"url\":\"https:\\\/\\\/biologo.com.br\\\/bio\\\/dia-mundial-dos-animais\\\/\",\"name\":\"Dia Mundial dos Animais - 4 de Outubro: Datas importantes\",\"isPartOf\":{\"@id\":\"https:\\\/\\\/biologo.com.br\\\/bio\\\/#website\"},\"primaryImageOfPage\":{\"@id\":\"https:\\\/\\\/biologo.com.br\\\/bio\\\/dia-mundial-dos-animais\\\/#primaryimage\"},\"image\":{\"@id\":\"https:\\\/\\\/biologo.com.br\\\/bio\\\/dia-mundial-dos-animais\\\/#primaryimage\"},\"thumbnailUrl\":\"https:\\\/\\\/i0.wp.com\\\/biologo.com.br\\\/bio\\\/wp-content\\\/uploads\\\/2018\\\/10\\\/Dia-Mundial-dos-Animais.jpg?fit=631%2C351&ssl=1\",\"datePublished\":\"2018-10-04T15:46:23+00:00\",\"dateModified\":\"2025-10-04T14:12:43+00:00\",\"description\":\"O\u00a0Dia Mundial dos Animais\u00a0\u00e9 comemorado anualmente em\u00a04 de Outubro. A ideia \u00e9 celebrar conscientizando para os direitos de\u00a0bem estar animal.\",\"breadcrumb\":{\"@id\":\"https:\\\/\\\/biologo.com.br\\\/bio\\\/dia-mundial-dos-animais\\\/#breadcrumb\"},\"inLanguage\":\"pt-BR\",\"potentialAction\":[{\"@type\":\"ReadAction\",\"target\":[\"https:\\\/\\\/biologo.com.br\\\/bio\\\/dia-mundial-dos-animais\\\/\"]}]},{\"@type\":\"ImageObject\",\"inLanguage\":\"pt-BR\",\"@id\":\"https:\\\/\\\/biologo.com.br\\\/bio\\\/dia-mundial-dos-animais\\\/#primaryimage\",\"url\":\"https:\\\/\\\/i0.wp.com\\\/biologo.com.br\\\/bio\\\/wp-content\\\/uploads\\\/2018\\\/10\\\/Dia-Mundial-dos-Animais.jpg?fit=631%2C351&ssl=1\",\"contentUrl\":\"https:\\\/\\\/i0.wp.com\\\/biologo.com.br\\\/bio\\\/wp-content\\\/uploads\\\/2018\\\/10\\\/Dia-Mundial-dos-Animais.jpg?fit=631%2C351&ssl=1\",\"width\":631,\"height\":351,\"caption\":\"Dia Mundial dos Animais\"},{\"@type\":\"BreadcrumbList\",\"@id\":\"https:\\\/\\\/biologo.com.br\\\/bio\\\/dia-mundial-dos-animais\\\/#breadcrumb\",\"itemListElement\":[{\"@type\":\"ListItem\",\"position\":1,\"name\":\"In\u00edcio\",\"item\":\"https:\\\/\\\/biologo.com.br\\\/bio\\\/\"},{\"@type\":\"ListItem\",\"position\":2,\"name\":\"Dia Mundial dos Animais\"}]},{\"@type\":\"WebSite\",\"@id\":\"https:\\\/\\\/biologo.com.br\\\/bio\\\/#website\",\"url\":\"https:\\\/\\\/biologo.com.br\\\/bio\\\/\",\"name\":\"Bi\u00f3logo\",\"description\":\"Biologia. Informa\u00e7\u00f5es para bi\u00f3logos ou leigos. Eventos, v\u00eddeos e muito mais. Ci\u00eancias biol\u00f3gicas.\",\"publisher\":{\"@id\":\"https:\\\/\\\/biologo.com.br\\\/bio\\\/#organization\"},\"potentialAction\":[{\"@type\":\"SearchAction\",\"target\":{\"@type\":\"EntryPoint\",\"urlTemplate\":\"https:\\\/\\\/biologo.com.br\\\/bio\\\/?s={search_term_string}\"},\"query-input\":{\"@type\":\"PropertyValueSpecification\",\"valueRequired\":true,\"valueName\":\"search_term_string\"}}],\"inLanguage\":\"pt-BR\"},{\"@type\":\"Organization\",\"@id\":\"https:\\\/\\\/biologo.com.br\\\/bio\\\/#organization\",\"name\":\"Bi\u00f3logo\",\"url\":\"https:\\\/\\\/biologo.com.br\\\/bio\\\/\",\"logo\":{\"@type\":\"ImageObject\",\"inLanguage\":\"pt-BR\",\"@id\":\"https:\\\/\\\/biologo.com.br\\\/bio\\\/#\\\/schema\\\/logo\\\/image\\\/\",\"url\":\"https:\\\/\\\/i0.wp.com\\\/biologo.com.br\\\/bio\\\/wp-content\\\/uploads\\\/2015\\\/12\\\/logo1.jpg?fit=179%2C57&ssl=1\",\"contentUrl\":\"https:\\\/\\\/i0.wp.com\\\/biologo.com.br\\\/bio\\\/wp-content\\\/uploads\\\/2015\\\/12\\\/logo1.jpg?fit=179%2C57&ssl=1\",\"width\":179,\"height\":57,\"caption\":\"Bi\u00f3logo\"},\"image\":{\"@id\":\"https:\\\/\\\/biologo.com.br\\\/bio\\\/#\\\/schema\\\/logo\\\/image\\\/\"},\"sameAs\":[\"https:\\\/\\\/www.facebook.com\\\/biologocombr\\\/\",\"https:\\\/\\\/x.com\\\/Biologocombr\",\"https:\\\/\\\/www.instagram.com\\\/biologo.com.br\\\/\"]},{\"@type\":\"Person\",\"@id\":\"https:\\\/\\\/biologo.com.br\\\/bio\\\/#\\\/schema\\\/person\\\/3a5d600bbc47f8bb0cd43594317a6cd4\",\"name\":\"pozzana\",\"image\":{\"@type\":\"ImageObject\",\"inLanguage\":\"pt-BR\",\"@id\":\"https:\\\/\\\/secure.gravatar.com\\\/avatar\\\/fa8f924c29488a329bd70373453572f7494e802125f373a7f2937173cc26b21f?s=96&d=mm&r=g\",\"url\":\"https:\\\/\\\/secure.gravatar.com\\\/avatar\\\/fa8f924c29488a329bd70373453572f7494e802125f373a7f2937173cc26b21f?s=96&d=mm&r=g\",\"contentUrl\":\"https:\\\/\\\/secure.gravatar.com\\\/avatar\\\/fa8f924c29488a329bd70373453572f7494e802125f373a7f2937173cc26b21f?s=96&d=mm&r=g\",\"caption\":\"pozzana\"},\"url\":\"https:\\\/\\\/biologo.com.br\\\/bio\\\/author\\\/pozzana\\\/\"}]}<\/script>\n<!-- \/ Yoast SEO plugin. -->","yoast_head_json":{"title":"Dia Mundial dos Animais - 4 de Outubro: Datas importantes","description":"O\u00a0Dia Mundial dos Animais\u00a0\u00e9 comemorado anualmente em\u00a04 de Outubro. A ideia \u00e9 celebrar conscientizando para os direitos de\u00a0bem estar animal.","robots":{"index":"index","follow":"follow","max-snippet":"max-snippet:-1","max-image-preview":"max-image-preview:large","max-video-preview":"max-video-preview:-1"},"canonical":"https:\/\/biologo.com.br\/bio\/dia-mundial-dos-animais\/","og_locale":"pt_BR","og_type":"article","og_title":"Dia Mundial dos Animais - 4 de Outubro: Datas importantes","og_description":"O\u00a0Dia Mundial dos Animais\u00a0\u00e9 comemorado anualmente em\u00a04 de Outubro. A ideia \u00e9 celebrar conscientizando para os direitos de\u00a0bem estar animal.","og_url":"https:\/\/biologo.com.br\/bio\/dia-mundial-dos-animais\/","og_site_name":"Bi\u00f3logo","article_publisher":"https:\/\/www.facebook.com\/biologocombr\/","article_published_time":"2018-10-04T15:46:23+00:00","article_modified_time":"2025-10-04T14:12:43+00:00","og_image":[{"width":631,"height":351,"url":"https:\/\/biologo.com.br\/bio\/wp-content\/uploads\/2018\/10\/Dia-Mundial-dos-Animais.jpg","type":"image\/jpeg"}],"author":"pozzana","twitter_card":"summary_large_image","twitter_creator":"@Biologocombr","twitter_site":"@Biologocombr","twitter_misc":{"Escrito por":"pozzana","Est. tempo de leitura":"4 minutos"},"schema":{"@context":"https:\/\/schema.org","@graph":[{"@type":"Article","@id":"https:\/\/biologo.com.br\/bio\/dia-mundial-dos-animais\/#article","isPartOf":{"@id":"https:\/\/biologo.com.br\/bio\/dia-mundial-dos-animais\/"},"author":{"name":"pozzana","@id":"https:\/\/biologo.com.br\/bio\/#\/schema\/person\/3a5d600bbc47f8bb0cd43594317a6cd4"},"headline":"Dia Mundial dos Animais","datePublished":"2018-10-04T15:46:23+00:00","dateModified":"2025-10-04T14:12:43+00:00","mainEntityOfPage":{"@id":"https:\/\/biologo.com.br\/bio\/dia-mundial-dos-animais\/"},"wordCount":502,"publisher":{"@id":"https:\/\/biologo.com.br\/bio\/#organization"},"image":{"@id":"https:\/\/biologo.com.br\/bio\/dia-mundial-dos-animais\/#primaryimage"},"thumbnailUrl":"https:\/\/i0.wp.com\/biologo.com.br\/bio\/wp-content\/uploads\/2018\/10\/Dia-Mundial-dos-Animais.jpg?fit=631%2C351&ssl=1","articleSection":["Bio\u00e9tica","Conserva\u00e7\u00e3o","Zoologia"],"inLanguage":"pt-BR"},{"@type":"WebPage","@id":"https:\/\/biologo.com.br\/bio\/dia-mundial-dos-animais\/","url":"https:\/\/biologo.com.br\/bio\/dia-mundial-dos-animais\/","name":"Dia Mundial dos Animais - 4 de Outubro: Datas importantes","isPartOf":{"@id":"https:\/\/biologo.com.br\/bio\/#website"},"primaryImageOfPage":{"@id":"https:\/\/biologo.com.br\/bio\/dia-mundial-dos-animais\/#primaryimage"},"image":{"@id":"https:\/\/biologo.com.br\/bio\/dia-mundial-dos-animais\/#primaryimage"},"thumbnailUrl":"https:\/\/i0.wp.com\/biologo.com.br\/bio\/wp-content\/uploads\/2018\/10\/Dia-Mundial-dos-Animais.jpg?fit=631%2C351&ssl=1","datePublished":"2018-10-04T15:46:23+00:00","dateModified":"2025-10-04T14:12:43+00:00","description":"O\u00a0Dia Mundial dos Animais\u00a0\u00e9 comemorado anualmente em\u00a04 de Outubro. A ideia \u00e9 celebrar conscientizando para os direitos de\u00a0bem estar animal.","breadcrumb":{"@id":"https:\/\/biologo.com.br\/bio\/dia-mundial-dos-animais\/#breadcrumb"},"inLanguage":"pt-BR","potentialAction":[{"@type":"ReadAction","target":["https:\/\/biologo.com.br\/bio\/dia-mundial-dos-animais\/"]}]},{"@type":"ImageObject","inLanguage":"pt-BR","@id":"https:\/\/biologo.com.br\/bio\/dia-mundial-dos-animais\/#primaryimage","url":"https:\/\/i0.wp.com\/biologo.com.br\/bio\/wp-content\/uploads\/2018\/10\/Dia-Mundial-dos-Animais.jpg?fit=631%2C351&ssl=1","contentUrl":"https:\/\/i0.wp.com\/biologo.com.br\/bio\/wp-content\/uploads\/2018\/10\/Dia-Mundial-dos-Animais.jpg?fit=631%2C351&ssl=1","width":631,"height":351,"caption":"Dia Mundial dos Animais"},{"@type":"BreadcrumbList","@id":"https:\/\/biologo.com.br\/bio\/dia-mundial-dos-animais\/#breadcrumb","itemListElement":[{"@type":"ListItem","position":1,"name":"In\u00edcio","item":"https:\/\/biologo.com.br\/bio\/"},{"@type":"ListItem","position":2,"name":"Dia Mundial dos Animais"}]},{"@type":"WebSite","@id":"https:\/\/biologo.com.br\/bio\/#website","url":"https:\/\/biologo.com.br\/bio\/","name":"Bi\u00f3logo","description":"Biologia. Informa\u00e7\u00f5es para bi\u00f3logos ou leigos. Eventos, v\u00eddeos e muito mais. Ci\u00eancias biol\u00f3gicas.","publisher":{"@id":"https:\/\/biologo.com.br\/bio\/#organization"},"potentialAction":[{"@type":"SearchAction","target":{"@type":"EntryPoint","urlTemplate":"https:\/\/biologo.com.br\/bio\/?s={search_term_string}"},"query-input":{"@type":"PropertyValueSpecification","valueRequired":true,"valueName":"search_term_string"}}],"inLanguage":"pt-BR"},{"@type":"Organization","@id":"https:\/\/biologo.com.br\/bio\/#organization","name":"Bi\u00f3logo","url":"https:\/\/biologo.com.br\/bio\/","logo":{"@type":"ImageObject","inLanguage":"pt-BR","@id":"https:\/\/biologo.com.br\/bio\/#\/schema\/logo\/image\/","url":"https:\/\/i0.wp.com\/biologo.com.br\/bio\/wp-content\/uploads\/2015\/12\/logo1.jpg?fit=179%2C57&ssl=1","contentUrl":"https:\/\/i0.wp.com\/biologo.com.br\/bio\/wp-content\/uploads\/2015\/12\/logo1.jpg?fit=179%2C57&ssl=1","width":179,"height":57,"caption":"Bi\u00f3logo"},"image":{"@id":"https:\/\/biologo.com.br\/bio\/#\/schema\/logo\/image\/"},"sameAs":["https:\/\/www.facebook.com\/biologocombr\/","https:\/\/x.com\/Biologocombr","https:\/\/www.instagram.com\/biologo.com.br\/"]},{"@type":"Person","@id":"https:\/\/biologo.com.br\/bio\/#\/schema\/person\/3a5d600bbc47f8bb0cd43594317a6cd4","name":"pozzana","image":{"@type":"ImageObject","inLanguage":"pt-BR","@id":"https:\/\/secure.gravatar.com\/avatar\/fa8f924c29488a329bd70373453572f7494e802125f373a7f2937173cc26b21f?s=96&d=mm&r=g","url":"https:\/\/secure.gravatar.com\/avatar\/fa8f924c29488a329bd70373453572f7494e802125f373a7f2937173cc26b21f?s=96&d=mm&r=g","contentUrl":"https:\/\/secure.gravatar.com\/avatar\/fa8f924c29488a329bd70373453572f7494e802125f373a7f2937173cc26b21f?s=96&d=mm&r=g","caption":"pozzana"},"url":"https:\/\/biologo.com.br\/bio\/author\/pozzana\/"}]}},"jetpack_publicize_connections":[],"jetpack_featured_media_url":"https:\/\/i0.wp.com\/biologo.com.br\/bio\/wp-content\/uploads\/2018\/10\/Dia-Mundial-dos-Animais.jpg?fit=631%2C351&ssl=1","jetpack-related-posts":[{"id":7473,"url":"https:\/\/biologo.com.br\/bio\/datas-especiais-da-biologia\/","url_meta":{"origin":3700,"position":0},"title":"Datas especiais da biologia","author":"pozzana","date":"agosto 5, 2020","format":false,"excerpt":"Datas especiais da biologia. Alguns dias s\u00e3o mais que especiais para os bi\u00f3logos. Seja a data de nascimento de um cientista importante ou uma jornada criada para lembrar um profissional da biologia, s\u00e3o eventos que um bi\u00f3logo pode querer guardar na agenda. Datas especiais da biologia Em certas datas que\u2026","rel":"","context":"Em &quot;Eventos&quot;","block_context":{"text":"Eventos","link":"https:\/\/biologo.com.br\/bio\/category\/eventos\/"},"img":{"alt_text":"Datas especiais da biologia - calend\u00e1rio","src":"https:\/\/i0.wp.com\/biologo.com.br\/bio\/wp-content\/uploads\/2020\/08\/Datas-especiais-da-biologia-calendario.jpg?fit=1200%2C675&ssl=1&resize=350%2C200","width":350,"height":200,"srcset":"https:\/\/i0.wp.com\/biologo.com.br\/bio\/wp-content\/uploads\/2020\/08\/Datas-especiais-da-biologia-calendario.jpg?fit=1200%2C675&ssl=1&resize=350%2C200 1x, https:\/\/i0.wp.com\/biologo.com.br\/bio\/wp-content\/uploads\/2020\/08\/Datas-especiais-da-biologia-calendario.jpg?fit=1200%2C675&ssl=1&resize=525%2C300 1.5x, https:\/\/i0.wp.com\/biologo.com.br\/bio\/wp-content\/uploads\/2020\/08\/Datas-especiais-da-biologia-calendario.jpg?fit=1200%2C675&ssl=1&resize=700%2C400 2x, https:\/\/i0.wp.com\/biologo.com.br\/bio\/wp-content\/uploads\/2020\/08\/Datas-especiais-da-biologia-calendario.jpg?fit=1200%2C675&ssl=1&resize=1050%2C600 3x"},"classes":[]},{"id":13169,"url":"https:\/\/biologo.com.br\/bio\/dia-da-natureza\/","url_meta":{"origin":3700,"position":1},"title":"Dia da Natureza","author":"pozzana","date":"outubro 4, 2022","format":false,"excerpt":"Dia da natureza (4 de outubro): Neste dia destinado para a reflex\u00e3o sobre as consequ\u00eancias dram\u00e1ticas do descaso com a natureza para com o nosso futuro, temos a oportunidade de rever nossas a\u00e7\u00f5es e objetivos. Dia da Natureza (4 de outubro): pouco a celebrar, muito a ser feito 4\/10\/2022 ::\u00a0\u2026","rel":"","context":"Em &quot;Bio\u00e9tica&quot;","block_context":{"text":"Bio\u00e9tica","link":"https:\/\/biologo.com.br\/bio\/category\/bioetica\/"},"img":{"alt_text":"","src":"https:\/\/i0.wp.com\/biologo.com.br\/bio\/wp-content\/uploads\/2022\/10\/Dia-da-Natureza.jpg?fit=631%2C351&ssl=1&resize=350%2C200","width":350,"height":200,"srcset":"https:\/\/i0.wp.com\/biologo.com.br\/bio\/wp-content\/uploads\/2022\/10\/Dia-da-Natureza.jpg?fit=631%2C351&ssl=1&resize=350%2C200 1x, https:\/\/i0.wp.com\/biologo.com.br\/bio\/wp-content\/uploads\/2022\/10\/Dia-da-Natureza.jpg?fit=631%2C351&ssl=1&resize=525%2C300 1.5x"},"classes":[]},{"id":768,"url":"https:\/\/biologo.com.br\/bio\/dia-do-meio-ambiente\/","url_meta":{"origin":3700,"position":2},"title":"Dia do Meio Ambiente","author":"pozzana","date":"junho 5, 2016","format":false,"excerpt":"Dia do Meio Ambiente: A causa ambiental, historicamente negligenciada pelos humanos, vem finalmente ganhando import\u00e2ncia. Nesta data, em muitos pa\u00edses ocorrem acordos ambientais e defini\u00e7\u00e3o de pol\u00edticas voltadas para a prote\u00e7\u00e3o do meio ambiente. O Dia Mundial do Meio Ambiente \u00e9 celebrado no dia 5 de junho, e foi criado\u2026","rel":"","context":"Em &quot;Bio\u00e9tica&quot;","block_context":{"text":"Bio\u00e9tica","link":"https:\/\/biologo.com.br\/bio\/category\/bioetica\/"},"img":{"alt_text":"Dia do Meio Ambiente","src":"https:\/\/i0.wp.com\/biologo.com.br\/bio\/wp-content\/uploads\/2016\/06\/dia-do-meio-ambiente-2024.jpg?fit=1201%2C676&ssl=1&resize=350%2C200","width":350,"height":200,"srcset":"https:\/\/i0.wp.com\/biologo.com.br\/bio\/wp-content\/uploads\/2016\/06\/dia-do-meio-ambiente-2024.jpg?fit=1201%2C676&ssl=1&resize=350%2C200 1x, https:\/\/i0.wp.com\/biologo.com.br\/bio\/wp-content\/uploads\/2016\/06\/dia-do-meio-ambiente-2024.jpg?fit=1201%2C676&ssl=1&resize=525%2C300 1.5x, https:\/\/i0.wp.com\/biologo.com.br\/bio\/wp-content\/uploads\/2016\/06\/dia-do-meio-ambiente-2024.jpg?fit=1201%2C676&ssl=1&resize=700%2C400 2x, https:\/\/i0.wp.com\/biologo.com.br\/bio\/wp-content\/uploads\/2016\/06\/dia-do-meio-ambiente-2024.jpg?fit=1201%2C676&ssl=1&resize=1050%2C600 3x"},"classes":[]},{"id":6642,"url":"https:\/\/biologo.com.br\/bio\/dia-nacional-dos-animais\/","url_meta":{"origin":3700,"position":3},"title":"Dia Nacional dos Animais","author":"pozzana","date":"mar\u00e7o 14, 2020","format":false,"excerpt":"Dia Nacional dos Animais: O Dia Nacional dos Animais \u00e9 comemorado anualmente em 14 de mar\u00e7o no Brasil. A ideia \u00e9 celebrar conscientizando para os direitos de\u00a0bem estar animal. Dia Nacional dos Animais (14\/03) Pensar na rela\u00e7\u00e3o dos seres humanos perante o meio ambiente e a preserva\u00e7\u00e3o dos diferentes biomas\u2026","rel":"","context":"Em &quot;Bio\u00e9tica&quot;","block_context":{"text":"Bio\u00e9tica","link":"https:\/\/biologo.com.br\/bio\/category\/bioetica\/"},"img":{"alt_text":"Mam\u00edferos: C\u00e3es","src":"https:\/\/i0.wp.com\/biologo.com.br\/bio\/wp-content\/uploads\/2015\/09\/caes-mamiferos.jpg?fit=631%2C351&ssl=1&resize=350%2C200","width":350,"height":200,"srcset":"https:\/\/i0.wp.com\/biologo.com.br\/bio\/wp-content\/uploads\/2015\/09\/caes-mamiferos.jpg?fit=631%2C351&ssl=1&resize=350%2C200 1x, https:\/\/i0.wp.com\/biologo.com.br\/bio\/wp-content\/uploads\/2015\/09\/caes-mamiferos.jpg?fit=631%2C351&ssl=1&resize=525%2C300 1.5x"},"classes":[]},{"id":18107,"url":"https:\/\/biologo.com.br\/bio\/dia-mundial-da-tartaruga\/","url_meta":{"origin":3700,"position":4},"title":"Dia Mundial da Tartaruga","author":"pozzana","date":"maio 23, 2025","format":false,"excerpt":"Dia Mundial da Tartaruga: em 23 de maio lembramos a import\u00e2ncia de preservar esses animais fascinantes \u2014 resilientes e amea\u00e7ados \u2014 de grande valor para a biodiversidade. Dia Mundial da Tartaruga \u2013 Um Chamado \u00e0 Consci\u00eancia e \u00e0 Preserva\u00e7\u00e3o 23\/5\/2025\u00a0::\u00a0 por Marco Pozzana, bi\u00f3logo h\u00e1 mais de 200 milh\u00f5es de\u2026","rel":"","context":"Em &quot;Conserva\u00e7\u00e3o&quot;","block_context":{"text":"Conserva\u00e7\u00e3o","link":"https:\/\/biologo.com.br\/bio\/category\/conservacao\/"},"img":{"alt_text":"Dia Mundial da Tartaruga \u2013 Um Chamado \u00e0 Consci\u00eancia e \u00e0 Preserva\u00e7\u00e3o","src":"https:\/\/i0.wp.com\/biologo.com.br\/bio\/wp-content\/uploads\/2025\/05\/dia-mundial-da-tartaruga-marinha.jpg?fit=1200%2C675&ssl=1&resize=350%2C200","width":350,"height":200,"srcset":"https:\/\/i0.wp.com\/biologo.com.br\/bio\/wp-content\/uploads\/2025\/05\/dia-mundial-da-tartaruga-marinha.jpg?fit=1200%2C675&ssl=1&resize=350%2C200 1x, https:\/\/i0.wp.com\/biologo.com.br\/bio\/wp-content\/uploads\/2025\/05\/dia-mundial-da-tartaruga-marinha.jpg?fit=1200%2C675&ssl=1&resize=525%2C300 1.5x, https:\/\/i0.wp.com\/biologo.com.br\/bio\/wp-content\/uploads\/2025\/05\/dia-mundial-da-tartaruga-marinha.jpg?fit=1200%2C675&ssl=1&resize=700%2C400 2x, https:\/\/i0.wp.com\/biologo.com.br\/bio\/wp-content\/uploads\/2025\/05\/dia-mundial-da-tartaruga-marinha.jpg?fit=1200%2C675&ssl=1&resize=1050%2C600 3x"},"classes":[]},{"id":14473,"url":"https:\/\/biologo.com.br\/bio\/dia-mundial-da-tartaruga-marinha\/","url_meta":{"origin":3700,"position":5},"title":"Dia Mundial da Tartaruga Marinha","author":"pozzana","date":"junho 16, 2023","format":false,"excerpt":"Dia Mundial da Tartaruga Marinha: celebrada anualmente em 16 de junho, esta \u00e9 uma data especialmente dedicada para ressaltar a import\u00e2ncia desses animais fascinantes. Amea\u00e7adas de extin\u00e7\u00e3o, elas enfrentam perigos cada vez mais graves, como a pesca, polui\u00e7\u00e3o (acidental ou n\u00e3o) e muitos outros. Dia Mundial da Tartaruga Marinha 16\/6\/2023\u00a0::\u00a0\u2026","rel":"","context":"Em &quot;Conserva\u00e7\u00e3o&quot;","block_context":{"text":"Conserva\u00e7\u00e3o","link":"https:\/\/biologo.com.br\/bio\/category\/conservacao\/"},"img":{"alt_text":"Dia Mundial da Tartaruga Marinha","src":"https:\/\/i0.wp.com\/biologo.com.br\/bio\/wp-content\/uploads\/2023\/06\/Dia-Mundial-da-Tartaruga-Marinha.jpg?fit=1201%2C676&ssl=1&resize=350%2C200","width":350,"height":200,"srcset":"https:\/\/i0.wp.com\/biologo.com.br\/bio\/wp-content\/uploads\/2023\/06\/Dia-Mundial-da-Tartaruga-Marinha.jpg?fit=1201%2C676&ssl=1&resize=350%2C200 1x, https:\/\/i0.wp.com\/biologo.com.br\/bio\/wp-content\/uploads\/2023\/06\/Dia-Mundial-da-Tartaruga-Marinha.jpg?fit=1201%2C676&ssl=1&resize=525%2C300 1.5x, https:\/\/i0.wp.com\/biologo.com.br\/bio\/wp-content\/uploads\/2023\/06\/Dia-Mundial-da-Tartaruga-Marinha.jpg?fit=1201%2C676&ssl=1&resize=700%2C400 2x, https:\/\/i0.wp.com\/biologo.com.br\/bio\/wp-content\/uploads\/2023\/06\/Dia-Mundial-da-Tartaruga-Marinha.jpg?fit=1201%2C676&ssl=1&resize=1050%2C600 3x"},"classes":[]}],"jetpack_sharing_enabled":true,"jetpack_likes_enabled":true,"jetpack_shortlink":"https:\/\/wp.me\/p6NB6B-XG","amp_enabled":true,"_links":{"self":[{"href":"https:\/\/biologo.com.br\/bio\/wp-json\/wp\/v2\/posts\/3700","targetHints":{"allow":["GET"]}}],"collection":[{"href":"https:\/\/biologo.com.br\/bio\/wp-json\/wp\/v2\/posts"}],"about":[{"href":"https:\/\/biologo.com.br\/bio\/wp-json\/wp\/v2\/types\/post"}],"author":[{"embeddable":true,"href":"https:\/\/biologo.com.br\/bio\/wp-json\/wp\/v2\/users\/1"}],"replies":[{"embeddable":true,"href":"https:\/\/biologo.com.br\/bio\/wp-json\/wp\/v2\/comments?post=3700"}],"version-history":[{"count":1,"href":"https:\/\/biologo.com.br\/bio\/wp-json\/wp\/v2\/posts\/3700\/revisions"}],"predecessor-version":[{"id":19846,"href":"https:\/\/biologo.com.br\/bio\/wp-json\/wp\/v2\/posts\/3700\/revisions\/19846"}],"wp:featuredmedia":[{"embeddable":true,"href":"https:\/\/biologo.com.br\/bio\/wp-json\/wp\/v2\/media\/5043"}],"wp:attachment":[{"href":"https:\/\/biologo.com.br\/bio\/wp-json\/wp\/v2\/media?parent=3700"}],"wp:term":[{"taxonomy":"category","embeddable":true,"href":"https:\/\/biologo.com.br\/bio\/wp-json\/wp\/v2\/categories?post=3700"},{"taxonomy":"post_tag","embeddable":true,"href":"https:\/\/biologo.com.br\/bio\/wp-json\/wp\/v2\/tags?post=3700"}],"curies":[{"name":"wp","href":"https:\/\/api.w.org\/{rel}","templated":true}]}}