{"id":7864,"date":"2020-10-05T19:32:55","date_gmt":"2020-10-05T22:32:55","guid":{"rendered":"https:\/\/biologo.com.br\/bio\/?p=7864"},"modified":"2024-05-29T16:24:48","modified_gmt":"2024-05-29T19:24:48","slug":"andreas-vesalius","status":"publish","type":"post","link":"https:\/\/biologo.com.br\/bio\/andreas-vesalius\/","title":{"rendered":"Andreas Vesalius"},"content":{"rendered":"<p><span style=\"font-size: 14pt; color: #000000;\"><span style=\"color: #3366ff;\"><strong>Andreas Vesalius (1514-1564): <\/strong><span style=\"color: #000000;\">\u00a0Foi o m\u00e9dico belga autor da publica\u00e7\u00e3o <em>De Humani Corporis Fabrica<\/em>, um atlas de anatomia publicado em 1543. \u00c9 considerado o \u201cpai da anatomia moderna\u201d.<\/span><\/span><\/span><\/p>\n<h2><span style=\"font-family: 'courier new', courier, monospace; font-size: 24pt; color: #000000;\"><strong>Andreas Vesalius<\/strong><\/span><\/h2>\n<p><span style=\"font-size: 8pt; color: #000000;\">05\/10\/2020 ::\u00a0 Por Josu\u00e9 Fontana<\/span><\/p>\n<p><span style=\"color: #000000;\"><span style=\"font-family: georgia, palatino, serif; font-size: 24pt;\"><strong>A<\/strong><\/span>utor de um dos livros mais influentes sobre anatomia humana, <em>De Humani Corporis Fabrica Libri Septem<\/em> (Sobre a Tecido do corpo humano) Vesalius deixou inestim\u00e1vel contribui\u00e7\u00e3o para a ci\u00eancia m\u00e9dica e a biologia.<\/span><\/p>\n<figure id=\"attachment_2151\" aria-describedby=\"caption-attachment-2151\" style=\"width: 300px\" class=\"wp-caption alignright\"><a href=\"https:\/\/biologo.com.br\/bio\/anatomia\/\"><img data-recalc-dims=\"1\" loading=\"lazy\" decoding=\"async\" data-attachment-id=\"2151\" data-permalink=\"https:\/\/biologo.com.br\/bio\/anatomia\/anatomia-humana\/\" data-orig-file=\"https:\/\/i0.wp.com\/biologo.com.br\/bio\/wp-content\/uploads\/2017\/03\/anatomia-humana.jpg?fit=631%2C351&amp;ssl=1\" data-orig-size=\"631,351\" data-comments-opened=\"0\" data-image-meta=\"{&quot;aperture&quot;:&quot;0&quot;,&quot;credit&quot;:&quot;&quot;,&quot;camera&quot;:&quot;&quot;,&quot;caption&quot;:&quot;&quot;,&quot;created_timestamp&quot;:&quot;0&quot;,&quot;copyright&quot;:&quot;&quot;,&quot;focal_length&quot;:&quot;0&quot;,&quot;iso&quot;:&quot;0&quot;,&quot;shutter_speed&quot;:&quot;0&quot;,&quot;title&quot;:&quot;&quot;,&quot;orientation&quot;:&quot;0&quot;}\" data-image-title=\"anatomia-humana\" data-image-description=\"&lt;p&gt;By Tulagaagaag (Own work) [CC BY-SA 4.0 (http:\/\/creativecommons.org\/licenses\/by-sa\/4.0)], via Wikimedia Commons&lt;\/p&gt;\n\" data-image-caption=\"&lt;p&gt;Anatomia humana&lt;\/p&gt;\n\" data-large-file=\"https:\/\/i0.wp.com\/biologo.com.br\/bio\/wp-content\/uploads\/2017\/03\/anatomia-humana.jpg?fit=631%2C351&amp;ssl=1\" class=\"wp-image-2151 size-medium\" src=\"https:\/\/i0.wp.com\/biologo.com.br\/bio\/wp-content\/uploads\/2017\/03\/anatomia-humana.jpg?resize=300%2C167&#038;ssl=1\" alt=\"Anatomia humana\" width=\"300\" height=\"167\" srcset=\"https:\/\/i0.wp.com\/biologo.com.br\/bio\/wp-content\/uploads\/2017\/03\/anatomia-humana.jpg?resize=300%2C167&amp;ssl=1 300w, https:\/\/i0.wp.com\/biologo.com.br\/bio\/wp-content\/uploads\/2017\/03\/anatomia-humana.jpg?w=631&amp;ssl=1 631w\" sizes=\"auto, (max-width: 300px) 100vw, 300px\" \/><\/a><figcaption id=\"caption-attachment-2151\" class=\"wp-caption-text\"><span style=\"font-size: 10pt;\"><a href=\"https:\/\/biologo.com.br\/bio\/anatomia\/\">Anatomia humana<\/a><\/span><\/figcaption><\/figure>\n<p><span style=\"color: #000000;\">Ele nasceu em Bruxelas e foi professor na Universidade de P\u00e1dua (1537-1542). Mais tarde se tornou m\u00e9dico imperial na corte do Imperador Carlos V.<\/span><\/p>\n<ul>\n<li><span style=\"font-size: 14pt; color: #0000ff;\"><a style=\"color: #0000ff;\" href=\"https:\/\/biologo.com.br\/bio\/curiosidades-biologicas\/\">Curiosidades biol\u00f3gicas<\/a><\/span><\/li>\n<li><span style=\"font-size: 14pt; color: #0000ff;\"><a style=\"color: #0000ff;\" href=\"https:\/\/biologo.com.br\/bio\/anatomia-vegetal\/\">Anatomia vegetal<\/a><\/span><\/li>\n<\/ul>\n<h4><span style=\"font-family: 'courier new', courier, monospace; font-size: 14pt; color: #000000;\">Um contestador\u00a0<\/span><\/h4>\n<p><span style=\"color: #000000;\">Vesalius acreditava que o sistema esquel\u00e9tico era a estrutura do corpo humano.<\/span><\/p>\n<p><span style=\"color: #000000;\">Atrav\u00e9s de sua obra, Vesalius conseguiu refutar diversas teorias sobre o corpo humano como as propostas por <span style=\"text-decoration: underline;\"><a style=\"color: #000000; text-decoration: underline;\" href=\"https:\/\/biologo.com.br\/bio\/claudio-galeno\/\">Galeno<\/a><\/span>. Por exemplo, afirmou que a mand\u00edbula era apenas um osso, enquanto Galeno acreditava que eram dois ossos separados.\u00a0<\/span><\/p>\n<p><img data-recalc-dims=\"1\" loading=\"lazy\" decoding=\"async\" data-attachment-id=\"7880\" data-permalink=\"https:\/\/biologo.com.br\/bio\/andreas-vesalius\/andreas-vesalius\/\" data-orig-file=\"https:\/\/i0.wp.com\/biologo.com.br\/bio\/wp-content\/uploads\/2020\/10\/Andreas-Vesalius.jpg?fit=631%2C351&amp;ssl=1\" data-orig-size=\"631,351\" data-comments-opened=\"0\" data-image-meta=\"{&quot;aperture&quot;:&quot;0&quot;,&quot;credit&quot;:&quot;&quot;,&quot;camera&quot;:&quot;&quot;,&quot;caption&quot;:&quot;&quot;,&quot;created_timestamp&quot;:&quot;0&quot;,&quot;copyright&quot;:&quot;&quot;,&quot;focal_length&quot;:&quot;0&quot;,&quot;iso&quot;:&quot;0&quot;,&quot;shutter_speed&quot;:&quot;0&quot;,&quot;title&quot;:&quot;&quot;,&quot;orientation&quot;:&quot;0&quot;}\" data-image-title=\"Andreas-Vesalius\" data-image-description=\"&lt;p&gt;Andreas Vesalius&lt;\/p&gt;\n\" data-image-caption=\"&lt;p&gt;Andreas Vesalius. Retrato de Andreas Vesalius (1514 &amp;#8211; 1564), anatomista flamengo&lt;\/p&gt;\n&lt;p&gt;Cole\u00e7\u00f5es iconogr\u00e1ficas.  retratos; gravuras; Andreas Vesalius; C Onghena&lt;\/p&gt;\n\" data-large-file=\"https:\/\/i0.wp.com\/biologo.com.br\/bio\/wp-content\/uploads\/2020\/10\/Andreas-Vesalius.jpg?fit=631%2C351&amp;ssl=1\" class=\"alignleft wp-image-7880 size-thumbnail\" src=\"https:\/\/i0.wp.com\/biologo.com.br\/bio\/wp-content\/uploads\/2020\/10\/Andreas-Vesalius.jpg?resize=150%2C150&#038;ssl=1\" alt=\"Andreas Vesalius - Anatomia\" width=\"150\" height=\"150\" srcset=\"https:\/\/i0.wp.com\/biologo.com.br\/bio\/wp-content\/uploads\/2020\/10\/Andreas-Vesalius.jpg?resize=150%2C150&amp;ssl=1 150w, https:\/\/i0.wp.com\/biologo.com.br\/bio\/wp-content\/uploads\/2020\/10\/Andreas-Vesalius.jpg?zoom=2&amp;resize=150%2C150&amp;ssl=1 300w, https:\/\/i0.wp.com\/biologo.com.br\/bio\/wp-content\/uploads\/2020\/10\/Andreas-Vesalius.jpg?zoom=3&amp;resize=150%2C150&amp;ssl=1 450w\" sizes=\"auto, (max-width: 150px) 100vw, 150px\" \/><\/p>\n<p><span style=\"color: #000000;\">Tais avan\u00e7os foram de extrema import\u00e2ncia para os estudos relacionados \u00e0 anatomia desmistificando a cren\u00e7a comum de que os homens possu\u00edam uma costela a menos que as mulheres. Tamb\u00e9m refutou a afirma\u00e7\u00e3o de Galeno de que os homens t\u00eam mais dentes do que as mulheres.<sup id=\"cite_ref-10\" class=\"reference\"><\/sup> <\/span><\/p>\n<p><span style=\"color: #000000;\">Vesalius produziu, em sua obra\u00a0<i>Fabrica<\/i>, ilustra\u00e7\u00f5es que retratavam o sistema muscular e as respectivas fun\u00e7\u00f5es de cada m\u00fasculo, possibilitando um melhor entendimento sobre a mec\u00e2nica do corpo humano. <\/span><\/p>\n<p><span style=\"color: #000000;\">A contribui\u00e7\u00e3o mais impressionante dele para o estudo do Sistema Muscular, foram as ilustra\u00e7\u00f5es que acompanham o livro II. Ele descreve a origem, a posi\u00e7\u00e3o de cada m\u00fasculo e fornece informa\u00e7\u00f5es sobre o seu funcionamento.<\/span><\/p>\n<p><span style=\"color: #000000;\"> Alem disso, Vesalius ia em contraste com as ideias de que o cora\u00e7\u00e3o era o centro das emo\u00e7\u00f5es e da mente, sendo definidas estas ao c\u00e9rebro. Isto pelo fato dos nervos serem origin\u00e1rios ao mesmo, e n\u00e3o ao cora\u00e7\u00e3o.<\/span><\/p>\n<h4><strong><span style=\"font-family: 'courier new', courier, monospace; font-size: 12pt;\">Pai da anatomia moderna\u00a0<\/span><\/strong><\/h4>\n<figure id=\"attachment_2169\" aria-describedby=\"caption-attachment-2169\" style=\"width: 300px\" class=\"wp-caption alignright\"><a href=\"https:\/\/biologo.com.br\/bio\/o-cerebro\/\"><img data-recalc-dims=\"1\" loading=\"lazy\" decoding=\"async\" data-attachment-id=\"2169\" data-permalink=\"https:\/\/biologo.com.br\/bio\/o-cerebro\/o-cerebro-2\/\" data-orig-file=\"https:\/\/i0.wp.com\/biologo.com.br\/bio\/wp-content\/uploads\/2017\/03\/O-C%C3%A9rebro.jpg?fit=631%2C351&amp;ssl=1\" data-orig-size=\"631,351\" data-comments-opened=\"0\" data-image-meta=\"{&quot;aperture&quot;:&quot;0&quot;,&quot;credit&quot;:&quot;&quot;,&quot;camera&quot;:&quot;&quot;,&quot;caption&quot;:&quot;&quot;,&quot;created_timestamp&quot;:&quot;0&quot;,&quot;copyright&quot;:&quot;&quot;,&quot;focal_length&quot;:&quot;0&quot;,&quot;iso&quot;:&quot;0&quot;,&quot;shutter_speed&quot;:&quot;0&quot;,&quot;title&quot;:&quot;&quot;,&quot;orientation&quot;:&quot;0&quot;}\" data-image-title=\"O-C\u00e9rebro\" data-image-description=\"&lt;p&gt;Sinapse no C\u00e9rebro. By Allan Ajifo [CC BY 2.0 (http:\/\/creativecommons.org\/licenses\/by\/2.0)], via Wikimedia Commons&lt;\/p&gt;\n\" data-image-caption=\"&lt;p&gt;O C\u00e9rebro&lt;\/p&gt;\n\" data-large-file=\"https:\/\/i0.wp.com\/biologo.com.br\/bio\/wp-content\/uploads\/2017\/03\/O-C%C3%A9rebro.jpg?fit=631%2C351&amp;ssl=1\" class=\"wp-image-2169 size-medium\" src=\"https:\/\/i0.wp.com\/biologo.com.br\/bio\/wp-content\/uploads\/2017\/03\/O-C%C3%A9rebro.jpg?resize=300%2C167&#038;ssl=1\" alt=\"O C\u00e9rebro\" width=\"300\" height=\"167\" srcset=\"https:\/\/i0.wp.com\/biologo.com.br\/bio\/wp-content\/uploads\/2017\/03\/O-C%C3%A9rebro.jpg?resize=300%2C167&amp;ssl=1 300w, https:\/\/i0.wp.com\/biologo.com.br\/bio\/wp-content\/uploads\/2017\/03\/O-C%C3%A9rebro.jpg?w=631&amp;ssl=1 631w\" sizes=\"auto, (max-width: 300px) 100vw, 300px\" \/><\/a><figcaption id=\"caption-attachment-2169\" class=\"wp-caption-text\"><span style=\"color: #0000ff; font-size: 10pt;\"><a style=\"color: #0000ff;\" href=\"https:\/\/biologo.com.br\/bio\/o-cerebro\/\" target=\"_blank\" rel=\"noopener noreferrer\">O C\u00e9rebro<\/a><\/span><\/figcaption><\/figure>\n<p><span style=\"color: #000000;\">Leonardo da Vinci poderia ter ocupado esse t\u00edtulo de &#8220;Pai da anatomia moderna&#8221;, mas jamais terminou e publicou a obra que, segundo pesquisadores, poderia ter revolucionado a medicina mais de 20 anos antes de Vesalius.<\/span><\/p>\n<p><span style=\"color: #000000;\">As descobertas foram al\u00e9m da mera anatomia: como exemplo, afirmou que os rins n\u00e3o filtravam a urina, e sim o sangue, sendo a urina as excretas retiradas deste.<\/span><\/p>\n<p><span style=\"color: #000000;\">Vesalius tamb\u00e9m \u00e9 creditado como o respons\u00e1vel por fazer a primeira descri\u00e7\u00e3o do conceito de ventila\u00e7\u00e3o mec\u00e2nica, um feito de destaque no campo da Anestesia.<\/span><\/p>\n<p><span style=\"color: #000000;\">Andreas Vesalius \u00e9 a forma latinizada do holand\u00eas Andries van Wesel. Era uma pr\u00e1tica comum entre os estudiosos europeus de sua \u00e9poca latinizar seus nomes. Seu nome tamb\u00e9m \u00e9 dado como Andrea Vesalius, Andr\u00e9 V\u00e9sale, Andrea Vesalio, Andreas Vesal, Andr\u00e9 Vesalio e Andre Vesale.<\/span><\/p>\n<h4><span style=\"color: #000000; font-family: 'courier new', courier, monospace; font-size: 10pt;\">Estudos e refer\u00eancias:<\/span><\/h4>\n<ul>\n<li><span style=\"color: #000000;\"><span style=\"font-size: 8pt;\"><em><strong>De Humani Corporis Fabrica<\/strong>, 1543<\/em>.\u00a0<\/span><\/span><\/li>\n<li><span style=\"font-size: 8pt; color: #000000;\">Saunders, JB de CM and O&#8217;Malley, Charles D.\u00a0<i>The Illustrations from the Works of Andreas Vesalius of Brussels<\/i>. New York: Dover, 1973 [reprint].<\/span><\/li>\n<li><span style=\"font-size: 8pt; color: #000000;\">&#8220;Vesalius.&#8221; Encyclopedia Americana. 1992.<\/span><\/li>\n<\/ul>\n","protected":false},"excerpt":{"rendered":"<p>Andreas Vesalius (1514-1564): \u00a0Foi o m\u00e9dico belga autor da publica\u00e7\u00e3o De Humani Corporis Fabrica, um atlas de anatomia publicado em<\/p>\n","protected":false},"author":1,"featured_media":7880,"comment_status":"closed","ping_status":"closed","sticky":false,"template":"","format":"standard","meta":{"colormag_page_container_layout":"default_layout","colormag_page_sidebar_layout":"default_layout","jetpack_post_was_ever_published":false,"_jetpack_newsletter_access":"","_jetpack_dont_email_post_to_subs":false,"_jetpack_newsletter_tier_id":0,"_jetpack_memberships_contains_paywalled_content":false,"_jetpack_memberships_contains_paid_content":false,"footnotes":"","jetpack_publicize_message":"Andreas Vesalius (1514-1564): \u00a0Foi o m\u00e9dico belga autor da publica\u00e7\u00e3o De Humani Corporis Fabrica, um atlas de anatomia publicado em 1543. \u00c9 considerado o \u201cpai da anatomia moderna\u201d.","jetpack_publicize_feature_enabled":true,"jetpack_social_post_already_shared":true,"jetpack_social_options":{"image_generator_settings":{"template":"highway","default_image_id":0,"font":"","enabled":false},"version":2}},"categories":[144,17,139],"tags":[],"class_list":["post-7864","post","type-post","status-publish","format-standard","has-post-thumbnail","hentry","category-anatomia","category-biomedicas","category-historia"],"yoast_head":"<!-- This site is optimized with the Yoast SEO plugin v27.5 - https:\/\/yoast.com\/product\/yoast-seo-wordpress\/ -->\n<title>Andreas Vesalius, o \u201cpai da anatomia moderna\u201d - Grandes Bi\u00f3logos<\/title>\n<meta name=\"description\" content=\"Andreas Vesalius (foi o m\u00e9dico belga autor da publica\u00e7\u00e3o De Humani Corporis Fabrica, um atlas de anatomia publicado em 1543. Grandes Bi\u00f3logos\" \/>\n<meta name=\"robots\" content=\"index, follow, max-snippet:-1, max-image-preview:large, max-video-preview:-1\" \/>\n<link rel=\"canonical\" href=\"https:\/\/biologo.com.br\/bio\/andreas-vesalius\/\" \/>\n<meta property=\"og:locale\" content=\"pt_BR\" \/>\n<meta property=\"og:type\" content=\"article\" \/>\n<meta property=\"og:title\" content=\"Andreas Vesalius, o \u201cpai da anatomia moderna\u201d - Grandes Bi\u00f3logos\" \/>\n<meta property=\"og:description\" content=\"Andreas Vesalius (foi o m\u00e9dico belga autor da publica\u00e7\u00e3o De Humani Corporis Fabrica, um atlas de anatomia publicado em 1543. Grandes Bi\u00f3logos\" \/>\n<meta property=\"og:url\" content=\"https:\/\/biologo.com.br\/bio\/andreas-vesalius\/\" \/>\n<meta property=\"og:site_name\" content=\"Bi\u00f3logo\" \/>\n<meta property=\"article:publisher\" content=\"https:\/\/www.facebook.com\/biologocombr\/\" \/>\n<meta property=\"article:published_time\" content=\"2020-10-05T22:32:55+00:00\" \/>\n<meta property=\"article:modified_time\" content=\"2024-05-29T19:24:48+00:00\" \/>\n<meta property=\"og:image\" content=\"https:\/\/biologo.com.br\/bio\/wp-content\/uploads\/2020\/10\/Andreas-Vesalius.jpg\" \/>\n\t<meta property=\"og:image:width\" content=\"631\" \/>\n\t<meta property=\"og:image:height\" content=\"351\" \/>\n\t<meta property=\"og:image:type\" content=\"image\/jpeg\" \/>\n<meta name=\"author\" content=\"pozzana\" \/>\n<meta name=\"twitter:card\" content=\"summary_large_image\" \/>\n<meta name=\"twitter:creator\" content=\"@Biologocombr\" \/>\n<meta name=\"twitter:site\" content=\"@Biologocombr\" \/>\n<meta name=\"twitter:label1\" content=\"Escrito por\" \/>\n\t<meta name=\"twitter:data1\" content=\"pozzana\" \/>\n\t<meta name=\"twitter:label2\" content=\"Est. tempo de leitura\" \/>\n\t<meta name=\"twitter:data2\" content=\"4 minutos\" \/>\n<script type=\"application\/ld+json\" class=\"yoast-schema-graph\">{\"@context\":\"https:\\\/\\\/schema.org\",\"@graph\":[{\"@type\":\"Article\",\"@id\":\"https:\\\/\\\/biologo.com.br\\\/bio\\\/andreas-vesalius\\\/#article\",\"isPartOf\":{\"@id\":\"https:\\\/\\\/biologo.com.br\\\/bio\\\/andreas-vesalius\\\/\"},\"author\":{\"name\":\"pozzana\",\"@id\":\"https:\\\/\\\/biologo.com.br\\\/bio\\\/#\\\/schema\\\/person\\\/3a5d600bbc47f8bb0cd43594317a6cd4\"},\"headline\":\"Andreas Vesalius\",\"datePublished\":\"2020-10-05T22:32:55+00:00\",\"dateModified\":\"2024-05-29T19:24:48+00:00\",\"mainEntityOfPage\":{\"@id\":\"https:\\\/\\\/biologo.com.br\\\/bio\\\/andreas-vesalius\\\/\"},\"wordCount\":523,\"publisher\":{\"@id\":\"https:\\\/\\\/biologo.com.br\\\/bio\\\/#organization\"},\"image\":{\"@id\":\"https:\\\/\\\/biologo.com.br\\\/bio\\\/andreas-vesalius\\\/#primaryimage\"},\"thumbnailUrl\":\"https:\\\/\\\/i0.wp.com\\\/biologo.com.br\\\/bio\\\/wp-content\\\/uploads\\\/2020\\\/10\\\/Andreas-Vesalius.jpg?fit=631%2C351&ssl=1\",\"articleSection\":[\"Anatomia\",\"Biom\u00e9dicas\",\"Hist\u00f3ria\"],\"inLanguage\":\"pt-BR\"},{\"@type\":\"WebPage\",\"@id\":\"https:\\\/\\\/biologo.com.br\\\/bio\\\/andreas-vesalius\\\/\",\"url\":\"https:\\\/\\\/biologo.com.br\\\/bio\\\/andreas-vesalius\\\/\",\"name\":\"Andreas Vesalius, o \u201cpai da anatomia moderna\u201d - Grandes Bi\u00f3logos\",\"isPartOf\":{\"@id\":\"https:\\\/\\\/biologo.com.br\\\/bio\\\/#website\"},\"primaryImageOfPage\":{\"@id\":\"https:\\\/\\\/biologo.com.br\\\/bio\\\/andreas-vesalius\\\/#primaryimage\"},\"image\":{\"@id\":\"https:\\\/\\\/biologo.com.br\\\/bio\\\/andreas-vesalius\\\/#primaryimage\"},\"thumbnailUrl\":\"https:\\\/\\\/i0.wp.com\\\/biologo.com.br\\\/bio\\\/wp-content\\\/uploads\\\/2020\\\/10\\\/Andreas-Vesalius.jpg?fit=631%2C351&ssl=1\",\"datePublished\":\"2020-10-05T22:32:55+00:00\",\"dateModified\":\"2024-05-29T19:24:48+00:00\",\"description\":\"Andreas Vesalius (foi o m\u00e9dico belga autor da publica\u00e7\u00e3o De Humani Corporis Fabrica, um atlas de anatomia publicado em 1543. Grandes Bi\u00f3logos\",\"breadcrumb\":{\"@id\":\"https:\\\/\\\/biologo.com.br\\\/bio\\\/andreas-vesalius\\\/#breadcrumb\"},\"inLanguage\":\"pt-BR\",\"potentialAction\":[{\"@type\":\"ReadAction\",\"target\":[\"https:\\\/\\\/biologo.com.br\\\/bio\\\/andreas-vesalius\\\/\"]}]},{\"@type\":\"ImageObject\",\"inLanguage\":\"pt-BR\",\"@id\":\"https:\\\/\\\/biologo.com.br\\\/bio\\\/andreas-vesalius\\\/#primaryimage\",\"url\":\"https:\\\/\\\/i0.wp.com\\\/biologo.com.br\\\/bio\\\/wp-content\\\/uploads\\\/2020\\\/10\\\/Andreas-Vesalius.jpg?fit=631%2C351&ssl=1\",\"contentUrl\":\"https:\\\/\\\/i0.wp.com\\\/biologo.com.br\\\/bio\\\/wp-content\\\/uploads\\\/2020\\\/10\\\/Andreas-Vesalius.jpg?fit=631%2C351&ssl=1\",\"width\":631,\"height\":351,\"caption\":\"Andreas Vesalius. Retrato de Andreas Vesalius (1514 - 1564), anatomista flamengo Cole\u00e7\u00f5es iconogr\u00e1ficas. retratos; gravuras; Andreas Vesalius; C Onghena\"},{\"@type\":\"BreadcrumbList\",\"@id\":\"https:\\\/\\\/biologo.com.br\\\/bio\\\/andreas-vesalius\\\/#breadcrumb\",\"itemListElement\":[{\"@type\":\"ListItem\",\"position\":1,\"name\":\"In\u00edcio\",\"item\":\"https:\\\/\\\/biologo.com.br\\\/bio\\\/\"},{\"@type\":\"ListItem\",\"position\":2,\"name\":\"Andreas Vesalius\"}]},{\"@type\":\"WebSite\",\"@id\":\"https:\\\/\\\/biologo.com.br\\\/bio\\\/#website\",\"url\":\"https:\\\/\\\/biologo.com.br\\\/bio\\\/\",\"name\":\"Bi\u00f3logo\",\"description\":\"Biologia. Informa\u00e7\u00f5es para bi\u00f3logos ou leigos. Eventos, v\u00eddeos e muito mais. Ci\u00eancias biol\u00f3gicas.\",\"publisher\":{\"@id\":\"https:\\\/\\\/biologo.com.br\\\/bio\\\/#organization\"},\"potentialAction\":[{\"@type\":\"SearchAction\",\"target\":{\"@type\":\"EntryPoint\",\"urlTemplate\":\"https:\\\/\\\/biologo.com.br\\\/bio\\\/?s={search_term_string}\"},\"query-input\":{\"@type\":\"PropertyValueSpecification\",\"valueRequired\":true,\"valueName\":\"search_term_string\"}}],\"inLanguage\":\"pt-BR\"},{\"@type\":\"Organization\",\"@id\":\"https:\\\/\\\/biologo.com.br\\\/bio\\\/#organization\",\"name\":\"Bi\u00f3logo\",\"url\":\"https:\\\/\\\/biologo.com.br\\\/bio\\\/\",\"logo\":{\"@type\":\"ImageObject\",\"inLanguage\":\"pt-BR\",\"@id\":\"https:\\\/\\\/biologo.com.br\\\/bio\\\/#\\\/schema\\\/logo\\\/image\\\/\",\"url\":\"https:\\\/\\\/i0.wp.com\\\/biologo.com.br\\\/bio\\\/wp-content\\\/uploads\\\/2015\\\/12\\\/logo1.jpg?fit=179%2C57&ssl=1\",\"contentUrl\":\"https:\\\/\\\/i0.wp.com\\\/biologo.com.br\\\/bio\\\/wp-content\\\/uploads\\\/2015\\\/12\\\/logo1.jpg?fit=179%2C57&ssl=1\",\"width\":179,\"height\":57,\"caption\":\"Bi\u00f3logo\"},\"image\":{\"@id\":\"https:\\\/\\\/biologo.com.br\\\/bio\\\/#\\\/schema\\\/logo\\\/image\\\/\"},\"sameAs\":[\"https:\\\/\\\/www.facebook.com\\\/biologocombr\\\/\",\"https:\\\/\\\/x.com\\\/Biologocombr\",\"https:\\\/\\\/www.instagram.com\\\/biologo.com.br\\\/\"]},{\"@type\":\"Person\",\"@id\":\"https:\\\/\\\/biologo.com.br\\\/bio\\\/#\\\/schema\\\/person\\\/3a5d600bbc47f8bb0cd43594317a6cd4\",\"name\":\"pozzana\",\"image\":{\"@type\":\"ImageObject\",\"inLanguage\":\"pt-BR\",\"@id\":\"https:\\\/\\\/secure.gravatar.com\\\/avatar\\\/fa8f924c29488a329bd70373453572f7494e802125f373a7f2937173cc26b21f?s=96&d=mm&r=g\",\"url\":\"https:\\\/\\\/secure.gravatar.com\\\/avatar\\\/fa8f924c29488a329bd70373453572f7494e802125f373a7f2937173cc26b21f?s=96&d=mm&r=g\",\"contentUrl\":\"https:\\\/\\\/secure.gravatar.com\\\/avatar\\\/fa8f924c29488a329bd70373453572f7494e802125f373a7f2937173cc26b21f?s=96&d=mm&r=g\",\"caption\":\"pozzana\"},\"url\":\"https:\\\/\\\/biologo.com.br\\\/bio\\\/author\\\/pozzana\\\/\"}]}<\/script>\n<!-- \/ Yoast SEO plugin. -->","yoast_head_json":{"title":"Andreas Vesalius, o \u201cpai da anatomia moderna\u201d - Grandes Bi\u00f3logos","description":"Andreas Vesalius (foi o m\u00e9dico belga autor da publica\u00e7\u00e3o De Humani Corporis Fabrica, um atlas de anatomia publicado em 1543. Grandes Bi\u00f3logos","robots":{"index":"index","follow":"follow","max-snippet":"max-snippet:-1","max-image-preview":"max-image-preview:large","max-video-preview":"max-video-preview:-1"},"canonical":"https:\/\/biologo.com.br\/bio\/andreas-vesalius\/","og_locale":"pt_BR","og_type":"article","og_title":"Andreas Vesalius, o \u201cpai da anatomia moderna\u201d - Grandes Bi\u00f3logos","og_description":"Andreas Vesalius (foi o m\u00e9dico belga autor da publica\u00e7\u00e3o De Humani Corporis Fabrica, um atlas de anatomia publicado em 1543. Grandes Bi\u00f3logos","og_url":"https:\/\/biologo.com.br\/bio\/andreas-vesalius\/","og_site_name":"Bi\u00f3logo","article_publisher":"https:\/\/www.facebook.com\/biologocombr\/","article_published_time":"2020-10-05T22:32:55+00:00","article_modified_time":"2024-05-29T19:24:48+00:00","og_image":[{"width":631,"height":351,"url":"https:\/\/biologo.com.br\/bio\/wp-content\/uploads\/2020\/10\/Andreas-Vesalius.jpg","type":"image\/jpeg"}],"author":"pozzana","twitter_card":"summary_large_image","twitter_creator":"@Biologocombr","twitter_site":"@Biologocombr","twitter_misc":{"Escrito por":"pozzana","Est. tempo de leitura":"4 minutos"},"schema":{"@context":"https:\/\/schema.org","@graph":[{"@type":"Article","@id":"https:\/\/biologo.com.br\/bio\/andreas-vesalius\/#article","isPartOf":{"@id":"https:\/\/biologo.com.br\/bio\/andreas-vesalius\/"},"author":{"name":"pozzana","@id":"https:\/\/biologo.com.br\/bio\/#\/schema\/person\/3a5d600bbc47f8bb0cd43594317a6cd4"},"headline":"Andreas Vesalius","datePublished":"2020-10-05T22:32:55+00:00","dateModified":"2024-05-29T19:24:48+00:00","mainEntityOfPage":{"@id":"https:\/\/biologo.com.br\/bio\/andreas-vesalius\/"},"wordCount":523,"publisher":{"@id":"https:\/\/biologo.com.br\/bio\/#organization"},"image":{"@id":"https:\/\/biologo.com.br\/bio\/andreas-vesalius\/#primaryimage"},"thumbnailUrl":"https:\/\/i0.wp.com\/biologo.com.br\/bio\/wp-content\/uploads\/2020\/10\/Andreas-Vesalius.jpg?fit=631%2C351&ssl=1","articleSection":["Anatomia","Biom\u00e9dicas","Hist\u00f3ria"],"inLanguage":"pt-BR"},{"@type":"WebPage","@id":"https:\/\/biologo.com.br\/bio\/andreas-vesalius\/","url":"https:\/\/biologo.com.br\/bio\/andreas-vesalius\/","name":"Andreas Vesalius, o \u201cpai da anatomia moderna\u201d - Grandes Bi\u00f3logos","isPartOf":{"@id":"https:\/\/biologo.com.br\/bio\/#website"},"primaryImageOfPage":{"@id":"https:\/\/biologo.com.br\/bio\/andreas-vesalius\/#primaryimage"},"image":{"@id":"https:\/\/biologo.com.br\/bio\/andreas-vesalius\/#primaryimage"},"thumbnailUrl":"https:\/\/i0.wp.com\/biologo.com.br\/bio\/wp-content\/uploads\/2020\/10\/Andreas-Vesalius.jpg?fit=631%2C351&ssl=1","datePublished":"2020-10-05T22:32:55+00:00","dateModified":"2024-05-29T19:24:48+00:00","description":"Andreas Vesalius (foi o m\u00e9dico belga autor da publica\u00e7\u00e3o De Humani Corporis Fabrica, um atlas de anatomia publicado em 1543. Grandes Bi\u00f3logos","breadcrumb":{"@id":"https:\/\/biologo.com.br\/bio\/andreas-vesalius\/#breadcrumb"},"inLanguage":"pt-BR","potentialAction":[{"@type":"ReadAction","target":["https:\/\/biologo.com.br\/bio\/andreas-vesalius\/"]}]},{"@type":"ImageObject","inLanguage":"pt-BR","@id":"https:\/\/biologo.com.br\/bio\/andreas-vesalius\/#primaryimage","url":"https:\/\/i0.wp.com\/biologo.com.br\/bio\/wp-content\/uploads\/2020\/10\/Andreas-Vesalius.jpg?fit=631%2C351&ssl=1","contentUrl":"https:\/\/i0.wp.com\/biologo.com.br\/bio\/wp-content\/uploads\/2020\/10\/Andreas-Vesalius.jpg?fit=631%2C351&ssl=1","width":631,"height":351,"caption":"Andreas Vesalius. Retrato de Andreas Vesalius (1514 - 1564), anatomista flamengo Cole\u00e7\u00f5es iconogr\u00e1ficas. retratos; gravuras; Andreas Vesalius; C Onghena"},{"@type":"BreadcrumbList","@id":"https:\/\/biologo.com.br\/bio\/andreas-vesalius\/#breadcrumb","itemListElement":[{"@type":"ListItem","position":1,"name":"In\u00edcio","item":"https:\/\/biologo.com.br\/bio\/"},{"@type":"ListItem","position":2,"name":"Andreas Vesalius"}]},{"@type":"WebSite","@id":"https:\/\/biologo.com.br\/bio\/#website","url":"https:\/\/biologo.com.br\/bio\/","name":"Bi\u00f3logo","description":"Biologia. Informa\u00e7\u00f5es para bi\u00f3logos ou leigos. Eventos, v\u00eddeos e muito mais. Ci\u00eancias biol\u00f3gicas.","publisher":{"@id":"https:\/\/biologo.com.br\/bio\/#organization"},"potentialAction":[{"@type":"SearchAction","target":{"@type":"EntryPoint","urlTemplate":"https:\/\/biologo.com.br\/bio\/?s={search_term_string}"},"query-input":{"@type":"PropertyValueSpecification","valueRequired":true,"valueName":"search_term_string"}}],"inLanguage":"pt-BR"},{"@type":"Organization","@id":"https:\/\/biologo.com.br\/bio\/#organization","name":"Bi\u00f3logo","url":"https:\/\/biologo.com.br\/bio\/","logo":{"@type":"ImageObject","inLanguage":"pt-BR","@id":"https:\/\/biologo.com.br\/bio\/#\/schema\/logo\/image\/","url":"https:\/\/i0.wp.com\/biologo.com.br\/bio\/wp-content\/uploads\/2015\/12\/logo1.jpg?fit=179%2C57&ssl=1","contentUrl":"https:\/\/i0.wp.com\/biologo.com.br\/bio\/wp-content\/uploads\/2015\/12\/logo1.jpg?fit=179%2C57&ssl=1","width":179,"height":57,"caption":"Bi\u00f3logo"},"image":{"@id":"https:\/\/biologo.com.br\/bio\/#\/schema\/logo\/image\/"},"sameAs":["https:\/\/www.facebook.com\/biologocombr\/","https:\/\/x.com\/Biologocombr","https:\/\/www.instagram.com\/biologo.com.br\/"]},{"@type":"Person","@id":"https:\/\/biologo.com.br\/bio\/#\/schema\/person\/3a5d600bbc47f8bb0cd43594317a6cd4","name":"pozzana","image":{"@type":"ImageObject","inLanguage":"pt-BR","@id":"https:\/\/secure.gravatar.com\/avatar\/fa8f924c29488a329bd70373453572f7494e802125f373a7f2937173cc26b21f?s=96&d=mm&r=g","url":"https:\/\/secure.gravatar.com\/avatar\/fa8f924c29488a329bd70373453572f7494e802125f373a7f2937173cc26b21f?s=96&d=mm&r=g","contentUrl":"https:\/\/secure.gravatar.com\/avatar\/fa8f924c29488a329bd70373453572f7494e802125f373a7f2937173cc26b21f?s=96&d=mm&r=g","caption":"pozzana"},"url":"https:\/\/biologo.com.br\/bio\/author\/pozzana\/"}]}},"jetpack_publicize_connections":[],"jetpack_featured_media_url":"https:\/\/i0.wp.com\/biologo.com.br\/bio\/wp-content\/uploads\/2020\/10\/Andreas-Vesalius.jpg?fit=631%2C351&ssl=1","jetpack-related-posts":[{"id":4905,"url":"https:\/\/biologo.com.br\/bio\/historia-da-medicina\/","url_meta":{"origin":7864,"position":0},"title":"Hist\u00f3ria da Medicina","author":"pozzana","date":"setembro 19, 2018","format":false,"excerpt":"Hist\u00f3ria da Medicina: A hist\u00f3ria da medicina \u00e9 a hist\u00f3ria das grandes contribui\u00e7\u00f5es de todos os povos a esta arte e pr\u00e1tica universal que constitui a medicina. No document\u00e1rio abaixo voc\u00ea confere as principais descobertas da hist\u00f3ria da medicina. Hist\u00f3ria da Medicina: document\u00e1rio https:\/\/www.youtube.com\/watch?v=NYw3_xDATGo&ab_channel=JosevanNascimento De Humani Corporis Fabrica - Hist\u00f3ria\u2026","rel":"","context":"Em &quot;Biom\u00e9dicas&quot;","block_context":{"text":"Biom\u00e9dicas","link":"https:\/\/biologo.com.br\/bio\/category\/biomedicas\/"},"img":{"alt_text":"Hist\u00f3ria da Medicina","src":"https:\/\/i0.wp.com\/biologo.com.br\/bio\/wp-content\/uploads\/2018\/09\/Hist%C3%B3ria-da-Medicina-pasteur.jpg?fit=631%2C351&ssl=1&resize=350%2C200","width":350,"height":200,"srcset":"https:\/\/i0.wp.com\/biologo.com.br\/bio\/wp-content\/uploads\/2018\/09\/Hist%C3%B3ria-da-Medicina-pasteur.jpg?fit=631%2C351&ssl=1&resize=350%2C200 1x, https:\/\/i0.wp.com\/biologo.com.br\/bio\/wp-content\/uploads\/2018\/09\/Hist%C3%B3ria-da-Medicina-pasteur.jpg?fit=631%2C351&ssl=1&resize=525%2C300 1.5x"},"classes":[]},{"id":5320,"url":"https:\/\/biologo.com.br\/bio\/claudio-galeno\/","url_meta":{"origin":7864,"position":1},"title":"Cl\u00e1udio Galeno","author":"pozzana","date":"novembro 23, 2018","format":false,"excerpt":"Cl\u00e1udio Galeno\u00a0 (Claudius Galenus) [129\u271d217], tamb\u00e9m conhecido como Galeno de P\u00e9rgamo foi um proeminente m\u00e9dico e fil\u00f3sofo romano de origem grega, e provavelmente o mais talentoso m\u00e9dico investigativo do per\u00edodo romano. Embora tenha nascido quase dois mil anos antes antes que existisse forma\u00e7\u00e3o em biologia, suas contribui\u00e7\u00f5es para as ci\u00eancias\u2026","rel":"","context":"Em &quot;Anatomia&quot;","block_context":{"text":"Anatomia","link":"https:\/\/biologo.com.br\/bio\/category\/anatomia\/"},"img":{"alt_text":"Galeno de P\u00e9rgamo (Cl\u00e1udio Galeno)","src":"https:\/\/i0.wp.com\/biologo.com.br\/bio\/wp-content\/uploads\/2018\/11\/Cl%C3%A1udio-Galeno.jpg?fit=631%2C351&ssl=1&resize=350%2C200","width":350,"height":200,"srcset":"https:\/\/i0.wp.com\/biologo.com.br\/bio\/wp-content\/uploads\/2018\/11\/Cl%C3%A1udio-Galeno.jpg?fit=631%2C351&ssl=1&resize=350%2C200 1x, https:\/\/i0.wp.com\/biologo.com.br\/bio\/wp-content\/uploads\/2018\/11\/Cl%C3%A1udio-Galeno.jpg?fit=631%2C351&ssl=1&resize=525%2C300 1.5x"},"classes":[]},{"id":20208,"url":"https:\/\/biologo.com.br\/bio\/pensadores-da-biologia-raizes-rupturas-e-horizontes-da-ciencia-da-vida\/","url_meta":{"origin":7864,"position":2},"title":"Pensadores da Biologia: ra\u00edzes, rupturas e horizontes da ci\u00eancia da vida","author":"pozzana","date":"novembro 18, 2025","format":false,"excerpt":"Pensadores da Biologia: a hist\u00f3ria da biologia avan\u00e7a com mentes que olham a vida com perguntas profundas. Desse modo, esses pensadores iluminam caminhos que revelam origens, conex\u00f5es e futuros poss\u00edveis para o estudo do mundo vivo. Pensadores da Biologia: ra\u00edzes, rupturas e horizontes da ci\u00eancia da vida 18\/12\/2025 ::\u00a0 Marco\u2026","rel":"","context":"Em &quot;Biologia Molecular&quot;","block_context":{"text":"Biologia Molecular","link":"https:\/\/biologo.com.br\/bio\/category\/biologiamolecular\/"},"img":{"alt_text":"Pensadores da Biologia ra\u00edzes, rupturas e horizontes da ci\u00eancia da vida -Darwin e Mendel","src":"https:\/\/i0.wp.com\/biologo.com.br\/bio\/wp-content\/uploads\/2025\/11\/Pensadores-da-Biologia-raizes-rupturas-e-horizontes-da-ciencia-da-vida-darwin-e-mendel.jpg?fit=1200%2C675&ssl=1&resize=350%2C200","width":350,"height":200,"srcset":"https:\/\/i0.wp.com\/biologo.com.br\/bio\/wp-content\/uploads\/2025\/11\/Pensadores-da-Biologia-raizes-rupturas-e-horizontes-da-ciencia-da-vida-darwin-e-mendel.jpg?fit=1200%2C675&ssl=1&resize=350%2C200 1x, https:\/\/i0.wp.com\/biologo.com.br\/bio\/wp-content\/uploads\/2025\/11\/Pensadores-da-Biologia-raizes-rupturas-e-horizontes-da-ciencia-da-vida-darwin-e-mendel.jpg?fit=1200%2C675&ssl=1&resize=525%2C300 1.5x, https:\/\/i0.wp.com\/biologo.com.br\/bio\/wp-content\/uploads\/2025\/11\/Pensadores-da-Biologia-raizes-rupturas-e-horizontes-da-ciencia-da-vida-darwin-e-mendel.jpg?fit=1200%2C675&ssl=1&resize=700%2C400 2x, https:\/\/i0.wp.com\/biologo.com.br\/bio\/wp-content\/uploads\/2025\/11\/Pensadores-da-Biologia-raizes-rupturas-e-horizontes-da-ciencia-da-vida-darwin-e-mendel.jpg?fit=1200%2C675&ssl=1&resize=1050%2C600 3x"},"classes":[]},{"id":1208,"url":"https:\/\/biologo.com.br\/bio\/as-maiores-descobertas-da-historia-da-biologia\/","url_meta":{"origin":7864,"position":3},"title":"As maiores descobertas da hist\u00f3ria da biologia","author":"pozzana","date":"agosto 29, 2016","format":"video","excerpt":"\u00a0As maiores descobertas da hist\u00f3ria da biologia: Neste document\u00e1rio imperd\u00edvel da Discovery Science, um passeio pelas 100 maiores descobertas da hist\u00f3ria da biologia, seus cientistas, os avan\u00e7os e as dificuldades em se entender a complexidade da vida. \u00a0As maiores descobertas da hist\u00f3ria da biologia A hist\u00f3ria da biologia tra\u00e7a o\u2026","rel":"","context":"Em &quot;Biologia&quot;","block_context":{"text":"Biologia","link":"https:\/\/biologo.com.br\/bio\/category\/biologia2\/"},"img":{"alt_text":"As maiores descobertas da hist\u00f3ria da biologia","src":"https:\/\/i0.wp.com\/biologo.com.br\/bio\/wp-content\/uploads\/2016\/08\/As-maiores-descobertas-da-hist%C3%B3ria-da-biologia.jpg?fit=631%2C351&ssl=1&resize=350%2C200","width":350,"height":200,"srcset":"https:\/\/i0.wp.com\/biologo.com.br\/bio\/wp-content\/uploads\/2016\/08\/As-maiores-descobertas-da-hist%C3%B3ria-da-biologia.jpg?fit=631%2C351&ssl=1&resize=350%2C200 1x, https:\/\/i0.wp.com\/biologo.com.br\/bio\/wp-content\/uploads\/2016\/08\/As-maiores-descobertas-da-hist%C3%B3ria-da-biologia.jpg?fit=631%2C351&ssl=1&resize=525%2C300 1.5x"},"classes":[]},{"id":2084,"url":"https:\/\/biologo.com.br\/bio\/anatomia\/","url_meta":{"origin":7864,"position":4},"title":"Anatomia","author":"pozzana","date":"mar\u00e7o 23, 2017","format":false,"excerpt":"Anatomia:\u00a0\u00e9 o campo da biologia que estuda a organiza\u00e7\u00e3o estrutural dos seres vivos, bem como os sistemas, \u00f3rg\u00e3os e tecidos que os constituem, a apar\u00eancia e posi\u00e7\u00e3o das v\u00e1rias partes, as subst\u00e2ncias de que s\u00e3o feitos, a sua localiza\u00e7\u00e3o e a sua rela\u00e7\u00e3o com outras partes do corpo. Anatomia Um\u2026","rel":"","context":"Em &quot;Anatomia&quot;","block_context":{"text":"Anatomia","link":"https:\/\/biologo.com.br\/bio\/category\/anatomia\/"},"img":{"alt_text":"Anatomia","src":"https:\/\/i0.wp.com\/biologo.com.br\/bio\/wp-content\/uploads\/2017\/03\/anatomia.jpg?fit=631%2C351&ssl=1&resize=350%2C200","width":350,"height":200,"srcset":"https:\/\/i0.wp.com\/biologo.com.br\/bio\/wp-content\/uploads\/2017\/03\/anatomia.jpg?fit=631%2C351&ssl=1&resize=350%2C200 1x, https:\/\/i0.wp.com\/biologo.com.br\/bio\/wp-content\/uploads\/2017\/03\/anatomia.jpg?fit=631%2C351&ssl=1&resize=525%2C300 1.5x"},"classes":[]},{"id":3089,"url":"https:\/\/biologo.com.br\/bio\/eu-humano\/","url_meta":{"origin":7864,"position":5},"title":"Eu, Humano","author":"pozzana","date":"outubro 13, 2017","format":"video","excerpt":"Eu, Humano: Este document\u00e1rio narra a hist\u00f3ria de nosso extraordin\u00e1rio organismo com o aux\u00edlio de impressionantes imagens 3D. Eu, Humano: Document\u00e1rio HD https:\/\/www.youtube.com\/watch?v=WY7Mz4fP6Bs Por meio de uma rica combina\u00e7\u00e3o de sequ\u00eancias da vida real especialmente filmadas e imagens geradas por computadores de \u00faltima gera\u00e7\u00e3o, a s\u00e9rie levar\u00e1 o espectador em\u2026","rel":"","context":"Em &quot;Anatomia&quot;","block_context":{"text":"Anatomia","link":"https:\/\/biologo.com.br\/bio\/category\/anatomia\/"},"img":{"alt_text":"Eu, Humano","src":"https:\/\/i0.wp.com\/biologo.com.br\/bio\/wp-content\/uploads\/2017\/10\/Humano-1.jpg?fit=631%2C351&ssl=1&resize=350%2C200","width":350,"height":200,"srcset":"https:\/\/i0.wp.com\/biologo.com.br\/bio\/wp-content\/uploads\/2017\/10\/Humano-1.jpg?fit=631%2C351&ssl=1&resize=350%2C200 1x, https:\/\/i0.wp.com\/biologo.com.br\/bio\/wp-content\/uploads\/2017\/10\/Humano-1.jpg?fit=631%2C351&ssl=1&resize=525%2C300 1.5x"},"classes":[]}],"jetpack_sharing_enabled":true,"jetpack_likes_enabled":true,"jetpack_shortlink":"https:\/\/wp.me\/p6NB6B-22Q","amp_enabled":true,"_links":{"self":[{"href":"https:\/\/biologo.com.br\/bio\/wp-json\/wp\/v2\/posts\/7864","targetHints":{"allow":["GET"]}}],"collection":[{"href":"https:\/\/biologo.com.br\/bio\/wp-json\/wp\/v2\/posts"}],"about":[{"href":"https:\/\/biologo.com.br\/bio\/wp-json\/wp\/v2\/types\/post"}],"author":[{"embeddable":true,"href":"https:\/\/biologo.com.br\/bio\/wp-json\/wp\/v2\/users\/1"}],"replies":[{"embeddable":true,"href":"https:\/\/biologo.com.br\/bio\/wp-json\/wp\/v2\/comments?post=7864"}],"version-history":[{"count":1,"href":"https:\/\/biologo.com.br\/bio\/wp-json\/wp\/v2\/posts\/7864\/revisions"}],"predecessor-version":[{"id":15845,"href":"https:\/\/biologo.com.br\/bio\/wp-json\/wp\/v2\/posts\/7864\/revisions\/15845"}],"wp:featuredmedia":[{"embeddable":true,"href":"https:\/\/biologo.com.br\/bio\/wp-json\/wp\/v2\/media\/7880"}],"wp:attachment":[{"href":"https:\/\/biologo.com.br\/bio\/wp-json\/wp\/v2\/media?parent=7864"}],"wp:term":[{"taxonomy":"category","embeddable":true,"href":"https:\/\/biologo.com.br\/bio\/wp-json\/wp\/v2\/categories?post=7864"},{"taxonomy":"post_tag","embeddable":true,"href":"https:\/\/biologo.com.br\/bio\/wp-json\/wp\/v2\/tags?post=7864"}],"curies":[{"name":"wp","href":"https:\/\/api.w.org\/{rel}","templated":true}]}}