{"id":8036,"date":"2020-10-27T19:02:09","date_gmt":"2020-10-27T22:02:09","guid":{"rendered":"https:\/\/biologo.com.br\/bio\/?p=8036"},"modified":"2025-11-10T09:59:36","modified_gmt":"2025-11-10T12:59:36","slug":"cuxiu-preto","status":"publish","type":"post","link":"https:\/\/biologo.com.br\/bio\/cuxiu-preto\/","title":{"rendered":"Cuxi\u00fa-preto"},"content":{"rendered":"\n<p><span style=\"font-size: 14pt; color: #000000;\"><span style=\"color: #3366ff;\"><strong>Cuxi\u00fa-preto: <\/strong><span style=\"color: #000000;\">O Cuxi\u00fa-preto (<em>Chiropotes satanas<\/em>) \u00e9 uma esp\u00e9cie de primata end\u00eamica do Brasil. Est\u00e3o criticamente amea\u00e7ados por diversos fatores, principalmente a destrui\u00e7\u00e3o do seu habitat.<\/span><\/span><\/span><\/p>\n\n\n\n<h2 class=\"wp-block-heading\"><span style=\"font-family: 'courier new', courier, monospace; font-size: 24pt; color: #000000;\"><strong>Cuxi\u00fa-preto&nbsp;<\/strong><\/span><\/h2>\n\n\n\n<p><span style=\"font-size: 8pt; color: #000000;\">27\/10\/2020 ::&nbsp; Por Josu\u00e9 Fontana<\/span><\/p>\n\n\n\n<p class=\"has-medium-font-size\"><span style=\"color: #000000;\"><span style=\"font-family: georgia, palatino, serif; font-size: 24pt;\"><strong>O <\/strong><\/span>Cuxi\u00fa-preto pode ser identificado por seu cabelo preto espesso e barba caracter\u00edstica, al\u00e9m de uma cauda espessa como a de uma raposa.<\/span><\/p>\n\n\n\n<figure class=\"wp-block-image alignright\"><a href=\"https:\/\/i0.wp.com\/biologo.com.br\/bio\/wp-content\/uploads\/2020\/10\/Chiropotes-satanas.jpg?ssl=1\"><img data-recalc-dims=\"1\" loading=\"lazy\" decoding=\"async\" width=\"150\" height=\"150\" data-attachment-id=\"8039\" data-permalink=\"https:\/\/biologo.com.br\/bio\/cuxiu-preto\/chiropotes-satanas\/\" data-orig-file=\"https:\/\/i0.wp.com\/biologo.com.br\/bio\/wp-content\/uploads\/2020\/10\/Chiropotes-satanas.jpg?fit=228%2C323&amp;ssl=1\" data-orig-size=\"228,323\" data-comments-opened=\"0\" data-image-meta=\"{&quot;aperture&quot;:&quot;0&quot;,&quot;credit&quot;:&quot;&quot;,&quot;camera&quot;:&quot;&quot;,&quot;caption&quot;:&quot;&quot;,&quot;created_timestamp&quot;:&quot;0&quot;,&quot;copyright&quot;:&quot;&quot;,&quot;focal_length&quot;:&quot;0&quot;,&quot;iso&quot;:&quot;0&quot;,&quot;shutter_speed&quot;:&quot;0&quot;,&quot;title&quot;:&quot;&quot;,&quot;orientation&quot;:&quot;0&quot;}\" data-image-title=\"Chiropotes-satanas\" data-image-description=\"&lt;p&gt;Plate: Pithecia satanas (Couxio)&lt;br \/&gt;\nAccepted: Chiropotes satanas&lt;br \/&gt;\nCommon: Black-beared Saki&lt;\/p&gt;\n\" data-image-caption=\"&lt;p&gt;Chiropotes satanas by&lt;br \/&gt;\nBiodiversity Heritage Library&lt;\/p&gt;\n\" data-large-file=\"https:\/\/i0.wp.com\/biologo.com.br\/bio\/wp-content\/uploads\/2020\/10\/Chiropotes-satanas.jpg?fit=228%2C323&amp;ssl=1\" src=\"https:\/\/i0.wp.com\/biologo.com.br\/bio\/wp-content\/uploads\/2020\/10\/Chiropotes-satanas.jpg?resize=150%2C150&#038;ssl=1\" alt=\"Chiropotes satanas\" class=\"wp-image-8039\"\/><\/a><figcaption class=\"wp-element-caption\"><span style=\"color: #000000;\"><span style=\"font-size: 8pt;\">\u00a9 <\/span><a style=\"color: #000000;\" href=\"https:\/\/www.flickr.com\/photos\/biodivlibrary\/\" target=\"_blank\" rel=\"noopener noreferrer\"><span style=\"font-size: 8pt;\">Biodiversity Heritage Library<\/span><\/a><\/span><\/figcaption><\/figure>\n\n\n\n<p class=\"has-medium-font-size\"><span style=\"color: #000000;\">Esta esp\u00e9cie criticamente amea\u00e7ada de extin\u00e7\u00e3o \u00e9 end\u00eamica do extremo leste da Amaz\u00f4nia no Brasil. Est\u00e1 restrita a uma regi\u00e3o relativamente pequena do rio Tocantins no leste do Par\u00e1 at\u00e9 ao redor do rio Graja\u00fa no Maranh\u00e3o.<\/span><\/p>\n\n\n\n<p class=\"has-medium-font-size\"><span style=\"color: #000000;\">Eles podem ter alguns reflexos marrons amarelados nas costas e nos ombros. Os machos tendem a ser ligeiramente maiores que as f\u00eameas e tamb\u00e9m t\u00eam uma testa saliente.&nbsp;<\/span><\/p>\n\n\n\n<ul class=\"wp-block-list\">\n<li><span style=\"font-size: 14pt; color: #0000ff;\"><a style=\"color: #0000ff;\" href=\"https:\/\/biologo.com.br\/bio\/menor-macaco-das-americas\/\">Menor macaco das Am\u00e9ricas<\/a><\/span><\/li>\n\n\n\n<li><span style=\"font-size: 14pt; color: #0000ff;\"><a style=\"color: #0000ff;\" href=\"https:\/\/biologo.com.br\/bio\/as-ferramentas-do-macaco-prego\/\">As ferramentas do macaco-prego<\/a><\/span><\/li>\n\n\n\n<li><span style=\"font-size: 14pt; color: #0000ff;\"><a style=\"color: #0000ff;\" href=\"https:\/\/biologo.com.br\/bio\/especies-ameacadas\/\">Esp\u00e9cies amea\u00e7adas<\/a><\/span><\/li>\n<\/ul>\n\n\n\n<p class=\"has-black-color has-text-color has-link-color has-medium-font-size wp-elements-f411ee01db91f32b6e0c1183fda1d301\"><span style=\"color: #000000;\">Eles s\u00e3o animais bastante sociais, frequentemente se catando e brincando uns com os outros, at\u00e9 mesmo com os de outras esp\u00e9cies. Podem ser encontrados em grupos de cerca de 30 indiv\u00edduos.&nbsp;<\/span><\/p>\n\n\n\n<p class=\"has-black-color has-text-color has-link-color has-medium-font-size wp-elements-05eb77d8f810eebf2f53e220a3424eb5\"><span style=\"color: #000000;\">Quando filhotes, os macacos podem ser vistos usando a cauda para agarrar coisas, mas perdem a habilidade conforme o primata fica mais velho.&nbsp;<\/span><\/p>\n\n\n\n<figure class=\"wp-block-embed is-type-video is-provider-youtube wp-block-embed-youtube wp-embed-aspect-16-9 wp-has-aspect-ratio\"><div class=\"wp-block-embed__wrapper\">\n<iframe loading=\"lazy\" title=\"Cuxi\u00fa preto - R3 Animal\" width=\"800\" height=\"450\" src=\"https:\/\/www.youtube.com\/embed\/FOEC-hFvIuY?feature=oembed\" frameborder=\"0\" allow=\"accelerometer; autoplay; clipboard-write; encrypted-media; gyroscope; picture-in-picture\" allowfullscreen><\/iframe>\n<\/div><\/figure>\n\n\n\n<figure class=\"wp-block-image alignright\"><a href=\"https:\/\/i0.wp.com\/biologo.com.br\/bio\/wp-content\/uploads\/2020\/10\/Cuxiu-preto.jpg?ssl=1\"><img data-recalc-dims=\"1\" loading=\"lazy\" decoding=\"async\" width=\"300\" height=\"167\" data-attachment-id=\"8038\" data-permalink=\"https:\/\/biologo.com.br\/bio\/cuxiu-preto\/cuxiu-preto\/\" data-orig-file=\"https:\/\/i0.wp.com\/biologo.com.br\/bio\/wp-content\/uploads\/2020\/10\/Cuxiu-preto.jpg?fit=631%2C351&amp;ssl=1\" data-orig-size=\"631,351\" data-comments-opened=\"0\" data-image-meta=\"{&quot;aperture&quot;:&quot;0&quot;,&quot;credit&quot;:&quot;&quot;,&quot;camera&quot;:&quot;&quot;,&quot;caption&quot;:&quot;&quot;,&quot;created_timestamp&quot;:&quot;0&quot;,&quot;copyright&quot;:&quot;&quot;,&quot;focal_length&quot;:&quot;0&quot;,&quot;iso&quot;:&quot;0&quot;,&quot;shutter_speed&quot;:&quot;0&quot;,&quot;title&quot;:&quot;&quot;,&quot;orientation&quot;:&quot;0&quot;}\" data-image-title=\"Cuxi\u00fa-preto\" data-image-description=\"&lt;p&gt;Cuxi\u00fa-preto. Black bearded saki | Baardsaki. Cuxi\u00fa-preto (nome cient\u00edfico: Chiropotes satanas) \u00e9 um macaco do Novo Mundo da fam\u00edlia Pitheciidae e g\u00eanero Chiropotes, end\u00eamico do Brasil. Habitam zonas de floresta tropical densa, na Amaz\u00f4nia oriental, sendo restritos a uma pequena \u00e1rea entre o rio Tocantins no Par\u00e1 e o rio Pindar\u00e9 no Maranh\u00e3o. S\u00e3o animais diurnos, que passam toda a vida nas \u00e1rvores, alimentando-se de folhas e frutos.&lt;\/p&gt;\n\" data-image-caption=\"&lt;p&gt;by Zweer de Bruin&lt;\/p&gt;\n\" data-large-file=\"https:\/\/i0.wp.com\/biologo.com.br\/bio\/wp-content\/uploads\/2020\/10\/Cuxiu-preto.jpg?fit=631%2C351&amp;ssl=1\" src=\"https:\/\/i0.wp.com\/biologo.com.br\/bio\/wp-content\/uploads\/2020\/10\/Cuxiu-preto.jpg?resize=300%2C167&#038;ssl=1\" alt=\"Cuxi\u00fa-preto\" class=\"wp-image-8038\" srcset=\"https:\/\/i0.wp.com\/biologo.com.br\/bio\/wp-content\/uploads\/2020\/10\/Cuxiu-preto.jpg?resize=300%2C167&amp;ssl=1 300w, https:\/\/i0.wp.com\/biologo.com.br\/bio\/wp-content\/uploads\/2020\/10\/Cuxiu-preto.jpg?w=631&amp;ssl=1 631w\" sizes=\"auto, (max-width: 300px) 100vw, 300px\" \/><\/a><figcaption class=\"wp-element-caption\"><span style=\"font-size: 8pt; color: #000000;\">\u00a9 Zweer de Bruin<\/span><\/figcaption><\/figure>\n\n\n\n<p class=\"has-black-color has-text-color has-link-color has-medium-font-size wp-elements-8c703c69958d184c7f753366b5de3d68\">O Cuxi\u00fa passa a maior parte do tempo procurand<span style=\"color: #000000;\">o frutas e sementes, bem como insetos. Eles usam seus fortes dentes caninos para quebrar cascas duras de frutas e nozes, permitindo-lhes acessar as sementes jovens n\u00e3o maduras dos frutos.<\/span><\/p>\n\n\n\n<p class=\"has-black-color has-text-color has-link-color has-medium-font-size wp-elements-80c03ecd0392086c6f3a0db9dd9a1450\"><span style=\"color: #000000;\">Os sakis barbudos t\u00eam um per\u00edodo de gesta\u00e7\u00e3o de 5 meses e produ<\/span>zem um filhote de cada vez. Eles n\u00e3o se tornam sexualmente maduros at\u00e9 os 4 anos de idade e t\u00eam uma expectativa de vida de 18 anos<\/p>\n\n\n\n<h3 class=\"wp-block-heading\"><strong><span style=\"font-family: 'courier new', courier, monospace; font-size: 12pt;\"><em>Chiropotes satanas<\/em>:&nbsp; o primata mais amea\u00e7ado da Amaz\u00f4nia&nbsp;<\/span><\/strong><\/h3>\n\n\n\n<figure class=\"wp-block-image alignleft is-resized\"><a href=\"https:\/\/biologo.com.br\/bio\/o-custo-do-desmatamento\/\"><img data-recalc-dims=\"1\" loading=\"lazy\" decoding=\"async\" width=\"300\" height=\"167\" data-attachment-id=\"6017\" data-permalink=\"https:\/\/biologo.com.br\/bio\/o-custo-do-desmatamento\/o-custo-do-desmatamento\/\" data-orig-file=\"https:\/\/i0.wp.com\/biologo.com.br\/bio\/wp-content\/uploads\/2019\/05\/O-custo-do-desmatamento.jpg?fit=631%2C351&amp;ssl=1\" data-orig-size=\"631,351\" data-comments-opened=\"0\" data-image-meta=\"{&quot;aperture&quot;:&quot;0&quot;,&quot;credit&quot;:&quot;&quot;,&quot;camera&quot;:&quot;&quot;,&quot;caption&quot;:&quot;&quot;,&quot;created_timestamp&quot;:&quot;0&quot;,&quot;copyright&quot;:&quot;&quot;,&quot;focal_length&quot;:&quot;0&quot;,&quot;iso&quot;:&quot;0&quot;,&quot;shutter_speed&quot;:&quot;0&quot;,&quot;title&quot;:&quot;&quot;,&quot;orientation&quot;:&quot;0&quot;}\" data-image-title=\"O-custo-do-desmatamento\" data-image-description=\"&lt;p&gt;Grupo Especializado de Fiscaliza\u00e7\u00e3o (GEF) do Ibama combate desmatamento e garimpo de cassiterita na Terra Ind\u00edgena Tenharim do Igarap\u00e9 Preto, Amazonas&lt;br \/&gt;\nFoto: Vin\u00edcius Mendon\u00e7a\/Ibama&lt;\/p&gt;\n\" data-image-caption=\"&lt;p&gt;Grupo Especializado de Fiscaliza\u00e7\u00e3o (GEF) do Ibama combate desmatamento e garimpo de cassiterita na Terra Ind\u00edgena Tenharim do Igarap\u00e9 Preto, Amazonas&lt;\/p&gt;\n&lt;p&gt;Foto: Vin\u00edcius Mendon\u00e7a\/Ibama&lt;\/p&gt;\n\" data-large-file=\"https:\/\/i0.wp.com\/biologo.com.br\/bio\/wp-content\/uploads\/2019\/05\/O-custo-do-desmatamento.jpg?fit=631%2C351&amp;ssl=1\" src=\"https:\/\/i0.wp.com\/biologo.com.br\/bio\/wp-content\/uploads\/2019\/05\/O-custo-do-desmatamento.jpg?resize=300%2C167&#038;ssl=1\" alt=\"O custo do desmatamento\" class=\"wp-image-6017\" style=\"width:191px;height:auto\" srcset=\"https:\/\/i0.wp.com\/biologo.com.br\/bio\/wp-content\/uploads\/2019\/05\/O-custo-do-desmatamento.jpg?resize=300%2C167&amp;ssl=1 300w, https:\/\/i0.wp.com\/biologo.com.br\/bio\/wp-content\/uploads\/2019\/05\/O-custo-do-desmatamento.jpg?w=631&amp;ssl=1 631w\" sizes=\"auto, (max-width: 300px) 100vw, 300px\" \/><\/a><\/figure>\n\n\n\n<p class=\"has-black-color has-text-color has-link-color has-medium-font-size wp-elements-51cc12d4546e978e84dee1d5786d28a8\">Nas \u00faltimas d\u00e9cadas, a urbaniza\u00e7\u00e3o tr<span style=\"color: #000000;\">ouxe a destrui\u00e7\u00e3o e degrada\u00e7\u00e3o do seu habitat e at\u00e9 a ca\u00e7a. <\/span><\/p>\n\n\n\n<p class=\"has-black-color has-text-color has-link-color has-medium-font-size wp-elements-3fd71e2f524b6610c9418a5130f9db3b\"><span style=\"color: #000000;\">A fragmenta\u00e7\u00e3o do habitat est\u00e1 aumentando \u00e0 medida que as estradas secund\u00e1rias aumentam e as pessoas se mudam para mais perto das florestas. Junto com o influxo de pessoas, a quantidade de agricultura necess\u00e1ria para sustentar a \u00e1rea aumenta, aumenta a press\u00e3o pelo desmatamento.<\/span><\/p>\n\n\n\n<p class=\"has-black-color has-text-color has-link-color has-medium-font-size wp-elements-0b6c8d4e0d78519029090bbea7b5de5e\"><span style=\"color: #000000;\"> A ca\u00e7a visa a sua carne e suas caudas s\u00e3o usadas como espanadores de poeira.<\/span><\/p>\n\n\n\n<p class=\"has-black-color has-text-color has-link-color has-medium-font-size wp-elements-808c40d14a7f281bdc9c0c7b3157da88\"><span style=\"color: #000000;\">A conserva\u00e7\u00e3o do habitat \u00e9 de alta prioridade, pois esta esp\u00e9cie tem uma distribui\u00e7\u00e3o particularmente pequena, sendo considerada o primata mais amea\u00e7ado da Amaz\u00f4nia e j\u00e1 est\u00e1 extinto localmente em uma grande parte de sua distribui\u00e7\u00e3o original.<\/span><\/p>\n\n\n\n<h4 class=\"wp-block-heading\"><span style=\"color: #000000; font-family: 'courier new', courier, monospace; font-size: 10pt;\">Estudos:<\/span><\/h4>\n\n\n\n<ul class=\"wp-block-list\">\n<li><span style=\"font-size: 8pt; color: #000000;\">Veiga, L. M.; Silva Jr., J. S.; Ferrari, S. F. &amp; Rylands, A. B. (2008).\u00a0<a href=\"https:\/\/www.iucnredlist.org\/species\/39956\/191704509\" target=\"_blank\" rel=\"noreferrer noopener\">&#8220;<i>Chiropotes satanas<\/i>&#8220;<\/a>.\u00a0<i><a style=\"color: #000000;\" title=\"IUCN Red List\" href=\"https:\/\/en.wikipedia.org\/wiki\/IUCN_Red_List\">IUCN Red List of Threatened Species<\/a><\/i><\/span><\/li>\n\n\n\n<li><span style=\"font-size: 8pt; color: #000000;\">&nbsp;<span class=\"reference-text\">Silva Jr., J. S. and Figueiredo, W. M. B. (2002).&nbsp;<i>Revis\u00e3o sistem\u00e1tica dos cuxi\u00fas, g\u00eanero Chiropotes Lesson, 1840 (Primates Pithecidae).<\/i>&nbsp;Livro de Resumos do XO. Congresso da Sociedade Brasileira de Primatologia, Amaz\u00f4nia \u2013 A \u00daltima Fronteira: 21. Bel\u00e9m, Brazil.<\/span><\/span><\/li>\n<\/ul>\n","protected":false},"excerpt":{"rendered":"<p>Cuxi\u00fa-preto: O Cuxi\u00fa-preto (Chiropotes satanas) \u00e9 uma esp\u00e9cie de primata end\u00eamica do Brasil. Est\u00e3o criticamente amea\u00e7ados por diversos fatores, principalmente<\/p>\n","protected":false},"author":1,"featured_media":8038,"comment_status":"closed","ping_status":"closed","sticky":false,"template":"","format":"standard","meta":{"colormag_page_container_layout":"default_layout","colormag_page_sidebar_layout":"default_layout","jetpack_post_was_ever_published":false,"_jetpack_newsletter_access":"","_jetpack_dont_email_post_to_subs":false,"_jetpack_newsletter_tier_id":0,"_jetpack_memberships_contains_paywalled_content":false,"_jetpack_memberships_contains_paid_content":false,"footnotes":"","jetpack_publicize_message":"Cuxi\u00fa-preto: O Cuxi\u00fa-preto (Chiropotes satanas) \u00e9 uma esp\u00e9cie de primata end\u00eamica do Brasil. Est\u00e3o criticamente amea\u00e7ados por diversas amea\u00e7as, principalmente a destrui\u00e7\u00e3o do seu habitat.","jetpack_publicize_feature_enabled":true,"jetpack_social_post_already_shared":true,"jetpack_social_options":{"image_generator_settings":{"template":"highway","default_image_id":0,"font":"","enabled":false},"version":2}},"categories":[135,25,9,41,27],"tags":[],"class_list":["post-8036","post","type-post","status-publish","format-standard","has-post-thumbnail","hentry","category-conservacao","category-mamiferos","category-mastozoologia","category-primatologia","category-zoologia"],"yoast_head":"<!-- This site is optimized with the Yoast SEO plugin v27.5 - https:\/\/yoast.com\/product\/yoast-seo-wordpress\/ -->\n<title>Cuxi\u00fa-preto: o primata mais amea\u00e7ado da Amaz\u00f4nia - Bi\u00f3logo<\/title>\n<meta name=\"description\" content=\"O Cuxi\u00fa-preto (Chiropotes satanas) \u00e9 uma esp\u00e9cie de primata end\u00eamica do Brasil. Est\u00e3o criticamente amea\u00e7ados por diversas amea\u00e7as.\" \/>\n<meta name=\"robots\" content=\"index, follow, max-snippet:-1, max-image-preview:large, max-video-preview:-1\" \/>\n<link rel=\"canonical\" href=\"https:\/\/biologo.com.br\/bio\/cuxiu-preto\/\" \/>\n<meta property=\"og:locale\" content=\"pt_BR\" \/>\n<meta property=\"og:type\" content=\"article\" \/>\n<meta property=\"og:title\" content=\"Cuxi\u00fa-preto: o primata mais amea\u00e7ado da Amaz\u00f4nia - Bi\u00f3logo\" \/>\n<meta property=\"og:description\" content=\"O Cuxi\u00fa-preto (Chiropotes satanas) \u00e9 uma esp\u00e9cie de primata end\u00eamica do Brasil. Est\u00e3o criticamente amea\u00e7ados por diversas amea\u00e7as.\" \/>\n<meta property=\"og:url\" content=\"https:\/\/biologo.com.br\/bio\/cuxiu-preto\/\" \/>\n<meta property=\"og:site_name\" content=\"Bi\u00f3logo\" \/>\n<meta property=\"article:publisher\" content=\"https:\/\/www.facebook.com\/biologocombr\/\" \/>\n<meta property=\"article:published_time\" content=\"2020-10-27T22:02:09+00:00\" \/>\n<meta property=\"article:modified_time\" content=\"2025-11-10T12:59:36+00:00\" \/>\n<meta property=\"og:image\" content=\"https:\/\/biologo.com.br\/bio\/wp-content\/uploads\/2020\/10\/Cuxiu-preto.jpg\" \/>\n\t<meta property=\"og:image:width\" content=\"631\" \/>\n\t<meta property=\"og:image:height\" content=\"351\" \/>\n\t<meta property=\"og:image:type\" content=\"image\/jpeg\" \/>\n<meta name=\"author\" content=\"pozzana\" \/>\n<meta name=\"twitter:card\" content=\"summary_large_image\" \/>\n<meta name=\"twitter:creator\" content=\"@Biologocombr\" \/>\n<meta name=\"twitter:site\" content=\"@Biologocombr\" \/>\n<meta name=\"twitter:label1\" content=\"Escrito por\" \/>\n\t<meta name=\"twitter:data1\" content=\"pozzana\" \/>\n\t<meta name=\"twitter:label2\" content=\"Est. tempo de leitura\" \/>\n\t<meta name=\"twitter:data2\" content=\"4 minutos\" \/>\n<script type=\"application\/ld+json\" class=\"yoast-schema-graph\">{\"@context\":\"https:\\\/\\\/schema.org\",\"@graph\":[{\"@type\":\"Article\",\"@id\":\"https:\\\/\\\/biologo.com.br\\\/bio\\\/cuxiu-preto\\\/#article\",\"isPartOf\":{\"@id\":\"https:\\\/\\\/biologo.com.br\\\/bio\\\/cuxiu-preto\\\/\"},\"author\":{\"name\":\"pozzana\",\"@id\":\"https:\\\/\\\/biologo.com.br\\\/bio\\\/#\\\/schema\\\/person\\\/3a5d600bbc47f8bb0cd43594317a6cd4\"},\"headline\":\"Cuxi\u00fa-preto\",\"datePublished\":\"2020-10-27T22:02:09+00:00\",\"dateModified\":\"2025-11-10T12:59:36+00:00\",\"mainEntityOfPage\":{\"@id\":\"https:\\\/\\\/biologo.com.br\\\/bio\\\/cuxiu-preto\\\/\"},\"wordCount\":512,\"publisher\":{\"@id\":\"https:\\\/\\\/biologo.com.br\\\/bio\\\/#organization\"},\"image\":{\"@id\":\"https:\\\/\\\/biologo.com.br\\\/bio\\\/cuxiu-preto\\\/#primaryimage\"},\"thumbnailUrl\":\"https:\\\/\\\/i0.wp.com\\\/biologo.com.br\\\/bio\\\/wp-content\\\/uploads\\\/2020\\\/10\\\/Cuxiu-preto.jpg?fit=631%2C351&ssl=1\",\"articleSection\":[\"Conserva\u00e7\u00e3o\",\"Mam\u00edferos\",\"Mastozoologia\",\"Primatologia\",\"Zoologia\"],\"inLanguage\":\"pt-BR\"},{\"@type\":\"WebPage\",\"@id\":\"https:\\\/\\\/biologo.com.br\\\/bio\\\/cuxiu-preto\\\/\",\"url\":\"https:\\\/\\\/biologo.com.br\\\/bio\\\/cuxiu-preto\\\/\",\"name\":\"Cuxi\u00fa-preto: o primata mais amea\u00e7ado da Amaz\u00f4nia - Bi\u00f3logo\",\"isPartOf\":{\"@id\":\"https:\\\/\\\/biologo.com.br\\\/bio\\\/#website\"},\"primaryImageOfPage\":{\"@id\":\"https:\\\/\\\/biologo.com.br\\\/bio\\\/cuxiu-preto\\\/#primaryimage\"},\"image\":{\"@id\":\"https:\\\/\\\/biologo.com.br\\\/bio\\\/cuxiu-preto\\\/#primaryimage\"},\"thumbnailUrl\":\"https:\\\/\\\/i0.wp.com\\\/biologo.com.br\\\/bio\\\/wp-content\\\/uploads\\\/2020\\\/10\\\/Cuxiu-preto.jpg?fit=631%2C351&ssl=1\",\"datePublished\":\"2020-10-27T22:02:09+00:00\",\"dateModified\":\"2025-11-10T12:59:36+00:00\",\"description\":\"O Cuxi\u00fa-preto (Chiropotes satanas) \u00e9 uma esp\u00e9cie de primata end\u00eamica do Brasil. Est\u00e3o criticamente amea\u00e7ados por diversas amea\u00e7as.\",\"breadcrumb\":{\"@id\":\"https:\\\/\\\/biologo.com.br\\\/bio\\\/cuxiu-preto\\\/#breadcrumb\"},\"inLanguage\":\"pt-BR\",\"potentialAction\":[{\"@type\":\"ReadAction\",\"target\":[\"https:\\\/\\\/biologo.com.br\\\/bio\\\/cuxiu-preto\\\/\"]}]},{\"@type\":\"ImageObject\",\"inLanguage\":\"pt-BR\",\"@id\":\"https:\\\/\\\/biologo.com.br\\\/bio\\\/cuxiu-preto\\\/#primaryimage\",\"url\":\"https:\\\/\\\/i0.wp.com\\\/biologo.com.br\\\/bio\\\/wp-content\\\/uploads\\\/2020\\\/10\\\/Cuxiu-preto.jpg?fit=631%2C351&ssl=1\",\"contentUrl\":\"https:\\\/\\\/i0.wp.com\\\/biologo.com.br\\\/bio\\\/wp-content\\\/uploads\\\/2020\\\/10\\\/Cuxiu-preto.jpg?fit=631%2C351&ssl=1\",\"width\":631,\"height\":351,\"caption\":\"by Zweer de Bruin\"},{\"@type\":\"BreadcrumbList\",\"@id\":\"https:\\\/\\\/biologo.com.br\\\/bio\\\/cuxiu-preto\\\/#breadcrumb\",\"itemListElement\":[{\"@type\":\"ListItem\",\"position\":1,\"name\":\"In\u00edcio\",\"item\":\"https:\\\/\\\/biologo.com.br\\\/bio\\\/\"},{\"@type\":\"ListItem\",\"position\":2,\"name\":\"Cuxi\u00fa-preto\"}]},{\"@type\":\"WebSite\",\"@id\":\"https:\\\/\\\/biologo.com.br\\\/bio\\\/#website\",\"url\":\"https:\\\/\\\/biologo.com.br\\\/bio\\\/\",\"name\":\"Bi\u00f3logo\",\"description\":\"Biologia. Informa\u00e7\u00f5es para bi\u00f3logos ou leigos. Eventos, v\u00eddeos e muito mais. Ci\u00eancias biol\u00f3gicas.\",\"publisher\":{\"@id\":\"https:\\\/\\\/biologo.com.br\\\/bio\\\/#organization\"},\"potentialAction\":[{\"@type\":\"SearchAction\",\"target\":{\"@type\":\"EntryPoint\",\"urlTemplate\":\"https:\\\/\\\/biologo.com.br\\\/bio\\\/?s={search_term_string}\"},\"query-input\":{\"@type\":\"PropertyValueSpecification\",\"valueRequired\":true,\"valueName\":\"search_term_string\"}}],\"inLanguage\":\"pt-BR\"},{\"@type\":\"Organization\",\"@id\":\"https:\\\/\\\/biologo.com.br\\\/bio\\\/#organization\",\"name\":\"Bi\u00f3logo\",\"url\":\"https:\\\/\\\/biologo.com.br\\\/bio\\\/\",\"logo\":{\"@type\":\"ImageObject\",\"inLanguage\":\"pt-BR\",\"@id\":\"https:\\\/\\\/biologo.com.br\\\/bio\\\/#\\\/schema\\\/logo\\\/image\\\/\",\"url\":\"https:\\\/\\\/i0.wp.com\\\/biologo.com.br\\\/bio\\\/wp-content\\\/uploads\\\/2015\\\/12\\\/logo1.jpg?fit=179%2C57&ssl=1\",\"contentUrl\":\"https:\\\/\\\/i0.wp.com\\\/biologo.com.br\\\/bio\\\/wp-content\\\/uploads\\\/2015\\\/12\\\/logo1.jpg?fit=179%2C57&ssl=1\",\"width\":179,\"height\":57,\"caption\":\"Bi\u00f3logo\"},\"image\":{\"@id\":\"https:\\\/\\\/biologo.com.br\\\/bio\\\/#\\\/schema\\\/logo\\\/image\\\/\"},\"sameAs\":[\"https:\\\/\\\/www.facebook.com\\\/biologocombr\\\/\",\"https:\\\/\\\/x.com\\\/Biologocombr\",\"https:\\\/\\\/www.instagram.com\\\/biologo.com.br\\\/\"]},{\"@type\":\"Person\",\"@id\":\"https:\\\/\\\/biologo.com.br\\\/bio\\\/#\\\/schema\\\/person\\\/3a5d600bbc47f8bb0cd43594317a6cd4\",\"name\":\"pozzana\",\"image\":{\"@type\":\"ImageObject\",\"inLanguage\":\"pt-BR\",\"@id\":\"https:\\\/\\\/secure.gravatar.com\\\/avatar\\\/fa8f924c29488a329bd70373453572f7494e802125f373a7f2937173cc26b21f?s=96&d=mm&r=g\",\"url\":\"https:\\\/\\\/secure.gravatar.com\\\/avatar\\\/fa8f924c29488a329bd70373453572f7494e802125f373a7f2937173cc26b21f?s=96&d=mm&r=g\",\"contentUrl\":\"https:\\\/\\\/secure.gravatar.com\\\/avatar\\\/fa8f924c29488a329bd70373453572f7494e802125f373a7f2937173cc26b21f?s=96&d=mm&r=g\",\"caption\":\"pozzana\"},\"url\":\"https:\\\/\\\/biologo.com.br\\\/bio\\\/author\\\/pozzana\\\/\"}]}<\/script>\n<!-- \/ Yoast SEO plugin. -->","yoast_head_json":{"title":"Cuxi\u00fa-preto: o primata mais amea\u00e7ado da Amaz\u00f4nia - Bi\u00f3logo","description":"O Cuxi\u00fa-preto (Chiropotes satanas) \u00e9 uma esp\u00e9cie de primata end\u00eamica do Brasil. Est\u00e3o criticamente amea\u00e7ados por diversas amea\u00e7as.","robots":{"index":"index","follow":"follow","max-snippet":"max-snippet:-1","max-image-preview":"max-image-preview:large","max-video-preview":"max-video-preview:-1"},"canonical":"https:\/\/biologo.com.br\/bio\/cuxiu-preto\/","og_locale":"pt_BR","og_type":"article","og_title":"Cuxi\u00fa-preto: o primata mais amea\u00e7ado da Amaz\u00f4nia - Bi\u00f3logo","og_description":"O Cuxi\u00fa-preto (Chiropotes satanas) \u00e9 uma esp\u00e9cie de primata end\u00eamica do Brasil. Est\u00e3o criticamente amea\u00e7ados por diversas amea\u00e7as.","og_url":"https:\/\/biologo.com.br\/bio\/cuxiu-preto\/","og_site_name":"Bi\u00f3logo","article_publisher":"https:\/\/www.facebook.com\/biologocombr\/","article_published_time":"2020-10-27T22:02:09+00:00","article_modified_time":"2025-11-10T12:59:36+00:00","og_image":[{"width":631,"height":351,"url":"https:\/\/biologo.com.br\/bio\/wp-content\/uploads\/2020\/10\/Cuxiu-preto.jpg","type":"image\/jpeg"}],"author":"pozzana","twitter_card":"summary_large_image","twitter_creator":"@Biologocombr","twitter_site":"@Biologocombr","twitter_misc":{"Escrito por":"pozzana","Est. tempo de leitura":"4 minutos"},"schema":{"@context":"https:\/\/schema.org","@graph":[{"@type":"Article","@id":"https:\/\/biologo.com.br\/bio\/cuxiu-preto\/#article","isPartOf":{"@id":"https:\/\/biologo.com.br\/bio\/cuxiu-preto\/"},"author":{"name":"pozzana","@id":"https:\/\/biologo.com.br\/bio\/#\/schema\/person\/3a5d600bbc47f8bb0cd43594317a6cd4"},"headline":"Cuxi\u00fa-preto","datePublished":"2020-10-27T22:02:09+00:00","dateModified":"2025-11-10T12:59:36+00:00","mainEntityOfPage":{"@id":"https:\/\/biologo.com.br\/bio\/cuxiu-preto\/"},"wordCount":512,"publisher":{"@id":"https:\/\/biologo.com.br\/bio\/#organization"},"image":{"@id":"https:\/\/biologo.com.br\/bio\/cuxiu-preto\/#primaryimage"},"thumbnailUrl":"https:\/\/i0.wp.com\/biologo.com.br\/bio\/wp-content\/uploads\/2020\/10\/Cuxiu-preto.jpg?fit=631%2C351&ssl=1","articleSection":["Conserva\u00e7\u00e3o","Mam\u00edferos","Mastozoologia","Primatologia","Zoologia"],"inLanguage":"pt-BR"},{"@type":"WebPage","@id":"https:\/\/biologo.com.br\/bio\/cuxiu-preto\/","url":"https:\/\/biologo.com.br\/bio\/cuxiu-preto\/","name":"Cuxi\u00fa-preto: o primata mais amea\u00e7ado da Amaz\u00f4nia - Bi\u00f3logo","isPartOf":{"@id":"https:\/\/biologo.com.br\/bio\/#website"},"primaryImageOfPage":{"@id":"https:\/\/biologo.com.br\/bio\/cuxiu-preto\/#primaryimage"},"image":{"@id":"https:\/\/biologo.com.br\/bio\/cuxiu-preto\/#primaryimage"},"thumbnailUrl":"https:\/\/i0.wp.com\/biologo.com.br\/bio\/wp-content\/uploads\/2020\/10\/Cuxiu-preto.jpg?fit=631%2C351&ssl=1","datePublished":"2020-10-27T22:02:09+00:00","dateModified":"2025-11-10T12:59:36+00:00","description":"O Cuxi\u00fa-preto (Chiropotes satanas) \u00e9 uma esp\u00e9cie de primata end\u00eamica do Brasil. Est\u00e3o criticamente amea\u00e7ados por diversas amea\u00e7as.","breadcrumb":{"@id":"https:\/\/biologo.com.br\/bio\/cuxiu-preto\/#breadcrumb"},"inLanguage":"pt-BR","potentialAction":[{"@type":"ReadAction","target":["https:\/\/biologo.com.br\/bio\/cuxiu-preto\/"]}]},{"@type":"ImageObject","inLanguage":"pt-BR","@id":"https:\/\/biologo.com.br\/bio\/cuxiu-preto\/#primaryimage","url":"https:\/\/i0.wp.com\/biologo.com.br\/bio\/wp-content\/uploads\/2020\/10\/Cuxiu-preto.jpg?fit=631%2C351&ssl=1","contentUrl":"https:\/\/i0.wp.com\/biologo.com.br\/bio\/wp-content\/uploads\/2020\/10\/Cuxiu-preto.jpg?fit=631%2C351&ssl=1","width":631,"height":351,"caption":"by Zweer de Bruin"},{"@type":"BreadcrumbList","@id":"https:\/\/biologo.com.br\/bio\/cuxiu-preto\/#breadcrumb","itemListElement":[{"@type":"ListItem","position":1,"name":"In\u00edcio","item":"https:\/\/biologo.com.br\/bio\/"},{"@type":"ListItem","position":2,"name":"Cuxi\u00fa-preto"}]},{"@type":"WebSite","@id":"https:\/\/biologo.com.br\/bio\/#website","url":"https:\/\/biologo.com.br\/bio\/","name":"Bi\u00f3logo","description":"Biologia. Informa\u00e7\u00f5es para bi\u00f3logos ou leigos. Eventos, v\u00eddeos e muito mais. Ci\u00eancias biol\u00f3gicas.","publisher":{"@id":"https:\/\/biologo.com.br\/bio\/#organization"},"potentialAction":[{"@type":"SearchAction","target":{"@type":"EntryPoint","urlTemplate":"https:\/\/biologo.com.br\/bio\/?s={search_term_string}"},"query-input":{"@type":"PropertyValueSpecification","valueRequired":true,"valueName":"search_term_string"}}],"inLanguage":"pt-BR"},{"@type":"Organization","@id":"https:\/\/biologo.com.br\/bio\/#organization","name":"Bi\u00f3logo","url":"https:\/\/biologo.com.br\/bio\/","logo":{"@type":"ImageObject","inLanguage":"pt-BR","@id":"https:\/\/biologo.com.br\/bio\/#\/schema\/logo\/image\/","url":"https:\/\/i0.wp.com\/biologo.com.br\/bio\/wp-content\/uploads\/2015\/12\/logo1.jpg?fit=179%2C57&ssl=1","contentUrl":"https:\/\/i0.wp.com\/biologo.com.br\/bio\/wp-content\/uploads\/2015\/12\/logo1.jpg?fit=179%2C57&ssl=1","width":179,"height":57,"caption":"Bi\u00f3logo"},"image":{"@id":"https:\/\/biologo.com.br\/bio\/#\/schema\/logo\/image\/"},"sameAs":["https:\/\/www.facebook.com\/biologocombr\/","https:\/\/x.com\/Biologocombr","https:\/\/www.instagram.com\/biologo.com.br\/"]},{"@type":"Person","@id":"https:\/\/biologo.com.br\/bio\/#\/schema\/person\/3a5d600bbc47f8bb0cd43594317a6cd4","name":"pozzana","image":{"@type":"ImageObject","inLanguage":"pt-BR","@id":"https:\/\/secure.gravatar.com\/avatar\/fa8f924c29488a329bd70373453572f7494e802125f373a7f2937173cc26b21f?s=96&d=mm&r=g","url":"https:\/\/secure.gravatar.com\/avatar\/fa8f924c29488a329bd70373453572f7494e802125f373a7f2937173cc26b21f?s=96&d=mm&r=g","contentUrl":"https:\/\/secure.gravatar.com\/avatar\/fa8f924c29488a329bd70373453572f7494e802125f373a7f2937173cc26b21f?s=96&d=mm&r=g","caption":"pozzana"},"url":"https:\/\/biologo.com.br\/bio\/author\/pozzana\/"}]}},"jetpack_publicize_connections":[],"jetpack_featured_media_url":"https:\/\/i0.wp.com\/biologo.com.br\/bio\/wp-content\/uploads\/2020\/10\/Cuxiu-preto.jpg?fit=631%2C351&ssl=1","jetpack-related-posts":[{"id":8073,"url":"https:\/\/biologo.com.br\/bio\/flora-e-fauna-da-amazonia\/","url_meta":{"origin":8036,"position":0},"title":"Flora e Fauna da Amaz\u00f4nia","author":"pozzana","date":"novembro 2, 2020","format":false,"excerpt":"Flora e Fauna da Amaz\u00f4nia: Com a maior extens\u00e3o de floresta tropical da Am\u00e9rica, as florestas tropicais da Amaz\u00f4nia t\u00eam inigual\u00e1vel biodiversidade. No document\u00e1rio, uma expedi\u00e7\u00e3o de bi\u00f3logos mostra algumas das muitas riquezas da floresta. Flora e Fauna da Amaz\u00f4nia https:\/\/www.youtube.com\/watch?v=Re6ubOxnAD0 2\/11\/2020 ::\u00a0 Por Josu\u00e9 Fontana Uma em cada dez\u2026","rel":"","context":"Em &quot;Biodiversidade&quot;","block_context":{"text":"Biodiversidade","link":"https:\/\/biologo.com.br\/bio\/category\/biodiversidade\/"},"img":{"alt_text":"Flora e fauna da Amaz\u00f4nia","src":"https:\/\/i0.wp.com\/biologo.com.br\/bio\/wp-content\/uploads\/2020\/11\/Flora-e-Fauna-da-Amazonia.jpg?fit=631%2C351&ssl=1&resize=350%2C200","width":350,"height":200,"srcset":"https:\/\/i0.wp.com\/biologo.com.br\/bio\/wp-content\/uploads\/2020\/11\/Flora-e-Fauna-da-Amazonia.jpg?fit=631%2C351&ssl=1&resize=350%2C200 1x, https:\/\/i0.wp.com\/biologo.com.br\/bio\/wp-content\/uploads\/2020\/11\/Flora-e-Fauna-da-Amazonia.jpg?fit=631%2C351&ssl=1&resize=525%2C300 1.5x"},"classes":[]},{"id":6120,"url":"https:\/\/biologo.com.br\/bio\/o-crocodilo-com-chifres\/","url_meta":{"origin":8036,"position":1},"title":"O crocodilo com chifres","author":"pozzana","date":"junho 24, 2019","format":false,"excerpt":"O crocodilo com chifres: Um crocodilo de apar\u00eancia singular viveu entre 11 milh\u00f5es e 8,5 milh\u00f5es de anos atr\u00e1s em uma parte do que hoje corresponde ao sudoeste da Amaz\u00f4nia brasileira. O crocodilo com chifres Jun\/2019 :: por Ricardo Zorzetto\/ Pesquisa FAPESP Com um cr\u00e2nio de quase 60 cent\u00edmetros (cm)\u2026","rel":"","context":"Em &quot;Evolu\u00e7\u00e3o&quot;","block_context":{"text":"Evolu\u00e7\u00e3o","link":"https:\/\/biologo.com.br\/bio\/category\/evolucao\/"},"img":{"alt_text":"crocodilo com chifres","src":"https:\/\/i0.wp.com\/biologo.com.br\/bio\/wp-content\/uploads\/2019\/06\/o-crocodilo-com-chifres.jpg?fit=631%2C351&ssl=1&resize=350%2C200","width":350,"height":200,"srcset":"https:\/\/i0.wp.com\/biologo.com.br\/bio\/wp-content\/uploads\/2019\/06\/o-crocodilo-com-chifres.jpg?fit=631%2C351&ssl=1&resize=350%2C200 1x, https:\/\/i0.wp.com\/biologo.com.br\/bio\/wp-content\/uploads\/2019\/06\/o-crocodilo-com-chifres.jpg?fit=631%2C351&ssl=1&resize=525%2C300 1.5x"},"classes":[]},{"id":18686,"url":"https:\/\/biologo.com.br\/bio\/vaca-marinha-de-steller\/","url_meta":{"origin":8036,"position":2},"title":"Vaca-marinha-de-steller","author":"pozzana","date":"julho 1, 2025","format":false,"excerpt":"A vaca-marinha-de-steller (Hydrodamalis gigas) foi um enorme mam\u00edfero marinho herb\u00edvoro, extinto em 1768, apenas 27 anos ap\u00f3s ser descoberto por europeus. Dessa forma, com at\u00e9 nove metros de comprimento e toneladas de gordura, tornou-se presa f\u00e1cil para ca\u00e7adores. Vaca-marinha-de-steller: quando o mar perdeu um gigante 1\/7\/2025\u00a0::\u00a0 por Marco Pozzana, bi\u00f3logo\u2026","rel":"","context":"Em &quot;Biologia marinha&quot;","block_context":{"text":"Biologia marinha","link":"https:\/\/biologo.com.br\/bio\/category\/biologiamarinha\/"},"img":{"alt_text":"Vaca-marinha-de-steller: quando o mar perdeu um gigante","src":"https:\/\/i0.wp.com\/biologo.com.br\/bio\/wp-content\/uploads\/2025\/06\/Vaca-marinha-de-steller-quando-o-Mar-Perdeu-um-Gigant.jpg?fit=1200%2C675&ssl=1&resize=350%2C200","width":350,"height":200,"srcset":"https:\/\/i0.wp.com\/biologo.com.br\/bio\/wp-content\/uploads\/2025\/06\/Vaca-marinha-de-steller-quando-o-Mar-Perdeu-um-Gigant.jpg?fit=1200%2C675&ssl=1&resize=350%2C200 1x, https:\/\/i0.wp.com\/biologo.com.br\/bio\/wp-content\/uploads\/2025\/06\/Vaca-marinha-de-steller-quando-o-Mar-Perdeu-um-Gigant.jpg?fit=1200%2C675&ssl=1&resize=525%2C300 1.5x, https:\/\/i0.wp.com\/biologo.com.br\/bio\/wp-content\/uploads\/2025\/06\/Vaca-marinha-de-steller-quando-o-Mar-Perdeu-um-Gigant.jpg?fit=1200%2C675&ssl=1&resize=700%2C400 2x, https:\/\/i0.wp.com\/biologo.com.br\/bio\/wp-content\/uploads\/2025\/06\/Vaca-marinha-de-steller-quando-o-Mar-Perdeu-um-Gigant.jpg?fit=1200%2C675&ssl=1&resize=1050%2C600 3x"},"classes":[]},{"id":14883,"url":"https:\/\/biologo.com.br\/bio\/pica-pau-da-taboca\/","url_meta":{"origin":8036,"position":3},"title":"Pica-pau-da-taboca","author":"pozzana","date":"setembro 6, 2023","format":false,"excerpt":"Pica-pau-da-taboca: bela ave end\u00eamica dos cerrados do Brasil, o pica-pau-da-taboca (Celeus obrieni) ficou 80 anos sem ser vista, por isso, chegou a ser considerada extinta. Todavia, foi \"redescoberta\" no Tocantins, mas corre risco de extin\u00e7\u00e3o com as popula\u00e7\u00f5es em decl\u00ednio segundo da IUCN. Pica-pau-da-taboca: uma ave rara do Brasil 6\/9\/2023\u00a0::\u00a0\u2026","rel":"","context":"Em &quot;Ecologia&quot;","block_context":{"text":"Ecologia","link":"https:\/\/biologo.com.br\/bio\/category\/ecologia\/"},"img":{"alt_text":"Pica-pau-da-taboca","src":"https:\/\/i0.wp.com\/biologo.com.br\/bio\/wp-content\/uploads\/2023\/09\/Pica-pau-da-taboca.jpg?fit=1201%2C676&ssl=1&resize=350%2C200","width":350,"height":200,"srcset":"https:\/\/i0.wp.com\/biologo.com.br\/bio\/wp-content\/uploads\/2023\/09\/Pica-pau-da-taboca.jpg?fit=1201%2C676&ssl=1&resize=350%2C200 1x, https:\/\/i0.wp.com\/biologo.com.br\/bio\/wp-content\/uploads\/2023\/09\/Pica-pau-da-taboca.jpg?fit=1201%2C676&ssl=1&resize=525%2C300 1.5x, https:\/\/i0.wp.com\/biologo.com.br\/bio\/wp-content\/uploads\/2023\/09\/Pica-pau-da-taboca.jpg?fit=1201%2C676&ssl=1&resize=700%2C400 2x, https:\/\/i0.wp.com\/biologo.com.br\/bio\/wp-content\/uploads\/2023\/09\/Pica-pau-da-taboca.jpg?fit=1201%2C676&ssl=1&resize=1050%2C600 3x"},"classes":[]},{"id":12873,"url":"https:\/\/biologo.com.br\/bio\/furao-do-pe-preto-uma-epica-historia-de-luta-contra-a-extincao\/","url_meta":{"origin":8036,"position":4},"title":"Fur\u00e3o-do-p\u00e9-preto","author":"pozzana","date":"agosto 31, 2022","format":false,"excerpt":"Fur\u00e3o-do-p\u00e9-preto: a esp\u00e9cie de mustel\u00eddeo end\u00eamica do centro da Am\u00e9rica do Norte (Mustela nigripes) foi declarada extinta em 1979. Com a descoberta de uma popula\u00e7\u00e3o selvagem e investimentos em um programa de conserva\u00e7\u00e3o, o animal persiste, embora amea\u00e7ado de extin\u00e7\u00e3o. Fur\u00e3o-do-p\u00e9-preto, uma \u00e9pica hist\u00f3ria de luta contra a extin\u00e7\u00e3o 31\/8\/2022\u2026","rel":"","context":"Em &quot;Conserva\u00e7\u00e3o&quot;","block_context":{"text":"Conserva\u00e7\u00e3o","link":"https:\/\/biologo.com.br\/bio\/category\/conservacao\/"},"img":{"alt_text":"fur\u00e3o-do-p\u00e9-preto (Mustela nigripes)","src":"https:\/\/i0.wp.com\/biologo.com.br\/bio\/wp-content\/uploads\/2022\/08\/furao-do-pe-preto-Mustela-nigripes.jpg?fit=631%2C351&ssl=1&resize=350%2C200","width":350,"height":200,"srcset":"https:\/\/i0.wp.com\/biologo.com.br\/bio\/wp-content\/uploads\/2022\/08\/furao-do-pe-preto-Mustela-nigripes.jpg?fit=631%2C351&ssl=1&resize=350%2C200 1x, https:\/\/i0.wp.com\/biologo.com.br\/bio\/wp-content\/uploads\/2022\/08\/furao-do-pe-preto-Mustela-nigripes.jpg?fit=631%2C351&ssl=1&resize=525%2C300 1.5x"},"classes":[]},{"id":6879,"url":"https:\/\/biologo.com.br\/bio\/micos-de-estomago-forte\/","url_meta":{"origin":8036,"position":5},"title":"Micos de est\u00f4mago forte","author":"pozzana","date":"abril 28, 2020","format":false,"excerpt":"Micos de est\u00f4mago forte: Micos-le\u00f5es-pretos comem pererecas com toxinas sem apresentar sinais de mal-estar.\u00a0 Micos de est\u00f4mago forte Abr\/2020 :: Gilberto Stam \/ Pesquisa FAPESP. \u00a0CC BY-ND 4.0 Zo\u00f3logos flagraram dois micos-le\u00f5es-pretos (Leontopithecus chrysopygus), uma esp\u00e9cie amea\u00e7ada de extin\u00e7\u00e3o e restrita ao estado de S\u00e3o Paulo, Micos de est\u00f4mago fortecomendo\u2026","rel":"","context":"Em &quot;Comportamento&quot;","block_context":{"text":"Comportamento","link":"https:\/\/biologo.com.br\/bio\/category\/comportamento\/"},"img":{"alt_text":"Mico-le\u00e3o-preto - Leontopithecus chrysopygus","src":"https:\/\/i0.wp.com\/biologo.com.br\/bio\/wp-content\/uploads\/2020\/04\/Mico-leao-preto-Leontopithecus-chrysopygus.jpg?fit=1200%2C675&ssl=1&resize=350%2C200","width":350,"height":200,"srcset":"https:\/\/i0.wp.com\/biologo.com.br\/bio\/wp-content\/uploads\/2020\/04\/Mico-leao-preto-Leontopithecus-chrysopygus.jpg?fit=1200%2C675&ssl=1&resize=350%2C200 1x, https:\/\/i0.wp.com\/biologo.com.br\/bio\/wp-content\/uploads\/2020\/04\/Mico-leao-preto-Leontopithecus-chrysopygus.jpg?fit=1200%2C675&ssl=1&resize=525%2C300 1.5x, https:\/\/i0.wp.com\/biologo.com.br\/bio\/wp-content\/uploads\/2020\/04\/Mico-leao-preto-Leontopithecus-chrysopygus.jpg?fit=1200%2C675&ssl=1&resize=700%2C400 2x, https:\/\/i0.wp.com\/biologo.com.br\/bio\/wp-content\/uploads\/2020\/04\/Mico-leao-preto-Leontopithecus-chrysopygus.jpg?fit=1200%2C675&ssl=1&resize=1050%2C600 3x"},"classes":[]}],"jetpack_sharing_enabled":true,"jetpack_likes_enabled":true,"jetpack_shortlink":"https:\/\/wp.me\/p6NB6B-25C","amp_enabled":true,"_links":{"self":[{"href":"https:\/\/biologo.com.br\/bio\/wp-json\/wp\/v2\/posts\/8036","targetHints":{"allow":["GET"]}}],"collection":[{"href":"https:\/\/biologo.com.br\/bio\/wp-json\/wp\/v2\/posts"}],"about":[{"href":"https:\/\/biologo.com.br\/bio\/wp-json\/wp\/v2\/types\/post"}],"author":[{"embeddable":true,"href":"https:\/\/biologo.com.br\/bio\/wp-json\/wp\/v2\/users\/1"}],"replies":[{"embeddable":true,"href":"https:\/\/biologo.com.br\/bio\/wp-json\/wp\/v2\/comments?post=8036"}],"version-history":[{"count":1,"href":"https:\/\/biologo.com.br\/bio\/wp-json\/wp\/v2\/posts\/8036\/revisions"}],"predecessor-version":[{"id":20170,"href":"https:\/\/biologo.com.br\/bio\/wp-json\/wp\/v2\/posts\/8036\/revisions\/20170"}],"wp:featuredmedia":[{"embeddable":true,"href":"https:\/\/biologo.com.br\/bio\/wp-json\/wp\/v2\/media\/8038"}],"wp:attachment":[{"href":"https:\/\/biologo.com.br\/bio\/wp-json\/wp\/v2\/media?parent=8036"}],"wp:term":[{"taxonomy":"category","embeddable":true,"href":"https:\/\/biologo.com.br\/bio\/wp-json\/wp\/v2\/categories?post=8036"},{"taxonomy":"post_tag","embeddable":true,"href":"https:\/\/biologo.com.br\/bio\/wp-json\/wp\/v2\/tags?post=8036"}],"curies":[{"name":"wp","href":"https:\/\/api.w.org\/{rel}","templated":true}]}}