{"id":9962,"date":"2021-07-06T18:29:10","date_gmt":"2021-07-06T21:29:10","guid":{"rendered":"https:\/\/biologo.com.br\/bio\/?p=9962"},"modified":"2021-07-08T10:44:18","modified_gmt":"2021-07-08T13:44:18","slug":"ararinha-azul","status":"publish","type":"post","link":"https:\/\/biologo.com.br\/bio\/ararinha-azul\/","title":{"rendered":"Ararinha-azul"},"content":{"rendered":"<p><span style=\"font-size: 14pt; color: #000000;\"><span style=\"color: #3366ff;\"><strong>Ararinha-azul <\/strong><span style=\"color: #000000;\">\u00e9 uma ave criticamente amea\u00e7ada, end\u00eamica do Brasil e \u00fanica esp\u00e9cie descrita para o g\u00eanero <em>Cyanopsitta<\/em>, provavelmente extinta na natureza. No entanto, h\u00e1 uma tentativa de reintroduzir a esp\u00e9cie no ambiente selvagem nacional, uma vez que a reprodu\u00e7\u00e3o em cativeiro tem sido feita com relativo sucesso.<\/span><\/span><\/span><span style=\"font-size: 14pt; color: #000000;\"><span style=\"color: #3366ff;\"><span style=\"color: #000000;\"><img data-recalc-dims=\"1\" loading=\"lazy\" decoding=\"async\" data-attachment-id=\"9413\" data-permalink=\"https:\/\/biologo.com.br\/bio\/dia-mundial-das-abelhas\/original-biologo\/\" data-orig-file=\"https:\/\/i0.wp.com\/biologo.com.br\/bio\/wp-content\/uploads\/2021\/05\/ORIGINAL-biologo.jpg?fit=65%2C80&amp;ssl=1\" data-orig-size=\"65,80\" data-comments-opened=\"0\" data-image-meta=\"{&quot;aperture&quot;:&quot;0&quot;,&quot;credit&quot;:&quot;&quot;,&quot;camera&quot;:&quot;&quot;,&quot;caption&quot;:&quot;&quot;,&quot;created_timestamp&quot;:&quot;0&quot;,&quot;copyright&quot;:&quot;&quot;,&quot;focal_length&quot;:&quot;0&quot;,&quot;iso&quot;:&quot;0&quot;,&quot;shutter_speed&quot;:&quot;0&quot;,&quot;title&quot;:&quot;&quot;,&quot;orientation&quot;:&quot;0&quot;}\" data-image-title=\"ORIGINAL-biologo\" data-image-description=\"&lt;p&gt;artigo original www.biologo.com.br &amp;#8211; Todos os direitos reservados&lt;\/p&gt;\n\" data-image-caption=\"\" data-large-file=\"https:\/\/i0.wp.com\/biologo.com.br\/bio\/wp-content\/uploads\/2021\/05\/ORIGINAL-biologo.jpg?fit=65%2C80&amp;ssl=1\" class=\"alignright wp-image-9413 size-full\" title=\"artigo original www.biologo.com.br\" src=\"https:\/\/i0.wp.com\/biologo.com.br\/bio\/wp-content\/uploads\/2021\/05\/ORIGINAL-biologo.jpg?resize=65%2C80&#038;ssl=1\" alt=\"artigo original www.biologo.com.br\" width=\"65\" height=\"80\" \/><\/span><\/span><\/span><\/p>\n<h2><span style=\"font-family: 'courier new', courier, monospace; font-size: 24pt; color: #000000;\"><strong>Ararinha-azul, <span style=\"font-size: 18pt;\">esperan\u00e7a para uma esp\u00e9cie amea\u00e7ada<\/span><\/strong><\/span><\/h2>\n<p><span style=\"font-size: 8pt; color: #000000;\">6\/7\/2021 ::\u00a0 Por Josu\u00e9 Fontana<\/span><\/p>\n<p><span style=\"color: #000000;\"><span style=\"font-family: georgia, palatino, serif; font-size: 24pt;\"><strong>C<\/strong><\/span>ertas vezes, parece que s\u00f3 nos damos conta da perda, assim que ela se concretiza. Assim foi com a <strong>ararinha-azul <\/strong>(<strong><em>Cyanopsitta spixii<\/em><\/strong>), considerada extinta em nossas matas desde o in\u00edcio dos anos 2000, quando foi avistada pela \u00faltima vez no Brasil.<\/span><\/p>\n<figure id=\"attachment_9968\" aria-describedby=\"caption-attachment-9968\" style=\"width: 189px\" class=\"wp-caption alignright\"><img data-recalc-dims=\"1\" loading=\"lazy\" decoding=\"async\" data-attachment-id=\"9968\" data-permalink=\"https:\/\/biologo.com.br\/bio\/ararinha-azul\/ararinhaazul\/\" data-orig-file=\"https:\/\/i0.wp.com\/biologo.com.br\/bio\/wp-content\/uploads\/2021\/07\/ArarinhaAzul.jpg?fit=189%2C162&amp;ssl=1\" data-orig-size=\"189,162\" data-comments-opened=\"0\" data-image-meta=\"{&quot;aperture&quot;:&quot;0&quot;,&quot;credit&quot;:&quot;&quot;,&quot;camera&quot;:&quot;&quot;,&quot;caption&quot;:&quot;&quot;,&quot;created_timestamp&quot;:&quot;0&quot;,&quot;copyright&quot;:&quot;&quot;,&quot;focal_length&quot;:&quot;0&quot;,&quot;iso&quot;:&quot;0&quot;,&quot;shutter_speed&quot;:&quot;0&quot;,&quot;title&quot;:&quot;&quot;,&quot;orientation&quot;:&quot;0&quot;}\" data-image-title=\"ArarinhaAzul\" data-image-description=\"&lt;p&gt;A ararinha-azul (nome cient\u00edfico: Cyanopsitta spixii, do grego: kuanos &amp;#8220;azul-piscina; ciano&amp;#8221; + do latim: psitta, &amp;#8220;papagaio&amp;#8221;; e spixii, em homenagem a Johann Baptist von Spix)[2] \u00e9 uma esp\u00e9cie de ave da fam\u00edlia Psittacidae end\u00eamica do Brasil. \u00c9 a \u00fanica esp\u00e9cie descrita para o g\u00eanero Cyanopsitta. Outros vern\u00e1culos associados a esta esp\u00e9cie s\u00e3o arara-azul-de-spix e arara-celest&lt;\/p&gt;\n\" data-image-caption=\"\" data-large-file=\"https:\/\/i0.wp.com\/biologo.com.br\/bio\/wp-content\/uploads\/2021\/07\/ArarinhaAzul.jpg?fit=189%2C162&amp;ssl=1\" class=\"wp-image-9968 size-full\" title=\"Cyanopsitta spixii - ararinha-azul\" src=\"https:\/\/i0.wp.com\/biologo.com.br\/bio\/wp-content\/uploads\/2021\/07\/ArarinhaAzul.jpg?resize=189%2C162&#038;ssl=1\" alt=\"Cyanopsitta spixii - ararinha-azul\" width=\"189\" height=\"162\" \/><figcaption id=\"caption-attachment-9968\" class=\"wp-caption-text\"><span style=\"font-size: 8pt; color: #000000;\">Animal taxidermizado em museu.<\/span><\/figcaption><\/figure>\n<p><span style=\"color: #000000;\">Desde ent\u00e3o, houve certa como\u00e7\u00e3o com o sumi\u00e7o da ave. Mas somente em 2011, com o filme de anima\u00e7\u00e3o <span style=\"text-decoration: underline;\"><a style=\"color: #000000; text-decoration: underline;\" href=\"https:\/\/www.imdb.com\/title\/tt1436562\/\" target=\"_blank\" rel=\"noopener\">Rio<\/a><\/span>, cuja protagonista era uma ararinha-azul, o grande p\u00fablico conheceu de fato a hist\u00f3ria triste da esp\u00e9cie.\u00a0<\/span><\/p>\n<ul>\n<li><span style=\"font-size: 14pt; color: #0000ff;\"><a style=\"color: #0000ff;\" href=\"https:\/\/biologo.com.br\/bio\/arara-azul-pequena\/\">Arara-azul-pequena<\/a><\/span><\/li>\n<li><span style=\"font-size: 14pt; color: #0000ff;\"><a style=\"color: #0000ff;\" href=\"https:\/\/biologo.com.br\/bio\/ararajuba\/\">Ararajuba<\/a><\/span><\/li>\n<\/ul>\n<p><span style=\"color: #000000;\">Felizmente nem tudo estava perdido. Como na Europa, principalmente, havia exemplares com reprodu\u00e7\u00e3o em cativeiro, fruto do tr\u00e1fico ilegal, crescia a iniciativa para tentar reintroduzir a ararinha no seu lugar de origem, <\/span>uma pequena \u00e1rea do interior baiano.<\/p>\n<p><span style=\"color: #000000;\">O Instituto Chico Mendes de Conserva\u00e7\u00e3o da Biodiversidade (ICMBio), divulgou <span style=\"text-decoration: underline;\"><a style=\"color: #000000; text-decoration: underline;\" href=\"https:\/\/veja.abril.com.br\/ciencia\/icmbio-apresenta-plano-para-reintroduzir-ararinha-azul-a-natureza-ate-2024\/\" target=\"_blank\" rel=\"noopener\">em 2019 uma iniciativa para\u00a0reintroduzir <span style=\"color: #000000; text-decoration: underline;\">a ave<\/span><\/a><\/span> \u00e0 sua \u00e1rea de ocorr\u00eancia original at\u00e9 julho de 2024.\u00a0<\/span><\/p>\n<figure id=\"attachment_9969\" aria-describedby=\"caption-attachment-9969\" style=\"width: 300px\" class=\"wp-caption alignright\"><a href=\"https:\/\/i0.wp.com\/biologo.com.br\/bio\/wp-content\/uploads\/2021\/07\/Ararinha-azul.jpg?ssl=1\"><img data-recalc-dims=\"1\" loading=\"lazy\" decoding=\"async\" data-attachment-id=\"9969\" data-permalink=\"https:\/\/biologo.com.br\/bio\/ararinha-azul\/ararinha-azul-2\/\" data-orig-file=\"https:\/\/i0.wp.com\/biologo.com.br\/bio\/wp-content\/uploads\/2021\/07\/Ararinha-azul.jpg?fit=631%2C351&amp;ssl=1\" data-orig-size=\"631,351\" data-comments-opened=\"0\" data-image-meta=\"{&quot;aperture&quot;:&quot;0&quot;,&quot;credit&quot;:&quot;&quot;,&quot;camera&quot;:&quot;&quot;,&quot;caption&quot;:&quot;&quot;,&quot;created_timestamp&quot;:&quot;0&quot;,&quot;copyright&quot;:&quot;&quot;,&quot;focal_length&quot;:&quot;0&quot;,&quot;iso&quot;:&quot;0&quot;,&quot;shutter_speed&quot;:&quot;0&quot;,&quot;title&quot;:&quot;&quot;,&quot;orientation&quot;:&quot;0&quot;}\" data-image-title=\"Ararinha-azul\" data-image-description=\"&lt;p&gt;A ararinha-azul (nome cient\u00edfico: Cyanopsitta spixii, do grego: kuanos &amp;#8220;azul-piscina; ciano&amp;#8221; + do latim: psitta, &amp;#8220;papagaio&amp;#8221;; e spixii, em homenagem a Johann Baptist von Spix)  arara-azul-de-spix e arara-celeste&lt;\/p&gt;\n\" data-image-caption=\"&lt;p&gt;A ararinha-azul (Cyanopsitta spixii)&lt;\/p&gt;\n\" data-large-file=\"https:\/\/i0.wp.com\/biologo.com.br\/bio\/wp-content\/uploads\/2021\/07\/Ararinha-azul.jpg?fit=631%2C351&amp;ssl=1\" class=\"size-medium wp-image-9969\" src=\"https:\/\/i0.wp.com\/biologo.com.br\/bio\/wp-content\/uploads\/2021\/07\/Ararinha-azul.jpg?resize=300%2C167&#038;ssl=1\" alt=\"A ararinha-azul (Cyanopsitta spixii)\" width=\"300\" height=\"167\" srcset=\"https:\/\/i0.wp.com\/biologo.com.br\/bio\/wp-content\/uploads\/2021\/07\/Ararinha-azul.jpg?resize=300%2C167&amp;ssl=1 300w, https:\/\/i0.wp.com\/biologo.com.br\/bio\/wp-content\/uploads\/2021\/07\/Ararinha-azul.jpg?w=631&amp;ssl=1 631w\" sizes=\"auto, (max-width: 300px) 100vw, 300px\" \/><\/a><figcaption id=\"caption-attachment-9969\" class=\"wp-caption-text\"><span style=\"font-size: 10pt; color: #000000;\">A ararinha-azul (<em>Cyanopsitta spixii<\/em>)<\/span><\/figcaption><\/figure>\n<p><span style=\"color: #000000;\">As ararinhas em quest\u00e3o s\u00e3o orindas de um cativeiro alem\u00e3o, a <span style=\"text-decoration: underline;\"><a style=\"color: #000000; text-decoration: underline;\" href=\"https:\/\/www.act-parrots.org\/?lang=en\" target=\"_blank\" rel=\"noopener\">ACTP<\/a><\/span>, que assinou a parceria com o governo brasileiro. Fato esse que gerou pol\u00eamicas, pois o mesmo \u00e9 tido como um obscuro criadouro, por estar envolvido em den\u00fancias de tr\u00e1fico de animais silvestres e acusado de ter liga\u00e7\u00e3o com m\u00e1fias.<\/span><\/p>\n<p><span style=\"color: #000000;\">Todavia, em 2021 alguns <a style=\"color: #000000;\" href=\"https:\/\/www.metropoles.com\/colunas\/e-o-bicho\/mais-dois-filhotes-de-ararinha-azul-nascem-na-caatinga\" target=\"_blank\" rel=\"noopener\">filhotes nasceram<\/a> em cativeiro na Caatinga baiana. O problema \u00e9 que as dificuldades para solt\u00e1-los na mata em seguran\u00e7a n\u00e3o s\u00e3o poucas \u2014 fora o fato do habitat da ararinha estar degradado, o projeto agora <span style=\"text-decoration: underline;\"><a style=\"color: #000000; text-decoration: underline;\" href=\"https:\/\/g1.globo.com\/pa\/santarem-regiao\/noticia\/2021\/07\/05\/mudancas-climaticas-podem-ameacar-projeto-de-reintroducao-da-ararinha-azul-na-natureza-aponta-pesquisa.ghtml\" target=\"_blank\" rel=\"noopener\">pode estar amea\u00e7ado pelas mudan\u00e7as clim\u00e1ticas<\/a>.<\/span>\u00a0<\/span><\/p>\n<p><span style=\"color: #000000;\">A <span style=\"color: #0000ff;\"><a style=\"color: #0000ff;\" href=\"https:\/\/biologo.com.br\/bio\/iucn\/\">IUCN<\/a><\/span> classifica a Ararinha-azul como &#8220;em perigo cr\u00edtico, extinta na natureza&#8221;. <\/span><\/p>\n<h3><span style=\"font-family: 'courier new', courier, monospace; font-size: 12pt;\"><span style=\"color: #999999;\">Outros nomes:<\/span> <strong>Arara-azul-de-spix <\/strong>e <strong>arara-celeste<\/strong><\/span><\/h3>\n<p><span style=\"color: #000000;\">A ararinha-azul (<em>Cyanopsitta spixii<\/em>) foi assim batizada em homenagem ao grande bi\u00f3logo <a style=\"color: #000000;\" href=\"https:\/\/biologo.com.br\/bio\/spix-o-biologo-aventureiro\/\"><span style=\"color: #0000ff;\">Johann Baptist von Spix<\/span><\/a>. <\/span><\/p>\n<p><span style=\"color: #000000;\"><img data-recalc-dims=\"1\" loading=\"lazy\" decoding=\"async\" data-attachment-id=\"9970\" data-permalink=\"https:\/\/biologo.com.br\/bio\/ararinha-azul\/arara-celeste\/\" data-orig-file=\"https:\/\/i0.wp.com\/biologo.com.br\/bio\/wp-content\/uploads\/2021\/07\/arara-celeste.jpg?fit=193%2C163&amp;ssl=1\" data-orig-size=\"193,163\" data-comments-opened=\"0\" data-image-meta=\"{&quot;aperture&quot;:&quot;0&quot;,&quot;credit&quot;:&quot;&quot;,&quot;camera&quot;:&quot;&quot;,&quot;caption&quot;:&quot;&quot;,&quot;created_timestamp&quot;:&quot;0&quot;,&quot;copyright&quot;:&quot;&quot;,&quot;focal_length&quot;:&quot;0&quot;,&quot;iso&quot;:&quot;0&quot;,&quot;shutter_speed&quot;:&quot;0&quot;,&quot;title&quot;:&quot;&quot;,&quot;orientation&quot;:&quot;0&quot;}\" data-image-title=\"arara-celeste\" data-image-description=\"&lt;p&gt;arara-celeste&lt;\/p&gt;\n\" data-image-caption=\"\" data-large-file=\"https:\/\/i0.wp.com\/biologo.com.br\/bio\/wp-content\/uploads\/2021\/07\/arara-celeste.jpg?fit=193%2C163&amp;ssl=1\" class=\"alignleft wp-image-9970 size-full\" title=\"arara-celeste\" src=\"https:\/\/i0.wp.com\/biologo.com.br\/bio\/wp-content\/uploads\/2021\/07\/arara-celeste.jpg?resize=193%2C163&#038;ssl=1\" alt=\"arara-celeste\" width=\"193\" height=\"163\" \/>A ave habitava matas de galeria de caraibeiras, ligadas a riachos sazonais do extremo norte da Bahia, sul do rio S\u00e3o Francisco. Os registros hist\u00f3ricos do animal est\u00e3o ligados aos munic\u00edpios de Juazeiro e Cura\u00e7\u00e1 na Bahia.\u00a0<\/span><\/p>\n<p><span style=\"color: #000000;\">Trata-se de uma bela ave com plumagem azul celeste de cerca de 57 cent\u00edmetros de comprimento e 1,20 metros de envergadura.\u00a0 Pouco se sabe acerca do comportamento na natureza, mas sabe-se que se alimentava principalmente de sementes de pinh\u00e3o-bravo e faveleira. A nidifica\u00e7\u00e3o ocorria na \u00e9poca das chuvas, em orif\u00edcios nas caraibeiras.\u00a0<\/span><\/p>\n<p><span style=\"font-family: 'courier new', courier, monospace; color: #000000;\"><strong><em>Cyanopsitta spixii<\/em> &#8211; Wagler, 1832<\/strong><\/span><\/p>\n<figure id=\"attachment_9592\" aria-describedby=\"caption-attachment-9592\" style=\"width: 138px\" class=\"wp-caption alignright\"><a href=\"https:\/\/biologo.com.br\/bio\/spix-o-biologo-aventureiro\/\"><img data-recalc-dims=\"1\" loading=\"lazy\" decoding=\"async\" data-attachment-id=\"9592\" data-permalink=\"https:\/\/biologo.com.br\/bio\/spix-o-biologo-aventureiro\/von-spix-o-biologo-aventureiro\/\" data-orig-file=\"https:\/\/i0.wp.com\/biologo.com.br\/bio\/wp-content\/uploads\/2021\/06\/von-Spix-o-biologo-aventureiro-.jpg?fit=631%2C351&amp;ssl=1\" data-orig-size=\"631,351\" data-comments-opened=\"0\" data-image-meta=\"{&quot;aperture&quot;:&quot;0&quot;,&quot;credit&quot;:&quot;&quot;,&quot;camera&quot;:&quot;&quot;,&quot;caption&quot;:&quot;&quot;,&quot;created_timestamp&quot;:&quot;0&quot;,&quot;copyright&quot;:&quot;&quot;,&quot;focal_length&quot;:&quot;0&quot;,&quot;iso&quot;:&quot;0&quot;,&quot;shutter_speed&quot;:&quot;0&quot;,&quot;title&quot;:&quot;&quot;,&quot;orientation&quot;:&quot;0&quot;}\" data-image-title=\"von-Spix-o-bi\u00f3logo-aventureiro\u00a0\" data-image-description=\"&lt;p&gt;Spix, o bi\u00f3logo aventureiro. Johann Baptist von Spix (H\u00f6chstadt an der Aisch, 9 de fevereiro 1781 \u2014 14 de mar\u00e7o de 1826) foi um naturalista alem\u00e3o.&lt;\/p&gt;\n&lt;p&gt;Em 1817, Spix e o seu colega Carl von Martius foram convidados para realizar uma expedi\u00e7\u00e3o ao Brasil, com o objectivo de descrever sua fauna e flora. Compunham a Miss\u00e3o Art\u00edstica Austro-Alem\u00e3 que acompanhou a princesa Maria Leopoldina de \u00c1ustria, futura imperatriz do Brasil. A viagem terminou em 1820 e Spix voltou para a Europa com cerca de 9 000 esp\u00e9cies de plantas e animais, incluindo mam\u00edferos, aves e anf\u00edbios. O conjunto foi a base da colec\u00e7\u00e3o do Museu de Hist\u00f3ria Natural de Munique. A obra foi publicada com o nome de Viagem pelo Brasil 1817-182&lt;\/p&gt;\n\" data-image-caption=\"&lt;p&gt;Johann Baptist von Spix&lt;\/p&gt;\n\" data-large-file=\"https:\/\/i0.wp.com\/biologo.com.br\/bio\/wp-content\/uploads\/2021\/06\/von-Spix-o-biologo-aventureiro-.jpg?fit=631%2C351&amp;ssl=1\" class=\"wp-image-9592 \" src=\"https:\/\/i0.wp.com\/biologo.com.br\/bio\/wp-content\/uploads\/2021\/06\/von-Spix-o-biologo-aventureiro-.jpg?resize=138%2C142&#038;ssl=1\" alt=\"Spix, o bi\u00f3logo aventureiro\" width=\"138\" height=\"142\" \/><\/a><figcaption id=\"caption-attachment-9592\" class=\"wp-caption-text\"><a href=\"https:\/\/biologo.com.br\/bio\/spix-o-biologo-aventureiro\/\"><span style=\"font-size: 8pt; color: #000000;\"><span style=\"font-size: 10pt;\">Spix<\/span>, o bi\u00f3logo aventureiro<\/span><\/a><\/figcaption><\/figure>\n<p><span style=\"color: #000000;\">A primeira descri\u00e7\u00e3o foi feita por <a style=\"color: #000000;\" href=\"https:\/\/biologo.com.br\/bio\/spix-o-biologo-aventureiro\/\">Spix<\/a> em 1824 com o nome <em>Arara hyacinthinus<\/em>. Depois, Johann Wagler, assistente de Spix, substituiu o nome cient\u00edfico para <em>Sittace spixii<\/em> em 1832. Em 1854, Charles Bonaparte descreveu um novo g\u00eanero para a esp\u00e9cie, o Cyanopsitta, recombinando o nome cient\u00edfico para <em>Cyanopsitta spixii.<\/em><\/span><\/p>\n<h5><span style=\"font-family: 'courier new', courier, monospace; font-size: 10pt;\"><strong>Fontes e refer\u00eancias:<\/strong><\/span><\/h5>\n<ul>\n<li><span style=\"font-size: 8pt; color: #000000;\"><span style=\"text-decoration: underline;\"><a style=\"color: #000000; text-decoration: underline;\" href=\"https:\/\/brasil.mongabay.com\/2020\/03\/ararinha-azul-retorna-ao-brasil-mas-cercada-de-controversias\/\" target=\"_blank\" rel=\"noopener\">Ararinha-azul retorna ao Brasil, mas cercada de controv\u00e9rsias<\/a><\/span> &#8211; mongabay.com &#8211; Mar\u00e7o 2020 <\/span><\/li>\n<li><span style=\"font-size: 8pt; color: #000000;\"><span style=\"text-decoration: underline;\"><a style=\"color: #000000; text-decoration: underline;\" href=\"https:\/\/umsoplaneta.globo.com\/biodiversidade\/noticia\/2021\/06\/30\/nascimento-de-ararinha-azul-no-brasil-e-marco-para-o-futuro-da-especie.ghtml?fbclid=IwAR0uWZLV_FEy0AlY0AQmDouJtg1tcH6_bztts_JwG94l3TBOahbZx_WDGfU\" target=\"_blank\" rel=\"noopener\">Nascimento de ararinha-azul no Brasil \u00e9 marco para o futuro da esp\u00e9cie<\/a><\/span> &#8211; 06\/2021<\/span><\/li>\n<li><span style=\"font-size: 8pt; color: #000000;\"> JUNIPER, A.T.; YAMASHITA, C. (1991). \u00ab<a style=\"color: #000000;\" href=\"https:\/\/www.cambridge.org\/core\/journals\/bird-conservation-international\/article\/habitat-and-status-of-spixs-macaw-cyanopsitta-spixii\/63FC7D892A3C4C9096DCAC8D7F160849\"><span style=\"text-decoration: underline;\">The habitat and status of Spix&#8217;s Macaw<\/span><\/a> (<em>Cyanopsitta spixii<\/em>)\u00bb. Bird Conservation International.<\/span><\/li>\n<\/ul>\n","protected":false},"excerpt":{"rendered":"<p>Ararinha-azul \u00e9 uma ave criticamente amea\u00e7ada, end\u00eamica do Brasil e \u00fanica esp\u00e9cie descrita para o g\u00eanero Cyanopsitta, provavelmente extinta na<\/p>\n","protected":false},"author":1,"featured_media":9969,"comment_status":"closed","ping_status":"closed","sticky":false,"template":"","format":"standard","meta":{"colormag_page_container_layout":"default_layout","colormag_page_sidebar_layout":"default_layout","jetpack_post_was_ever_published":false,"_jetpack_newsletter_access":"","_jetpack_dont_email_post_to_subs":false,"_jetpack_newsletter_tier_id":0,"_jetpack_memberships_contains_paywalled_content":false,"_jetpack_memberships_contains_paid_content":false,"footnotes":"","jetpack_publicize_message":"Ararinha-azul \u00e9 uma ave criticamente amea\u00e7ada, end\u00eamica do Brasil e \u00fanica esp\u00e9cie descrita para o g\u00eanero Cyanopsitta, provavelmente extinta na natureza. No entanto, h\u00e1 uma tentativa de reintroduzir a esp\u00e9cie no ambiente selvagem nacional...","jetpack_publicize_feature_enabled":true,"jetpack_social_post_already_shared":true,"jetpack_social_options":{"image_generator_settings":{"template":"highway","default_image_id":0,"font":"","enabled":false},"version":2}},"categories":[135,42,27],"tags":[],"class_list":["post-9962","post","type-post","status-publish","format-standard","has-post-thumbnail","hentry","category-conservacao","category-ornitologia","category-zoologia"],"yoast_head":"<!-- This site is optimized with the Yoast SEO plugin v27.5 - https:\/\/yoast.com\/product\/yoast-seo-wordpress\/ -->\n<title>Ararinha-azul, esperan\u00e7a para uma esp\u00e9cie amea\u00e7ada - Conserva\u00e7\u00e3o<\/title>\n<meta name=\"description\" content=\"Ararinha-azul \u00e9 ave criticamente amea\u00e7ada, provavelmente extinta na natureza e end\u00eamica. Ararinha-azul, esperan\u00e7a para uma esp\u00e9cie amea\u00e7ada\" \/>\n<meta name=\"robots\" content=\"index, follow, max-snippet:-1, max-image-preview:large, max-video-preview:-1\" \/>\n<link rel=\"canonical\" href=\"https:\/\/biologo.com.br\/bio\/ararinha-azul\/\" \/>\n<meta property=\"og:locale\" content=\"pt_BR\" \/>\n<meta property=\"og:type\" content=\"article\" \/>\n<meta property=\"og:title\" content=\"Ararinha-azul, esperan\u00e7a para uma esp\u00e9cie amea\u00e7ada - Conserva\u00e7\u00e3o\" \/>\n<meta property=\"og:description\" content=\"Ararinha-azul \u00e9 ave criticamente amea\u00e7ada, provavelmente extinta na natureza e end\u00eamica. Ararinha-azul, esperan\u00e7a para uma esp\u00e9cie amea\u00e7ada\" \/>\n<meta property=\"og:url\" content=\"https:\/\/biologo.com.br\/bio\/ararinha-azul\/\" \/>\n<meta property=\"og:site_name\" content=\"Bi\u00f3logo\" \/>\n<meta property=\"article:publisher\" content=\"https:\/\/www.facebook.com\/biologocombr\/\" \/>\n<meta property=\"article:published_time\" content=\"2021-07-06T21:29:10+00:00\" \/>\n<meta property=\"article:modified_time\" content=\"2021-07-08T13:44:18+00:00\" \/>\n<meta property=\"og:image\" content=\"https:\/\/i0.wp.com\/biologo.com.br\/bio\/wp-content\/uploads\/2021\/07\/Ararinha-azul.jpg?fit=631%2C351&ssl=1\" \/>\n\t<meta property=\"og:image:width\" content=\"631\" \/>\n\t<meta property=\"og:image:height\" content=\"351\" \/>\n\t<meta property=\"og:image:type\" content=\"image\/jpeg\" \/>\n<meta name=\"author\" content=\"pozzana\" \/>\n<meta name=\"twitter:card\" content=\"summary_large_image\" \/>\n<meta name=\"twitter:creator\" content=\"@Biologocombr\" \/>\n<meta name=\"twitter:site\" content=\"@Biologocombr\" \/>\n<meta name=\"twitter:label1\" content=\"Escrito por\" \/>\n\t<meta name=\"twitter:data1\" content=\"pozzana\" \/>\n\t<meta name=\"twitter:label2\" content=\"Est. tempo de leitura\" \/>\n\t<meta name=\"twitter:data2\" content=\"4 minutos\" \/>\n<script type=\"application\/ld+json\" class=\"yoast-schema-graph\">{\"@context\":\"https:\\\/\\\/schema.org\",\"@graph\":[{\"@type\":\"Article\",\"@id\":\"https:\\\/\\\/biologo.com.br\\\/bio\\\/ararinha-azul\\\/#article\",\"isPartOf\":{\"@id\":\"https:\\\/\\\/biologo.com.br\\\/bio\\\/ararinha-azul\\\/\"},\"author\":{\"name\":\"pozzana\",\"@id\":\"https:\\\/\\\/biologo.com.br\\\/bio\\\/#\\\/schema\\\/person\\\/3a5d600bbc47f8bb0cd43594317a6cd4\"},\"headline\":\"Ararinha-azul\",\"datePublished\":\"2021-07-06T21:29:10+00:00\",\"dateModified\":\"2021-07-08T13:44:18+00:00\",\"mainEntityOfPage\":{\"@id\":\"https:\\\/\\\/biologo.com.br\\\/bio\\\/ararinha-azul\\\/\"},\"wordCount\":594,\"publisher\":{\"@id\":\"https:\\\/\\\/biologo.com.br\\\/bio\\\/#organization\"},\"image\":{\"@id\":\"https:\\\/\\\/biologo.com.br\\\/bio\\\/ararinha-azul\\\/#primaryimage\"},\"thumbnailUrl\":\"https:\\\/\\\/i0.wp.com\\\/biologo.com.br\\\/bio\\\/wp-content\\\/uploads\\\/2021\\\/07\\\/Ararinha-azul.jpg?fit=631%2C351&ssl=1\",\"articleSection\":[\"Conserva\u00e7\u00e3o\",\"Ornitologia\",\"Zoologia\"],\"inLanguage\":\"pt-BR\"},{\"@type\":\"WebPage\",\"@id\":\"https:\\\/\\\/biologo.com.br\\\/bio\\\/ararinha-azul\\\/\",\"url\":\"https:\\\/\\\/biologo.com.br\\\/bio\\\/ararinha-azul\\\/\",\"name\":\"Ararinha-azul, esperan\u00e7a para uma esp\u00e9cie amea\u00e7ada - Conserva\u00e7\u00e3o\",\"isPartOf\":{\"@id\":\"https:\\\/\\\/biologo.com.br\\\/bio\\\/#website\"},\"primaryImageOfPage\":{\"@id\":\"https:\\\/\\\/biologo.com.br\\\/bio\\\/ararinha-azul\\\/#primaryimage\"},\"image\":{\"@id\":\"https:\\\/\\\/biologo.com.br\\\/bio\\\/ararinha-azul\\\/#primaryimage\"},\"thumbnailUrl\":\"https:\\\/\\\/i0.wp.com\\\/biologo.com.br\\\/bio\\\/wp-content\\\/uploads\\\/2021\\\/07\\\/Ararinha-azul.jpg?fit=631%2C351&ssl=1\",\"datePublished\":\"2021-07-06T21:29:10+00:00\",\"dateModified\":\"2021-07-08T13:44:18+00:00\",\"description\":\"Ararinha-azul \u00e9 ave criticamente amea\u00e7ada, provavelmente extinta na natureza e end\u00eamica. Ararinha-azul, esperan\u00e7a para uma esp\u00e9cie amea\u00e7ada\",\"breadcrumb\":{\"@id\":\"https:\\\/\\\/biologo.com.br\\\/bio\\\/ararinha-azul\\\/#breadcrumb\"},\"inLanguage\":\"pt-BR\",\"potentialAction\":[{\"@type\":\"ReadAction\",\"target\":[\"https:\\\/\\\/biologo.com.br\\\/bio\\\/ararinha-azul\\\/\"]}]},{\"@type\":\"ImageObject\",\"inLanguage\":\"pt-BR\",\"@id\":\"https:\\\/\\\/biologo.com.br\\\/bio\\\/ararinha-azul\\\/#primaryimage\",\"url\":\"https:\\\/\\\/i0.wp.com\\\/biologo.com.br\\\/bio\\\/wp-content\\\/uploads\\\/2021\\\/07\\\/Ararinha-azul.jpg?fit=631%2C351&ssl=1\",\"contentUrl\":\"https:\\\/\\\/i0.wp.com\\\/biologo.com.br\\\/bio\\\/wp-content\\\/uploads\\\/2021\\\/07\\\/Ararinha-azul.jpg?fit=631%2C351&ssl=1\",\"width\":631,\"height\":351,\"caption\":\"A ararinha-azul (Cyanopsitta spixii)\"},{\"@type\":\"BreadcrumbList\",\"@id\":\"https:\\\/\\\/biologo.com.br\\\/bio\\\/ararinha-azul\\\/#breadcrumb\",\"itemListElement\":[{\"@type\":\"ListItem\",\"position\":1,\"name\":\"In\u00edcio\",\"item\":\"https:\\\/\\\/biologo.com.br\\\/bio\\\/\"},{\"@type\":\"ListItem\",\"position\":2,\"name\":\"Ararinha-azul\"}]},{\"@type\":\"WebSite\",\"@id\":\"https:\\\/\\\/biologo.com.br\\\/bio\\\/#website\",\"url\":\"https:\\\/\\\/biologo.com.br\\\/bio\\\/\",\"name\":\"Bi\u00f3logo\",\"description\":\"Biologia. Informa\u00e7\u00f5es para bi\u00f3logos ou leigos. Eventos, v\u00eddeos e muito mais. Ci\u00eancias biol\u00f3gicas.\",\"publisher\":{\"@id\":\"https:\\\/\\\/biologo.com.br\\\/bio\\\/#organization\"},\"potentialAction\":[{\"@type\":\"SearchAction\",\"target\":{\"@type\":\"EntryPoint\",\"urlTemplate\":\"https:\\\/\\\/biologo.com.br\\\/bio\\\/?s={search_term_string}\"},\"query-input\":{\"@type\":\"PropertyValueSpecification\",\"valueRequired\":true,\"valueName\":\"search_term_string\"}}],\"inLanguage\":\"pt-BR\"},{\"@type\":\"Organization\",\"@id\":\"https:\\\/\\\/biologo.com.br\\\/bio\\\/#organization\",\"name\":\"Bi\u00f3logo\",\"url\":\"https:\\\/\\\/biologo.com.br\\\/bio\\\/\",\"logo\":{\"@type\":\"ImageObject\",\"inLanguage\":\"pt-BR\",\"@id\":\"https:\\\/\\\/biologo.com.br\\\/bio\\\/#\\\/schema\\\/logo\\\/image\\\/\",\"url\":\"https:\\\/\\\/i0.wp.com\\\/biologo.com.br\\\/bio\\\/wp-content\\\/uploads\\\/2015\\\/12\\\/logo1.jpg?fit=179%2C57&ssl=1\",\"contentUrl\":\"https:\\\/\\\/i0.wp.com\\\/biologo.com.br\\\/bio\\\/wp-content\\\/uploads\\\/2015\\\/12\\\/logo1.jpg?fit=179%2C57&ssl=1\",\"width\":179,\"height\":57,\"caption\":\"Bi\u00f3logo\"},\"image\":{\"@id\":\"https:\\\/\\\/biologo.com.br\\\/bio\\\/#\\\/schema\\\/logo\\\/image\\\/\"},\"sameAs\":[\"https:\\\/\\\/www.facebook.com\\\/biologocombr\\\/\",\"https:\\\/\\\/x.com\\\/Biologocombr\",\"https:\\\/\\\/www.instagram.com\\\/biologo.com.br\\\/\"]},{\"@type\":\"Person\",\"@id\":\"https:\\\/\\\/biologo.com.br\\\/bio\\\/#\\\/schema\\\/person\\\/3a5d600bbc47f8bb0cd43594317a6cd4\",\"name\":\"pozzana\",\"image\":{\"@type\":\"ImageObject\",\"inLanguage\":\"pt-BR\",\"@id\":\"https:\\\/\\\/secure.gravatar.com\\\/avatar\\\/fa8f924c29488a329bd70373453572f7494e802125f373a7f2937173cc26b21f?s=96&d=mm&r=g\",\"url\":\"https:\\\/\\\/secure.gravatar.com\\\/avatar\\\/fa8f924c29488a329bd70373453572f7494e802125f373a7f2937173cc26b21f?s=96&d=mm&r=g\",\"contentUrl\":\"https:\\\/\\\/secure.gravatar.com\\\/avatar\\\/fa8f924c29488a329bd70373453572f7494e802125f373a7f2937173cc26b21f?s=96&d=mm&r=g\",\"caption\":\"pozzana\"},\"url\":\"https:\\\/\\\/biologo.com.br\\\/bio\\\/author\\\/pozzana\\\/\"}]}<\/script>\n<!-- \/ Yoast SEO plugin. -->","yoast_head_json":{"title":"Ararinha-azul, esperan\u00e7a para uma esp\u00e9cie amea\u00e7ada - Conserva\u00e7\u00e3o","description":"Ararinha-azul \u00e9 ave criticamente amea\u00e7ada, provavelmente extinta na natureza e end\u00eamica. Ararinha-azul, esperan\u00e7a para uma esp\u00e9cie amea\u00e7ada","robots":{"index":"index","follow":"follow","max-snippet":"max-snippet:-1","max-image-preview":"max-image-preview:large","max-video-preview":"max-video-preview:-1"},"canonical":"https:\/\/biologo.com.br\/bio\/ararinha-azul\/","og_locale":"pt_BR","og_type":"article","og_title":"Ararinha-azul, esperan\u00e7a para uma esp\u00e9cie amea\u00e7ada - Conserva\u00e7\u00e3o","og_description":"Ararinha-azul \u00e9 ave criticamente amea\u00e7ada, provavelmente extinta na natureza e end\u00eamica. Ararinha-azul, esperan\u00e7a para uma esp\u00e9cie amea\u00e7ada","og_url":"https:\/\/biologo.com.br\/bio\/ararinha-azul\/","og_site_name":"Bi\u00f3logo","article_publisher":"https:\/\/www.facebook.com\/biologocombr\/","article_published_time":"2021-07-06T21:29:10+00:00","article_modified_time":"2021-07-08T13:44:18+00:00","og_image":[{"width":631,"height":351,"url":"https:\/\/i0.wp.com\/biologo.com.br\/bio\/wp-content\/uploads\/2021\/07\/Ararinha-azul.jpg?fit=631%2C351&ssl=1","type":"image\/jpeg"}],"author":"pozzana","twitter_card":"summary_large_image","twitter_creator":"@Biologocombr","twitter_site":"@Biologocombr","twitter_misc":{"Escrito por":"pozzana","Est. tempo de leitura":"4 minutos"},"schema":{"@context":"https:\/\/schema.org","@graph":[{"@type":"Article","@id":"https:\/\/biologo.com.br\/bio\/ararinha-azul\/#article","isPartOf":{"@id":"https:\/\/biologo.com.br\/bio\/ararinha-azul\/"},"author":{"name":"pozzana","@id":"https:\/\/biologo.com.br\/bio\/#\/schema\/person\/3a5d600bbc47f8bb0cd43594317a6cd4"},"headline":"Ararinha-azul","datePublished":"2021-07-06T21:29:10+00:00","dateModified":"2021-07-08T13:44:18+00:00","mainEntityOfPage":{"@id":"https:\/\/biologo.com.br\/bio\/ararinha-azul\/"},"wordCount":594,"publisher":{"@id":"https:\/\/biologo.com.br\/bio\/#organization"},"image":{"@id":"https:\/\/biologo.com.br\/bio\/ararinha-azul\/#primaryimage"},"thumbnailUrl":"https:\/\/i0.wp.com\/biologo.com.br\/bio\/wp-content\/uploads\/2021\/07\/Ararinha-azul.jpg?fit=631%2C351&ssl=1","articleSection":["Conserva\u00e7\u00e3o","Ornitologia","Zoologia"],"inLanguage":"pt-BR"},{"@type":"WebPage","@id":"https:\/\/biologo.com.br\/bio\/ararinha-azul\/","url":"https:\/\/biologo.com.br\/bio\/ararinha-azul\/","name":"Ararinha-azul, esperan\u00e7a para uma esp\u00e9cie amea\u00e7ada - Conserva\u00e7\u00e3o","isPartOf":{"@id":"https:\/\/biologo.com.br\/bio\/#website"},"primaryImageOfPage":{"@id":"https:\/\/biologo.com.br\/bio\/ararinha-azul\/#primaryimage"},"image":{"@id":"https:\/\/biologo.com.br\/bio\/ararinha-azul\/#primaryimage"},"thumbnailUrl":"https:\/\/i0.wp.com\/biologo.com.br\/bio\/wp-content\/uploads\/2021\/07\/Ararinha-azul.jpg?fit=631%2C351&ssl=1","datePublished":"2021-07-06T21:29:10+00:00","dateModified":"2021-07-08T13:44:18+00:00","description":"Ararinha-azul \u00e9 ave criticamente amea\u00e7ada, provavelmente extinta na natureza e end\u00eamica. Ararinha-azul, esperan\u00e7a para uma esp\u00e9cie amea\u00e7ada","breadcrumb":{"@id":"https:\/\/biologo.com.br\/bio\/ararinha-azul\/#breadcrumb"},"inLanguage":"pt-BR","potentialAction":[{"@type":"ReadAction","target":["https:\/\/biologo.com.br\/bio\/ararinha-azul\/"]}]},{"@type":"ImageObject","inLanguage":"pt-BR","@id":"https:\/\/biologo.com.br\/bio\/ararinha-azul\/#primaryimage","url":"https:\/\/i0.wp.com\/biologo.com.br\/bio\/wp-content\/uploads\/2021\/07\/Ararinha-azul.jpg?fit=631%2C351&ssl=1","contentUrl":"https:\/\/i0.wp.com\/biologo.com.br\/bio\/wp-content\/uploads\/2021\/07\/Ararinha-azul.jpg?fit=631%2C351&ssl=1","width":631,"height":351,"caption":"A ararinha-azul (Cyanopsitta spixii)"},{"@type":"BreadcrumbList","@id":"https:\/\/biologo.com.br\/bio\/ararinha-azul\/#breadcrumb","itemListElement":[{"@type":"ListItem","position":1,"name":"In\u00edcio","item":"https:\/\/biologo.com.br\/bio\/"},{"@type":"ListItem","position":2,"name":"Ararinha-azul"}]},{"@type":"WebSite","@id":"https:\/\/biologo.com.br\/bio\/#website","url":"https:\/\/biologo.com.br\/bio\/","name":"Bi\u00f3logo","description":"Biologia. Informa\u00e7\u00f5es para bi\u00f3logos ou leigos. Eventos, v\u00eddeos e muito mais. Ci\u00eancias biol\u00f3gicas.","publisher":{"@id":"https:\/\/biologo.com.br\/bio\/#organization"},"potentialAction":[{"@type":"SearchAction","target":{"@type":"EntryPoint","urlTemplate":"https:\/\/biologo.com.br\/bio\/?s={search_term_string}"},"query-input":{"@type":"PropertyValueSpecification","valueRequired":true,"valueName":"search_term_string"}}],"inLanguage":"pt-BR"},{"@type":"Organization","@id":"https:\/\/biologo.com.br\/bio\/#organization","name":"Bi\u00f3logo","url":"https:\/\/biologo.com.br\/bio\/","logo":{"@type":"ImageObject","inLanguage":"pt-BR","@id":"https:\/\/biologo.com.br\/bio\/#\/schema\/logo\/image\/","url":"https:\/\/i0.wp.com\/biologo.com.br\/bio\/wp-content\/uploads\/2015\/12\/logo1.jpg?fit=179%2C57&ssl=1","contentUrl":"https:\/\/i0.wp.com\/biologo.com.br\/bio\/wp-content\/uploads\/2015\/12\/logo1.jpg?fit=179%2C57&ssl=1","width":179,"height":57,"caption":"Bi\u00f3logo"},"image":{"@id":"https:\/\/biologo.com.br\/bio\/#\/schema\/logo\/image\/"},"sameAs":["https:\/\/www.facebook.com\/biologocombr\/","https:\/\/x.com\/Biologocombr","https:\/\/www.instagram.com\/biologo.com.br\/"]},{"@type":"Person","@id":"https:\/\/biologo.com.br\/bio\/#\/schema\/person\/3a5d600bbc47f8bb0cd43594317a6cd4","name":"pozzana","image":{"@type":"ImageObject","inLanguage":"pt-BR","@id":"https:\/\/secure.gravatar.com\/avatar\/fa8f924c29488a329bd70373453572f7494e802125f373a7f2937173cc26b21f?s=96&d=mm&r=g","url":"https:\/\/secure.gravatar.com\/avatar\/fa8f924c29488a329bd70373453572f7494e802125f373a7f2937173cc26b21f?s=96&d=mm&r=g","contentUrl":"https:\/\/secure.gravatar.com\/avatar\/fa8f924c29488a329bd70373453572f7494e802125f373a7f2937173cc26b21f?s=96&d=mm&r=g","caption":"pozzana"},"url":"https:\/\/biologo.com.br\/bio\/author\/pozzana\/"}]}},"jetpack_publicize_connections":[],"jetpack_featured_media_url":"https:\/\/i0.wp.com\/biologo.com.br\/bio\/wp-content\/uploads\/2021\/07\/Ararinha-azul.jpg?fit=631%2C351&ssl=1","jetpack-related-posts":[{"id":13399,"url":"https:\/\/biologo.com.br\/bio\/o-voo-da-arara-azul\/","url_meta":{"origin":9962,"position":0},"title":"O voo da arara-azul","author":"pozzana","date":"novembro 7, 2022","format":false,"excerpt":"O voo da arara-azul: Estudo confirma exist\u00eancia de araras-azuis an\u00e3s. Trabalho tamb\u00e9m mapeia as etapas de crescimento de filhotes dessa ave do Pantanal, que j\u00e1 esteve amea\u00e7ada de extin\u00e7\u00e3o. O voo da arara-azul, mapeando as araras-azuis na natureza 7\/11\/2022 ::\u00a0 por Renata Fontanetto\/Revista Pesquisa Fapesp Quem admira uma arara-azul voando\u2026","rel":"","context":"Em &quot;Conserva\u00e7\u00e3o&quot;","block_context":{"text":"Conserva\u00e7\u00e3o","link":"https:\/\/biologo.com.br\/bio\/category\/conservacao\/"},"img":{"alt_text":"O voo da arara-azul, mapeando as araras-azuis na natureza","src":"https:\/\/i0.wp.com\/biologo.com.br\/bio\/wp-content\/uploads\/2022\/11\/arara-azul-Anodorhynchus-hyacinthinus.jpg?fit=631%2C351&ssl=1&resize=350%2C200","width":350,"height":200,"srcset":"https:\/\/i0.wp.com\/biologo.com.br\/bio\/wp-content\/uploads\/2022\/11\/arara-azul-Anodorhynchus-hyacinthinus.jpg?fit=631%2C351&ssl=1&resize=350%2C200 1x, https:\/\/i0.wp.com\/biologo.com.br\/bio\/wp-content\/uploads\/2022\/11\/arara-azul-Anodorhynchus-hyacinthinus.jpg?fit=631%2C351&ssl=1&resize=525%2C300 1.5x"},"classes":[]},{"id":18029,"url":"https:\/\/biologo.com.br\/bio\/dia-das-especies-ameacadas\/","url_meta":{"origin":9962,"position":1},"title":"Dia das Esp\u00e9cies Amea\u00e7adas","author":"pozzana","date":"maio 16, 2025","format":false,"excerpt":"Dia das Esp\u00e9cies Amea\u00e7adas: celebrado anualmente na 3\u00aa sexta de maio, este ano no dia 16, a data chama a aten\u00e7\u00e3o para a urgente necessidade de proteger animais e plantas em risco de extin\u00e7\u00e3o. Busca conscientizar sobre os impactos das a\u00e7\u00f5es humanas na biodiversidade. Dia das Esp\u00e9cies Amea\u00e7adas - 3\u00aa\u2026","rel":"","context":"Em &quot;Biodiversidade&quot;","block_context":{"text":"Biodiversidade","link":"https:\/\/biologo.com.br\/bio\/category\/biodiversidade\/"},"img":{"alt_text":"Dia das Esp\u00e9cies Amea\u00e7adas - Panda-vermelho","src":"https:\/\/i0.wp.com\/biologo.com.br\/bio\/wp-content\/uploads\/2025\/05\/panda-vermelho-Dia-das-Especies-Ameacadas.jpg?fit=1201%2C676&ssl=1&resize=350%2C200","width":350,"height":200,"srcset":"https:\/\/i0.wp.com\/biologo.com.br\/bio\/wp-content\/uploads\/2025\/05\/panda-vermelho-Dia-das-Especies-Ameacadas.jpg?fit=1201%2C676&ssl=1&resize=350%2C200 1x, https:\/\/i0.wp.com\/biologo.com.br\/bio\/wp-content\/uploads\/2025\/05\/panda-vermelho-Dia-das-Especies-Ameacadas.jpg?fit=1201%2C676&ssl=1&resize=525%2C300 1.5x, https:\/\/i0.wp.com\/biologo.com.br\/bio\/wp-content\/uploads\/2025\/05\/panda-vermelho-Dia-das-Especies-Ameacadas.jpg?fit=1201%2C676&ssl=1&resize=700%2C400 2x, https:\/\/i0.wp.com\/biologo.com.br\/bio\/wp-content\/uploads\/2025\/05\/panda-vermelho-Dia-das-Especies-Ameacadas.jpg?fit=1201%2C676&ssl=1&resize=1050%2C600 3x"},"classes":[]},{"id":1166,"url":"https:\/\/biologo.com.br\/bio\/especies-ameacadas\/","url_meta":{"origin":9962,"position":2},"title":"Esp\u00e9cies amea\u00e7adas","author":"pozzana","date":"agosto 24, 2016","format":false,"excerpt":"Esp\u00e9cies amea\u00e7adas: Infelizmente, n\u00f3s humanos estamos botando em risco a biodiversidade em todo o planeta, mesmo com as novas tecnologias e os esfor\u00e7os crescentes para proteger as esp\u00e9cies. Uma esp\u00e9cie amea\u00e7ada \u00e9 uma esp\u00e9cie cujas popula\u00e7\u00f5es est\u00e3o decrescendo a ponto de coloc\u00e1-la em risco de extin\u00e7\u00e3o.\u00a0Muitos pa\u00edses t\u00eam leis que\u2026","rel":"","context":"Em &quot;Biodiversidade&quot;","block_context":{"text":"Biodiversidade","link":"https:\/\/biologo.com.br\/bio\/category\/biodiversidade\/"},"img":{"alt_text":"Esp\u00e9cies amea\u00e7adas: Lemure","src":"https:\/\/i0.wp.com\/biologo.com.br\/bio\/wp-content\/uploads\/2016\/08\/especies-ameacadas-lemures.jpg?fit=739%2C334&ssl=1&resize=350%2C200","width":350,"height":200,"srcset":"https:\/\/i0.wp.com\/biologo.com.br\/bio\/wp-content\/uploads\/2016\/08\/especies-ameacadas-lemures.jpg?fit=739%2C334&ssl=1&resize=350%2C200 1x, https:\/\/i0.wp.com\/biologo.com.br\/bio\/wp-content\/uploads\/2016\/08\/especies-ameacadas-lemures.jpg?fit=739%2C334&ssl=1&resize=525%2C300 1.5x, https:\/\/i0.wp.com\/biologo.com.br\/bio\/wp-content\/uploads\/2016\/08\/especies-ameacadas-lemures.jpg?fit=739%2C334&ssl=1&resize=700%2C400 2x"},"classes":[]},{"id":19318,"url":"https:\/\/biologo.com.br\/bio\/icmbio-guardiao-da-biodiversidade-brasileira\/","url_meta":{"origin":9962,"position":3},"title":"ICMBio: Guardi\u00e3o da Biodiversidade Brasileira","author":"pozzana","date":"agosto 14, 2025","format":false,"excerpt":"O ICMBio \u00e9 o \u00f3rg\u00e3o federal respons\u00e1vel pela gest\u00e3o das Unidades de Conserva\u00e7\u00e3o e pela conserva\u00e7\u00e3o da biodiversidade no Brasil. Atua com pesquisa, fiscaliza\u00e7\u00e3o, educa\u00e7\u00e3o ambiental e prote\u00e7\u00e3o de esp\u00e9cies amea\u00e7adas. ICMBio: Guardi\u00e3o da Biodiversidade Brasileira 14\/8\/2025 ::\u00a0 Marco Pozzana, bi\u00f3logo O Instituto Chico Mendes de Conserva\u00e7\u00e3o da Biodiversidade (ICMBio)\u2026","rel":"","context":"Em &quot;Biodiversidade&quot;","block_context":{"text":"Biodiversidade","link":"https:\/\/biologo.com.br\/bio\/category\/biodiversidade\/"},"img":{"alt_text":"ICMBio: Guardi\u00e3o da Biodiversidade Brasileira","src":"https:\/\/i0.wp.com\/biologo.com.br\/bio\/wp-content\/uploads\/2025\/08\/ICMBio-Guardiao-da-Biodiversidade-Brasileira.jpg?fit=1200%2C675&ssl=1&resize=350%2C200","width":350,"height":200,"srcset":"https:\/\/i0.wp.com\/biologo.com.br\/bio\/wp-content\/uploads\/2025\/08\/ICMBio-Guardiao-da-Biodiversidade-Brasileira.jpg?fit=1200%2C675&ssl=1&resize=350%2C200 1x, https:\/\/i0.wp.com\/biologo.com.br\/bio\/wp-content\/uploads\/2025\/08\/ICMBio-Guardiao-da-Biodiversidade-Brasileira.jpg?fit=1200%2C675&ssl=1&resize=525%2C300 1.5x, https:\/\/i0.wp.com\/biologo.com.br\/bio\/wp-content\/uploads\/2025\/08\/ICMBio-Guardiao-da-Biodiversidade-Brasileira.jpg?fit=1200%2C675&ssl=1&resize=700%2C400 2x, https:\/\/i0.wp.com\/biologo.com.br\/bio\/wp-content\/uploads\/2025\/08\/ICMBio-Guardiao-da-Biodiversidade-Brasileira.jpg?fit=1200%2C675&ssl=1&resize=1050%2C600 3x"},"classes":[]},{"id":12699,"url":"https:\/\/biologo.com.br\/bio\/atum-azul-nao-mais-ameacado\/","url_meta":{"origin":9962,"position":4},"title":"Atum-azul n\u00e3o mais amea\u00e7ado","author":"pozzana","date":"agosto 15, 2022","format":false,"excerpt":"Atum-azul n\u00e3o mais amea\u00e7ado: em meio a tantas esp\u00e9cies declinando \u2014 e outras tantas at\u00e9 sendo extintas \u2014 algumas poucas conseguem se recuperar, mesmo em um cen\u00e1rio t\u00e3o adverso. \u00c9 o caso do atum-azul (Thunnus thynnus), que em 2021 deixou a lista de esp\u00e9cies amea\u00e7adas da IUCN. Atum-azul surpreende e\u2026","rel":"","context":"Em &quot;Conserva\u00e7\u00e3o&quot;","block_context":{"text":"Conserva\u00e7\u00e3o","link":"https:\/\/biologo.com.br\/bio\/category\/conservacao\/"},"img":{"alt_text":"Atum-azul n\u00e3o mais amea\u00e7ado","src":"https:\/\/i0.wp.com\/biologo.com.br\/bio\/wp-content\/uploads\/2022\/08\/Atum-azul-nao-mais-ameacado.jpg?fit=631%2C351&ssl=1&resize=350%2C200","width":350,"height":200,"srcset":"https:\/\/i0.wp.com\/biologo.com.br\/bio\/wp-content\/uploads\/2022\/08\/Atum-azul-nao-mais-ameacado.jpg?fit=631%2C351&ssl=1&resize=350%2C200 1x, https:\/\/i0.wp.com\/biologo.com.br\/bio\/wp-content\/uploads\/2022\/08\/Atum-azul-nao-mais-ameacado.jpg?fit=631%2C351&ssl=1&resize=525%2C300 1.5x"},"classes":[]},{"id":14024,"url":"https:\/\/biologo.com.br\/bio\/marlim-azul\/","url_meta":{"origin":9962,"position":5},"title":"Marlim-azul","author":"pozzana","date":"mar\u00e7o 23, 2023","format":false,"excerpt":"Marlim azul: esp\u00e9cie amea\u00e7ada de extin\u00e7\u00e3o, o marlim-azul (Makaira nigricans) enfrenta diversas amea\u00e7as complexas nos oceanos. No entanto algumas iniciativas tem aumentado as chances de preservar esse formid\u00e1vel peixe. Esperan\u00e7a para o marlim-azul 23\/3\/2023\u00a0::\u00a0 Marco Pozzana, bi\u00f3logo Esp\u00e9cie de espadim end\u00eamica do Oceano Atl\u00e2ntico, o marlim-azul ou espadim-azul-do-atl\u00e2ntico (Makaira nigricans)\u2026","rel":"","context":"Em &quot;Biologia marinha&quot;","block_context":{"text":"Biologia marinha","link":"https:\/\/biologo.com.br\/bio\/category\/biologiamarinha\/"},"img":{"alt_text":"marlim-azul","src":"https:\/\/i0.wp.com\/biologo.com.br\/bio\/wp-content\/uploads\/2023\/03\/marlim-azul.jpg?fit=1024%2C570&ssl=1&resize=350%2C200","width":350,"height":200,"srcset":"https:\/\/i0.wp.com\/biologo.com.br\/bio\/wp-content\/uploads\/2023\/03\/marlim-azul.jpg?fit=1024%2C570&ssl=1&resize=350%2C200 1x, https:\/\/i0.wp.com\/biologo.com.br\/bio\/wp-content\/uploads\/2023\/03\/marlim-azul.jpg?fit=1024%2C570&ssl=1&resize=525%2C300 1.5x, https:\/\/i0.wp.com\/biologo.com.br\/bio\/wp-content\/uploads\/2023\/03\/marlim-azul.jpg?fit=1024%2C570&ssl=1&resize=700%2C400 2x"},"classes":[]}],"jetpack_sharing_enabled":true,"jetpack_likes_enabled":true,"jetpack_shortlink":"https:\/\/wp.me\/p6NB6B-2AG","amp_enabled":true,"_links":{"self":[{"href":"https:\/\/biologo.com.br\/bio\/wp-json\/wp\/v2\/posts\/9962","targetHints":{"allow":["GET"]}}],"collection":[{"href":"https:\/\/biologo.com.br\/bio\/wp-json\/wp\/v2\/posts"}],"about":[{"href":"https:\/\/biologo.com.br\/bio\/wp-json\/wp\/v2\/types\/post"}],"author":[{"embeddable":true,"href":"https:\/\/biologo.com.br\/bio\/wp-json\/wp\/v2\/users\/1"}],"replies":[{"embeddable":true,"href":"https:\/\/biologo.com.br\/bio\/wp-json\/wp\/v2\/comments?post=9962"}],"version-history":[{"count":2,"href":"https:\/\/biologo.com.br\/bio\/wp-json\/wp\/v2\/posts\/9962\/revisions"}],"predecessor-version":[{"id":9991,"href":"https:\/\/biologo.com.br\/bio\/wp-json\/wp\/v2\/posts\/9962\/revisions\/9991"}],"wp:featuredmedia":[{"embeddable":true,"href":"https:\/\/biologo.com.br\/bio\/wp-json\/wp\/v2\/media\/9969"}],"wp:attachment":[{"href":"https:\/\/biologo.com.br\/bio\/wp-json\/wp\/v2\/media?parent=9962"}],"wp:term":[{"taxonomy":"category","embeddable":true,"href":"https:\/\/biologo.com.br\/bio\/wp-json\/wp\/v2\/categories?post=9962"},{"taxonomy":"post_tag","embeddable":true,"href":"https:\/\/biologo.com.br\/bio\/wp-json\/wp\/v2\/tags?post=9962"}],"curies":[{"name":"wp","href":"https:\/\/api.w.org\/{rel}","templated":true}]}}